{"id":80770,"date":"2022-05-03T04:28:04","date_gmt":"2022-05-03T08:28:04","guid":{"rendered":"https:\/\/www.eldiario.net\/portal\/?p=80770"},"modified":"2022-05-03T04:28:04","modified_gmt":"2022-05-03T08:28:04","slug":"la-relacion-salud-emociones-realidad-o-ficcion-5","status":"publish","type":"post","link":"https:\/\/www.eldiario.net\/portal\/2022\/05\/03\/la-relacion-salud-emociones-realidad-o-ficcion-5\/","title":{"rendered":"La relaci\u00f3n Salud &#8211; Emociones \u00bfrealidad o ficci\u00f3n?"},"content":{"rendered":"<p><strong>Autor: Lic. H\u00e9ctor Molina Angulo<\/strong><\/p>\n<p>&nbsp;<\/p>\n<p>Si bien el estr\u00e9s y la ansiedad son una parte natural de la respuesta de pelear-escapar ante la presencia de un posible riesgo. La reacci\u00f3n del cuerpo al peligro, donde el prop\u00f3sito de esta respuesta es asegurarse de que una persona est\u00e1 alerta, enfocada y lista para enfrentar la amenaza suele generar una confusi\u00f3n entre estr\u00e9s y ansiedad. Sin embargo, existen puntos de sutil diferencia entre ambos conceptos; mas cabe resaltar que estos son complementarios de forma causal.<\/p>\n<p>&nbsp;<\/p>\n<p><strong>Ansiedad<\/strong><\/p>\n<p>&nbsp;<\/p>\n<p>La ansiedad es la reacci\u00f3n del cuerpo al estr\u00e9s y puede ocurrir incluso si no existe una amenaza real. La ansiedad puede permanecer y algunas veces parecer como si nada la desencadenara.<\/p>\n<p>&nbsp;<\/p>\n<p><strong>Estr\u00e9s<\/strong><\/p>\n<p>&nbsp;<\/p>\n<p>El estr\u00e9s es un estado de tensi\u00f3n f\u00edsica y emocional originado como reacci\u00f3n a una est\u00edmulo o presi\u00f3n, ya sea positivo o negativo. Se trata de un estado de defensa que, en peque\u00f1as dosis, ayuda al organismo a reaccionar y adaptarse a los acontecimientos. El estr\u00e9s tiende a ser por un corto tiempo y es la respuesta a una amenaza reconocida.<\/p>\n<p>&nbsp;<\/p>\n<p>Por ello es que un nivel de estr\u00e9s normal se considera sano e incluso positivo ya que ayuda a estimular a las personas para actuar ante los est\u00edmulos de la vida diaria. Sin embargo, cuando el\u00a0estr\u00e9s es excesivo o no se controla\u00a0adecuadamente puede producir problemas de desgaste mental, como irritabilidad y ansiedad, o trastornos psicosom\u00e1ticos.<\/p>\n<p>&nbsp;<\/p>\n<p>Un trastorno psicosom\u00e1tico es una enfermedad fisiol\u00f3gica originada por causas emocionales, generalmente por el estr\u00e9s. Algunos de los trastornos psicosom\u00e1ticos m\u00e1s frecuentes provocados por el estr\u00e9s son dolores de cabeza, insomnio, tensi\u00f3n muscular, problemas digestivos y card\u00edacos. Sin embargo, cuando se habla de estr\u00e9s cr\u00f3nico, el cuerpo puede manifestar una situaci\u00f3n alerta porque puede llegar a conducir a: presi\u00f3n arterial, insuficiencia cardiaca, diabetes, obesidad, depresi\u00f3n, ansiedad, problemas de la piel como acn\u00e9, problemas menstruales, etc.<\/p>\n<p>&nbsp;<\/p>\n<p>En este sentido, cuando estamos en shock o se percibe algo como una amenaza, el cuerpo libera hormonas\u00a0(sustancias qu\u00edmicas producidas por el cuerpo), como la adrenalina, que contribuyen a la respuesta de \u00ablucha o huida\u00bb. Estas hormonas aumentan la frecuencia card\u00edaca y la presi\u00f3n arterial para que m\u00e1s ox\u00edgeno y glucosa lleguen a los m\u00fasculos. Tambi\u00e9n se respira y se suda m\u00e1s r\u00e1pido refrescar los m\u00fasculos.\u00a0Todas estas reacciones lo preparan para emprender acciones para hacer frente a una posible amenaza.<\/p>\n<p>&nbsp;<\/p>\n<p>Las tensiones de hoy en d\u00eda, tales como problemas de dinero o plazos en el trabajo, no causan una respuesta de \u00ablucha o huida\u00bb; como la que alguna vez necesitamos para sobrevivir en la naturaleza, pero s\u00ed hacen que el cuerpo libere hormonas del estr\u00e9s.\u00a0A corto plazo, \u00abrevoluciona\u00bb su cuerpo y aumenta su capacidad para realizar tareas\u00a0y cumplir con los plazos en el trabajo. Sin embargo,\u00a0a largo plazo el estr\u00e9s puede tener un efecto negativo\u00a0en su forma de hacer frente a situaciones e incluso puede ser perjudicial para su salud.<\/p>\n<p>&nbsp;<\/p>\n<p><strong>Cuadro de comparaci\u00f3n entre estr\u00e9s y ansiedad<\/strong><\/p>\n<table>\n<tbody>\n<tr>\n<td width=\"206\"><strong>El estr\u00e9s<\/strong><\/td>\n<td width=\"206\"><strong>El estr\u00e9s y la ansiedad<\/strong><\/td>\n<td width=\"206\"><strong>La ansiedad<\/strong><\/td>\n<\/tr>\n<tr>\n<td width=\"206\">\u00fc\u00a0 Generalmente es una respuesta a una causa\u00a0externa, como tomar una prueba importante o discutir con un amigo.<\/p>\n<p>\u00fc\u00a0 Desaparece una vez que se resuelve la situaci\u00f3n.<\/p>\n<p>\u00fc\u00a0 Puede ser positivo o negativo. Por ejemplo, puede motivarte a cumplir con un plazo o puede hacerte perder el sue\u00f1o.<\/td>\n<td width=\"206\">\u00fc\u00a0 Tanto el estr\u00e9s como la ansiedad pueden afectar la mente y el cuerpo. Puedes tener s\u00edntomas como:<\/p>\n<p>\u00fc\u00a0 preocupaci\u00f3n excesiva,<\/p>\n<p>\u00fc\u00a0 inquietud,<\/p>\n<p>\u00fc\u00a0 tensi\u00f3n,<\/p>\n<p>\u00fc\u00a0 dolores de cabeza o de cuerpo,<\/p>\n<p>\u00fc\u00a0 presi\u00f3n arterial alta,<\/p>\n<p>\u00fc\u00a0 p\u00e9rdida de sue\u00f1o.<\/td>\n<td width=\"206\">\u00fc\u00a0 Generalmente es\u00a0interna, lo que significa que es tu reacci\u00f3n al estr\u00e9s.<\/p>\n<p>\u00fc\u00a0 Con frecuencia incluye un sentimiento persistente de aprensi\u00f3n o temor que no desaparece y que interfiere en la forma en que llevas tu vida.<\/p>\n<p>\u00fc\u00a0 Es constante, incluso si no hay una amenaza inmediata.<\/td>\n<\/tr>\n<\/tbody>\n<\/table>\n<p>&nbsp;<\/p>\n<p><strong>Tipos de estr\u00e9s<\/strong><\/p>\n<p>&nbsp;<\/p>\n<p>Aunque el estr\u00e9s es un sentimiento normal. Hay dos tipos principales de estr\u00e9s, que son:<\/p>\n<p>&nbsp;<\/p>\n<p><strong>Estr\u00e9s agudo<\/strong><\/p>\n<p>&nbsp;<\/p>\n<p>Este es estr\u00e9s a corto plazo que desaparece r\u00e1pidamente. Puede sentirlo cuando presiona los frenos, pelea con su pareja o esqu\u00eda en una pendiente. Esto le ayuda a controlar las situaciones peligrosas. Tambi\u00e9n ocurre cuando hace algo nuevo o emocionante. Todas las personas sienten estr\u00e9s agudo en alg\u00fan momento u otro.<\/p>\n<p>&nbsp;<\/p>\n<p>Dentro de este tipo de estr\u00e9s existe una subcategor\u00eda a considerar, seg\u00fan algunos especialistas en salud psicol\u00f3gica y es el:<\/p>\n<p>&nbsp;<\/p>\n<ul>\n<li><strong>Estr\u00e9s agudo epis\u00f3dico<\/strong><\/li>\n<\/ul>\n<p>&nbsp;<\/p>\n<p>Se refiere a las personas que sufren situaciones de estr\u00e9s agudo de forma repetitiva y que parecen acabar atrapadas en una espiral de asunci\u00f3n excesiva de responsabilidades, que las sumerge en una vida desordenada, regida por la presi\u00f3n autoimpuesta e inmersa en una crisis continua. Son personas\u00a0 que suelen mostrarse con un car\u00e1cter agrio, irritables, muy nerviosas y que est\u00e1n en un continuo estado de ansiedad.\u00a0 Adem\u00e1s, a menudo culpan a otras personas de todos sus problemas.<\/p>\n<p>&nbsp;<\/p>\n<p>Otra forma de este tipo de estr\u00e9s es el pesimismo constante que se transforma en una negatividad que se aplica a todo, esperando siempre que suceda lo peor. En cualquier caso, los s\u00edntomas son m\u00e1s graves, caracteriz\u00e1ndose por la presencia frecuente de migra\u00f1as y dolores tensionales, hipertensi\u00f3n arterial, presi\u00f3n en el pecho y propensi\u00f3n a sufrir enfermedades cardiacas. Su tratamiento pasa por una terapia psicol\u00f3gica que puede durar meses, ya que son personas resistentes a los cambios.<\/p>\n<p>&nbsp;<\/p>\n<p><strong>Estr\u00e9s cr\u00f3nico<\/strong><\/p>\n<p>&nbsp;<\/p>\n<p>Este es el estr\u00e9s que dura por un per\u00edodo de tiempo prolongado. Una persona puede tener estr\u00e9s cr\u00f3nico si tiene problemas de dinero, un matrimonio infeliz o problemas en el trabajo. Cualquier tipo de estr\u00e9s que contin\u00faa por semanas o meses es estr\u00e9s cr\u00f3nico. Nos podemos acostumbrar tanto al estr\u00e9s cr\u00f3nico sin caer en cuenta que es un problema. Si no encuentra maneras de\u00a0<a href=\"https:\/\/medlineplus.gov\/spanish\/ency\/article\/001942.htm\">controlar el estr\u00e9s<\/a>, este podr\u00eda causar problemas de salud.<\/p>\n<p>&nbsp;<\/p>\n<p>Un factor a considerar es que hoy en d\u00eda es m\u00e1s com\u00fan aceptar una clasificaci\u00f3n m\u00e1s detallada de diferentes tipos de estr\u00e9s, dentro de ellas las m\u00e1s comunes y consideradas por la mayor\u00eda de especialistas son:<\/p>\n<p>&nbsp;<\/p>\n<p><strong>Estr\u00e9s normal<\/strong><\/p>\n<p>&nbsp;<\/p>\n<p>Las reacciones fisiol\u00f3gicas que se dan en nuestro organismo ante determinadas situaciones y que se definen como estr\u00e9s en realidad son normales, en cierta medida. Un poco de\u00a0estr\u00e9s\u00a0y ansiedad nos puede ayudar a afrontar y superar algunas situaciones dif\u00edciles.<\/p>\n<p>&nbsp;<\/p>\n<p><strong>Estr\u00e9s patol\u00f3gico<\/strong><\/p>\n<p>&nbsp;<\/p>\n<p>Cuando el estr\u00e9s se presenta de modo intenso por periodos prolongados, es muy probable que cause problemas f\u00edsicos y psicol\u00f3gicos, transform\u00e1ndose en un estr\u00e9s cr\u00f3nico y nocivo que puede provocar crisis de llanto, depresi\u00f3n, y diversas afecciones f\u00edsicas.<\/p>\n<p>&nbsp;<\/p>\n<p><strong>Estr\u00e9s post-traum\u00e1tico<\/strong><\/p>\n<p>&nbsp;<\/p>\n<p>Es aquel que se presenta despu\u00e9s de que una persona ha vivido alg\u00fan tipo de suceso aterrador, como puede ser un accidente de tr\u00e1fico o un desastre natural. A consecuencia de estos traumas, la persona tiene pensamientos aterradores con frecuencia, relacionados con la situaci\u00f3n que vivi\u00f3. Este tipo de\u00a0estr\u00e9s\u00a0puede aparecer en personas de todas las edades, pero los ni\u00f1os son particularmente propensos a sufrirlo.<\/p>\n<p>&nbsp;<\/p>\n<p><strong>Estr\u00e9s laboral<\/strong><\/p>\n<p>&nbsp;<\/p>\n<p>Se le llama\u00a0estr\u00e9s\u00a0laboral a un conjunto de reacciones nocivas, emocionales y f\u00edsicas, que se producen cuando las exigencias en el \u00e1mbito laboral superan los recursos, las capacidades y\/o las necesidades del trabajador. Seg\u00fan un estudio llevado a cabo por la OMS, el 28 % de los trabajadores europeos sufre estr\u00e9s laboral, y el 20 % padece el s\u00edndrome llamado \u201cburnout\u201d, agotamiento.<\/p>\n\n","protected":false},"excerpt":{"rendered":"<p>Autor: Lic. H\u00e9ctor Molina Angulo &nbsp; Si bien el estr\u00e9s y la ansiedad son una parte natural de la respuesta de pelear-escapar ante la presencia de un posible riesgo. La reacci\u00f3n del cuerpo al peligro, donde el prop\u00f3sito de esta respuesta es asegurarse de que una persona est\u00e1 alerta, enfocada y lista para enfrentar la [&hellip;]<\/p>\n","protected":false},"author":1,"featured_media":80771,"comment_status":"closed","ping_status":"closed","sticky":false,"template":"","format":"standard","meta":{"_acf_changed":false,"footnotes":""},"categories":[43],"tags":[],"class_list":["post-80770","post","type-post","status-publish","format-standard","has-post-thumbnail","category-nuevos-horizontes"],"acf":{"antetitulo":""},"yoast_head":"<!-- This site is optimized with the Yoast SEO plugin v28.4 - https:\/\/yoast.com\/product\/yoast-seo-wordpress\/ -->\n<title>La relaci\u00f3n Salud - Emociones \u00bfrealidad o ficci\u00f3n? - El Diario - Bolivia<\/title>\n<meta name=\"robots\" content=\"index, follow, max-snippet:-1, max-image-preview:large, max-video-preview:-1\" \/>\n<link rel=\"canonical\" href=\"https:\/\/www.eldiario.net\/portal\/2022\/05\/03\/la-relacion-salud-emociones-realidad-o-ficcion-5\/\" \/>\n<meta property=\"og:locale\" content=\"es_ES\" \/>\n<meta property=\"og:type\" content=\"article\" \/>\n<meta property=\"og:title\" content=\"La relaci\u00f3n Salud - Emociones \u00bfrealidad o ficci\u00f3n? - El Diario - Bolivia\" \/>\n<meta property=\"og:description\" content=\"Autor: Lic. H\u00e9ctor Molina Angulo &nbsp; Si bien el estr\u00e9s y la ansiedad son una parte natural de la respuesta de pelear-escapar ante la presencia de un posible riesgo. La reacci\u00f3n del cuerpo al peligro, donde el prop\u00f3sito de esta respuesta es asegurarse de que una persona est\u00e1 alerta, enfocada y lista para enfrentar la [&hellip;]\" \/>\n<meta property=\"og:url\" content=\"https:\/\/www.eldiario.net\/portal\/2022\/05\/03\/la-relacion-salud-emociones-realidad-o-ficcion-5\/\" \/>\n<meta property=\"og:site_name\" content=\"El Diario - Bolivia\" \/>\n<meta property=\"article:publisher\" content=\"https:\/\/www.facebook.com\/eldiario.bolivia\/\" \/>\n<meta property=\"article:published_time\" content=\"2022-05-03T08:28:04+00:00\" \/>\n<meta name=\"author\" content=\"Jeanette\" \/>\n<meta name=\"twitter:card\" content=\"summary_large_image\" \/>\n<meta name=\"twitter:creator\" content=\"@eldiario_net\" \/>\n<meta name=\"twitter:site\" content=\"@eldiario_net\" \/>\n<meta name=\"twitter:label1\" content=\"Escrito por\" \/>\n\t<meta name=\"twitter:data1\" content=\"Jeanette\" \/>\n\t<meta name=\"twitter:label2\" content=\"Tiempo de lectura\" \/>\n\t<meta name=\"twitter:data2\" content=\"6 minutos\" \/>\n<script type=\"application\/ld+json\" class=\"yoast-schema-graph\">{\"@context\":\"https:\\\/\\\/schema.org\",\"@graph\":[{\"@type\":\"Article\",\"@id\":\"https:\\\/\\\/www.eldiario.net\\\/portal\\\/2022\\\/05\\\/03\\\/la-relacion-salud-emociones-realidad-o-ficcion-5\\\/#article\",\"isPartOf\":{\"@id\":\"https:\\\/\\\/www.eldiario.net\\\/portal\\\/2022\\\/05\\\/03\\\/la-relacion-salud-emociones-realidad-o-ficcion-5\\\/\"},\"author\":{\"name\":\"Jeanette\",\"@id\":\"https:\\\/\\\/www.eldiario.net\\\/portal\\\/#\\\/schema\\\/person\\\/2c57cf2b7a7ae032e449e4c9b1019eac\"},\"headline\":\"La relaci\u00f3n Salud &#8211; Emociones \u00bfrealidad o ficci\u00f3n?\",\"datePublished\":\"2022-05-03T08:28:04+00:00\",\"mainEntityOfPage\":{\"@id\":\"https:\\\/\\\/www.eldiario.net\\\/portal\\\/2022\\\/05\\\/03\\\/la-relacion-salud-emociones-realidad-o-ficcion-5\\\/\"},\"wordCount\":1386,\"publisher\":{\"@id\":\"https:\\\/\\\/www.eldiario.net\\\/portal\\\/#organization\"},\"image\":{\"@id\":\"https:\\\/\\\/www.eldiario.net\\\/portal\\\/2022\\\/05\\\/03\\\/la-relacion-salud-emociones-realidad-o-ficcion-5\\\/#primaryimage\"},\"thumbnailUrl\":\"\",\"articleSection\":[\"Nuevos Horizontes\"],\"inLanguage\":\"es\"},{\"@type\":\"WebPage\",\"@id\":\"https:\\\/\\\/www.eldiario.net\\\/portal\\\/2022\\\/05\\\/03\\\/la-relacion-salud-emociones-realidad-o-ficcion-5\\\/\",\"url\":\"https:\\\/\\\/www.eldiario.net\\\/portal\\\/2022\\\/05\\\/03\\\/la-relacion-salud-emociones-realidad-o-ficcion-5\\\/\",\"name\":\"La relaci\u00f3n Salud - Emociones \u00bfrealidad o ficci\u00f3n? - El Diario - Bolivia\",\"isPartOf\":{\"@id\":\"https:\\\/\\\/www.eldiario.net\\\/portal\\\/#website\"},\"primaryImageOfPage\":{\"@id\":\"https:\\\/\\\/www.eldiario.net\\\/portal\\\/2022\\\/05\\\/03\\\/la-relacion-salud-emociones-realidad-o-ficcion-5\\\/#primaryimage\"},\"image\":{\"@id\":\"https:\\\/\\\/www.eldiario.net\\\/portal\\\/2022\\\/05\\\/03\\\/la-relacion-salud-emociones-realidad-o-ficcion-5\\\/#primaryimage\"},\"thumbnailUrl\":\"\",\"datePublished\":\"2022-05-03T08:28:04+00:00\",\"breadcrumb\":{\"@id\":\"https:\\\/\\\/www.eldiario.net\\\/portal\\\/2022\\\/05\\\/03\\\/la-relacion-salud-emociones-realidad-o-ficcion-5\\\/#breadcrumb\"},\"inLanguage\":\"es\",\"potentialAction\":[{\"@type\":\"ReadAction\",\"target\":[\"https:\\\/\\\/www.eldiario.net\\\/portal\\\/2022\\\/05\\\/03\\\/la-relacion-salud-emociones-realidad-o-ficcion-5\\\/\"]}]},{\"@type\":\"ImageObject\",\"inLanguage\":\"es\",\"@id\":\"https:\\\/\\\/www.eldiario.net\\\/portal\\\/2022\\\/05\\\/03\\\/la-relacion-salud-emociones-realidad-o-ficcion-5\\\/#primaryimage\",\"url\":\"\",\"contentUrl\":\"\"},{\"@type\":\"BreadcrumbList\",\"@id\":\"https:\\\/\\\/www.eldiario.net\\\/portal\\\/2022\\\/05\\\/03\\\/la-relacion-salud-emociones-realidad-o-ficcion-5\\\/#breadcrumb\",\"itemListElement\":[{\"@type\":\"ListItem\",\"position\":1,\"name\":\"Portada\",\"item\":\"https:\\\/\\\/www.eldiario.net\\\/portal\\\/\"},{\"@type\":\"ListItem\",\"position\":2,\"name\":\"La relaci\u00f3n Salud &#8211; Emociones \u00bfrealidad o ficci\u00f3n?\"}]},{\"@type\":\"WebSite\",\"@id\":\"https:\\\/\\\/www.eldiario.net\\\/portal\\\/#website\",\"url\":\"https:\\\/\\\/www.eldiario.net\\\/portal\\\/\",\"name\":\"El Diario - Decano de la prensa nacional\",\"description\":\"El Diario - Decano de la prensa nacional\",\"publisher\":{\"@id\":\"https:\\\/\\\/www.eldiario.net\\\/portal\\\/#organization\"},\"potentialAction\":[{\"@type\":\"SearchAction\",\"target\":{\"@type\":\"EntryPoint\",\"urlTemplate\":\"https:\\\/\\\/www.eldiario.net\\\/portal\\\/?s={search_term_string}\"},\"query-input\":{\"@type\":\"PropertyValueSpecification\",\"valueRequired\":true,\"valueName\":\"search_term_string\"}}],\"inLanguage\":\"es\"},{\"@type\":\"Organization\",\"@id\":\"https:\\\/\\\/www.eldiario.net\\\/portal\\\/#organization\",\"name\":\"El Diario - Decano de la prensa nacional\",\"url\":\"https:\\\/\\\/www.eldiario.net\\\/portal\\\/\",\"logo\":{\"@type\":\"ImageObject\",\"inLanguage\":\"es\",\"@id\":\"https:\\\/\\\/www.eldiario.net\\\/portal\\\/#\\\/schema\\\/logo\\\/image\\\/\",\"url\":\"https:\\\/\\\/www.eldiario.net\\\/portal\\\/wp-content\\\/uploads\\\/2023\\\/07\\\/logo_ED.jpg\",\"contentUrl\":\"https:\\\/\\\/www.eldiario.net\\\/portal\\\/wp-content\\\/uploads\\\/2023\\\/07\\\/logo_ED.jpg\",\"width\":272,\"height\":52,\"caption\":\"El Diario - Decano de la prensa nacional\"},\"image\":{\"@id\":\"https:\\\/\\\/www.eldiario.net\\\/portal\\\/#\\\/schema\\\/logo\\\/image\\\/\"},\"sameAs\":[\"https:\\\/\\\/www.facebook.com\\\/eldiario.bolivia\\\/\",\"https:\\\/\\\/x.com\\\/eldiario_net\"]},{\"@type\":\"Person\",\"@id\":\"https:\\\/\\\/www.eldiario.net\\\/portal\\\/#\\\/schema\\\/person\\\/2c57cf2b7a7ae032e449e4c9b1019eac\",\"name\":\"Jeanette\",\"image\":{\"@type\":\"ImageObject\",\"inLanguage\":\"es\",\"@id\":\"https:\\\/\\\/secure.gravatar.com\\\/avatar\\\/3ea2118a5f7dad2b7138b1187a6b7ee55f160b9968b66013c3a3ef39dd7e5798?s=96&d=mm&r=g\",\"url\":\"https:\\\/\\\/secure.gravatar.com\\\/avatar\\\/3ea2118a5f7dad2b7138b1187a6b7ee55f160b9968b66013c3a3ef39dd7e5798?s=96&d=mm&r=g\",\"contentUrl\":\"https:\\\/\\\/secure.gravatar.com\\\/avatar\\\/3ea2118a5f7dad2b7138b1187a6b7ee55f160b9968b66013c3a3ef39dd7e5798?s=96&d=mm&r=g\",\"caption\":\"Jeanette\"},\"sameAs\":[\"https:\\\/\\\/www.eldiario.net\\\/portal\"],\"url\":\"https:\\\/\\\/www.eldiario.net\\\/portal\\\/author\\\/jeanette\\\/\"}]}<\/script>\n<!-- \/ Yoast SEO plugin. -->","yoast_head_json":{"title":"La relaci\u00f3n Salud - Emociones \u00bfrealidad o ficci\u00f3n? - El Diario - Bolivia","robots":{"index":"index","follow":"follow","max-snippet":"max-snippet:-1","max-image-preview":"max-image-preview:large","max-video-preview":"max-video-preview:-1"},"canonical":"https:\/\/www.eldiario.net\/portal\/2022\/05\/03\/la-relacion-salud-emociones-realidad-o-ficcion-5\/","og_locale":"es_ES","og_type":"article","og_title":"La relaci\u00f3n Salud - Emociones \u00bfrealidad o ficci\u00f3n? - El Diario - Bolivia","og_description":"Autor: Lic. H\u00e9ctor Molina Angulo &nbsp; Si bien el estr\u00e9s y la ansiedad son una parte natural de la respuesta de pelear-escapar ante la presencia de un posible riesgo. La reacci\u00f3n del cuerpo al peligro, donde el prop\u00f3sito de esta respuesta es asegurarse de que una persona est\u00e1 alerta, enfocada y lista para enfrentar la [&hellip;]","og_url":"https:\/\/www.eldiario.net\/portal\/2022\/05\/03\/la-relacion-salud-emociones-realidad-o-ficcion-5\/","og_site_name":"El Diario - Bolivia","article_publisher":"https:\/\/www.facebook.com\/eldiario.bolivia\/","article_published_time":"2022-05-03T08:28:04+00:00","author":"Jeanette","twitter_card":"summary_large_image","twitter_creator":"@eldiario_net","twitter_site":"@eldiario_net","twitter_misc":{"Escrito por":"Jeanette","Tiempo de lectura":"6 minutos"},"schema":{"@context":"https:\/\/schema.org","@graph":[{"@type":"Article","@id":"https:\/\/www.eldiario.net\/portal\/2022\/05\/03\/la-relacion-salud-emociones-realidad-o-ficcion-5\/#article","isPartOf":{"@id":"https:\/\/www.eldiario.net\/portal\/2022\/05\/03\/la-relacion-salud-emociones-realidad-o-ficcion-5\/"},"author":{"name":"Jeanette","@id":"https:\/\/www.eldiario.net\/portal\/#\/schema\/person\/2c57cf2b7a7ae032e449e4c9b1019eac"},"headline":"La relaci\u00f3n Salud &#8211; Emociones \u00bfrealidad o ficci\u00f3n?","datePublished":"2022-05-03T08:28:04+00:00","mainEntityOfPage":{"@id":"https:\/\/www.eldiario.net\/portal\/2022\/05\/03\/la-relacion-salud-emociones-realidad-o-ficcion-5\/"},"wordCount":1386,"publisher":{"@id":"https:\/\/www.eldiario.net\/portal\/#organization"},"image":{"@id":"https:\/\/www.eldiario.net\/portal\/2022\/05\/03\/la-relacion-salud-emociones-realidad-o-ficcion-5\/#primaryimage"},"thumbnailUrl":"","articleSection":["Nuevos Horizontes"],"inLanguage":"es"},{"@type":"WebPage","@id":"https:\/\/www.eldiario.net\/portal\/2022\/05\/03\/la-relacion-salud-emociones-realidad-o-ficcion-5\/","url":"https:\/\/www.eldiario.net\/portal\/2022\/05\/03\/la-relacion-salud-emociones-realidad-o-ficcion-5\/","name":"La relaci\u00f3n Salud - Emociones \u00bfrealidad o ficci\u00f3n? - El Diario - Bolivia","isPartOf":{"@id":"https:\/\/www.eldiario.net\/portal\/#website"},"primaryImageOfPage":{"@id":"https:\/\/www.eldiario.net\/portal\/2022\/05\/03\/la-relacion-salud-emociones-realidad-o-ficcion-5\/#primaryimage"},"image":{"@id":"https:\/\/www.eldiario.net\/portal\/2022\/05\/03\/la-relacion-salud-emociones-realidad-o-ficcion-5\/#primaryimage"},"thumbnailUrl":"","datePublished":"2022-05-03T08:28:04+00:00","breadcrumb":{"@id":"https:\/\/www.eldiario.net\/portal\/2022\/05\/03\/la-relacion-salud-emociones-realidad-o-ficcion-5\/#breadcrumb"},"inLanguage":"es","potentialAction":[{"@type":"ReadAction","target":["https:\/\/www.eldiario.net\/portal\/2022\/05\/03\/la-relacion-salud-emociones-realidad-o-ficcion-5\/"]}]},{"@type":"ImageObject","inLanguage":"es","@id":"https:\/\/www.eldiario.net\/portal\/2022\/05\/03\/la-relacion-salud-emociones-realidad-o-ficcion-5\/#primaryimage","url":"","contentUrl":""},{"@type":"BreadcrumbList","@id":"https:\/\/www.eldiario.net\/portal\/2022\/05\/03\/la-relacion-salud-emociones-realidad-o-ficcion-5\/#breadcrumb","itemListElement":[{"@type":"ListItem","position":1,"name":"Portada","item":"https:\/\/www.eldiario.net\/portal\/"},{"@type":"ListItem","position":2,"name":"La relaci\u00f3n Salud &#8211; Emociones \u00bfrealidad o ficci\u00f3n?"}]},{"@type":"WebSite","@id":"https:\/\/www.eldiario.net\/portal\/#website","url":"https:\/\/www.eldiario.net\/portal\/","name":"El Diario - Decano de la prensa nacional","description":"El Diario - Decano de la prensa nacional","publisher":{"@id":"https:\/\/www.eldiario.net\/portal\/#organization"},"potentialAction":[{"@type":"SearchAction","target":{"@type":"EntryPoint","urlTemplate":"https:\/\/www.eldiario.net\/portal\/?s={search_term_string}"},"query-input":{"@type":"PropertyValueSpecification","valueRequired":true,"valueName":"search_term_string"}}],"inLanguage":"es"},{"@type":"Organization","@id":"https:\/\/www.eldiario.net\/portal\/#organization","name":"El Diario - Decano de la prensa nacional","url":"https:\/\/www.eldiario.net\/portal\/","logo":{"@type":"ImageObject","inLanguage":"es","@id":"https:\/\/www.eldiario.net\/portal\/#\/schema\/logo\/image\/","url":"https:\/\/www.eldiario.net\/portal\/wp-content\/uploads\/2023\/07\/logo_ED.jpg","contentUrl":"https:\/\/www.eldiario.net\/portal\/wp-content\/uploads\/2023\/07\/logo_ED.jpg","width":272,"height":52,"caption":"El Diario - Decano de la prensa nacional"},"image":{"@id":"https:\/\/www.eldiario.net\/portal\/#\/schema\/logo\/image\/"},"sameAs":["https:\/\/www.facebook.com\/eldiario.bolivia\/","https:\/\/x.com\/eldiario_net"]},{"@type":"Person","@id":"https:\/\/www.eldiario.net\/portal\/#\/schema\/person\/2c57cf2b7a7ae032e449e4c9b1019eac","name":"Jeanette","image":{"@type":"ImageObject","inLanguage":"es","@id":"https:\/\/secure.gravatar.com\/avatar\/3ea2118a5f7dad2b7138b1187a6b7ee55f160b9968b66013c3a3ef39dd7e5798?s=96&d=mm&r=g","url":"https:\/\/secure.gravatar.com\/avatar\/3ea2118a5f7dad2b7138b1187a6b7ee55f160b9968b66013c3a3ef39dd7e5798?s=96&d=mm&r=g","contentUrl":"https:\/\/secure.gravatar.com\/avatar\/3ea2118a5f7dad2b7138b1187a6b7ee55f160b9968b66013c3a3ef39dd7e5798?s=96&d=mm&r=g","caption":"Jeanette"},"sameAs":["https:\/\/www.eldiario.net\/portal"],"url":"https:\/\/www.eldiario.net\/portal\/author\/jeanette\/"}]}},"_links":{"self":[{"href":"https:\/\/www.eldiario.net\/portal\/wp-json\/wp\/v2\/posts\/80770","targetHints":{"allow":["GET"]}}],"collection":[{"href":"https:\/\/www.eldiario.net\/portal\/wp-json\/wp\/v2\/posts"}],"about":[{"href":"https:\/\/www.eldiario.net\/portal\/wp-json\/wp\/v2\/types\/post"}],"author":[{"embeddable":true,"href":"https:\/\/www.eldiario.net\/portal\/wp-json\/wp\/v2\/users\/1"}],"replies":[{"embeddable":true,"href":"https:\/\/www.eldiario.net\/portal\/wp-json\/wp\/v2\/comments?post=80770"}],"version-history":[{"count":0,"href":"https:\/\/www.eldiario.net\/portal\/wp-json\/wp\/v2\/posts\/80770\/revisions"}],"wp:attachment":[{"href":"https:\/\/www.eldiario.net\/portal\/wp-json\/wp\/v2\/media?parent=80770"}],"wp:term":[{"taxonomy":"category","embeddable":true,"href":"https:\/\/www.eldiario.net\/portal\/wp-json\/wp\/v2\/categories?post=80770"},{"taxonomy":"post_tag","embeddable":true,"href":"https:\/\/www.eldiario.net\/portal\/wp-json\/wp\/v2\/tags?post=80770"}],"curies":[{"name":"wp","href":"https:\/\/api.w.org\/{rel}","templated":true}]}}