{"id":80754,"date":"2022-05-02T08:30:02","date_gmt":"2022-05-02T12:30:02","guid":{"rendered":"https:\/\/www.eldiario.net\/portal\/?p=80754"},"modified":"2022-05-02T08:30:02","modified_gmt":"2022-05-02T12:30:02","slug":"cinefilos-disfrutaron-de-la-ciudad-perdida-en-avant-premier","status":"publish","type":"post","link":"https:\/\/www.eldiario.net\/portal\/2022\/05\/02\/cinefilos-disfrutaron-de-la-ciudad-perdida-en-avant-premier\/","title":{"rendered":"Cin\u00e9filos disfrutaron de La Ciudad Perdida en avant premier"},"content":{"rendered":"<p>La Ciudad Perdida ya est\u00e1 en los cines de Bolivia y sus 112 minutos cumplen a cabalidad su cometido, entretener a los cin\u00e9filos con escenas divertidas llenas de acci\u00f3n y aventura; Sandra Bullock, lo logr\u00f3 nuevamente.<br \/>\nSu avant premier tambi\u00e9n fue entretenido, el escenario montado en el boulevard de Las Brisas, cont\u00f3 con la presencia de Arcelio T\u00f3rrez y su personaje \u00b4Casilda\u00b4, de igual manera se exhibi\u00f3 un Bajaj Qute, el peque\u00f1o veh\u00edculo forma parte de una de las escenas de acci\u00f3n m\u00e1s divertidas de la pel\u00edcula.<br \/>\nDespu\u00e9s de la previa, donde los invitados y medios de comunicaci\u00f3n disfrutaron de las ocurrencias de \u00b4Casilda\u00b4, los asistentes ingresaron a disfrutar del largometraje en Multicine.<br \/>\n\u201cCuando la ganadora del \u00d3scar, Sandra Bullock, decidi\u00f3 producir La Ciudad Perdida, ten\u00eda objetivos muy altos\u201d, menciona Sandra Cortez, gerente de Marketing de Andes Films, distribuidora de la cinta en el pa\u00eds, a\u00f1adiendo que el equipo dirigido por Adam Nee y Aaron Nee, logr\u00f3 un filme espectacular y entretenido para toda la familia, que adem\u00e1s ofrece al espectador la vivencia que todos extra\u00f1\u00e1bamos en una pel\u00edcula que no se ve\u00eda hace mucho en el cine.<br \/>\nLa cinta, tambi\u00e9n protagonizada por los reconocidos Channing Tatum, Daniel Radcliffe, Da&#8217;Vine Joy Randolph, Oscar N\u00fa\u00f1ez y Brad Pitt, cuenta la historia de la brillante, pero antip\u00e1tica escritora, Loretta Sage (Sandra Bullock), que ha pasado su carrera escribiendo acerca de lugares ex\u00f3ticos en sus populares novelas de romance-aventura cuyas portadas adorna Alan (Channing Tatum), un atractivo modelo que dedica su vida a encarnar al heroico personaje llamado \u201cDash\u201d. Mientras est\u00e1 de gira con Alan para promocionar su nuevo libro, Loretta es secuestrada por un exc\u00e9ntrico multimillonario (Daniel Radcliffe) quien espera que ella lo lleve hasta el tesoro de la antigua ciudad perdida que describe en su m\u00e1s reciente historia. Deseoso de demostrar que puede ser un h\u00e9roe en la vida real y no s\u00f3lo en las p\u00e1ginas de las novelas, Alan se lanza a su rescate. Inmersos en una \u00e9pica aventura en la jungla, la improbable pareja debe trabajar junta para sobrevivir a los elementos y encontrar el antiguo tesoro antes de que se pierda para siempre.<\/p>\n<div id='gallery-1' class='gallery galleryid-80754 gallery-columns-3 gallery-size-medium'><figure class='gallery-item'>\n\t\t\t<div class='gallery-icon landscape'>\n\t\t\t\t<a href='https:\/\/www.eldiario.net\/portal\/2022\/05\/02\/cinefilos-disfrutaron-de-la-ciudad-perdida-en-avant-premier\/mariana-pinedo-callau-y-patricia-callau\/'><img loading=\"lazy\" decoding=\"async\" width=\"300\" height=\"262\" src=\"https:\/\/www.eldiario.net\/portal\/wp-content\/uploads\/2022\/05\/Mariana-Pinedo-Callau-y-Patricia-Callau-300x262.jpg\" class=\"attachment-medium size-medium\" alt=\"\" srcset=\"https:\/\/www.eldiario.net\/portal\/wp-content\/uploads\/2022\/05\/Mariana-Pinedo-Callau-y-Patricia-Callau-300x262.jpg 300w, https:\/\/www.eldiario.net\/portal\/wp-content\/uploads\/2022\/05\/Mariana-Pinedo-Callau-y-Patricia-Callau-768x671.jpg 768w, https:\/\/www.eldiario.net\/portal\/wp-content\/uploads\/2022\/05\/Mariana-Pinedo-Callau-y-Patricia-Callau-696x608.jpg 696w, https:\/\/www.eldiario.net\/portal\/wp-content\/uploads\/2022\/05\/Mariana-Pinedo-Callau-y-Patricia-Callau.jpg 1000w\" sizes=\"auto, (max-width: 300px) 100vw, 300px\" \/><\/a>\n\t\t\t<\/div><\/figure>\n\t\t<\/div>\n\n","protected":false},"excerpt":{"rendered":"<p>La Ciudad Perdida ya est\u00e1 en los cines de Bolivia y sus 112 minutos cumplen a cabalidad su cometido, entretener a los cin\u00e9filos con escenas divertidas llenas de acci\u00f3n y aventura; Sandra Bullock, lo logr\u00f3 nuevamente. Su avant premier tambi\u00e9n fue entretenido, el escenario montado en el boulevard de Las Brisas, cont\u00f3 con la presencia [&hellip;]<\/p>\n","protected":false},"author":1,"featured_media":80755,"comment_status":"closed","ping_status":"closed","sticky":false,"template":"","format":"standard","meta":{"_acf_changed":false,"footnotes":""},"categories":[40],"tags":[],"class_list":["post-80754","post","type-post","status-publish","format-standard","has-post-thumbnail","category-sociales"],"acf":{"antetitulo":""},"yoast_head":"<!-- This site is optimized with the Yoast SEO plugin v28.4 - https:\/\/yoast.com\/product\/yoast-seo-wordpress\/ -->\n<title>Cin\u00e9filos disfrutaron de La Ciudad Perdida en avant premier - El Diario - Bolivia<\/title>\n<meta name=\"robots\" content=\"index, follow, max-snippet:-1, max-image-preview:large, max-video-preview:-1\" \/>\n<link rel=\"canonical\" href=\"https:\/\/www.eldiario.net\/portal\/2022\/05\/02\/cinefilos-disfrutaron-de-la-ciudad-perdida-en-avant-premier\/\" \/>\n<meta property=\"og:locale\" content=\"es_ES\" \/>\n<meta property=\"og:type\" content=\"article\" \/>\n<meta property=\"og:title\" content=\"Cin\u00e9filos disfrutaron de La Ciudad Perdida en avant premier - El Diario - Bolivia\" \/>\n<meta property=\"og:description\" content=\"La Ciudad Perdida ya est\u00e1 en los cines de Bolivia y sus 112 minutos cumplen a cabalidad su cometido, entretener a los cin\u00e9filos con escenas divertidas llenas de acci\u00f3n y aventura; Sandra Bullock, lo logr\u00f3 nuevamente. Su avant premier tambi\u00e9n fue entretenido, el escenario montado en el boulevard de Las Brisas, cont\u00f3 con la presencia [&hellip;]\" \/>\n<meta property=\"og:url\" content=\"https:\/\/www.eldiario.net\/portal\/2022\/05\/02\/cinefilos-disfrutaron-de-la-ciudad-perdida-en-avant-premier\/\" \/>\n<meta property=\"og:site_name\" content=\"El Diario - Bolivia\" \/>\n<meta property=\"article:publisher\" content=\"https:\/\/www.facebook.com\/eldiario.bolivia\/\" \/>\n<meta property=\"article:published_time\" content=\"2022-05-02T12:30:02+00:00\" \/>\n<meta name=\"author\" content=\"Jeanette\" \/>\n<meta name=\"twitter:card\" content=\"summary_large_image\" \/>\n<meta name=\"twitter:creator\" content=\"@eldiario_net\" \/>\n<meta name=\"twitter:site\" content=\"@eldiario_net\" \/>\n<meta name=\"twitter:label1\" content=\"Escrito por\" \/>\n\t<meta name=\"twitter:data1\" content=\"Jeanette\" \/>\n\t<meta name=\"twitter:label2\" content=\"Tiempo de lectura\" \/>\n\t<meta name=\"twitter:data2\" content=\"2 minutos\" \/>\n<script type=\"application\/ld+json\" class=\"yoast-schema-graph\">{\"@context\":\"https:\\\/\\\/schema.org\",\"@graph\":[{\"@type\":\"Article\",\"@id\":\"https:\\\/\\\/www.eldiario.net\\\/portal\\\/2022\\\/05\\\/02\\\/cinefilos-disfrutaron-de-la-ciudad-perdida-en-avant-premier\\\/#article\",\"isPartOf\":{\"@id\":\"https:\\\/\\\/www.eldiario.net\\\/portal\\\/2022\\\/05\\\/02\\\/cinefilos-disfrutaron-de-la-ciudad-perdida-en-avant-premier\\\/\"},\"author\":{\"name\":\"Jeanette\",\"@id\":\"https:\\\/\\\/www.eldiario.net\\\/portal\\\/#\\\/schema\\\/person\\\/2c57cf2b7a7ae032e449e4c9b1019eac\"},\"headline\":\"Cin\u00e9filos disfrutaron de La Ciudad Perdida en avant premier\",\"datePublished\":\"2022-05-02T12:30:02+00:00\",\"mainEntityOfPage\":{\"@id\":\"https:\\\/\\\/www.eldiario.net\\\/portal\\\/2022\\\/05\\\/02\\\/cinefilos-disfrutaron-de-la-ciudad-perdida-en-avant-premier\\\/\"},\"wordCount\":396,\"publisher\":{\"@id\":\"https:\\\/\\\/www.eldiario.net\\\/portal\\\/#organization\"},\"image\":{\"@id\":\"https:\\\/\\\/www.eldiario.net\\\/portal\\\/2022\\\/05\\\/02\\\/cinefilos-disfrutaron-de-la-ciudad-perdida-en-avant-premier\\\/#primaryimage\"},\"thumbnailUrl\":\"\",\"articleSection\":[\"Sociales\"],\"inLanguage\":\"es\"},{\"@type\":\"WebPage\",\"@id\":\"https:\\\/\\\/www.eldiario.net\\\/portal\\\/2022\\\/05\\\/02\\\/cinefilos-disfrutaron-de-la-ciudad-perdida-en-avant-premier\\\/\",\"url\":\"https:\\\/\\\/www.eldiario.net\\\/portal\\\/2022\\\/05\\\/02\\\/cinefilos-disfrutaron-de-la-ciudad-perdida-en-avant-premier\\\/\",\"name\":\"Cin\u00e9filos disfrutaron de La Ciudad Perdida en avant premier - El Diario - Bolivia\",\"isPartOf\":{\"@id\":\"https:\\\/\\\/www.eldiario.net\\\/portal\\\/#website\"},\"primaryImageOfPage\":{\"@id\":\"https:\\\/\\\/www.eldiario.net\\\/portal\\\/2022\\\/05\\\/02\\\/cinefilos-disfrutaron-de-la-ciudad-perdida-en-avant-premier\\\/#primaryimage\"},\"image\":{\"@id\":\"https:\\\/\\\/www.eldiario.net\\\/portal\\\/2022\\\/05\\\/02\\\/cinefilos-disfrutaron-de-la-ciudad-perdida-en-avant-premier\\\/#primaryimage\"},\"thumbnailUrl\":\"\",\"datePublished\":\"2022-05-02T12:30:02+00:00\",\"breadcrumb\":{\"@id\":\"https:\\\/\\\/www.eldiario.net\\\/portal\\\/2022\\\/05\\\/02\\\/cinefilos-disfrutaron-de-la-ciudad-perdida-en-avant-premier\\\/#breadcrumb\"},\"inLanguage\":\"es\",\"potentialAction\":[{\"@type\":\"ReadAction\",\"target\":[\"https:\\\/\\\/www.eldiario.net\\\/portal\\\/2022\\\/05\\\/02\\\/cinefilos-disfrutaron-de-la-ciudad-perdida-en-avant-premier\\\/\"]}]},{\"@type\":\"ImageObject\",\"inLanguage\":\"es\",\"@id\":\"https:\\\/\\\/www.eldiario.net\\\/portal\\\/2022\\\/05\\\/02\\\/cinefilos-disfrutaron-de-la-ciudad-perdida-en-avant-premier\\\/#primaryimage\",\"url\":\"\",\"contentUrl\":\"\"},{\"@type\":\"BreadcrumbList\",\"@id\":\"https:\\\/\\\/www.eldiario.net\\\/portal\\\/2022\\\/05\\\/02\\\/cinefilos-disfrutaron-de-la-ciudad-perdida-en-avant-premier\\\/#breadcrumb\",\"itemListElement\":[{\"@type\":\"ListItem\",\"position\":1,\"name\":\"Portada\",\"item\":\"https:\\\/\\\/www.eldiario.net\\\/portal\\\/\"},{\"@type\":\"ListItem\",\"position\":2,\"name\":\"Cin\u00e9filos disfrutaron de La Ciudad Perdida en avant premier\"}]},{\"@type\":\"WebSite\",\"@id\":\"https:\\\/\\\/www.eldiario.net\\\/portal\\\/#website\",\"url\":\"https:\\\/\\\/www.eldiario.net\\\/portal\\\/\",\"name\":\"El Diario - Decano de la prensa nacional\",\"description\":\"El Diario - Decano de la prensa nacional\",\"publisher\":{\"@id\":\"https:\\\/\\\/www.eldiario.net\\\/portal\\\/#organization\"},\"potentialAction\":[{\"@type\":\"SearchAction\",\"target\":{\"@type\":\"EntryPoint\",\"urlTemplate\":\"https:\\\/\\\/www.eldiario.net\\\/portal\\\/?s={search_term_string}\"},\"query-input\":{\"@type\":\"PropertyValueSpecification\",\"valueRequired\":true,\"valueName\":\"search_term_string\"}}],\"inLanguage\":\"es\"},{\"@type\":\"Organization\",\"@id\":\"https:\\\/\\\/www.eldiario.net\\\/portal\\\/#organization\",\"name\":\"El Diario - Decano de la prensa nacional\",\"url\":\"https:\\\/\\\/www.eldiario.net\\\/portal\\\/\",\"logo\":{\"@type\":\"ImageObject\",\"inLanguage\":\"es\",\"@id\":\"https:\\\/\\\/www.eldiario.net\\\/portal\\\/#\\\/schema\\\/logo\\\/image\\\/\",\"url\":\"https:\\\/\\\/www.eldiario.net\\\/portal\\\/wp-content\\\/uploads\\\/2023\\\/07\\\/logo_ED.jpg\",\"contentUrl\":\"https:\\\/\\\/www.eldiario.net\\\/portal\\\/wp-content\\\/uploads\\\/2023\\\/07\\\/logo_ED.jpg\",\"width\":272,\"height\":52,\"caption\":\"El Diario - Decano de la prensa nacional\"},\"image\":{\"@id\":\"https:\\\/\\\/www.eldiario.net\\\/portal\\\/#\\\/schema\\\/logo\\\/image\\\/\"},\"sameAs\":[\"https:\\\/\\\/www.facebook.com\\\/eldiario.bolivia\\\/\",\"https:\\\/\\\/x.com\\\/eldiario_net\"]},{\"@type\":\"Person\",\"@id\":\"https:\\\/\\\/www.eldiario.net\\\/portal\\\/#\\\/schema\\\/person\\\/2c57cf2b7a7ae032e449e4c9b1019eac\",\"name\":\"Jeanette\",\"image\":{\"@type\":\"ImageObject\",\"inLanguage\":\"es\",\"@id\":\"https:\\\/\\\/secure.gravatar.com\\\/avatar\\\/3ea2118a5f7dad2b7138b1187a6b7ee55f160b9968b66013c3a3ef39dd7e5798?s=96&d=mm&r=g\",\"url\":\"https:\\\/\\\/secure.gravatar.com\\\/avatar\\\/3ea2118a5f7dad2b7138b1187a6b7ee55f160b9968b66013c3a3ef39dd7e5798?s=96&d=mm&r=g\",\"contentUrl\":\"https:\\\/\\\/secure.gravatar.com\\\/avatar\\\/3ea2118a5f7dad2b7138b1187a6b7ee55f160b9968b66013c3a3ef39dd7e5798?s=96&d=mm&r=g\",\"caption\":\"Jeanette\"},\"sameAs\":[\"https:\\\/\\\/www.eldiario.net\\\/portal\"],\"url\":\"https:\\\/\\\/www.eldiario.net\\\/portal\\\/author\\\/jeanette\\\/\"}]}<\/script>\n<!-- \/ Yoast SEO plugin. -->","yoast_head_json":{"title":"Cin\u00e9filos disfrutaron de La Ciudad Perdida en avant premier - El Diario - Bolivia","robots":{"index":"index","follow":"follow","max-snippet":"max-snippet:-1","max-image-preview":"max-image-preview:large","max-video-preview":"max-video-preview:-1"},"canonical":"https:\/\/www.eldiario.net\/portal\/2022\/05\/02\/cinefilos-disfrutaron-de-la-ciudad-perdida-en-avant-premier\/","og_locale":"es_ES","og_type":"article","og_title":"Cin\u00e9filos disfrutaron de La Ciudad Perdida en avant premier - El Diario - Bolivia","og_description":"La Ciudad Perdida ya est\u00e1 en los cines de Bolivia y sus 112 minutos cumplen a cabalidad su cometido, entretener a los cin\u00e9filos con escenas divertidas llenas de acci\u00f3n y aventura; Sandra Bullock, lo logr\u00f3 nuevamente. Su avant premier tambi\u00e9n fue entretenido, el escenario montado en el boulevard de Las Brisas, cont\u00f3 con la presencia [&hellip;]","og_url":"https:\/\/www.eldiario.net\/portal\/2022\/05\/02\/cinefilos-disfrutaron-de-la-ciudad-perdida-en-avant-premier\/","og_site_name":"El Diario - Bolivia","article_publisher":"https:\/\/www.facebook.com\/eldiario.bolivia\/","article_published_time":"2022-05-02T12:30:02+00:00","author":"Jeanette","twitter_card":"summary_large_image","twitter_creator":"@eldiario_net","twitter_site":"@eldiario_net","twitter_misc":{"Escrito por":"Jeanette","Tiempo de lectura":"2 minutos"},"schema":{"@context":"https:\/\/schema.org","@graph":[{"@type":"Article","@id":"https:\/\/www.eldiario.net\/portal\/2022\/05\/02\/cinefilos-disfrutaron-de-la-ciudad-perdida-en-avant-premier\/#article","isPartOf":{"@id":"https:\/\/www.eldiario.net\/portal\/2022\/05\/02\/cinefilos-disfrutaron-de-la-ciudad-perdida-en-avant-premier\/"},"author":{"name":"Jeanette","@id":"https:\/\/www.eldiario.net\/portal\/#\/schema\/person\/2c57cf2b7a7ae032e449e4c9b1019eac"},"headline":"Cin\u00e9filos disfrutaron de La Ciudad Perdida en avant premier","datePublished":"2022-05-02T12:30:02+00:00","mainEntityOfPage":{"@id":"https:\/\/www.eldiario.net\/portal\/2022\/05\/02\/cinefilos-disfrutaron-de-la-ciudad-perdida-en-avant-premier\/"},"wordCount":396,"publisher":{"@id":"https:\/\/www.eldiario.net\/portal\/#organization"},"image":{"@id":"https:\/\/www.eldiario.net\/portal\/2022\/05\/02\/cinefilos-disfrutaron-de-la-ciudad-perdida-en-avant-premier\/#primaryimage"},"thumbnailUrl":"","articleSection":["Sociales"],"inLanguage":"es"},{"@type":"WebPage","@id":"https:\/\/www.eldiario.net\/portal\/2022\/05\/02\/cinefilos-disfrutaron-de-la-ciudad-perdida-en-avant-premier\/","url":"https:\/\/www.eldiario.net\/portal\/2022\/05\/02\/cinefilos-disfrutaron-de-la-ciudad-perdida-en-avant-premier\/","name":"Cin\u00e9filos disfrutaron de La Ciudad Perdida en avant premier - El Diario - Bolivia","isPartOf":{"@id":"https:\/\/www.eldiario.net\/portal\/#website"},"primaryImageOfPage":{"@id":"https:\/\/www.eldiario.net\/portal\/2022\/05\/02\/cinefilos-disfrutaron-de-la-ciudad-perdida-en-avant-premier\/#primaryimage"},"image":{"@id":"https:\/\/www.eldiario.net\/portal\/2022\/05\/02\/cinefilos-disfrutaron-de-la-ciudad-perdida-en-avant-premier\/#primaryimage"},"thumbnailUrl":"","datePublished":"2022-05-02T12:30:02+00:00","breadcrumb":{"@id":"https:\/\/www.eldiario.net\/portal\/2022\/05\/02\/cinefilos-disfrutaron-de-la-ciudad-perdida-en-avant-premier\/#breadcrumb"},"inLanguage":"es","potentialAction":[{"@type":"ReadAction","target":["https:\/\/www.eldiario.net\/portal\/2022\/05\/02\/cinefilos-disfrutaron-de-la-ciudad-perdida-en-avant-premier\/"]}]},{"@type":"ImageObject","inLanguage":"es","@id":"https:\/\/www.eldiario.net\/portal\/2022\/05\/02\/cinefilos-disfrutaron-de-la-ciudad-perdida-en-avant-premier\/#primaryimage","url":"","contentUrl":""},{"@type":"BreadcrumbList","@id":"https:\/\/www.eldiario.net\/portal\/2022\/05\/02\/cinefilos-disfrutaron-de-la-ciudad-perdida-en-avant-premier\/#breadcrumb","itemListElement":[{"@type":"ListItem","position":1,"name":"Portada","item":"https:\/\/www.eldiario.net\/portal\/"},{"@type":"ListItem","position":2,"name":"Cin\u00e9filos disfrutaron de La Ciudad Perdida en avant premier"}]},{"@type":"WebSite","@id":"https:\/\/www.eldiario.net\/portal\/#website","url":"https:\/\/www.eldiario.net\/portal\/","name":"El Diario - Decano de la prensa nacional","description":"El Diario - Decano de la prensa nacional","publisher":{"@id":"https:\/\/www.eldiario.net\/portal\/#organization"},"potentialAction":[{"@type":"SearchAction","target":{"@type":"EntryPoint","urlTemplate":"https:\/\/www.eldiario.net\/portal\/?s={search_term_string}"},"query-input":{"@type":"PropertyValueSpecification","valueRequired":true,"valueName":"search_term_string"}}],"inLanguage":"es"},{"@type":"Organization","@id":"https:\/\/www.eldiario.net\/portal\/#organization","name":"El Diario - Decano de la prensa nacional","url":"https:\/\/www.eldiario.net\/portal\/","logo":{"@type":"ImageObject","inLanguage":"es","@id":"https:\/\/www.eldiario.net\/portal\/#\/schema\/logo\/image\/","url":"https:\/\/www.eldiario.net\/portal\/wp-content\/uploads\/2023\/07\/logo_ED.jpg","contentUrl":"https:\/\/www.eldiario.net\/portal\/wp-content\/uploads\/2023\/07\/logo_ED.jpg","width":272,"height":52,"caption":"El Diario - Decano de la prensa nacional"},"image":{"@id":"https:\/\/www.eldiario.net\/portal\/#\/schema\/logo\/image\/"},"sameAs":["https:\/\/www.facebook.com\/eldiario.bolivia\/","https:\/\/x.com\/eldiario_net"]},{"@type":"Person","@id":"https:\/\/www.eldiario.net\/portal\/#\/schema\/person\/2c57cf2b7a7ae032e449e4c9b1019eac","name":"Jeanette","image":{"@type":"ImageObject","inLanguage":"es","@id":"https:\/\/secure.gravatar.com\/avatar\/3ea2118a5f7dad2b7138b1187a6b7ee55f160b9968b66013c3a3ef39dd7e5798?s=96&d=mm&r=g","url":"https:\/\/secure.gravatar.com\/avatar\/3ea2118a5f7dad2b7138b1187a6b7ee55f160b9968b66013c3a3ef39dd7e5798?s=96&d=mm&r=g","contentUrl":"https:\/\/secure.gravatar.com\/avatar\/3ea2118a5f7dad2b7138b1187a6b7ee55f160b9968b66013c3a3ef39dd7e5798?s=96&d=mm&r=g","caption":"Jeanette"},"sameAs":["https:\/\/www.eldiario.net\/portal"],"url":"https:\/\/www.eldiario.net\/portal\/author\/jeanette\/"}]}},"_links":{"self":[{"href":"https:\/\/www.eldiario.net\/portal\/wp-json\/wp\/v2\/posts\/80754","targetHints":{"allow":["GET"]}}],"collection":[{"href":"https:\/\/www.eldiario.net\/portal\/wp-json\/wp\/v2\/posts"}],"about":[{"href":"https:\/\/www.eldiario.net\/portal\/wp-json\/wp\/v2\/types\/post"}],"author":[{"embeddable":true,"href":"https:\/\/www.eldiario.net\/portal\/wp-json\/wp\/v2\/users\/1"}],"replies":[{"embeddable":true,"href":"https:\/\/www.eldiario.net\/portal\/wp-json\/wp\/v2\/comments?post=80754"}],"version-history":[{"count":0,"href":"https:\/\/www.eldiario.net\/portal\/wp-json\/wp\/v2\/posts\/80754\/revisions"}],"wp:attachment":[{"href":"https:\/\/www.eldiario.net\/portal\/wp-json\/wp\/v2\/media?parent=80754"}],"wp:term":[{"taxonomy":"category","embeddable":true,"href":"https:\/\/www.eldiario.net\/portal\/wp-json\/wp\/v2\/categories?post=80754"},{"taxonomy":"post_tag","embeddable":true,"href":"https:\/\/www.eldiario.net\/portal\/wp-json\/wp\/v2\/tags?post=80754"}],"curies":[{"name":"wp","href":"https:\/\/api.w.org\/{rel}","templated":true}]}}