{"id":8074,"date":"2021-06-03T06:34:44","date_gmt":"2021-06-03T10:34:44","guid":{"rendered":"https:\/\/www.eldiario.net\/portal\/?p=8074"},"modified":"2021-06-03T06:34:44","modified_gmt":"2021-06-03T10:34:44","slug":"pueblo-mojeno-celebro-con-fe-la-santisima-trinidad","status":"publish","type":"post","link":"https:\/\/www.eldiario.net\/portal\/2021\/06\/03\/pueblo-mojeno-celebro-con-fe-la-santisima-trinidad\/","title":{"rendered":"Pueblo moje\u00f1o celebr\u00f3 con fe la Sant\u00edsima Trinidad"},"content":{"rendered":"<p>Fe, alegr\u00eda y devoci\u00f3n, expres\u00f3 el pueblo moje\u00f1o trinitario en los tres d\u00edas de la Sant\u00edsima Trinidad, solemnidad, en los que se venera la imagen de Dios Padre, Dios hijo y Dios Esp\u00edritu Santo, seg\u00fan reporte de Ignacio Jare Ychu. De acuerdo con la creencia, Dios queda contento con el pueblo por ello bendice a la comunidad que participa de diferentes actividades.<\/p>\n<p>Seg\u00fan el cronograma festivo, en la v\u00edspera de la Chope Piesta, vale decir el s\u00e1bado por la noche las personas se re\u00fanen en la Capilla del Cabildo Indigenal de Trinidad, para entonar c\u00e1nticos y bailar danzas t\u00edpicas como los macheteros y toritos. Se refleja un completo entusiasmo y alegr\u00eda porque la Chope Piesta es esperada por todos.<\/p>\n<p>Tras permanecer unos momentos en la Capilla, los integrantes del Cabildo, danzarines y m\u00fasicos se dirigen hacia la Catedral para participar de la misa. Llevan el estandarte que tiene la imagen del Santo Patrono.<\/p>\n<p>Los varones lucen sus galas de fiesta, camijetas y sus respectivos rosarios de madera, en tanto que las mamitas, visten sus hermosos tipoyes de color con sus trenzas amarradas con cinco colores y pa\u00f1uelo.<\/p>\n<p>En la Catedral el corregidor brinda un mensaje de agradecimiento y felicitaci\u00f3n al pueblo por su participaci\u00f3n en la misa. Se trata de un mensaje de preparaci\u00f3n para la Chope Piesta. Retornan luego al Cabildo Indigenal, para iniciar el velorio, con rezos, canticos y danzas. Prevalece la costumbre del pueblo en tomar chicha de ma\u00edz a la media noche y colocar horneados alrededor del altar, alimento que es compartido al finalizar el velorio.<\/p>\n<p>El velorio dura hasta las cuatro de la madrugada, hora en que se guarda la sagrada imagen en la capilla, para luego reventar la camareta y repicar las campanas, como forma de anunciar al pueblo que la fiesta ya comenz\u00f3. Todos bailan y cantan en verso en moje\u00f1o trinitario, acto que se repite los tres d\u00edas festivos.<\/p>\n<p>En la fecha central (domingo 30 de mayo) la comunidad cat\u00f3lica del Cabildo asiste a la misa y participa de la procesi\u00f3n por los alrededores de la plaza principal, todos con sus mejores galas y una desbordante alegr\u00eda por tan significativo acontecimiento religioso.<\/p>\n<p>En el recorrido dos mamitas abadesas llevan canastillas llenas de flores que van lanzando a la sagrada imagen en su recorrido, como acto de ofrenda a la Sant\u00edsima Trinidad.<\/p>\n<p>En el Cabildo, tras hincarse y persignarse ante el altar, rezan, el ave mar\u00eda, las letan\u00edas y bendicen la mesa donde est\u00e1 servido el alimento, que luego degustan entre todos. En un lado se sientan los hombres y en el otro las mujeres, reflejando el mensaje de unidad, pero, sobre todo, expresar el valor de la solidaridad por el hecho de compartir el alimento con el pueblo.<\/p>\n<p>Para la comunidad ind\u00edgena aglutinada en el cabildo, participar de los diferentes actos festivos, es recibir la bendici\u00f3n de Dios, pues la expresi\u00f3n de regocijo es \u00fanica e invita a vivir en hermandad.<\/p>\n<p>\u201cHemos vivido d\u00edas de regocijo, con mucha alegr\u00eda de estar en contacto con Dios, le pedimos que nos proteja y cuide de nuestra vida. La Sant\u00edsima Trinidad no ense\u00f1\u00f3 a estar unidos y amarnos entre hermanos, por ello le recordamos a nuestras autoridades que cumplan su compromiso de ayudar al pueblo moje\u00f1o a fin de mejorar su econom\u00eda en este periodo de pandemia, manifest\u00f3 Rub\u00e9n Yuco, Corregidor del Cabildo Indigenal.<\/p>\n<p>La Trinidad es el dogma sobre la naturaleza de Dios en las iglesias cristianas. La creencia afirma que Dios es un ser \u00fanico que existe como tres personas distintas: El Padre, el Hijo y el Esp\u00edritu Santo.<\/p>\n<p>El Papa Francisco invit\u00f3 a buscar el amor y la unidad siguiendo el ejemplo de la Sant\u00edsima Trinidad porque \u201cla unidad es esencial en el cristiano\u201d y es necesario \u201ctestimoniar la concordia entre nosotros\u201d. As\u00ed lo dijo el Santo Padre antes de rezo del \u00c1ngelus el domingo 30 de mayo, solemnidad de la Sant\u00edsima Trinidad. Al explicar el misterio de la Sant\u00edsima Trinidad, el pont\u00edfice reconoci\u00f3 que \u201cNo es f\u00e1cil de entender, pero se puede vivir este misterio entre todos.<\/p>\n<p>El Santo Padre record\u00f3 que el misterio de la Sant\u00edsima Trinidad fue revelado por Jesucristo, por ello que el pueblo se detiene a celebrar el misterio. De acuerdo con las diferentes confesiones del cristianismo, la Sant\u00edsima Trinidad se ha manifestado a trav\u00e9s del antiguo testamento y el nuevo testamento, pero la plena revelaci\u00f3n del misterio, se le atribuye al mismo Jes\u00fas, tanto a juzgar por su relaci\u00f3n manifiesta con Dios, a quien llamaba \u201cpadre\u201d, como por medio de su testimonio y sus ense\u00f1anzas. (La Palabra del Beni)<\/p>\n<p>&nbsp;<\/p>\n","protected":false},"excerpt":{"rendered":"<p>Fe, alegr\u00eda y devoci\u00f3n, expres\u00f3 el pueblo moje\u00f1o trinitario en los tres d\u00edas de la Sant\u00edsima Trinidad, solemnidad, en los que se venera la imagen de Dios Padre, Dios hijo y Dios Esp\u00edritu Santo, seg\u00fan reporte de Ignacio Jare Ychu. De acuerdo con la creencia, Dios queda contento con el pueblo por ello bendice a [&hellip;]<\/p>\n","protected":false},"author":1,"featured_media":8075,"comment_status":"closed","ping_status":"closed","sticky":false,"template":"","format":"standard","meta":{"_acf_changed":false,"footnotes":""},"categories":[12],"tags":[],"class_list":["post-8074","post","type-post","status-publish","format-standard","has-post-thumbnail","category-nacional"],"acf":{"antetitulo":""},"yoast_head":"<!-- This site is optimized with the Yoast SEO plugin v28.4 - https:\/\/yoast.com\/product\/yoast-seo-wordpress\/ -->\n<title>Pueblo moje\u00f1o celebr\u00f3 con fe la Sant\u00edsima Trinidad - El Diario - Bolivia<\/title>\n<meta name=\"robots\" content=\"index, follow, max-snippet:-1, max-image-preview:large, max-video-preview:-1\" \/>\n<link rel=\"canonical\" href=\"https:\/\/www.eldiario.net\/portal\/2021\/06\/03\/pueblo-mojeno-celebro-con-fe-la-santisima-trinidad\/\" \/>\n<meta property=\"og:locale\" content=\"es_ES\" \/>\n<meta property=\"og:type\" content=\"article\" \/>\n<meta property=\"og:title\" content=\"Pueblo moje\u00f1o celebr\u00f3 con fe la Sant\u00edsima Trinidad - El Diario - Bolivia\" \/>\n<meta property=\"og:description\" content=\"Fe, alegr\u00eda y devoci\u00f3n, expres\u00f3 el pueblo moje\u00f1o trinitario en los tres d\u00edas de la Sant\u00edsima Trinidad, solemnidad, en los que se venera la imagen de Dios Padre, Dios hijo y Dios Esp\u00edritu Santo, seg\u00fan reporte de Ignacio Jare Ychu. De acuerdo con la creencia, Dios queda contento con el pueblo por ello bendice a [&hellip;]\" \/>\n<meta property=\"og:url\" content=\"https:\/\/www.eldiario.net\/portal\/2021\/06\/03\/pueblo-mojeno-celebro-con-fe-la-santisima-trinidad\/\" \/>\n<meta property=\"og:site_name\" content=\"El Diario - Bolivia\" \/>\n<meta property=\"article:publisher\" content=\"https:\/\/www.facebook.com\/eldiario.bolivia\/\" \/>\n<meta property=\"article:published_time\" content=\"2021-06-03T10:34:44+00:00\" \/>\n<meta name=\"author\" content=\"Jeanette\" \/>\n<meta name=\"twitter:card\" content=\"summary_large_image\" \/>\n<meta name=\"twitter:creator\" content=\"@eldiario_net\" \/>\n<meta name=\"twitter:site\" content=\"@eldiario_net\" \/>\n<meta name=\"twitter:label1\" content=\"Escrito por\" \/>\n\t<meta name=\"twitter:data1\" content=\"Jeanette\" \/>\n\t<meta name=\"twitter:label2\" content=\"Tiempo de lectura\" \/>\n\t<meta name=\"twitter:data2\" content=\"4 minutos\" \/>\n<script type=\"application\/ld+json\" class=\"yoast-schema-graph\">{\"@context\":\"https:\\\/\\\/schema.org\",\"@graph\":[{\"@type\":\"Article\",\"@id\":\"https:\\\/\\\/www.eldiario.net\\\/portal\\\/2021\\\/06\\\/03\\\/pueblo-mojeno-celebro-con-fe-la-santisima-trinidad\\\/#article\",\"isPartOf\":{\"@id\":\"https:\\\/\\\/www.eldiario.net\\\/portal\\\/2021\\\/06\\\/03\\\/pueblo-mojeno-celebro-con-fe-la-santisima-trinidad\\\/\"},\"author\":{\"name\":\"Jeanette\",\"@id\":\"https:\\\/\\\/www.eldiario.net\\\/portal\\\/#\\\/schema\\\/person\\\/2c57cf2b7a7ae032e449e4c9b1019eac\"},\"headline\":\"Pueblo moje\u00f1o celebr\u00f3 con fe la Sant\u00edsima Trinidad\",\"datePublished\":\"2021-06-03T10:34:44+00:00\",\"mainEntityOfPage\":{\"@id\":\"https:\\\/\\\/www.eldiario.net\\\/portal\\\/2021\\\/06\\\/03\\\/pueblo-mojeno-celebro-con-fe-la-santisima-trinidad\\\/\"},\"wordCount\":822,\"publisher\":{\"@id\":\"https:\\\/\\\/www.eldiario.net\\\/portal\\\/#organization\"},\"image\":{\"@id\":\"https:\\\/\\\/www.eldiario.net\\\/portal\\\/2021\\\/06\\\/03\\\/pueblo-mojeno-celebro-con-fe-la-santisima-trinidad\\\/#primaryimage\"},\"thumbnailUrl\":\"\",\"articleSection\":[\"Nacional\"],\"inLanguage\":\"es\"},{\"@type\":\"WebPage\",\"@id\":\"https:\\\/\\\/www.eldiario.net\\\/portal\\\/2021\\\/06\\\/03\\\/pueblo-mojeno-celebro-con-fe-la-santisima-trinidad\\\/\",\"url\":\"https:\\\/\\\/www.eldiario.net\\\/portal\\\/2021\\\/06\\\/03\\\/pueblo-mojeno-celebro-con-fe-la-santisima-trinidad\\\/\",\"name\":\"Pueblo moje\u00f1o celebr\u00f3 con fe la Sant\u00edsima Trinidad - El Diario - Bolivia\",\"isPartOf\":{\"@id\":\"https:\\\/\\\/www.eldiario.net\\\/portal\\\/#website\"},\"primaryImageOfPage\":{\"@id\":\"https:\\\/\\\/www.eldiario.net\\\/portal\\\/2021\\\/06\\\/03\\\/pueblo-mojeno-celebro-con-fe-la-santisima-trinidad\\\/#primaryimage\"},\"image\":{\"@id\":\"https:\\\/\\\/www.eldiario.net\\\/portal\\\/2021\\\/06\\\/03\\\/pueblo-mojeno-celebro-con-fe-la-santisima-trinidad\\\/#primaryimage\"},\"thumbnailUrl\":\"\",\"datePublished\":\"2021-06-03T10:34:44+00:00\",\"breadcrumb\":{\"@id\":\"https:\\\/\\\/www.eldiario.net\\\/portal\\\/2021\\\/06\\\/03\\\/pueblo-mojeno-celebro-con-fe-la-santisima-trinidad\\\/#breadcrumb\"},\"inLanguage\":\"es\",\"potentialAction\":[{\"@type\":\"ReadAction\",\"target\":[\"https:\\\/\\\/www.eldiario.net\\\/portal\\\/2021\\\/06\\\/03\\\/pueblo-mojeno-celebro-con-fe-la-santisima-trinidad\\\/\"]}]},{\"@type\":\"ImageObject\",\"inLanguage\":\"es\",\"@id\":\"https:\\\/\\\/www.eldiario.net\\\/portal\\\/2021\\\/06\\\/03\\\/pueblo-mojeno-celebro-con-fe-la-santisima-trinidad\\\/#primaryimage\",\"url\":\"\",\"contentUrl\":\"\"},{\"@type\":\"BreadcrumbList\",\"@id\":\"https:\\\/\\\/www.eldiario.net\\\/portal\\\/2021\\\/06\\\/03\\\/pueblo-mojeno-celebro-con-fe-la-santisima-trinidad\\\/#breadcrumb\",\"itemListElement\":[{\"@type\":\"ListItem\",\"position\":1,\"name\":\"Portada\",\"item\":\"https:\\\/\\\/www.eldiario.net\\\/portal\\\/\"},{\"@type\":\"ListItem\",\"position\":2,\"name\":\"Pueblo moje\u00f1o celebr\u00f3 con fe la Sant\u00edsima Trinidad\"}]},{\"@type\":\"WebSite\",\"@id\":\"https:\\\/\\\/www.eldiario.net\\\/portal\\\/#website\",\"url\":\"https:\\\/\\\/www.eldiario.net\\\/portal\\\/\",\"name\":\"El Diario - Decano de la prensa nacional\",\"description\":\"El Diario - Decano de la prensa nacional\",\"publisher\":{\"@id\":\"https:\\\/\\\/www.eldiario.net\\\/portal\\\/#organization\"},\"potentialAction\":[{\"@type\":\"SearchAction\",\"target\":{\"@type\":\"EntryPoint\",\"urlTemplate\":\"https:\\\/\\\/www.eldiario.net\\\/portal\\\/?s={search_term_string}\"},\"query-input\":{\"@type\":\"PropertyValueSpecification\",\"valueRequired\":true,\"valueName\":\"search_term_string\"}}],\"inLanguage\":\"es\"},{\"@type\":\"Organization\",\"@id\":\"https:\\\/\\\/www.eldiario.net\\\/portal\\\/#organization\",\"name\":\"El Diario - Decano de la prensa nacional\",\"url\":\"https:\\\/\\\/www.eldiario.net\\\/portal\\\/\",\"logo\":{\"@type\":\"ImageObject\",\"inLanguage\":\"es\",\"@id\":\"https:\\\/\\\/www.eldiario.net\\\/portal\\\/#\\\/schema\\\/logo\\\/image\\\/\",\"url\":\"https:\\\/\\\/www.eldiario.net\\\/portal\\\/wp-content\\\/uploads\\\/2023\\\/07\\\/logo_ED.jpg\",\"contentUrl\":\"https:\\\/\\\/www.eldiario.net\\\/portal\\\/wp-content\\\/uploads\\\/2023\\\/07\\\/logo_ED.jpg\",\"width\":272,\"height\":52,\"caption\":\"El Diario - Decano de la prensa nacional\"},\"image\":{\"@id\":\"https:\\\/\\\/www.eldiario.net\\\/portal\\\/#\\\/schema\\\/logo\\\/image\\\/\"},\"sameAs\":[\"https:\\\/\\\/www.facebook.com\\\/eldiario.bolivia\\\/\",\"https:\\\/\\\/x.com\\\/eldiario_net\"]},{\"@type\":\"Person\",\"@id\":\"https:\\\/\\\/www.eldiario.net\\\/portal\\\/#\\\/schema\\\/person\\\/2c57cf2b7a7ae032e449e4c9b1019eac\",\"name\":\"Jeanette\",\"image\":{\"@type\":\"ImageObject\",\"inLanguage\":\"es\",\"@id\":\"https:\\\/\\\/secure.gravatar.com\\\/avatar\\\/3ea2118a5f7dad2b7138b1187a6b7ee55f160b9968b66013c3a3ef39dd7e5798?s=96&d=mm&r=g\",\"url\":\"https:\\\/\\\/secure.gravatar.com\\\/avatar\\\/3ea2118a5f7dad2b7138b1187a6b7ee55f160b9968b66013c3a3ef39dd7e5798?s=96&d=mm&r=g\",\"contentUrl\":\"https:\\\/\\\/secure.gravatar.com\\\/avatar\\\/3ea2118a5f7dad2b7138b1187a6b7ee55f160b9968b66013c3a3ef39dd7e5798?s=96&d=mm&r=g\",\"caption\":\"Jeanette\"},\"sameAs\":[\"https:\\\/\\\/www.eldiario.net\\\/portal\"],\"url\":\"https:\\\/\\\/www.eldiario.net\\\/portal\\\/author\\\/jeanette\\\/\"}]}<\/script>\n<!-- \/ Yoast SEO plugin. -->","yoast_head_json":{"title":"Pueblo moje\u00f1o celebr\u00f3 con fe la Sant\u00edsima Trinidad - El Diario - Bolivia","robots":{"index":"index","follow":"follow","max-snippet":"max-snippet:-1","max-image-preview":"max-image-preview:large","max-video-preview":"max-video-preview:-1"},"canonical":"https:\/\/www.eldiario.net\/portal\/2021\/06\/03\/pueblo-mojeno-celebro-con-fe-la-santisima-trinidad\/","og_locale":"es_ES","og_type":"article","og_title":"Pueblo moje\u00f1o celebr\u00f3 con fe la Sant\u00edsima Trinidad - El Diario - Bolivia","og_description":"Fe, alegr\u00eda y devoci\u00f3n, expres\u00f3 el pueblo moje\u00f1o trinitario en los tres d\u00edas de la Sant\u00edsima Trinidad, solemnidad, en los que se venera la imagen de Dios Padre, Dios hijo y Dios Esp\u00edritu Santo, seg\u00fan reporte de Ignacio Jare Ychu. De acuerdo con la creencia, Dios queda contento con el pueblo por ello bendice a [&hellip;]","og_url":"https:\/\/www.eldiario.net\/portal\/2021\/06\/03\/pueblo-mojeno-celebro-con-fe-la-santisima-trinidad\/","og_site_name":"El Diario - Bolivia","article_publisher":"https:\/\/www.facebook.com\/eldiario.bolivia\/","article_published_time":"2021-06-03T10:34:44+00:00","author":"Jeanette","twitter_card":"summary_large_image","twitter_creator":"@eldiario_net","twitter_site":"@eldiario_net","twitter_misc":{"Escrito por":"Jeanette","Tiempo de lectura":"4 minutos"},"schema":{"@context":"https:\/\/schema.org","@graph":[{"@type":"Article","@id":"https:\/\/www.eldiario.net\/portal\/2021\/06\/03\/pueblo-mojeno-celebro-con-fe-la-santisima-trinidad\/#article","isPartOf":{"@id":"https:\/\/www.eldiario.net\/portal\/2021\/06\/03\/pueblo-mojeno-celebro-con-fe-la-santisima-trinidad\/"},"author":{"name":"Jeanette","@id":"https:\/\/www.eldiario.net\/portal\/#\/schema\/person\/2c57cf2b7a7ae032e449e4c9b1019eac"},"headline":"Pueblo moje\u00f1o celebr\u00f3 con fe la Sant\u00edsima Trinidad","datePublished":"2021-06-03T10:34:44+00:00","mainEntityOfPage":{"@id":"https:\/\/www.eldiario.net\/portal\/2021\/06\/03\/pueblo-mojeno-celebro-con-fe-la-santisima-trinidad\/"},"wordCount":822,"publisher":{"@id":"https:\/\/www.eldiario.net\/portal\/#organization"},"image":{"@id":"https:\/\/www.eldiario.net\/portal\/2021\/06\/03\/pueblo-mojeno-celebro-con-fe-la-santisima-trinidad\/#primaryimage"},"thumbnailUrl":"","articleSection":["Nacional"],"inLanguage":"es"},{"@type":"WebPage","@id":"https:\/\/www.eldiario.net\/portal\/2021\/06\/03\/pueblo-mojeno-celebro-con-fe-la-santisima-trinidad\/","url":"https:\/\/www.eldiario.net\/portal\/2021\/06\/03\/pueblo-mojeno-celebro-con-fe-la-santisima-trinidad\/","name":"Pueblo moje\u00f1o celebr\u00f3 con fe la Sant\u00edsima Trinidad - El Diario - Bolivia","isPartOf":{"@id":"https:\/\/www.eldiario.net\/portal\/#website"},"primaryImageOfPage":{"@id":"https:\/\/www.eldiario.net\/portal\/2021\/06\/03\/pueblo-mojeno-celebro-con-fe-la-santisima-trinidad\/#primaryimage"},"image":{"@id":"https:\/\/www.eldiario.net\/portal\/2021\/06\/03\/pueblo-mojeno-celebro-con-fe-la-santisima-trinidad\/#primaryimage"},"thumbnailUrl":"","datePublished":"2021-06-03T10:34:44+00:00","breadcrumb":{"@id":"https:\/\/www.eldiario.net\/portal\/2021\/06\/03\/pueblo-mojeno-celebro-con-fe-la-santisima-trinidad\/#breadcrumb"},"inLanguage":"es","potentialAction":[{"@type":"ReadAction","target":["https:\/\/www.eldiario.net\/portal\/2021\/06\/03\/pueblo-mojeno-celebro-con-fe-la-santisima-trinidad\/"]}]},{"@type":"ImageObject","inLanguage":"es","@id":"https:\/\/www.eldiario.net\/portal\/2021\/06\/03\/pueblo-mojeno-celebro-con-fe-la-santisima-trinidad\/#primaryimage","url":"","contentUrl":""},{"@type":"BreadcrumbList","@id":"https:\/\/www.eldiario.net\/portal\/2021\/06\/03\/pueblo-mojeno-celebro-con-fe-la-santisima-trinidad\/#breadcrumb","itemListElement":[{"@type":"ListItem","position":1,"name":"Portada","item":"https:\/\/www.eldiario.net\/portal\/"},{"@type":"ListItem","position":2,"name":"Pueblo moje\u00f1o celebr\u00f3 con fe la Sant\u00edsima Trinidad"}]},{"@type":"WebSite","@id":"https:\/\/www.eldiario.net\/portal\/#website","url":"https:\/\/www.eldiario.net\/portal\/","name":"El Diario - Decano de la prensa nacional","description":"El Diario - Decano de la prensa nacional","publisher":{"@id":"https:\/\/www.eldiario.net\/portal\/#organization"},"potentialAction":[{"@type":"SearchAction","target":{"@type":"EntryPoint","urlTemplate":"https:\/\/www.eldiario.net\/portal\/?s={search_term_string}"},"query-input":{"@type":"PropertyValueSpecification","valueRequired":true,"valueName":"search_term_string"}}],"inLanguage":"es"},{"@type":"Organization","@id":"https:\/\/www.eldiario.net\/portal\/#organization","name":"El Diario - Decano de la prensa nacional","url":"https:\/\/www.eldiario.net\/portal\/","logo":{"@type":"ImageObject","inLanguage":"es","@id":"https:\/\/www.eldiario.net\/portal\/#\/schema\/logo\/image\/","url":"https:\/\/www.eldiario.net\/portal\/wp-content\/uploads\/2023\/07\/logo_ED.jpg","contentUrl":"https:\/\/www.eldiario.net\/portal\/wp-content\/uploads\/2023\/07\/logo_ED.jpg","width":272,"height":52,"caption":"El Diario - Decano de la prensa nacional"},"image":{"@id":"https:\/\/www.eldiario.net\/portal\/#\/schema\/logo\/image\/"},"sameAs":["https:\/\/www.facebook.com\/eldiario.bolivia\/","https:\/\/x.com\/eldiario_net"]},{"@type":"Person","@id":"https:\/\/www.eldiario.net\/portal\/#\/schema\/person\/2c57cf2b7a7ae032e449e4c9b1019eac","name":"Jeanette","image":{"@type":"ImageObject","inLanguage":"es","@id":"https:\/\/secure.gravatar.com\/avatar\/3ea2118a5f7dad2b7138b1187a6b7ee55f160b9968b66013c3a3ef39dd7e5798?s=96&d=mm&r=g","url":"https:\/\/secure.gravatar.com\/avatar\/3ea2118a5f7dad2b7138b1187a6b7ee55f160b9968b66013c3a3ef39dd7e5798?s=96&d=mm&r=g","contentUrl":"https:\/\/secure.gravatar.com\/avatar\/3ea2118a5f7dad2b7138b1187a6b7ee55f160b9968b66013c3a3ef39dd7e5798?s=96&d=mm&r=g","caption":"Jeanette"},"sameAs":["https:\/\/www.eldiario.net\/portal"],"url":"https:\/\/www.eldiario.net\/portal\/author\/jeanette\/"}]}},"_links":{"self":[{"href":"https:\/\/www.eldiario.net\/portal\/wp-json\/wp\/v2\/posts\/8074","targetHints":{"allow":["GET"]}}],"collection":[{"href":"https:\/\/www.eldiario.net\/portal\/wp-json\/wp\/v2\/posts"}],"about":[{"href":"https:\/\/www.eldiario.net\/portal\/wp-json\/wp\/v2\/types\/post"}],"author":[{"embeddable":true,"href":"https:\/\/www.eldiario.net\/portal\/wp-json\/wp\/v2\/users\/1"}],"replies":[{"embeddable":true,"href":"https:\/\/www.eldiario.net\/portal\/wp-json\/wp\/v2\/comments?post=8074"}],"version-history":[{"count":0,"href":"https:\/\/www.eldiario.net\/portal\/wp-json\/wp\/v2\/posts\/8074\/revisions"}],"wp:attachment":[{"href":"https:\/\/www.eldiario.net\/portal\/wp-json\/wp\/v2\/media?parent=8074"}],"wp:term":[{"taxonomy":"category","embeddable":true,"href":"https:\/\/www.eldiario.net\/portal\/wp-json\/wp\/v2\/categories?post=8074"},{"taxonomy":"post_tag","embeddable":true,"href":"https:\/\/www.eldiario.net\/portal\/wp-json\/wp\/v2\/tags?post=8074"}],"curies":[{"name":"wp","href":"https:\/\/api.w.org\/{rel}","templated":true}]}}