{"id":8071,"date":"2021-06-03T06:33:47","date_gmt":"2021-06-03T10:33:47","guid":{"rendered":"https:\/\/www.eldiario.net\/portal\/?p=8071"},"modified":"2021-06-03T06:33:47","modified_gmt":"2021-06-03T10:33:47","slug":"santa-cruz-vive-el-peor-momento-del-covid-19","status":"publish","type":"post","link":"https:\/\/www.eldiario.net\/portal\/2021\/06\/03\/santa-cruz-vive-el-peor-momento-del-covid-19\/","title":{"rendered":"Santa Cruz vive el peor momento del Covid-19"},"content":{"rendered":"<p>Santa Cruz registra el peor momento de la pandemia de coronavirus y encuentra a la poblaci\u00f3n sumida en la desesperaci\u00f3n por la falta de ox\u00edgeno y camas de terapia, mientras que las vacunas y las pruebas de ant\u00edgenos est\u00e1n a punto de agotarse, seg\u00fan publicaci\u00f3n de El Deber. El departamento alcanz\u00f3 el mi\u00e9rcoles 1.165 casos positivos y 41 decesos por Covid-19.<\/p>\n<p>\u201cLa situaci\u00f3n es alarmante, como lo hab\u00edamos anunciado estamos llegando al pico de esta tercera ola\u201d, indic\u00f3 el gerente de Epidemiolog\u00eda del Servicio Departamental de Salud (Sedes), Carlos Hurtado, al informar sobre el duro impacto de la tercera ola en el departamento cruce\u00f1o, que se traduce en terapias intensivas llenas y fallecimientos.<\/p>\n<p>La autoridad sanitaria advirti\u00f3 tambi\u00e9n que las dosis que fueron distribuidas a los distintos puntos de vacunaci\u00f3n se agotar\u00e1n hasta el viernes, lo que oblig\u00f3 a reducir de 33 a solo 6 los puntos de inmunizaci\u00f3n en la capital cruce\u00f1a.<\/p>\n<p>&nbsp;<\/p>\n<p>SE AGOTA VACUNA<\/p>\n<p>A las alarmas encendidas por falta de vacunas y el cierre de puntos de vacunaci\u00f3n, se le suma otro problema al Gobierno central: no hay segundas dosis de la vacuna AstraZeneca y la situaci\u00f3n afecta a 228.000 personas que recibieron la primera vacuna contra el Covid-19 en territorio nacional, seg\u00fan informaci\u00f3n a la que accedi\u00f3 El Deber.<\/p>\n<p>Vale recordar que fue en marzo de este a\u00f1o que el Gobierno recibi\u00f3 tal cantidad de vacunas, mismas que fueron dotadas por medio del mecanismo Covax, pero desde el Gobierno aducen que no ten\u00edan previsto que se dejen de exportar estas vacunas desde India (tomando en cuenta las restricciones y la emergencia que se presenta en dicho pa\u00eds).<\/p>\n<p>\u201cSe est\u00e1 realizando una gesti\u00f3n bilateral para que el Gobierno de Estados Unidos nos pueda realizar una donaci\u00f3n o un pr\u00e9stamo. Nos dijeron que tienen la posibilidad de hacer esas transferencias\u201d, explic\u00f3 Benjam\u00edn Blanco, viceministro de Comercio Exterior, a tiempo de exponer que tambi\u00e9n se podr\u00edan realizar gestiones con el gobierno espa\u00f1ol.<\/p>\n<p>Semanas atr\u00e1s, el ministro de Salud y Deportes, Jeyson Auza, inform\u00f3 que, seg\u00fan estudios cient\u00edficos y de las empresas farmac\u00e9uticas fabricantes de las vacunas Sputnik V y AstraZeneca, el intervalo entre la primera y segunda dosis debe ser de 90 d\u00edas, aspecto que, dijo, generar\u00e1 mayores anticuerpos en la persona que sea inmunizada. Sin embargo, no se conoce de una fecha precisa y se teme que sea, incluso, despu\u00e9s de esos 90 d\u00edas y es por eso que las alarmas est\u00e1n encendidas.<\/p>\n","protected":false},"excerpt":{"rendered":"<p>Santa Cruz registra el peor momento de la pandemia de coronavirus y encuentra a la poblaci\u00f3n sumida en la desesperaci\u00f3n por la falta de ox\u00edgeno y camas de terapia, mientras que las vacunas y las pruebas de ant\u00edgenos est\u00e1n a punto de agotarse, seg\u00fan publicaci\u00f3n de El Deber. El departamento alcanz\u00f3 el mi\u00e9rcoles 1.165 casos [&hellip;]<\/p>\n","protected":false},"author":1,"featured_media":8072,"comment_status":"closed","ping_status":"closed","sticky":false,"template":"","format":"standard","meta":{"_acf_changed":false,"footnotes":""},"categories":[12],"tags":[],"class_list":["post-8071","post","type-post","status-publish","format-standard","has-post-thumbnail","category-nacional"],"acf":{"antetitulo":""},"yoast_head":"<!-- This site is optimized with the Yoast SEO plugin v28.4 - https:\/\/yoast.com\/product\/yoast-seo-wordpress\/ -->\n<title>Santa Cruz vive el peor momento del Covid-19 - El Diario - Bolivia<\/title>\n<meta name=\"robots\" content=\"index, follow, max-snippet:-1, max-image-preview:large, max-video-preview:-1\" \/>\n<link rel=\"canonical\" href=\"https:\/\/www.eldiario.net\/portal\/2021\/06\/03\/santa-cruz-vive-el-peor-momento-del-covid-19\/\" \/>\n<meta property=\"og:locale\" content=\"es_ES\" \/>\n<meta property=\"og:type\" content=\"article\" \/>\n<meta property=\"og:title\" content=\"Santa Cruz vive el peor momento del Covid-19 - El Diario - Bolivia\" \/>\n<meta property=\"og:description\" content=\"Santa Cruz registra el peor momento de la pandemia de coronavirus y encuentra a la poblaci\u00f3n sumida en la desesperaci\u00f3n por la falta de ox\u00edgeno y camas de terapia, mientras que las vacunas y las pruebas de ant\u00edgenos est\u00e1n a punto de agotarse, seg\u00fan publicaci\u00f3n de El Deber. El departamento alcanz\u00f3 el mi\u00e9rcoles 1.165 casos [&hellip;]\" \/>\n<meta property=\"og:url\" content=\"https:\/\/www.eldiario.net\/portal\/2021\/06\/03\/santa-cruz-vive-el-peor-momento-del-covid-19\/\" \/>\n<meta property=\"og:site_name\" content=\"El Diario - Bolivia\" \/>\n<meta property=\"article:publisher\" content=\"https:\/\/www.facebook.com\/eldiario.bolivia\/\" \/>\n<meta property=\"article:published_time\" content=\"2021-06-03T10:33:47+00:00\" \/>\n<meta name=\"author\" content=\"Jeanette\" \/>\n<meta name=\"twitter:card\" content=\"summary_large_image\" \/>\n<meta name=\"twitter:creator\" content=\"@eldiario_net\" \/>\n<meta name=\"twitter:site\" content=\"@eldiario_net\" \/>\n<meta name=\"twitter:label1\" content=\"Escrito por\" \/>\n\t<meta name=\"twitter:data1\" content=\"Jeanette\" \/>\n\t<meta name=\"twitter:label2\" content=\"Tiempo de lectura\" \/>\n\t<meta name=\"twitter:data2\" content=\"2 minutos\" \/>\n<script type=\"application\/ld+json\" class=\"yoast-schema-graph\">{\"@context\":\"https:\\\/\\\/schema.org\",\"@graph\":[{\"@type\":\"Article\",\"@id\":\"https:\\\/\\\/www.eldiario.net\\\/portal\\\/2021\\\/06\\\/03\\\/santa-cruz-vive-el-peor-momento-del-covid-19\\\/#article\",\"isPartOf\":{\"@id\":\"https:\\\/\\\/www.eldiario.net\\\/portal\\\/2021\\\/06\\\/03\\\/santa-cruz-vive-el-peor-momento-del-covid-19\\\/\"},\"author\":{\"name\":\"Jeanette\",\"@id\":\"https:\\\/\\\/www.eldiario.net\\\/portal\\\/#\\\/schema\\\/person\\\/2c57cf2b7a7ae032e449e4c9b1019eac\"},\"headline\":\"Santa Cruz vive el peor momento del Covid-19\",\"datePublished\":\"2021-06-03T10:33:47+00:00\",\"mainEntityOfPage\":{\"@id\":\"https:\\\/\\\/www.eldiario.net\\\/portal\\\/2021\\\/06\\\/03\\\/santa-cruz-vive-el-peor-momento-del-covid-19\\\/\"},\"wordCount\":446,\"publisher\":{\"@id\":\"https:\\\/\\\/www.eldiario.net\\\/portal\\\/#organization\"},\"image\":{\"@id\":\"https:\\\/\\\/www.eldiario.net\\\/portal\\\/2021\\\/06\\\/03\\\/santa-cruz-vive-el-peor-momento-del-covid-19\\\/#primaryimage\"},\"thumbnailUrl\":\"\",\"articleSection\":[\"Nacional\"],\"inLanguage\":\"es\"},{\"@type\":\"WebPage\",\"@id\":\"https:\\\/\\\/www.eldiario.net\\\/portal\\\/2021\\\/06\\\/03\\\/santa-cruz-vive-el-peor-momento-del-covid-19\\\/\",\"url\":\"https:\\\/\\\/www.eldiario.net\\\/portal\\\/2021\\\/06\\\/03\\\/santa-cruz-vive-el-peor-momento-del-covid-19\\\/\",\"name\":\"Santa Cruz vive el peor momento del Covid-19 - El Diario - Bolivia\",\"isPartOf\":{\"@id\":\"https:\\\/\\\/www.eldiario.net\\\/portal\\\/#website\"},\"primaryImageOfPage\":{\"@id\":\"https:\\\/\\\/www.eldiario.net\\\/portal\\\/2021\\\/06\\\/03\\\/santa-cruz-vive-el-peor-momento-del-covid-19\\\/#primaryimage\"},\"image\":{\"@id\":\"https:\\\/\\\/www.eldiario.net\\\/portal\\\/2021\\\/06\\\/03\\\/santa-cruz-vive-el-peor-momento-del-covid-19\\\/#primaryimage\"},\"thumbnailUrl\":\"\",\"datePublished\":\"2021-06-03T10:33:47+00:00\",\"breadcrumb\":{\"@id\":\"https:\\\/\\\/www.eldiario.net\\\/portal\\\/2021\\\/06\\\/03\\\/santa-cruz-vive-el-peor-momento-del-covid-19\\\/#breadcrumb\"},\"inLanguage\":\"es\",\"potentialAction\":[{\"@type\":\"ReadAction\",\"target\":[\"https:\\\/\\\/www.eldiario.net\\\/portal\\\/2021\\\/06\\\/03\\\/santa-cruz-vive-el-peor-momento-del-covid-19\\\/\"]}]},{\"@type\":\"ImageObject\",\"inLanguage\":\"es\",\"@id\":\"https:\\\/\\\/www.eldiario.net\\\/portal\\\/2021\\\/06\\\/03\\\/santa-cruz-vive-el-peor-momento-del-covid-19\\\/#primaryimage\",\"url\":\"\",\"contentUrl\":\"\"},{\"@type\":\"BreadcrumbList\",\"@id\":\"https:\\\/\\\/www.eldiario.net\\\/portal\\\/2021\\\/06\\\/03\\\/santa-cruz-vive-el-peor-momento-del-covid-19\\\/#breadcrumb\",\"itemListElement\":[{\"@type\":\"ListItem\",\"position\":1,\"name\":\"Portada\",\"item\":\"https:\\\/\\\/www.eldiario.net\\\/portal\\\/\"},{\"@type\":\"ListItem\",\"position\":2,\"name\":\"Santa Cruz vive el peor momento del Covid-19\"}]},{\"@type\":\"WebSite\",\"@id\":\"https:\\\/\\\/www.eldiario.net\\\/portal\\\/#website\",\"url\":\"https:\\\/\\\/www.eldiario.net\\\/portal\\\/\",\"name\":\"El Diario - Decano de la prensa nacional\",\"description\":\"El Diario - Decano de la prensa nacional\",\"publisher\":{\"@id\":\"https:\\\/\\\/www.eldiario.net\\\/portal\\\/#organization\"},\"potentialAction\":[{\"@type\":\"SearchAction\",\"target\":{\"@type\":\"EntryPoint\",\"urlTemplate\":\"https:\\\/\\\/www.eldiario.net\\\/portal\\\/?s={search_term_string}\"},\"query-input\":{\"@type\":\"PropertyValueSpecification\",\"valueRequired\":true,\"valueName\":\"search_term_string\"}}],\"inLanguage\":\"es\"},{\"@type\":\"Organization\",\"@id\":\"https:\\\/\\\/www.eldiario.net\\\/portal\\\/#organization\",\"name\":\"El Diario - Decano de la prensa nacional\",\"url\":\"https:\\\/\\\/www.eldiario.net\\\/portal\\\/\",\"logo\":{\"@type\":\"ImageObject\",\"inLanguage\":\"es\",\"@id\":\"https:\\\/\\\/www.eldiario.net\\\/portal\\\/#\\\/schema\\\/logo\\\/image\\\/\",\"url\":\"https:\\\/\\\/www.eldiario.net\\\/portal\\\/wp-content\\\/uploads\\\/2023\\\/07\\\/logo_ED.jpg\",\"contentUrl\":\"https:\\\/\\\/www.eldiario.net\\\/portal\\\/wp-content\\\/uploads\\\/2023\\\/07\\\/logo_ED.jpg\",\"width\":272,\"height\":52,\"caption\":\"El Diario - Decano de la prensa nacional\"},\"image\":{\"@id\":\"https:\\\/\\\/www.eldiario.net\\\/portal\\\/#\\\/schema\\\/logo\\\/image\\\/\"},\"sameAs\":[\"https:\\\/\\\/www.facebook.com\\\/eldiario.bolivia\\\/\",\"https:\\\/\\\/x.com\\\/eldiario_net\"]},{\"@type\":\"Person\",\"@id\":\"https:\\\/\\\/www.eldiario.net\\\/portal\\\/#\\\/schema\\\/person\\\/2c57cf2b7a7ae032e449e4c9b1019eac\",\"name\":\"Jeanette\",\"image\":{\"@type\":\"ImageObject\",\"inLanguage\":\"es\",\"@id\":\"https:\\\/\\\/secure.gravatar.com\\\/avatar\\\/3ea2118a5f7dad2b7138b1187a6b7ee55f160b9968b66013c3a3ef39dd7e5798?s=96&d=mm&r=g\",\"url\":\"https:\\\/\\\/secure.gravatar.com\\\/avatar\\\/3ea2118a5f7dad2b7138b1187a6b7ee55f160b9968b66013c3a3ef39dd7e5798?s=96&d=mm&r=g\",\"contentUrl\":\"https:\\\/\\\/secure.gravatar.com\\\/avatar\\\/3ea2118a5f7dad2b7138b1187a6b7ee55f160b9968b66013c3a3ef39dd7e5798?s=96&d=mm&r=g\",\"caption\":\"Jeanette\"},\"sameAs\":[\"https:\\\/\\\/www.eldiario.net\\\/portal\"],\"url\":\"https:\\\/\\\/www.eldiario.net\\\/portal\\\/author\\\/jeanette\\\/\"}]}<\/script>\n<!-- \/ Yoast SEO plugin. -->","yoast_head_json":{"title":"Santa Cruz vive el peor momento del Covid-19 - El Diario - Bolivia","robots":{"index":"index","follow":"follow","max-snippet":"max-snippet:-1","max-image-preview":"max-image-preview:large","max-video-preview":"max-video-preview:-1"},"canonical":"https:\/\/www.eldiario.net\/portal\/2021\/06\/03\/santa-cruz-vive-el-peor-momento-del-covid-19\/","og_locale":"es_ES","og_type":"article","og_title":"Santa Cruz vive el peor momento del Covid-19 - El Diario - Bolivia","og_description":"Santa Cruz registra el peor momento de la pandemia de coronavirus y encuentra a la poblaci\u00f3n sumida en la desesperaci\u00f3n por la falta de ox\u00edgeno y camas de terapia, mientras que las vacunas y las pruebas de ant\u00edgenos est\u00e1n a punto de agotarse, seg\u00fan publicaci\u00f3n de El Deber. El departamento alcanz\u00f3 el mi\u00e9rcoles 1.165 casos [&hellip;]","og_url":"https:\/\/www.eldiario.net\/portal\/2021\/06\/03\/santa-cruz-vive-el-peor-momento-del-covid-19\/","og_site_name":"El Diario - Bolivia","article_publisher":"https:\/\/www.facebook.com\/eldiario.bolivia\/","article_published_time":"2021-06-03T10:33:47+00:00","author":"Jeanette","twitter_card":"summary_large_image","twitter_creator":"@eldiario_net","twitter_site":"@eldiario_net","twitter_misc":{"Escrito por":"Jeanette","Tiempo de lectura":"2 minutos"},"schema":{"@context":"https:\/\/schema.org","@graph":[{"@type":"Article","@id":"https:\/\/www.eldiario.net\/portal\/2021\/06\/03\/santa-cruz-vive-el-peor-momento-del-covid-19\/#article","isPartOf":{"@id":"https:\/\/www.eldiario.net\/portal\/2021\/06\/03\/santa-cruz-vive-el-peor-momento-del-covid-19\/"},"author":{"name":"Jeanette","@id":"https:\/\/www.eldiario.net\/portal\/#\/schema\/person\/2c57cf2b7a7ae032e449e4c9b1019eac"},"headline":"Santa Cruz vive el peor momento del Covid-19","datePublished":"2021-06-03T10:33:47+00:00","mainEntityOfPage":{"@id":"https:\/\/www.eldiario.net\/portal\/2021\/06\/03\/santa-cruz-vive-el-peor-momento-del-covid-19\/"},"wordCount":446,"publisher":{"@id":"https:\/\/www.eldiario.net\/portal\/#organization"},"image":{"@id":"https:\/\/www.eldiario.net\/portal\/2021\/06\/03\/santa-cruz-vive-el-peor-momento-del-covid-19\/#primaryimage"},"thumbnailUrl":"","articleSection":["Nacional"],"inLanguage":"es"},{"@type":"WebPage","@id":"https:\/\/www.eldiario.net\/portal\/2021\/06\/03\/santa-cruz-vive-el-peor-momento-del-covid-19\/","url":"https:\/\/www.eldiario.net\/portal\/2021\/06\/03\/santa-cruz-vive-el-peor-momento-del-covid-19\/","name":"Santa Cruz vive el peor momento del Covid-19 - El Diario - Bolivia","isPartOf":{"@id":"https:\/\/www.eldiario.net\/portal\/#website"},"primaryImageOfPage":{"@id":"https:\/\/www.eldiario.net\/portal\/2021\/06\/03\/santa-cruz-vive-el-peor-momento-del-covid-19\/#primaryimage"},"image":{"@id":"https:\/\/www.eldiario.net\/portal\/2021\/06\/03\/santa-cruz-vive-el-peor-momento-del-covid-19\/#primaryimage"},"thumbnailUrl":"","datePublished":"2021-06-03T10:33:47+00:00","breadcrumb":{"@id":"https:\/\/www.eldiario.net\/portal\/2021\/06\/03\/santa-cruz-vive-el-peor-momento-del-covid-19\/#breadcrumb"},"inLanguage":"es","potentialAction":[{"@type":"ReadAction","target":["https:\/\/www.eldiario.net\/portal\/2021\/06\/03\/santa-cruz-vive-el-peor-momento-del-covid-19\/"]}]},{"@type":"ImageObject","inLanguage":"es","@id":"https:\/\/www.eldiario.net\/portal\/2021\/06\/03\/santa-cruz-vive-el-peor-momento-del-covid-19\/#primaryimage","url":"","contentUrl":""},{"@type":"BreadcrumbList","@id":"https:\/\/www.eldiario.net\/portal\/2021\/06\/03\/santa-cruz-vive-el-peor-momento-del-covid-19\/#breadcrumb","itemListElement":[{"@type":"ListItem","position":1,"name":"Portada","item":"https:\/\/www.eldiario.net\/portal\/"},{"@type":"ListItem","position":2,"name":"Santa Cruz vive el peor momento del Covid-19"}]},{"@type":"WebSite","@id":"https:\/\/www.eldiario.net\/portal\/#website","url":"https:\/\/www.eldiario.net\/portal\/","name":"El Diario - Decano de la prensa nacional","description":"El Diario - Decano de la prensa nacional","publisher":{"@id":"https:\/\/www.eldiario.net\/portal\/#organization"},"potentialAction":[{"@type":"SearchAction","target":{"@type":"EntryPoint","urlTemplate":"https:\/\/www.eldiario.net\/portal\/?s={search_term_string}"},"query-input":{"@type":"PropertyValueSpecification","valueRequired":true,"valueName":"search_term_string"}}],"inLanguage":"es"},{"@type":"Organization","@id":"https:\/\/www.eldiario.net\/portal\/#organization","name":"El Diario - Decano de la prensa nacional","url":"https:\/\/www.eldiario.net\/portal\/","logo":{"@type":"ImageObject","inLanguage":"es","@id":"https:\/\/www.eldiario.net\/portal\/#\/schema\/logo\/image\/","url":"https:\/\/www.eldiario.net\/portal\/wp-content\/uploads\/2023\/07\/logo_ED.jpg","contentUrl":"https:\/\/www.eldiario.net\/portal\/wp-content\/uploads\/2023\/07\/logo_ED.jpg","width":272,"height":52,"caption":"El Diario - Decano de la prensa nacional"},"image":{"@id":"https:\/\/www.eldiario.net\/portal\/#\/schema\/logo\/image\/"},"sameAs":["https:\/\/www.facebook.com\/eldiario.bolivia\/","https:\/\/x.com\/eldiario_net"]},{"@type":"Person","@id":"https:\/\/www.eldiario.net\/portal\/#\/schema\/person\/2c57cf2b7a7ae032e449e4c9b1019eac","name":"Jeanette","image":{"@type":"ImageObject","inLanguage":"es","@id":"https:\/\/secure.gravatar.com\/avatar\/3ea2118a5f7dad2b7138b1187a6b7ee55f160b9968b66013c3a3ef39dd7e5798?s=96&d=mm&r=g","url":"https:\/\/secure.gravatar.com\/avatar\/3ea2118a5f7dad2b7138b1187a6b7ee55f160b9968b66013c3a3ef39dd7e5798?s=96&d=mm&r=g","contentUrl":"https:\/\/secure.gravatar.com\/avatar\/3ea2118a5f7dad2b7138b1187a6b7ee55f160b9968b66013c3a3ef39dd7e5798?s=96&d=mm&r=g","caption":"Jeanette"},"sameAs":["https:\/\/www.eldiario.net\/portal"],"url":"https:\/\/www.eldiario.net\/portal\/author\/jeanette\/"}]}},"_links":{"self":[{"href":"https:\/\/www.eldiario.net\/portal\/wp-json\/wp\/v2\/posts\/8071","targetHints":{"allow":["GET"]}}],"collection":[{"href":"https:\/\/www.eldiario.net\/portal\/wp-json\/wp\/v2\/posts"}],"about":[{"href":"https:\/\/www.eldiario.net\/portal\/wp-json\/wp\/v2\/types\/post"}],"author":[{"embeddable":true,"href":"https:\/\/www.eldiario.net\/portal\/wp-json\/wp\/v2\/users\/1"}],"replies":[{"embeddable":true,"href":"https:\/\/www.eldiario.net\/portal\/wp-json\/wp\/v2\/comments?post=8071"}],"version-history":[{"count":0,"href":"https:\/\/www.eldiario.net\/portal\/wp-json\/wp\/v2\/posts\/8071\/revisions"}],"wp:attachment":[{"href":"https:\/\/www.eldiario.net\/portal\/wp-json\/wp\/v2\/media?parent=8071"}],"wp:term":[{"taxonomy":"category","embeddable":true,"href":"https:\/\/www.eldiario.net\/portal\/wp-json\/wp\/v2\/categories?post=8071"},{"taxonomy":"post_tag","embeddable":true,"href":"https:\/\/www.eldiario.net\/portal\/wp-json\/wp\/v2\/tags?post=8071"}],"curies":[{"name":"wp","href":"https:\/\/api.w.org\/{rel}","templated":true}]}}