{"id":8053,"date":"2021-06-03T06:24:49","date_gmt":"2021-06-03T10:24:49","guid":{"rendered":"https:\/\/www.eldiario.net\/portal\/?p=8053"},"modified":"2021-06-03T06:24:49","modified_gmt":"2021-06-03T10:24:49","slug":"chile-sin-vidal-se-mide-contra-argentina-de-messi","status":"publish","type":"post","link":"https:\/\/www.eldiario.net\/portal\/2021\/06\/03\/chile-sin-vidal-se-mide-contra-argentina-de-messi\/","title":{"rendered":"Chile, sin Vidal, se mide contra Argentina de Messi"},"content":{"rendered":"<p>Chile, sin su figura Arturo Vidal, hospitalizado por covid-19, enfrentar\u00e1 hoy a la Argentina del astro Lionel Messi, en un nuevo episodio de esta rivalidad sudamericana por la s\u00e9ptima fecha de la clasificatoria al Mundial de Catar-2022.<\/p>\n<p>\u00abAfrontaremos el partido con Chile como afrontamos todos. A veces el rival toma la iniciativa, pero nuestra idea siempre es ser protagonistas. Enfrente habr\u00e1 un rival de categor\u00eda, hay que tomar los cuidados necesarios\u00bb, advirti\u00f3 el entrenador Lionel Scaloni, en rueda de prensa virtual desde el predio de Ezeiza (periferia sur de Buenos Aires), donde se concentr\u00f3 la selecci\u00f3n.<\/p>\n<p>El fantasma del covid-19 sobrevuela la selecci\u00f3n que sufre las bajas del arquero Franco Armani y del lateral Gonzalo Montiel por dar positivo sus respectivos an\u00e1lisis de ant\u00edgenos.<\/p>\n<p>Caus\u00f3 revuelo tambi\u00e9n el supuesto positivo del estelar Sergio &#8216;Kun&#8217; Ag\u00fcero, el \u00faltimo en sumarse el martes a la concentraci\u00f3n argentina tras participar de la Liga de Campeones con el Manchester City, pero luego la AFA inform\u00f3 que la prueba de ant\u00edgeno dio positivo pero el PCR fue negativo para el flamante jugador del FC Barcelona, quien ya padeci\u00f3 coronavirus.<\/p>\n<p>De todos modos Ag\u00fcero no est\u00e1 entre los 11 titulares anunciados por el DT, que tendr\u00e1 en el arco a Emiliano Mart\u00ednez en reemplazo de Armani y ser\u00e1 el debut albiceleste para el defensor del Atalanta italiano Cristian &#8216;Cuti&#8217; Romero, de 23 a\u00f1os y en el ataque a Messi, Angel Di Mar\u00eda y Lautaro Mart\u00ednez.<\/p>\n<p>\u00abEs muy dif\u00edcil llevar adelante el tema del virus, en el d\u00eda a d\u00eda y en los entrenamientos. Estamos todas las selecciones en las mismas condiciones. Hay que convivir con esto con la mayor responsabilidad\u00bb, declar\u00f3 Scaloni.<\/p>\n<p>Messi, el capit\u00e1n de la Albiceleste, advirti\u00f3 que ambos partidos de eliminatorias son \u00abdificil\u00edsimos\u00bb para Argentina, que tras cuatro fechas se ubica segunda en el premundial con 10 puntos, detr\u00e1s de Brasil (12), en tanto Chile est\u00e1 en el sexto puesto con 4 puntos.<\/p>\n<p>Frente a Chile, &#8216;la Pulga&#8217; pronostic\u00f3 un encuentro \u00abmuy duro\u00bb, en declaraciones difundidas por la Asociaci\u00f3n del F\u00fatbol Argentino (AFA).<\/p>\n<p>\u00abChile es una grand\u00edsima selecci\u00f3n, con muy buenos jugadores. Si bien tienen t\u00e9cnico nuevo (el uruguayo Mart\u00edn Lasarte) y no tuvo muchos partidos, Chile tiene una base de experiencia con chicos nuevos que ya se incorporaron, hubo recambio. Es una selecci\u00f3n en crecimiento y en preparaci\u00f3n, muy competitiva\u00bb, sostuvo Messi.<\/p>\n<p>M\u00e1s all\u00e1 de un historial que favorece a la Albiceleste, hay una rivalidad aparte con Chile desde que \u00e9ste le gan\u00f3 a Argentina dos finales consecutivas, en la Copa Am\u00e9rica 2015 y la Copa Centenario 2016 en sendas definiciones por penales. La Albiceleste la super\u00f3 en el partido por el tercer puesto en la Copa Am\u00e9rica de Brasil-2019.<\/p>\n<p>Scaloni no podr\u00e1 contar con el suspendido defensor Nicol\u00e1s Otamendi ni con el delantero Nicol\u00e1s Gonz\u00e1lez, quien se recupera de una lesi\u00f3n.<\/p>\n<p>Lasarte deber\u00e1 lidiar con la ausencia de Vidal, volante del Inter de Italia y uno de los pilares del equipo, afectado por covid, en un partido clave para La Roja.<\/p>\n<p>\u00abNo voy a descubrir lo que es Arturo Vidal en el concierto internacional, lo que es para la selecci\u00f3n de Chile, lo que ha sido\u00bb, dijo Lasarte desde Santiago del Estero (1.200 km al norte de Buenos Aires), sede del encuentro por el premundial, aunque declin\u00f3 opinar sobre la vida privada del jugador y las posibles causas de su contagio.<\/p>\n<p>Consultado sobre el partido ante Argentina, Lasarte asegur\u00f3 que \u00abel deseo es conseguir los tres puntos o llevarnos algo que sea bueno. Es un partido duro, dif\u00edcil y tenemos la ilusi\u00f3n de llevarnos algo positivo\u00bb.<\/p>\n<p>Admiti\u00f3 sin embargo que la presencia de Messi en el equipo rival \u00abes motivo de atenci\u00f3n, de preparaci\u00f3n en la estrategia general del juego\u00bb.<\/p>\n<p>Lasarte convoc\u00f3 a veteranos y j\u00f3venes con el fin de evitar sorpresas ante posibles lesiones para enfrentar primero al equipo de Messi, cinco d\u00edas despu\u00e9s recibir a Bolivia y luego afrontar la Copa Am\u00e9rica, mudada a Brasil.<\/p>\n<p>El partido se disputar\u00e1 el jueves a las 21H00 locales (00H00 GMT del viernes) y ser\u00e1 arbitrado por Jes\u00fas Valenzuela, de Venezuela, mientras que el VAR estar\u00e1 en manos del uruguayo Leod\u00e1n Gonz\u00e1lez.<\/p>\n<p>&nbsp;<\/p>\n<p>Estos son los equipos probables:<\/p>\n<p>Argentina:\u00a0 Emiliano Mart\u00ednez &#8211; Juan Foyth, Cristian Romero, Lucas Mart\u00ednez Quarta, Nicol\u00e1s Tagliafico &#8211; Leandro Paredes, Lucas Ocampos, Rodrigo de Paul &#8211; Lionel Messi, Angel Di Mar\u00eda y Lautaro Mart\u00ednez. DT: Lionel Scaloni.<\/p>\n<p>&nbsp;<\/p>\n<p>Chile: Claudio Bravo &#8211; Mauricio Isla, Gary Medel, Guillermo Marip\u00e1n, Eugenio Mena &#8211; Charles Aranguiz, Erick Pulgar, C\u00e9sar Pinares &#8211; Jean Meneses, Eduardo Vargas y Alexis S\u00e1nchez. DT: Mart\u00edn Lasarte.<\/p>\n","protected":false},"excerpt":{"rendered":"<p>Chile, sin su figura Arturo Vidal, hospitalizado por covid-19, enfrentar\u00e1 hoy a la Argentina del astro Lionel Messi, en un nuevo episodio de esta rivalidad sudamericana por la s\u00e9ptima fecha de la clasificatoria al Mundial de Catar-2022. \u00abAfrontaremos el partido con Chile como afrontamos todos. A veces el rival toma la iniciativa, pero nuestra idea [&hellip;]<\/p>\n","protected":false},"author":1,"featured_media":8054,"comment_status":"closed","ping_status":"closed","sticky":false,"template":"","format":"standard","meta":{"_acf_changed":false,"footnotes":""},"categories":[6],"tags":[],"class_list":["post-8053","post","type-post","status-publish","format-standard","has-post-thumbnail","category-deportes"],"acf":{"antetitulo":""},"yoast_head":"<!-- This site is optimized with the Yoast SEO plugin v28.3 - https:\/\/yoast.com\/product\/yoast-seo-wordpress\/ -->\n<title>Chile, sin Vidal, se mide contra Argentina de Messi - El Diario - Bolivia<\/title>\n<meta name=\"robots\" content=\"index, follow, max-snippet:-1, max-image-preview:large, max-video-preview:-1\" \/>\n<link rel=\"canonical\" href=\"https:\/\/www.eldiario.net\/portal\/2021\/06\/03\/chile-sin-vidal-se-mide-contra-argentina-de-messi\/\" \/>\n<meta property=\"og:locale\" content=\"es_ES\" \/>\n<meta property=\"og:type\" content=\"article\" \/>\n<meta property=\"og:title\" content=\"Chile, sin Vidal, se mide contra Argentina de Messi - El Diario - Bolivia\" \/>\n<meta property=\"og:description\" content=\"Chile, sin su figura Arturo Vidal, hospitalizado por covid-19, enfrentar\u00e1 hoy a la Argentina del astro Lionel Messi, en un nuevo episodio de esta rivalidad sudamericana por la s\u00e9ptima fecha de la clasificatoria al Mundial de Catar-2022. \u00abAfrontaremos el partido con Chile como afrontamos todos. A veces el rival toma la iniciativa, pero nuestra idea [&hellip;]\" \/>\n<meta property=\"og:url\" content=\"https:\/\/www.eldiario.net\/portal\/2021\/06\/03\/chile-sin-vidal-se-mide-contra-argentina-de-messi\/\" \/>\n<meta property=\"og:site_name\" content=\"El Diario - Bolivia\" \/>\n<meta property=\"article:publisher\" content=\"https:\/\/www.facebook.com\/eldiario.bolivia\/\" \/>\n<meta property=\"article:published_time\" content=\"2021-06-03T10:24:49+00:00\" \/>\n<meta name=\"author\" content=\"Jeanette\" \/>\n<meta name=\"twitter:card\" content=\"summary_large_image\" \/>\n<meta name=\"twitter:creator\" content=\"@eldiario_net\" \/>\n<meta name=\"twitter:site\" content=\"@eldiario_net\" \/>\n<meta name=\"twitter:label1\" content=\"Escrito por\" \/>\n\t<meta name=\"twitter:data1\" content=\"Jeanette\" \/>\n\t<meta name=\"twitter:label2\" content=\"Tiempo de lectura\" \/>\n\t<meta name=\"twitter:data2\" content=\"4 minutos\" \/>\n<script type=\"application\/ld+json\" class=\"yoast-schema-graph\">{\"@context\":\"https:\\\/\\\/schema.org\",\"@graph\":[{\"@type\":\"Article\",\"@id\":\"https:\\\/\\\/www.eldiario.net\\\/portal\\\/2021\\\/06\\\/03\\\/chile-sin-vidal-se-mide-contra-argentina-de-messi\\\/#article\",\"isPartOf\":{\"@id\":\"https:\\\/\\\/www.eldiario.net\\\/portal\\\/2021\\\/06\\\/03\\\/chile-sin-vidal-se-mide-contra-argentina-de-messi\\\/\"},\"author\":{\"name\":\"Jeanette\",\"@id\":\"https:\\\/\\\/www.eldiario.net\\\/portal\\\/#\\\/schema\\\/person\\\/f46445640444750d7d753ccd04ae01b7\"},\"headline\":\"Chile, sin Vidal, se mide contra Argentina de Messi\",\"datePublished\":\"2021-06-03T10:24:49+00:00\",\"mainEntityOfPage\":{\"@id\":\"https:\\\/\\\/www.eldiario.net\\\/portal\\\/2021\\\/06\\\/03\\\/chile-sin-vidal-se-mide-contra-argentina-de-messi\\\/\"},\"wordCount\":817,\"publisher\":{\"@id\":\"https:\\\/\\\/www.eldiario.net\\\/portal\\\/#organization\"},\"image\":{\"@id\":\"https:\\\/\\\/www.eldiario.net\\\/portal\\\/2021\\\/06\\\/03\\\/chile-sin-vidal-se-mide-contra-argentina-de-messi\\\/#primaryimage\"},\"thumbnailUrl\":\"\",\"articleSection\":[\"Deportes\"],\"inLanguage\":\"es\"},{\"@type\":\"WebPage\",\"@id\":\"https:\\\/\\\/www.eldiario.net\\\/portal\\\/2021\\\/06\\\/03\\\/chile-sin-vidal-se-mide-contra-argentina-de-messi\\\/\",\"url\":\"https:\\\/\\\/www.eldiario.net\\\/portal\\\/2021\\\/06\\\/03\\\/chile-sin-vidal-se-mide-contra-argentina-de-messi\\\/\",\"name\":\"Chile, sin Vidal, se mide contra Argentina de Messi - El Diario - Bolivia\",\"isPartOf\":{\"@id\":\"https:\\\/\\\/www.eldiario.net\\\/portal\\\/#website\"},\"primaryImageOfPage\":{\"@id\":\"https:\\\/\\\/www.eldiario.net\\\/portal\\\/2021\\\/06\\\/03\\\/chile-sin-vidal-se-mide-contra-argentina-de-messi\\\/#primaryimage\"},\"image\":{\"@id\":\"https:\\\/\\\/www.eldiario.net\\\/portal\\\/2021\\\/06\\\/03\\\/chile-sin-vidal-se-mide-contra-argentina-de-messi\\\/#primaryimage\"},\"thumbnailUrl\":\"\",\"datePublished\":\"2021-06-03T10:24:49+00:00\",\"breadcrumb\":{\"@id\":\"https:\\\/\\\/www.eldiario.net\\\/portal\\\/2021\\\/06\\\/03\\\/chile-sin-vidal-se-mide-contra-argentina-de-messi\\\/#breadcrumb\"},\"inLanguage\":\"es\",\"potentialAction\":[{\"@type\":\"ReadAction\",\"target\":[\"https:\\\/\\\/www.eldiario.net\\\/portal\\\/2021\\\/06\\\/03\\\/chile-sin-vidal-se-mide-contra-argentina-de-messi\\\/\"]}]},{\"@type\":\"ImageObject\",\"inLanguage\":\"es\",\"@id\":\"https:\\\/\\\/www.eldiario.net\\\/portal\\\/2021\\\/06\\\/03\\\/chile-sin-vidal-se-mide-contra-argentina-de-messi\\\/#primaryimage\",\"url\":\"\",\"contentUrl\":\"\"},{\"@type\":\"BreadcrumbList\",\"@id\":\"https:\\\/\\\/www.eldiario.net\\\/portal\\\/2021\\\/06\\\/03\\\/chile-sin-vidal-se-mide-contra-argentina-de-messi\\\/#breadcrumb\",\"itemListElement\":[{\"@type\":\"ListItem\",\"position\":1,\"name\":\"Portada\",\"item\":\"https:\\\/\\\/www.eldiario.net\\\/portal\\\/\"},{\"@type\":\"ListItem\",\"position\":2,\"name\":\"Chile, sin Vidal, se mide contra Argentina de Messi\"}]},{\"@type\":\"WebSite\",\"@id\":\"https:\\\/\\\/www.eldiario.net\\\/portal\\\/#website\",\"url\":\"https:\\\/\\\/www.eldiario.net\\\/portal\\\/\",\"name\":\"El Diario - Decano de la prensa nacional\",\"description\":\"El Diario - Decano de la prensa nacional\",\"publisher\":{\"@id\":\"https:\\\/\\\/www.eldiario.net\\\/portal\\\/#organization\"},\"potentialAction\":[{\"@type\":\"SearchAction\",\"target\":{\"@type\":\"EntryPoint\",\"urlTemplate\":\"https:\\\/\\\/www.eldiario.net\\\/portal\\\/?s={search_term_string}\"},\"query-input\":{\"@type\":\"PropertyValueSpecification\",\"valueRequired\":true,\"valueName\":\"search_term_string\"}}],\"inLanguage\":\"es\"},{\"@type\":\"Organization\",\"@id\":\"https:\\\/\\\/www.eldiario.net\\\/portal\\\/#organization\",\"name\":\"El Diario - Decano de la prensa nacional\",\"url\":\"https:\\\/\\\/www.eldiario.net\\\/portal\\\/\",\"logo\":{\"@type\":\"ImageObject\",\"inLanguage\":\"es\",\"@id\":\"https:\\\/\\\/www.eldiario.net\\\/portal\\\/#\\\/schema\\\/logo\\\/image\\\/\",\"url\":\"https:\\\/\\\/www.eldiario.net\\\/portal\\\/wp-content\\\/uploads\\\/2023\\\/07\\\/logo_ED.jpg\",\"contentUrl\":\"https:\\\/\\\/www.eldiario.net\\\/portal\\\/wp-content\\\/uploads\\\/2023\\\/07\\\/logo_ED.jpg\",\"width\":272,\"height\":52,\"caption\":\"El Diario - Decano de la prensa nacional\"},\"image\":{\"@id\":\"https:\\\/\\\/www.eldiario.net\\\/portal\\\/#\\\/schema\\\/logo\\\/image\\\/\"},\"sameAs\":[\"https:\\\/\\\/www.facebook.com\\\/eldiario.bolivia\\\/\",\"https:\\\/\\\/x.com\\\/eldiario_net\"]},{\"@type\":\"Person\",\"@id\":\"https:\\\/\\\/www.eldiario.net\\\/portal\\\/#\\\/schema\\\/person\\\/f46445640444750d7d753ccd04ae01b7\",\"name\":\"Jeanette\",\"image\":{\"@type\":\"ImageObject\",\"inLanguage\":\"es\",\"@id\":\"https:\\\/\\\/secure.gravatar.com\\\/avatar\\\/3ea2118a5f7dad2b7138b1187a6b7ee55f160b9968b66013c3a3ef39dd7e5798?s=96&d=mm&r=g\",\"url\":\"https:\\\/\\\/secure.gravatar.com\\\/avatar\\\/3ea2118a5f7dad2b7138b1187a6b7ee55f160b9968b66013c3a3ef39dd7e5798?s=96&d=mm&r=g\",\"contentUrl\":\"https:\\\/\\\/secure.gravatar.com\\\/avatar\\\/3ea2118a5f7dad2b7138b1187a6b7ee55f160b9968b66013c3a3ef39dd7e5798?s=96&d=mm&r=g\",\"caption\":\"Jeanette\"},\"sameAs\":[\"https:\\\/\\\/www.eldiario.net\\\/portal\"],\"url\":\"https:\\\/\\\/www.eldiario.net\\\/portal\\\/author\\\/jeanette\\\/\"}]}<\/script>\n<!-- \/ Yoast SEO plugin. -->","yoast_head_json":{"title":"Chile, sin Vidal, se mide contra Argentina de Messi - El Diario - Bolivia","robots":{"index":"index","follow":"follow","max-snippet":"max-snippet:-1","max-image-preview":"max-image-preview:large","max-video-preview":"max-video-preview:-1"},"canonical":"https:\/\/www.eldiario.net\/portal\/2021\/06\/03\/chile-sin-vidal-se-mide-contra-argentina-de-messi\/","og_locale":"es_ES","og_type":"article","og_title":"Chile, sin Vidal, se mide contra Argentina de Messi - El Diario - Bolivia","og_description":"Chile, sin su figura Arturo Vidal, hospitalizado por covid-19, enfrentar\u00e1 hoy a la Argentina del astro Lionel Messi, en un nuevo episodio de esta rivalidad sudamericana por la s\u00e9ptima fecha de la clasificatoria al Mundial de Catar-2022. \u00abAfrontaremos el partido con Chile como afrontamos todos. A veces el rival toma la iniciativa, pero nuestra idea [&hellip;]","og_url":"https:\/\/www.eldiario.net\/portal\/2021\/06\/03\/chile-sin-vidal-se-mide-contra-argentina-de-messi\/","og_site_name":"El Diario - Bolivia","article_publisher":"https:\/\/www.facebook.com\/eldiario.bolivia\/","article_published_time":"2021-06-03T10:24:49+00:00","author":"Jeanette","twitter_card":"summary_large_image","twitter_creator":"@eldiario_net","twitter_site":"@eldiario_net","twitter_misc":{"Escrito por":"Jeanette","Tiempo de lectura":"4 minutos"},"schema":{"@context":"https:\/\/schema.org","@graph":[{"@type":"Article","@id":"https:\/\/www.eldiario.net\/portal\/2021\/06\/03\/chile-sin-vidal-se-mide-contra-argentina-de-messi\/#article","isPartOf":{"@id":"https:\/\/www.eldiario.net\/portal\/2021\/06\/03\/chile-sin-vidal-se-mide-contra-argentina-de-messi\/"},"author":{"name":"Jeanette","@id":"https:\/\/www.eldiario.net\/portal\/#\/schema\/person\/f46445640444750d7d753ccd04ae01b7"},"headline":"Chile, sin Vidal, se mide contra Argentina de Messi","datePublished":"2021-06-03T10:24:49+00:00","mainEntityOfPage":{"@id":"https:\/\/www.eldiario.net\/portal\/2021\/06\/03\/chile-sin-vidal-se-mide-contra-argentina-de-messi\/"},"wordCount":817,"publisher":{"@id":"https:\/\/www.eldiario.net\/portal\/#organization"},"image":{"@id":"https:\/\/www.eldiario.net\/portal\/2021\/06\/03\/chile-sin-vidal-se-mide-contra-argentina-de-messi\/#primaryimage"},"thumbnailUrl":"","articleSection":["Deportes"],"inLanguage":"es"},{"@type":"WebPage","@id":"https:\/\/www.eldiario.net\/portal\/2021\/06\/03\/chile-sin-vidal-se-mide-contra-argentina-de-messi\/","url":"https:\/\/www.eldiario.net\/portal\/2021\/06\/03\/chile-sin-vidal-se-mide-contra-argentina-de-messi\/","name":"Chile, sin Vidal, se mide contra Argentina de Messi - El Diario - Bolivia","isPartOf":{"@id":"https:\/\/www.eldiario.net\/portal\/#website"},"primaryImageOfPage":{"@id":"https:\/\/www.eldiario.net\/portal\/2021\/06\/03\/chile-sin-vidal-se-mide-contra-argentina-de-messi\/#primaryimage"},"image":{"@id":"https:\/\/www.eldiario.net\/portal\/2021\/06\/03\/chile-sin-vidal-se-mide-contra-argentina-de-messi\/#primaryimage"},"thumbnailUrl":"","datePublished":"2021-06-03T10:24:49+00:00","breadcrumb":{"@id":"https:\/\/www.eldiario.net\/portal\/2021\/06\/03\/chile-sin-vidal-se-mide-contra-argentina-de-messi\/#breadcrumb"},"inLanguage":"es","potentialAction":[{"@type":"ReadAction","target":["https:\/\/www.eldiario.net\/portal\/2021\/06\/03\/chile-sin-vidal-se-mide-contra-argentina-de-messi\/"]}]},{"@type":"ImageObject","inLanguage":"es","@id":"https:\/\/www.eldiario.net\/portal\/2021\/06\/03\/chile-sin-vidal-se-mide-contra-argentina-de-messi\/#primaryimage","url":"","contentUrl":""},{"@type":"BreadcrumbList","@id":"https:\/\/www.eldiario.net\/portal\/2021\/06\/03\/chile-sin-vidal-se-mide-contra-argentina-de-messi\/#breadcrumb","itemListElement":[{"@type":"ListItem","position":1,"name":"Portada","item":"https:\/\/www.eldiario.net\/portal\/"},{"@type":"ListItem","position":2,"name":"Chile, sin Vidal, se mide contra Argentina de Messi"}]},{"@type":"WebSite","@id":"https:\/\/www.eldiario.net\/portal\/#website","url":"https:\/\/www.eldiario.net\/portal\/","name":"El Diario - Decano de la prensa nacional","description":"El Diario - Decano de la prensa nacional","publisher":{"@id":"https:\/\/www.eldiario.net\/portal\/#organization"},"potentialAction":[{"@type":"SearchAction","target":{"@type":"EntryPoint","urlTemplate":"https:\/\/www.eldiario.net\/portal\/?s={search_term_string}"},"query-input":{"@type":"PropertyValueSpecification","valueRequired":true,"valueName":"search_term_string"}}],"inLanguage":"es"},{"@type":"Organization","@id":"https:\/\/www.eldiario.net\/portal\/#organization","name":"El Diario - Decano de la prensa nacional","url":"https:\/\/www.eldiario.net\/portal\/","logo":{"@type":"ImageObject","inLanguage":"es","@id":"https:\/\/www.eldiario.net\/portal\/#\/schema\/logo\/image\/","url":"https:\/\/www.eldiario.net\/portal\/wp-content\/uploads\/2023\/07\/logo_ED.jpg","contentUrl":"https:\/\/www.eldiario.net\/portal\/wp-content\/uploads\/2023\/07\/logo_ED.jpg","width":272,"height":52,"caption":"El Diario - Decano de la prensa nacional"},"image":{"@id":"https:\/\/www.eldiario.net\/portal\/#\/schema\/logo\/image\/"},"sameAs":["https:\/\/www.facebook.com\/eldiario.bolivia\/","https:\/\/x.com\/eldiario_net"]},{"@type":"Person","@id":"https:\/\/www.eldiario.net\/portal\/#\/schema\/person\/f46445640444750d7d753ccd04ae01b7","name":"Jeanette","image":{"@type":"ImageObject","inLanguage":"es","@id":"https:\/\/secure.gravatar.com\/avatar\/3ea2118a5f7dad2b7138b1187a6b7ee55f160b9968b66013c3a3ef39dd7e5798?s=96&d=mm&r=g","url":"https:\/\/secure.gravatar.com\/avatar\/3ea2118a5f7dad2b7138b1187a6b7ee55f160b9968b66013c3a3ef39dd7e5798?s=96&d=mm&r=g","contentUrl":"https:\/\/secure.gravatar.com\/avatar\/3ea2118a5f7dad2b7138b1187a6b7ee55f160b9968b66013c3a3ef39dd7e5798?s=96&d=mm&r=g","caption":"Jeanette"},"sameAs":["https:\/\/www.eldiario.net\/portal"],"url":"https:\/\/www.eldiario.net\/portal\/author\/jeanette\/"}]}},"_links":{"self":[{"href":"https:\/\/www.eldiario.net\/portal\/wp-json\/wp\/v2\/posts\/8053","targetHints":{"allow":["GET"]}}],"collection":[{"href":"https:\/\/www.eldiario.net\/portal\/wp-json\/wp\/v2\/posts"}],"about":[{"href":"https:\/\/www.eldiario.net\/portal\/wp-json\/wp\/v2\/types\/post"}],"author":[{"embeddable":true,"href":"https:\/\/www.eldiario.net\/portal\/wp-json\/wp\/v2\/users\/1"}],"replies":[{"embeddable":true,"href":"https:\/\/www.eldiario.net\/portal\/wp-json\/wp\/v2\/comments?post=8053"}],"version-history":[{"count":0,"href":"https:\/\/www.eldiario.net\/portal\/wp-json\/wp\/v2\/posts\/8053\/revisions"}],"wp:attachment":[{"href":"https:\/\/www.eldiario.net\/portal\/wp-json\/wp\/v2\/media?parent=8053"}],"wp:term":[{"taxonomy":"category","embeddable":true,"href":"https:\/\/www.eldiario.net\/portal\/wp-json\/wp\/v2\/categories?post=8053"},{"taxonomy":"post_tag","embeddable":true,"href":"https:\/\/www.eldiario.net\/portal\/wp-json\/wp\/v2\/tags?post=8053"}],"curies":[{"name":"wp","href":"https:\/\/api.w.org\/{rel}","templated":true}]}}