{"id":8047,"date":"2021-06-03T06:23:19","date_gmt":"2021-06-03T10:23:19","guid":{"rendered":"https:\/\/www.eldiario.net\/portal\/?p=8047"},"modified":"2021-06-03T06:23:19","modified_gmt":"2021-06-03T10:23:19","slug":"vuelven-las-eliminatorias-a-sudamerica-tras-siete-meses","status":"publish","type":"post","link":"https:\/\/www.eldiario.net\/portal\/2021\/06\/03\/vuelven-las-eliminatorias-a-sudamerica-tras-siete-meses\/","title":{"rendered":"Vuelven las eliminatorias a Sudam\u00e9rica tras siete meses"},"content":{"rendered":"<p>Tras siete meses de pausa, el clasificatorio sudamericano para el Mundial de Catar-2022 vuelve entre hoy y viernes con la s\u00e9ptima fecha, en la que sobresale el duelo entre Argentina y Chile.<\/p>\n<p>El premundial, que otorga cuatro cupos para Catar-2022 y al quinto la posibilidad de una repesca contra una selecci\u00f3n de otro continente, tiene a Brasil l\u00edder con puntaje perfecto, 12 unidades, seguido de Argentina con 10.<\/p>\n<p>Mas atr\u00e1s vienen Ecuador con 9, Paraguay y Uruguay con 6 cada uno, Chile y Colombia con 4 puntos, Venezuela con 3 y cierran las posiciones Bolivia y Per\u00fa con una unidad cada uno.<\/p>\n<p>El regreso de las eliminatorias se da despu\u00e9s de que en marzo la FIFA suspendiera la quinta y sexta fechas por la pandemia de covid-19 que azota con dureza a Sudam\u00e9rica, la regi\u00f3n que m\u00e1s la est\u00e1 sufriendo en este 2021.<\/p>\n<p>Estas jornadas que fueron postergadas se reprogramar\u00e1n para setiembre y octubre de este a\u00f1o.<\/p>\n<p>Debido a ello, la Albiceleste entonces recibir\u00e1 a Chile desde las 21H00 locales (00H00 GMT del viernes) en el novel estadio Unico Madre de Ciudades de Santiago del Estero, inaugurado este a\u00f1o y que era una de las sedes para la Copa Am\u00e9rica que Argentina ten\u00eda previsto organizar junto a Colombia y que finalmente se disputar\u00e1 en Brasil.<\/p>\n<p>La ocasi\u00f3n para Messi y compa\u00f1\u00eda se presenta ideal para sumar tres nuevos puntos frente a un Chile en el que debutar\u00e1 como DT el uruguayo Mart\u00edn Lasarte como su DT -reemplaz\u00f3 al colombiano Reinaldo Rueda que renunci\u00f3 a fines de 2020 para asumir en Colombia- y no tendr\u00e1 a su principal figura, Arturo Vidal, internado en Santiago por covid-19.<\/p>\n<p>La fecha se iniciar\u00e1 el jueves a las 20H00 GMT en los 3.600 metros de altitud de La Paz, en duelo de necesitados entre Bolivia y Venezuela que necesitan sumar para no perder terreno.<\/p>\n<p>Mas tarde, desde las 22H00 GMT, el Estadio Centenario de Montevideo albergar\u00e1 un partido de dientes apretados entre Uruguay y Paraguay, dos equipos que no dan pelota por perdida y que necesitan la victoria para acomodarse en el lote de arriba.<\/p>\n<p>Tambi\u00e9n el jueves, en Lima, se dar\u00e1 el debut de Reinaldo Rueda en la selecci\u00f3n Colombia, que necesita cambiar el paso tras sus \u00faltimas dos derrotas (3-0 ante Uruguay en Barranquilla y 6-1 con Ecuador en Quito) que le costaron el puesto al portugu\u00e9s Carlos Queiroz.<\/p>\n<p>Enfrente tendr\u00e1 a una selecci\u00f3n peruana que est\u00e1 en el fondo de las posiciones con un solo punto y necesita la victoria desesperadamente si quiere seguir so\u00f1ando con repetir la gesta de clasificar a un mundial, tal como lo hiciera para Rusia-2018 contra todo pron\u00f3stico.<\/p>\n<p>El viernes, en el partido que cerrar\u00e1 la fecha en Porto Alegre, y con la vuelta de Neymar, Brasil buscar\u00e1 seguir con su marcha perfecta en el clasificatorio frente a un Ecuador que hasta el parate hab\u00eda presentado credenciales para quedarse con un cupo al Mundial.<\/p>\n","protected":false},"excerpt":{"rendered":"<p>Tras siete meses de pausa, el clasificatorio sudamericano para el Mundial de Catar-2022 vuelve entre hoy y viernes con la s\u00e9ptima fecha, en la que sobresale el duelo entre Argentina y Chile. El premundial, que otorga cuatro cupos para Catar-2022 y al quinto la posibilidad de una repesca contra una selecci\u00f3n de otro continente, tiene [&hellip;]<\/p>\n","protected":false},"author":1,"featured_media":8048,"comment_status":"closed","ping_status":"closed","sticky":false,"template":"","format":"standard","meta":{"_acf_changed":false,"footnotes":""},"categories":[6],"tags":[],"class_list":["post-8047","post","type-post","status-publish","format-standard","has-post-thumbnail","category-deportes"],"acf":{"antetitulo":""},"yoast_head":"<!-- This site is optimized with the Yoast SEO plugin v28.3 - https:\/\/yoast.com\/product\/yoast-seo-wordpress\/ -->\n<title>Vuelven las eliminatorias a Sudam\u00e9rica tras siete meses - El Diario - Bolivia<\/title>\n<meta name=\"robots\" content=\"index, follow, max-snippet:-1, max-image-preview:large, max-video-preview:-1\" \/>\n<link rel=\"canonical\" href=\"https:\/\/www.eldiario.net\/portal\/2021\/06\/03\/vuelven-las-eliminatorias-a-sudamerica-tras-siete-meses\/\" \/>\n<meta property=\"og:locale\" content=\"es_ES\" \/>\n<meta property=\"og:type\" content=\"article\" \/>\n<meta property=\"og:title\" content=\"Vuelven las eliminatorias a Sudam\u00e9rica tras siete meses - El Diario - Bolivia\" \/>\n<meta property=\"og:description\" content=\"Tras siete meses de pausa, el clasificatorio sudamericano para el Mundial de Catar-2022 vuelve entre hoy y viernes con la s\u00e9ptima fecha, en la que sobresale el duelo entre Argentina y Chile. El premundial, que otorga cuatro cupos para Catar-2022 y al quinto la posibilidad de una repesca contra una selecci\u00f3n de otro continente, tiene [&hellip;]\" \/>\n<meta property=\"og:url\" content=\"https:\/\/www.eldiario.net\/portal\/2021\/06\/03\/vuelven-las-eliminatorias-a-sudamerica-tras-siete-meses\/\" \/>\n<meta property=\"og:site_name\" content=\"El Diario - Bolivia\" \/>\n<meta property=\"article:publisher\" content=\"https:\/\/www.facebook.com\/eldiario.bolivia\/\" \/>\n<meta property=\"article:published_time\" content=\"2021-06-03T10:23:19+00:00\" \/>\n<meta name=\"author\" content=\"Jeanette\" \/>\n<meta name=\"twitter:card\" content=\"summary_large_image\" \/>\n<meta name=\"twitter:creator\" content=\"@eldiario_net\" \/>\n<meta name=\"twitter:site\" content=\"@eldiario_net\" \/>\n<meta name=\"twitter:label1\" content=\"Escrito por\" \/>\n\t<meta name=\"twitter:data1\" content=\"Jeanette\" \/>\n\t<meta name=\"twitter:label2\" content=\"Tiempo de lectura\" \/>\n\t<meta name=\"twitter:data2\" content=\"3 minutos\" \/>\n<script type=\"application\/ld+json\" class=\"yoast-schema-graph\">{\"@context\":\"https:\\\/\\\/schema.org\",\"@graph\":[{\"@type\":\"Article\",\"@id\":\"https:\\\/\\\/www.eldiario.net\\\/portal\\\/2021\\\/06\\\/03\\\/vuelven-las-eliminatorias-a-sudamerica-tras-siete-meses\\\/#article\",\"isPartOf\":{\"@id\":\"https:\\\/\\\/www.eldiario.net\\\/portal\\\/2021\\\/06\\\/03\\\/vuelven-las-eliminatorias-a-sudamerica-tras-siete-meses\\\/\"},\"author\":{\"name\":\"Jeanette\",\"@id\":\"https:\\\/\\\/www.eldiario.net\\\/portal\\\/#\\\/schema\\\/person\\\/f46445640444750d7d753ccd04ae01b7\"},\"headline\":\"Vuelven las eliminatorias a Sudam\u00e9rica tras siete meses\",\"datePublished\":\"2021-06-03T10:23:19+00:00\",\"mainEntityOfPage\":{\"@id\":\"https:\\\/\\\/www.eldiario.net\\\/portal\\\/2021\\\/06\\\/03\\\/vuelven-las-eliminatorias-a-sudamerica-tras-siete-meses\\\/\"},\"wordCount\":510,\"publisher\":{\"@id\":\"https:\\\/\\\/www.eldiario.net\\\/portal\\\/#organization\"},\"image\":{\"@id\":\"https:\\\/\\\/www.eldiario.net\\\/portal\\\/2021\\\/06\\\/03\\\/vuelven-las-eliminatorias-a-sudamerica-tras-siete-meses\\\/#primaryimage\"},\"thumbnailUrl\":\"\",\"articleSection\":[\"Deportes\"],\"inLanguage\":\"es\"},{\"@type\":\"WebPage\",\"@id\":\"https:\\\/\\\/www.eldiario.net\\\/portal\\\/2021\\\/06\\\/03\\\/vuelven-las-eliminatorias-a-sudamerica-tras-siete-meses\\\/\",\"url\":\"https:\\\/\\\/www.eldiario.net\\\/portal\\\/2021\\\/06\\\/03\\\/vuelven-las-eliminatorias-a-sudamerica-tras-siete-meses\\\/\",\"name\":\"Vuelven las eliminatorias a Sudam\u00e9rica tras siete meses - El Diario - Bolivia\",\"isPartOf\":{\"@id\":\"https:\\\/\\\/www.eldiario.net\\\/portal\\\/#website\"},\"primaryImageOfPage\":{\"@id\":\"https:\\\/\\\/www.eldiario.net\\\/portal\\\/2021\\\/06\\\/03\\\/vuelven-las-eliminatorias-a-sudamerica-tras-siete-meses\\\/#primaryimage\"},\"image\":{\"@id\":\"https:\\\/\\\/www.eldiario.net\\\/portal\\\/2021\\\/06\\\/03\\\/vuelven-las-eliminatorias-a-sudamerica-tras-siete-meses\\\/#primaryimage\"},\"thumbnailUrl\":\"\",\"datePublished\":\"2021-06-03T10:23:19+00:00\",\"breadcrumb\":{\"@id\":\"https:\\\/\\\/www.eldiario.net\\\/portal\\\/2021\\\/06\\\/03\\\/vuelven-las-eliminatorias-a-sudamerica-tras-siete-meses\\\/#breadcrumb\"},\"inLanguage\":\"es\",\"potentialAction\":[{\"@type\":\"ReadAction\",\"target\":[\"https:\\\/\\\/www.eldiario.net\\\/portal\\\/2021\\\/06\\\/03\\\/vuelven-las-eliminatorias-a-sudamerica-tras-siete-meses\\\/\"]}]},{\"@type\":\"ImageObject\",\"inLanguage\":\"es\",\"@id\":\"https:\\\/\\\/www.eldiario.net\\\/portal\\\/2021\\\/06\\\/03\\\/vuelven-las-eliminatorias-a-sudamerica-tras-siete-meses\\\/#primaryimage\",\"url\":\"\",\"contentUrl\":\"\"},{\"@type\":\"BreadcrumbList\",\"@id\":\"https:\\\/\\\/www.eldiario.net\\\/portal\\\/2021\\\/06\\\/03\\\/vuelven-las-eliminatorias-a-sudamerica-tras-siete-meses\\\/#breadcrumb\",\"itemListElement\":[{\"@type\":\"ListItem\",\"position\":1,\"name\":\"Portada\",\"item\":\"https:\\\/\\\/www.eldiario.net\\\/portal\\\/\"},{\"@type\":\"ListItem\",\"position\":2,\"name\":\"Vuelven las eliminatorias a Sudam\u00e9rica tras siete meses\"}]},{\"@type\":\"WebSite\",\"@id\":\"https:\\\/\\\/www.eldiario.net\\\/portal\\\/#website\",\"url\":\"https:\\\/\\\/www.eldiario.net\\\/portal\\\/\",\"name\":\"El Diario - Decano de la prensa nacional\",\"description\":\"El Diario - Decano de la prensa nacional\",\"publisher\":{\"@id\":\"https:\\\/\\\/www.eldiario.net\\\/portal\\\/#organization\"},\"potentialAction\":[{\"@type\":\"SearchAction\",\"target\":{\"@type\":\"EntryPoint\",\"urlTemplate\":\"https:\\\/\\\/www.eldiario.net\\\/portal\\\/?s={search_term_string}\"},\"query-input\":{\"@type\":\"PropertyValueSpecification\",\"valueRequired\":true,\"valueName\":\"search_term_string\"}}],\"inLanguage\":\"es\"},{\"@type\":\"Organization\",\"@id\":\"https:\\\/\\\/www.eldiario.net\\\/portal\\\/#organization\",\"name\":\"El Diario - Decano de la prensa nacional\",\"url\":\"https:\\\/\\\/www.eldiario.net\\\/portal\\\/\",\"logo\":{\"@type\":\"ImageObject\",\"inLanguage\":\"es\",\"@id\":\"https:\\\/\\\/www.eldiario.net\\\/portal\\\/#\\\/schema\\\/logo\\\/image\\\/\",\"url\":\"https:\\\/\\\/www.eldiario.net\\\/portal\\\/wp-content\\\/uploads\\\/2023\\\/07\\\/logo_ED.jpg\",\"contentUrl\":\"https:\\\/\\\/www.eldiario.net\\\/portal\\\/wp-content\\\/uploads\\\/2023\\\/07\\\/logo_ED.jpg\",\"width\":272,\"height\":52,\"caption\":\"El Diario - Decano de la prensa nacional\"},\"image\":{\"@id\":\"https:\\\/\\\/www.eldiario.net\\\/portal\\\/#\\\/schema\\\/logo\\\/image\\\/\"},\"sameAs\":[\"https:\\\/\\\/www.facebook.com\\\/eldiario.bolivia\\\/\",\"https:\\\/\\\/x.com\\\/eldiario_net\"]},{\"@type\":\"Person\",\"@id\":\"https:\\\/\\\/www.eldiario.net\\\/portal\\\/#\\\/schema\\\/person\\\/f46445640444750d7d753ccd04ae01b7\",\"name\":\"Jeanette\",\"image\":{\"@type\":\"ImageObject\",\"inLanguage\":\"es\",\"@id\":\"https:\\\/\\\/secure.gravatar.com\\\/avatar\\\/3ea2118a5f7dad2b7138b1187a6b7ee55f160b9968b66013c3a3ef39dd7e5798?s=96&d=mm&r=g\",\"url\":\"https:\\\/\\\/secure.gravatar.com\\\/avatar\\\/3ea2118a5f7dad2b7138b1187a6b7ee55f160b9968b66013c3a3ef39dd7e5798?s=96&d=mm&r=g\",\"contentUrl\":\"https:\\\/\\\/secure.gravatar.com\\\/avatar\\\/3ea2118a5f7dad2b7138b1187a6b7ee55f160b9968b66013c3a3ef39dd7e5798?s=96&d=mm&r=g\",\"caption\":\"Jeanette\"},\"sameAs\":[\"https:\\\/\\\/www.eldiario.net\\\/portal\"],\"url\":\"https:\\\/\\\/www.eldiario.net\\\/portal\\\/author\\\/jeanette\\\/\"}]}<\/script>\n<!-- \/ Yoast SEO plugin. -->","yoast_head_json":{"title":"Vuelven las eliminatorias a Sudam\u00e9rica tras siete meses - El Diario - Bolivia","robots":{"index":"index","follow":"follow","max-snippet":"max-snippet:-1","max-image-preview":"max-image-preview:large","max-video-preview":"max-video-preview:-1"},"canonical":"https:\/\/www.eldiario.net\/portal\/2021\/06\/03\/vuelven-las-eliminatorias-a-sudamerica-tras-siete-meses\/","og_locale":"es_ES","og_type":"article","og_title":"Vuelven las eliminatorias a Sudam\u00e9rica tras siete meses - El Diario - Bolivia","og_description":"Tras siete meses de pausa, el clasificatorio sudamericano para el Mundial de Catar-2022 vuelve entre hoy y viernes con la s\u00e9ptima fecha, en la que sobresale el duelo entre Argentina y Chile. El premundial, que otorga cuatro cupos para Catar-2022 y al quinto la posibilidad de una repesca contra una selecci\u00f3n de otro continente, tiene [&hellip;]","og_url":"https:\/\/www.eldiario.net\/portal\/2021\/06\/03\/vuelven-las-eliminatorias-a-sudamerica-tras-siete-meses\/","og_site_name":"El Diario - Bolivia","article_publisher":"https:\/\/www.facebook.com\/eldiario.bolivia\/","article_published_time":"2021-06-03T10:23:19+00:00","author":"Jeanette","twitter_card":"summary_large_image","twitter_creator":"@eldiario_net","twitter_site":"@eldiario_net","twitter_misc":{"Escrito por":"Jeanette","Tiempo de lectura":"3 minutos"},"schema":{"@context":"https:\/\/schema.org","@graph":[{"@type":"Article","@id":"https:\/\/www.eldiario.net\/portal\/2021\/06\/03\/vuelven-las-eliminatorias-a-sudamerica-tras-siete-meses\/#article","isPartOf":{"@id":"https:\/\/www.eldiario.net\/portal\/2021\/06\/03\/vuelven-las-eliminatorias-a-sudamerica-tras-siete-meses\/"},"author":{"name":"Jeanette","@id":"https:\/\/www.eldiario.net\/portal\/#\/schema\/person\/f46445640444750d7d753ccd04ae01b7"},"headline":"Vuelven las eliminatorias a Sudam\u00e9rica tras siete meses","datePublished":"2021-06-03T10:23:19+00:00","mainEntityOfPage":{"@id":"https:\/\/www.eldiario.net\/portal\/2021\/06\/03\/vuelven-las-eliminatorias-a-sudamerica-tras-siete-meses\/"},"wordCount":510,"publisher":{"@id":"https:\/\/www.eldiario.net\/portal\/#organization"},"image":{"@id":"https:\/\/www.eldiario.net\/portal\/2021\/06\/03\/vuelven-las-eliminatorias-a-sudamerica-tras-siete-meses\/#primaryimage"},"thumbnailUrl":"","articleSection":["Deportes"],"inLanguage":"es"},{"@type":"WebPage","@id":"https:\/\/www.eldiario.net\/portal\/2021\/06\/03\/vuelven-las-eliminatorias-a-sudamerica-tras-siete-meses\/","url":"https:\/\/www.eldiario.net\/portal\/2021\/06\/03\/vuelven-las-eliminatorias-a-sudamerica-tras-siete-meses\/","name":"Vuelven las eliminatorias a Sudam\u00e9rica tras siete meses - El Diario - Bolivia","isPartOf":{"@id":"https:\/\/www.eldiario.net\/portal\/#website"},"primaryImageOfPage":{"@id":"https:\/\/www.eldiario.net\/portal\/2021\/06\/03\/vuelven-las-eliminatorias-a-sudamerica-tras-siete-meses\/#primaryimage"},"image":{"@id":"https:\/\/www.eldiario.net\/portal\/2021\/06\/03\/vuelven-las-eliminatorias-a-sudamerica-tras-siete-meses\/#primaryimage"},"thumbnailUrl":"","datePublished":"2021-06-03T10:23:19+00:00","breadcrumb":{"@id":"https:\/\/www.eldiario.net\/portal\/2021\/06\/03\/vuelven-las-eliminatorias-a-sudamerica-tras-siete-meses\/#breadcrumb"},"inLanguage":"es","potentialAction":[{"@type":"ReadAction","target":["https:\/\/www.eldiario.net\/portal\/2021\/06\/03\/vuelven-las-eliminatorias-a-sudamerica-tras-siete-meses\/"]}]},{"@type":"ImageObject","inLanguage":"es","@id":"https:\/\/www.eldiario.net\/portal\/2021\/06\/03\/vuelven-las-eliminatorias-a-sudamerica-tras-siete-meses\/#primaryimage","url":"","contentUrl":""},{"@type":"BreadcrumbList","@id":"https:\/\/www.eldiario.net\/portal\/2021\/06\/03\/vuelven-las-eliminatorias-a-sudamerica-tras-siete-meses\/#breadcrumb","itemListElement":[{"@type":"ListItem","position":1,"name":"Portada","item":"https:\/\/www.eldiario.net\/portal\/"},{"@type":"ListItem","position":2,"name":"Vuelven las eliminatorias a Sudam\u00e9rica tras siete meses"}]},{"@type":"WebSite","@id":"https:\/\/www.eldiario.net\/portal\/#website","url":"https:\/\/www.eldiario.net\/portal\/","name":"El Diario - Decano de la prensa nacional","description":"El Diario - Decano de la prensa nacional","publisher":{"@id":"https:\/\/www.eldiario.net\/portal\/#organization"},"potentialAction":[{"@type":"SearchAction","target":{"@type":"EntryPoint","urlTemplate":"https:\/\/www.eldiario.net\/portal\/?s={search_term_string}"},"query-input":{"@type":"PropertyValueSpecification","valueRequired":true,"valueName":"search_term_string"}}],"inLanguage":"es"},{"@type":"Organization","@id":"https:\/\/www.eldiario.net\/portal\/#organization","name":"El Diario - Decano de la prensa nacional","url":"https:\/\/www.eldiario.net\/portal\/","logo":{"@type":"ImageObject","inLanguage":"es","@id":"https:\/\/www.eldiario.net\/portal\/#\/schema\/logo\/image\/","url":"https:\/\/www.eldiario.net\/portal\/wp-content\/uploads\/2023\/07\/logo_ED.jpg","contentUrl":"https:\/\/www.eldiario.net\/portal\/wp-content\/uploads\/2023\/07\/logo_ED.jpg","width":272,"height":52,"caption":"El Diario - Decano de la prensa nacional"},"image":{"@id":"https:\/\/www.eldiario.net\/portal\/#\/schema\/logo\/image\/"},"sameAs":["https:\/\/www.facebook.com\/eldiario.bolivia\/","https:\/\/x.com\/eldiario_net"]},{"@type":"Person","@id":"https:\/\/www.eldiario.net\/portal\/#\/schema\/person\/f46445640444750d7d753ccd04ae01b7","name":"Jeanette","image":{"@type":"ImageObject","inLanguage":"es","@id":"https:\/\/secure.gravatar.com\/avatar\/3ea2118a5f7dad2b7138b1187a6b7ee55f160b9968b66013c3a3ef39dd7e5798?s=96&d=mm&r=g","url":"https:\/\/secure.gravatar.com\/avatar\/3ea2118a5f7dad2b7138b1187a6b7ee55f160b9968b66013c3a3ef39dd7e5798?s=96&d=mm&r=g","contentUrl":"https:\/\/secure.gravatar.com\/avatar\/3ea2118a5f7dad2b7138b1187a6b7ee55f160b9968b66013c3a3ef39dd7e5798?s=96&d=mm&r=g","caption":"Jeanette"},"sameAs":["https:\/\/www.eldiario.net\/portal"],"url":"https:\/\/www.eldiario.net\/portal\/author\/jeanette\/"}]}},"_links":{"self":[{"href":"https:\/\/www.eldiario.net\/portal\/wp-json\/wp\/v2\/posts\/8047","targetHints":{"allow":["GET"]}}],"collection":[{"href":"https:\/\/www.eldiario.net\/portal\/wp-json\/wp\/v2\/posts"}],"about":[{"href":"https:\/\/www.eldiario.net\/portal\/wp-json\/wp\/v2\/types\/post"}],"author":[{"embeddable":true,"href":"https:\/\/www.eldiario.net\/portal\/wp-json\/wp\/v2\/users\/1"}],"replies":[{"embeddable":true,"href":"https:\/\/www.eldiario.net\/portal\/wp-json\/wp\/v2\/comments?post=8047"}],"version-history":[{"count":0,"href":"https:\/\/www.eldiario.net\/portal\/wp-json\/wp\/v2\/posts\/8047\/revisions"}],"wp:attachment":[{"href":"https:\/\/www.eldiario.net\/portal\/wp-json\/wp\/v2\/media?parent=8047"}],"wp:term":[{"taxonomy":"category","embeddable":true,"href":"https:\/\/www.eldiario.net\/portal\/wp-json\/wp\/v2\/categories?post=8047"},{"taxonomy":"post_tag","embeddable":true,"href":"https:\/\/www.eldiario.net\/portal\/wp-json\/wp\/v2\/tags?post=8047"}],"curies":[{"name":"wp","href":"https:\/\/api.w.org\/{rel}","templated":true}]}}