{"id":8044,"date":"2021-06-03T06:22:37","date_gmt":"2021-06-03T10:22:37","guid":{"rendered":"https:\/\/www.eldiario.net\/portal\/?p=8044"},"modified":"2021-06-03T06:22:37","modified_gmt":"2021-06-03T10:22:37","slug":"inversion-publica-llego-a-1-300-millones-de-dolares-en-seis-meses","status":"publish","type":"post","link":"https:\/\/www.eldiario.net\/portal\/2021\/06\/03\/inversion-publica-llego-a-1-300-millones-de-dolares-en-seis-meses\/","title":{"rendered":"Inversi\u00f3n p\u00fablica lleg\u00f3 a 1.300 millones de d\u00f3lares en seis meses"},"content":{"rendered":"<p>El viceministro de Planificaci\u00f3n y Coordinaci\u00f3n, Carlos Guachalla, inform\u00f3 este mi\u00e9rcoles que la inversi\u00f3n p\u00fablica ejecutada lleg\u00f3 a 1.300 millones de d\u00f3lares en seis meses, de diciembre de 2020 a mayo de 2021.<\/p>\n<p>\u201cDurante estos seis meses, se ha inyectado a la econom\u00eda (boliviana) m\u00e1s de $us 1.300 millones por concepto de inversi\u00f3n p\u00fablica\u00bb, explic\u00f3 el viceministro en entrevista con red Patria Nueva.<\/p>\n<p>Guachalla indic\u00f3 que la inversi\u00f3n p\u00fablica es una pol\u00edtica econ\u00f3mica que genera indicadores \u00abmuy alentadores\u00bb como, por ejemplo, la tasa de desempleo que disminuy\u00f3 a 7,6% a abril de este a\u00f1o, respecto a julio de 2020, cuando lleg\u00f3 a 12,6%.<\/p>\n<p>\u00abEstamos en una coyuntura de pandemia actualmente; en la gesti\u00f3n 2020, tambi\u00e9n est\u00e1bamos en una coyuntura de pandemia. Entonces, \u00bfqu\u00e9 es lo que ha cambiado?, la orientaci\u00f3n de la pol\u00edtica econ\u00f3mica para garantizar los derechos laborales y para reconstruir la econom\u00eda\u00bb, dijo la autoridad.<\/p>\n<p>Las autoridades nacionales apuntan a la econom\u00eda en desmedro de la salud de la poblaci\u00f3n, seg\u00fan las cr\u00edticas que se observan en las redes sociales.<\/p>\n<p>Explic\u00f3 que las \u00e1reas en las que principalmente se concentran la disminuci\u00f3n del desempleo son comercio y construcci\u00f3n. En esta \u00faltima, la inversi\u00f3n p\u00fablica desempe\u00f1a \u00abun papel importante\u00bb.<\/p>\n<p>En el per\u00edodo del Gobierno de tr\u00e1nsito, la ejecuci\u00f3n de la inversi\u00f3n p\u00fablica s\u00f3lo lleg\u00f3 al 25,2%, es decir 1.107 millones de d\u00f3lares, debido a que priorizaron la atenci\u00f3n en salud y equipamiento de los hospitales, ya que la gesti\u00f3n de Morales dej\u00f3 al sistema sanitario poco preparada para enfrentar la pandemia.<\/p>\n<p>Sin embargo, el gobierno de Luis Arce prioriza la pol\u00edtica econ\u00f3mica en base a su Modelo Econ\u00f3mico Social Comunitario Productivo, que b\u00e1sicamente se basa en la demanda interna y los precios de los commodities en el mercado internacional, y en el cobro de impuestos.<\/p>\n<p>Seg\u00fan datos del Ministerio de Econom\u00eda y Finanzas P\u00fablicas, el Programa Fiscal Financiero 2021 estableci\u00f3 una inversi\u00f3n p\u00fablica de 4.011 millones de d\u00f3lares para reactivar la demanda interna, fortalecer la industrializaci\u00f3n de los recursos naturales, entre otros.<\/p>\n<p>&nbsp;<\/p>\n<p>&nbsp;<\/p>\n","protected":false},"excerpt":{"rendered":"<p>El viceministro de Planificaci\u00f3n y Coordinaci\u00f3n, Carlos Guachalla, inform\u00f3 este mi\u00e9rcoles que la inversi\u00f3n p\u00fablica ejecutada lleg\u00f3 a 1.300 millones de d\u00f3lares en seis meses, de diciembre de 2020 a mayo de 2021. \u201cDurante estos seis meses, se ha inyectado a la econom\u00eda (boliviana) m\u00e1s de $us 1.300 millones por concepto de inversi\u00f3n p\u00fablica\u00bb, explic\u00f3 [&hellip;]<\/p>\n","protected":false},"author":1,"featured_media":8045,"comment_status":"closed","ping_status":"closed","sticky":false,"template":"","format":"standard","meta":{"_acf_changed":false,"footnotes":""},"categories":[7],"tags":[],"class_list":["post-8044","post","type-post","status-publish","format-standard","has-post-thumbnail","category-economia"],"acf":{"antetitulo":""},"yoast_head":"<!-- This site is optimized with the Yoast SEO plugin v28.3 - https:\/\/yoast.com\/product\/yoast-seo-wordpress\/ -->\n<title>Inversi\u00f3n p\u00fablica lleg\u00f3 a 1.300 millones de d\u00f3lares en seis meses - El Diario - Bolivia<\/title>\n<meta name=\"robots\" content=\"index, follow, max-snippet:-1, max-image-preview:large, max-video-preview:-1\" \/>\n<link rel=\"canonical\" href=\"https:\/\/www.eldiario.net\/portal\/2021\/06\/03\/inversion-publica-llego-a-1-300-millones-de-dolares-en-seis-meses\/\" \/>\n<meta property=\"og:locale\" content=\"es_ES\" \/>\n<meta property=\"og:type\" content=\"article\" \/>\n<meta property=\"og:title\" content=\"Inversi\u00f3n p\u00fablica lleg\u00f3 a 1.300 millones de d\u00f3lares en seis meses - El Diario - Bolivia\" \/>\n<meta property=\"og:description\" content=\"El viceministro de Planificaci\u00f3n y Coordinaci\u00f3n, Carlos Guachalla, inform\u00f3 este mi\u00e9rcoles que la inversi\u00f3n p\u00fablica ejecutada lleg\u00f3 a 1.300 millones de d\u00f3lares en seis meses, de diciembre de 2020 a mayo de 2021. \u201cDurante estos seis meses, se ha inyectado a la econom\u00eda (boliviana) m\u00e1s de $us 1.300 millones por concepto de inversi\u00f3n p\u00fablica\u00bb, explic\u00f3 [&hellip;]\" \/>\n<meta property=\"og:url\" content=\"https:\/\/www.eldiario.net\/portal\/2021\/06\/03\/inversion-publica-llego-a-1-300-millones-de-dolares-en-seis-meses\/\" \/>\n<meta property=\"og:site_name\" content=\"El Diario - Bolivia\" \/>\n<meta property=\"article:publisher\" content=\"https:\/\/www.facebook.com\/eldiario.bolivia\/\" \/>\n<meta property=\"article:published_time\" content=\"2021-06-03T10:22:37+00:00\" \/>\n<meta property=\"og:image\" content=\"https:\/\/www.eldiario.net\/portal\/wp-content\/uploads\/2021\/06\/ECON-Inversion-publica-llego-a-1.300.jpg\" \/>\n\t<meta property=\"og:image:width\" content=\"1280\" \/>\n\t<meta property=\"og:image:height\" content=\"590\" \/>\n\t<meta property=\"og:image:type\" content=\"image\/jpeg\" \/>\n<meta name=\"author\" content=\"Jeanette\" \/>\n<meta name=\"twitter:card\" content=\"summary_large_image\" \/>\n<meta name=\"twitter:creator\" content=\"@eldiario_net\" \/>\n<meta name=\"twitter:site\" content=\"@eldiario_net\" \/>\n<meta name=\"twitter:label1\" content=\"Escrito por\" \/>\n\t<meta name=\"twitter:data1\" content=\"Jeanette\" \/>\n\t<meta name=\"twitter:label2\" content=\"Tiempo de lectura\" \/>\n\t<meta name=\"twitter:data2\" content=\"2 minutos\" \/>\n<script type=\"application\/ld+json\" class=\"yoast-schema-graph\">{\"@context\":\"https:\\\/\\\/schema.org\",\"@graph\":[{\"@type\":\"Article\",\"@id\":\"https:\\\/\\\/www.eldiario.net\\\/portal\\\/2021\\\/06\\\/03\\\/inversion-publica-llego-a-1-300-millones-de-dolares-en-seis-meses\\\/#article\",\"isPartOf\":{\"@id\":\"https:\\\/\\\/www.eldiario.net\\\/portal\\\/2021\\\/06\\\/03\\\/inversion-publica-llego-a-1-300-millones-de-dolares-en-seis-meses\\\/\"},\"author\":{\"name\":\"Jeanette\",\"@id\":\"https:\\\/\\\/www.eldiario.net\\\/portal\\\/#\\\/schema\\\/person\\\/f46445640444750d7d753ccd04ae01b7\"},\"headline\":\"Inversi\u00f3n p\u00fablica lleg\u00f3 a 1.300 millones de d\u00f3lares en seis meses\",\"datePublished\":\"2021-06-03T10:22:37+00:00\",\"mainEntityOfPage\":{\"@id\":\"https:\\\/\\\/www.eldiario.net\\\/portal\\\/2021\\\/06\\\/03\\\/inversion-publica-llego-a-1-300-millones-de-dolares-en-seis-meses\\\/\"},\"wordCount\":387,\"publisher\":{\"@id\":\"https:\\\/\\\/www.eldiario.net\\\/portal\\\/#organization\"},\"image\":{\"@id\":\"https:\\\/\\\/www.eldiario.net\\\/portal\\\/2021\\\/06\\\/03\\\/inversion-publica-llego-a-1-300-millones-de-dolares-en-seis-meses\\\/#primaryimage\"},\"thumbnailUrl\":\"https:\\\/\\\/www.eldiario.net\\\/portal\\\/wp-content\\\/uploads\\\/2021\\\/06\\\/ECON-Inversion-publica-llego-a-1.300.jpg\",\"articleSection\":[\"Econom\u00eda\"],\"inLanguage\":\"es\"},{\"@type\":\"WebPage\",\"@id\":\"https:\\\/\\\/www.eldiario.net\\\/portal\\\/2021\\\/06\\\/03\\\/inversion-publica-llego-a-1-300-millones-de-dolares-en-seis-meses\\\/\",\"url\":\"https:\\\/\\\/www.eldiario.net\\\/portal\\\/2021\\\/06\\\/03\\\/inversion-publica-llego-a-1-300-millones-de-dolares-en-seis-meses\\\/\",\"name\":\"Inversi\u00f3n p\u00fablica lleg\u00f3 a 1.300 millones de d\u00f3lares en seis meses - El Diario - Bolivia\",\"isPartOf\":{\"@id\":\"https:\\\/\\\/www.eldiario.net\\\/portal\\\/#website\"},\"primaryImageOfPage\":{\"@id\":\"https:\\\/\\\/www.eldiario.net\\\/portal\\\/2021\\\/06\\\/03\\\/inversion-publica-llego-a-1-300-millones-de-dolares-en-seis-meses\\\/#primaryimage\"},\"image\":{\"@id\":\"https:\\\/\\\/www.eldiario.net\\\/portal\\\/2021\\\/06\\\/03\\\/inversion-publica-llego-a-1-300-millones-de-dolares-en-seis-meses\\\/#primaryimage\"},\"thumbnailUrl\":\"https:\\\/\\\/www.eldiario.net\\\/portal\\\/wp-content\\\/uploads\\\/2021\\\/06\\\/ECON-Inversion-publica-llego-a-1.300.jpg\",\"datePublished\":\"2021-06-03T10:22:37+00:00\",\"breadcrumb\":{\"@id\":\"https:\\\/\\\/www.eldiario.net\\\/portal\\\/2021\\\/06\\\/03\\\/inversion-publica-llego-a-1-300-millones-de-dolares-en-seis-meses\\\/#breadcrumb\"},\"inLanguage\":\"es\",\"potentialAction\":[{\"@type\":\"ReadAction\",\"target\":[\"https:\\\/\\\/www.eldiario.net\\\/portal\\\/2021\\\/06\\\/03\\\/inversion-publica-llego-a-1-300-millones-de-dolares-en-seis-meses\\\/\"]}]},{\"@type\":\"ImageObject\",\"inLanguage\":\"es\",\"@id\":\"https:\\\/\\\/www.eldiario.net\\\/portal\\\/2021\\\/06\\\/03\\\/inversion-publica-llego-a-1-300-millones-de-dolares-en-seis-meses\\\/#primaryimage\",\"url\":\"https:\\\/\\\/www.eldiario.net\\\/portal\\\/wp-content\\\/uploads\\\/2021\\\/06\\\/ECON-Inversion-publica-llego-a-1.300.jpg\",\"contentUrl\":\"https:\\\/\\\/www.eldiario.net\\\/portal\\\/wp-content\\\/uploads\\\/2021\\\/06\\\/ECON-Inversion-publica-llego-a-1.300.jpg\",\"width\":1280,\"height\":590},{\"@type\":\"BreadcrumbList\",\"@id\":\"https:\\\/\\\/www.eldiario.net\\\/portal\\\/2021\\\/06\\\/03\\\/inversion-publica-llego-a-1-300-millones-de-dolares-en-seis-meses\\\/#breadcrumb\",\"itemListElement\":[{\"@type\":\"ListItem\",\"position\":1,\"name\":\"Portada\",\"item\":\"https:\\\/\\\/www.eldiario.net\\\/portal\\\/\"},{\"@type\":\"ListItem\",\"position\":2,\"name\":\"Inversi\u00f3n p\u00fablica lleg\u00f3 a 1.300 millones de d\u00f3lares en seis meses\"}]},{\"@type\":\"WebSite\",\"@id\":\"https:\\\/\\\/www.eldiario.net\\\/portal\\\/#website\",\"url\":\"https:\\\/\\\/www.eldiario.net\\\/portal\\\/\",\"name\":\"El Diario - Decano de la prensa nacional\",\"description\":\"El Diario - Decano de la prensa nacional\",\"publisher\":{\"@id\":\"https:\\\/\\\/www.eldiario.net\\\/portal\\\/#organization\"},\"potentialAction\":[{\"@type\":\"SearchAction\",\"target\":{\"@type\":\"EntryPoint\",\"urlTemplate\":\"https:\\\/\\\/www.eldiario.net\\\/portal\\\/?s={search_term_string}\"},\"query-input\":{\"@type\":\"PropertyValueSpecification\",\"valueRequired\":true,\"valueName\":\"search_term_string\"}}],\"inLanguage\":\"es\"},{\"@type\":\"Organization\",\"@id\":\"https:\\\/\\\/www.eldiario.net\\\/portal\\\/#organization\",\"name\":\"El Diario - Decano de la prensa nacional\",\"url\":\"https:\\\/\\\/www.eldiario.net\\\/portal\\\/\",\"logo\":{\"@type\":\"ImageObject\",\"inLanguage\":\"es\",\"@id\":\"https:\\\/\\\/www.eldiario.net\\\/portal\\\/#\\\/schema\\\/logo\\\/image\\\/\",\"url\":\"https:\\\/\\\/www.eldiario.net\\\/portal\\\/wp-content\\\/uploads\\\/2023\\\/07\\\/logo_ED.jpg\",\"contentUrl\":\"https:\\\/\\\/www.eldiario.net\\\/portal\\\/wp-content\\\/uploads\\\/2023\\\/07\\\/logo_ED.jpg\",\"width\":272,\"height\":52,\"caption\":\"El Diario - Decano de la prensa nacional\"},\"image\":{\"@id\":\"https:\\\/\\\/www.eldiario.net\\\/portal\\\/#\\\/schema\\\/logo\\\/image\\\/\"},\"sameAs\":[\"https:\\\/\\\/www.facebook.com\\\/eldiario.bolivia\\\/\",\"https:\\\/\\\/x.com\\\/eldiario_net\"]},{\"@type\":\"Person\",\"@id\":\"https:\\\/\\\/www.eldiario.net\\\/portal\\\/#\\\/schema\\\/person\\\/f46445640444750d7d753ccd04ae01b7\",\"name\":\"Jeanette\",\"image\":{\"@type\":\"ImageObject\",\"inLanguage\":\"es\",\"@id\":\"https:\\\/\\\/secure.gravatar.com\\\/avatar\\\/3ea2118a5f7dad2b7138b1187a6b7ee55f160b9968b66013c3a3ef39dd7e5798?s=96&d=mm&r=g\",\"url\":\"https:\\\/\\\/secure.gravatar.com\\\/avatar\\\/3ea2118a5f7dad2b7138b1187a6b7ee55f160b9968b66013c3a3ef39dd7e5798?s=96&d=mm&r=g\",\"contentUrl\":\"https:\\\/\\\/secure.gravatar.com\\\/avatar\\\/3ea2118a5f7dad2b7138b1187a6b7ee55f160b9968b66013c3a3ef39dd7e5798?s=96&d=mm&r=g\",\"caption\":\"Jeanette\"},\"sameAs\":[\"https:\\\/\\\/www.eldiario.net\\\/portal\"],\"url\":\"https:\\\/\\\/www.eldiario.net\\\/portal\\\/author\\\/jeanette\\\/\"}]}<\/script>\n<!-- \/ Yoast SEO plugin. -->","yoast_head_json":{"title":"Inversi\u00f3n p\u00fablica lleg\u00f3 a 1.300 millones de d\u00f3lares en seis meses - El Diario - Bolivia","robots":{"index":"index","follow":"follow","max-snippet":"max-snippet:-1","max-image-preview":"max-image-preview:large","max-video-preview":"max-video-preview:-1"},"canonical":"https:\/\/www.eldiario.net\/portal\/2021\/06\/03\/inversion-publica-llego-a-1-300-millones-de-dolares-en-seis-meses\/","og_locale":"es_ES","og_type":"article","og_title":"Inversi\u00f3n p\u00fablica lleg\u00f3 a 1.300 millones de d\u00f3lares en seis meses - El Diario - Bolivia","og_description":"El viceministro de Planificaci\u00f3n y Coordinaci\u00f3n, Carlos Guachalla, inform\u00f3 este mi\u00e9rcoles que la inversi\u00f3n p\u00fablica ejecutada lleg\u00f3 a 1.300 millones de d\u00f3lares en seis meses, de diciembre de 2020 a mayo de 2021. \u201cDurante estos seis meses, se ha inyectado a la econom\u00eda (boliviana) m\u00e1s de $us 1.300 millones por concepto de inversi\u00f3n p\u00fablica\u00bb, explic\u00f3 [&hellip;]","og_url":"https:\/\/www.eldiario.net\/portal\/2021\/06\/03\/inversion-publica-llego-a-1-300-millones-de-dolares-en-seis-meses\/","og_site_name":"El Diario - Bolivia","article_publisher":"https:\/\/www.facebook.com\/eldiario.bolivia\/","article_published_time":"2021-06-03T10:22:37+00:00","og_image":[{"width":1280,"height":590,"url":"https:\/\/www.eldiario.net\/portal\/wp-content\/uploads\/2021\/06\/ECON-Inversion-publica-llego-a-1.300.jpg","type":"image\/jpeg"}],"author":"Jeanette","twitter_card":"summary_large_image","twitter_creator":"@eldiario_net","twitter_site":"@eldiario_net","twitter_misc":{"Escrito por":"Jeanette","Tiempo de lectura":"2 minutos"},"schema":{"@context":"https:\/\/schema.org","@graph":[{"@type":"Article","@id":"https:\/\/www.eldiario.net\/portal\/2021\/06\/03\/inversion-publica-llego-a-1-300-millones-de-dolares-en-seis-meses\/#article","isPartOf":{"@id":"https:\/\/www.eldiario.net\/portal\/2021\/06\/03\/inversion-publica-llego-a-1-300-millones-de-dolares-en-seis-meses\/"},"author":{"name":"Jeanette","@id":"https:\/\/www.eldiario.net\/portal\/#\/schema\/person\/f46445640444750d7d753ccd04ae01b7"},"headline":"Inversi\u00f3n p\u00fablica lleg\u00f3 a 1.300 millones de d\u00f3lares en seis meses","datePublished":"2021-06-03T10:22:37+00:00","mainEntityOfPage":{"@id":"https:\/\/www.eldiario.net\/portal\/2021\/06\/03\/inversion-publica-llego-a-1-300-millones-de-dolares-en-seis-meses\/"},"wordCount":387,"publisher":{"@id":"https:\/\/www.eldiario.net\/portal\/#organization"},"image":{"@id":"https:\/\/www.eldiario.net\/portal\/2021\/06\/03\/inversion-publica-llego-a-1-300-millones-de-dolares-en-seis-meses\/#primaryimage"},"thumbnailUrl":"https:\/\/www.eldiario.net\/portal\/wp-content\/uploads\/2021\/06\/ECON-Inversion-publica-llego-a-1.300.jpg","articleSection":["Econom\u00eda"],"inLanguage":"es"},{"@type":"WebPage","@id":"https:\/\/www.eldiario.net\/portal\/2021\/06\/03\/inversion-publica-llego-a-1-300-millones-de-dolares-en-seis-meses\/","url":"https:\/\/www.eldiario.net\/portal\/2021\/06\/03\/inversion-publica-llego-a-1-300-millones-de-dolares-en-seis-meses\/","name":"Inversi\u00f3n p\u00fablica lleg\u00f3 a 1.300 millones de d\u00f3lares en seis meses - El Diario - Bolivia","isPartOf":{"@id":"https:\/\/www.eldiario.net\/portal\/#website"},"primaryImageOfPage":{"@id":"https:\/\/www.eldiario.net\/portal\/2021\/06\/03\/inversion-publica-llego-a-1-300-millones-de-dolares-en-seis-meses\/#primaryimage"},"image":{"@id":"https:\/\/www.eldiario.net\/portal\/2021\/06\/03\/inversion-publica-llego-a-1-300-millones-de-dolares-en-seis-meses\/#primaryimage"},"thumbnailUrl":"https:\/\/www.eldiario.net\/portal\/wp-content\/uploads\/2021\/06\/ECON-Inversion-publica-llego-a-1.300.jpg","datePublished":"2021-06-03T10:22:37+00:00","breadcrumb":{"@id":"https:\/\/www.eldiario.net\/portal\/2021\/06\/03\/inversion-publica-llego-a-1-300-millones-de-dolares-en-seis-meses\/#breadcrumb"},"inLanguage":"es","potentialAction":[{"@type":"ReadAction","target":["https:\/\/www.eldiario.net\/portal\/2021\/06\/03\/inversion-publica-llego-a-1-300-millones-de-dolares-en-seis-meses\/"]}]},{"@type":"ImageObject","inLanguage":"es","@id":"https:\/\/www.eldiario.net\/portal\/2021\/06\/03\/inversion-publica-llego-a-1-300-millones-de-dolares-en-seis-meses\/#primaryimage","url":"https:\/\/www.eldiario.net\/portal\/wp-content\/uploads\/2021\/06\/ECON-Inversion-publica-llego-a-1.300.jpg","contentUrl":"https:\/\/www.eldiario.net\/portal\/wp-content\/uploads\/2021\/06\/ECON-Inversion-publica-llego-a-1.300.jpg","width":1280,"height":590},{"@type":"BreadcrumbList","@id":"https:\/\/www.eldiario.net\/portal\/2021\/06\/03\/inversion-publica-llego-a-1-300-millones-de-dolares-en-seis-meses\/#breadcrumb","itemListElement":[{"@type":"ListItem","position":1,"name":"Portada","item":"https:\/\/www.eldiario.net\/portal\/"},{"@type":"ListItem","position":2,"name":"Inversi\u00f3n p\u00fablica lleg\u00f3 a 1.300 millones de d\u00f3lares en seis meses"}]},{"@type":"WebSite","@id":"https:\/\/www.eldiario.net\/portal\/#website","url":"https:\/\/www.eldiario.net\/portal\/","name":"El Diario - Decano de la prensa nacional","description":"El Diario - Decano de la prensa nacional","publisher":{"@id":"https:\/\/www.eldiario.net\/portal\/#organization"},"potentialAction":[{"@type":"SearchAction","target":{"@type":"EntryPoint","urlTemplate":"https:\/\/www.eldiario.net\/portal\/?s={search_term_string}"},"query-input":{"@type":"PropertyValueSpecification","valueRequired":true,"valueName":"search_term_string"}}],"inLanguage":"es"},{"@type":"Organization","@id":"https:\/\/www.eldiario.net\/portal\/#organization","name":"El Diario - Decano de la prensa nacional","url":"https:\/\/www.eldiario.net\/portal\/","logo":{"@type":"ImageObject","inLanguage":"es","@id":"https:\/\/www.eldiario.net\/portal\/#\/schema\/logo\/image\/","url":"https:\/\/www.eldiario.net\/portal\/wp-content\/uploads\/2023\/07\/logo_ED.jpg","contentUrl":"https:\/\/www.eldiario.net\/portal\/wp-content\/uploads\/2023\/07\/logo_ED.jpg","width":272,"height":52,"caption":"El Diario - Decano de la prensa nacional"},"image":{"@id":"https:\/\/www.eldiario.net\/portal\/#\/schema\/logo\/image\/"},"sameAs":["https:\/\/www.facebook.com\/eldiario.bolivia\/","https:\/\/x.com\/eldiario_net"]},{"@type":"Person","@id":"https:\/\/www.eldiario.net\/portal\/#\/schema\/person\/f46445640444750d7d753ccd04ae01b7","name":"Jeanette","image":{"@type":"ImageObject","inLanguage":"es","@id":"https:\/\/secure.gravatar.com\/avatar\/3ea2118a5f7dad2b7138b1187a6b7ee55f160b9968b66013c3a3ef39dd7e5798?s=96&d=mm&r=g","url":"https:\/\/secure.gravatar.com\/avatar\/3ea2118a5f7dad2b7138b1187a6b7ee55f160b9968b66013c3a3ef39dd7e5798?s=96&d=mm&r=g","contentUrl":"https:\/\/secure.gravatar.com\/avatar\/3ea2118a5f7dad2b7138b1187a6b7ee55f160b9968b66013c3a3ef39dd7e5798?s=96&d=mm&r=g","caption":"Jeanette"},"sameAs":["https:\/\/www.eldiario.net\/portal"],"url":"https:\/\/www.eldiario.net\/portal\/author\/jeanette\/"}]}},"_links":{"self":[{"href":"https:\/\/www.eldiario.net\/portal\/wp-json\/wp\/v2\/posts\/8044","targetHints":{"allow":["GET"]}}],"collection":[{"href":"https:\/\/www.eldiario.net\/portal\/wp-json\/wp\/v2\/posts"}],"about":[{"href":"https:\/\/www.eldiario.net\/portal\/wp-json\/wp\/v2\/types\/post"}],"author":[{"embeddable":true,"href":"https:\/\/www.eldiario.net\/portal\/wp-json\/wp\/v2\/users\/1"}],"replies":[{"embeddable":true,"href":"https:\/\/www.eldiario.net\/portal\/wp-json\/wp\/v2\/comments?post=8044"}],"version-history":[{"count":0,"href":"https:\/\/www.eldiario.net\/portal\/wp-json\/wp\/v2\/posts\/8044\/revisions"}],"wp:featuredmedia":[{"embeddable":true,"href":"https:\/\/www.eldiario.net\/portal\/wp-json\/wp\/v2\/media\/8045"}],"wp:attachment":[{"href":"https:\/\/www.eldiario.net\/portal\/wp-json\/wp\/v2\/media?parent=8044"}],"wp:term":[{"taxonomy":"category","embeddable":true,"href":"https:\/\/www.eldiario.net\/portal\/wp-json\/wp\/v2\/categories?post=8044"},{"taxonomy":"post_tag","embeddable":true,"href":"https:\/\/www.eldiario.net\/portal\/wp-json\/wp\/v2\/tags?post=8044"}],"curies":[{"name":"wp","href":"https:\/\/api.w.org\/{rel}","templated":true}]}}