{"id":80433,"date":"2022-05-01T05:58:12","date_gmt":"2022-05-01T09:58:12","guid":{"rendered":"https:\/\/www.eldiario.net\/portal\/?p=80433"},"modified":"2022-05-01T05:58:12","modified_gmt":"2022-05-01T09:58:12","slug":"plantean-que-la-alp-elija-a-fiscales-departamentales","status":"publish","type":"post","link":"https:\/\/www.eldiario.net\/portal\/2022\/05\/01\/plantean-que-la-alp-elija-a-fiscales-departamentales\/","title":{"rendered":"Plantean que la ALP elija  a fiscales departamentales"},"content":{"rendered":"<p>Mediante un proyecto de ley, el MAS propone que los fiscales departamentales ya no ser\u00e1n designados por el Fiscal General del Estado sino por mayor\u00eda de la Asamblea Legislativa Plurinacional.<br \/>\nUn experto advierte que esto significar\u00eda un \u201cenorme retroceso\u201d en los esfuerzos de la justicia para mantener su independencia.<br \/>\nEl proyecto de ley 259\/20 de modificaci\u00f3n de la Ley 260 o Ley Org\u00e1nica del Ministerio P\u00fablico del 11 de julio de 2012 plantea que la Asamblea Legislativa no solo elija al Fiscal General del Estado sino tambi\u00e9n a los fiscales departamentales a trav\u00e9s de un proceso de preselecci\u00f3n.<br \/>\nEl objeto del proyecto de ley es modificar el art\u00edculo 33 (Requisitos, designaci\u00f3n y periodo de funciones) y el numeral 30 del art\u00edculo 30 (Atribuciones) de la Ley \u00d3rganica del Ministerio P\u00fablico.<\/p>\n<p>LA NORMA VIGENTE<br \/>\nVERSUS EL PROYECTO<br \/>\nEl par\u00e1grafo II del art\u00edculo 33 de la norma vigente se\u00f1ala que \u201clas y los fiscales departamentales ser\u00e1n designadas o designados por la o el Fiscal General del Estado, previa convocartoria p\u00fablica y calificaci\u00f3n de capacidad profesional y m\u00e9ritos a trav\u00e9s de concurso p\u00fablico\u201d.<br \/>\nLos diputados proyectistas y abogados, Gladys Quispe Chura y Hern\u00e1n Isa\u00edas Dur\u00e1n Lazo, plantean el siguiente texto:<br \/>\n\u201cLas o los fiscales departamentales ser\u00e1n designados por mayor\u00eda de la Asamblea Legislativa Plurinacional, previa convocatoria p\u00fablica, calificaci\u00f3n de capacidad profesional y m\u00e9ritos a trav\u00e9s de concurso p\u00fablico realizado por la comisi\u00f3n mixta competente, acuerdo a reglamento\u201d.<br \/>\nTambi\u00e9n planten que \u201clas o los fiscales departamentales ser\u00e1n evaluados anualmente por la comisi\u00f3n mixta de la Asamblea Legislativa Plurinacional competente, previo informe del Fiscal General del Estado\u201d.<br \/>\nEl numeral 30 del art\u00edculo 30 de la Ley Org\u00e1nica del Ministerio P\u00fablico indica que el Fiscal General del Estado tiene la atribuci\u00f3n de \u201cefectuar y revocar nombramientos de fiscales, conceder licencias, aceptar o rechazar renuncias de las y los fiscales departamentales, superiores y de materia conforme al reglamento\u201d.<br \/>\nEl MAS plantea que el Fiscal General del Estado tenga la atribuci\u00f3n de \u201cefectuar y revocar nombramientos de fiscales superiores y fiscales de materia y conceder licencias de las y los fiscales departamentales, fiscales superiores y fiscales de materia, conforme a reglamento\u201d.<\/p>\n<p>EL ARGUMENTO<br \/>\nEn la exposici\u00f3n de motivos, los parlamentarios proyectistas se\u00f1alan que con esta norma se mejorar\u00e1 las \u201cdebilidades y vulnerabilidades institucionales\u201d.<br \/>\n\u201cSe considera importante que el mismo pueblo boliviano a trav\u00e9s de sus representantes no solo elija a la m\u00e1xima autoridad fiscal, que es el Fiscal General del Estado, sino tambi\u00e9n a los fiscales departamentales\u201d, se\u00f1ala.<br \/>\nTambi\u00e9n indica que de esta manera se podr\u00e1 coparticipar en la responsabilidad, transparencia, meritocracia que lleva la designaci\u00f3n de las autoridades departamentales del Ministerio P\u00fablico, de forma que se refuerce a la institucionalidad del Ministerio P\u00fablico.<\/p>\n<p>ENORME RETROCESO<br \/>\nEl abogado y oficial de Programa Senior de la Fundaci\u00f3n para el Debido Proceso (DPLF), Ramiro Or\u00edas, puso en evidencia la gravedad de esta reforma.<br \/>\nSi esta norma es aprobada, explica el experto, la Asamblea tendr\u00e1 atribuciones para evaluar, remover y aceptar la renuncia de los servidores p\u00fablicos, cercenando las actuales atribuciones del Fiscal General de actuar en esas materias conforme a los procedimientos internos de este \u00f3rgano constitucional aut\u00f3nomo.<br \/>\n\u201cEsto significar\u00eda un enorme retroceso en los esfuerzos de reforma de la justicia en Bolivia, lo que adem\u00e1s va en contravenci\u00f3n a las recomendaciones y est\u00e1ndares internacionales pronunciados por diversos organismos internacionales y regionales de derechos humanos, que de manera espec\u00edfica y consistente han establecido que los Estados tienen el deber de asegurar las condiciones para que las fiscal\u00edas desarrollen investigaciones objetivas, independientes e imparciales, garantizando la autonom\u00eda de las funciones del Ministerio P\u00fablico\u201d, escribe en un art\u00edculo titulado Autonom\u00eda o subordinaci\u00f3n del Ministerio P\u00fablico en Bolivia.<br \/>\nDespu\u00e9s hace una relaci\u00f3n de recomendaciones de organismos y entidades internacionales sobre la importancia de que el Ministerio P\u00fablico mantenga su independencia como la Relator\u00eda Especial sobre la independencia de los magistrados y abogados de 2012 que fue ratificado en 2020.<br \/>\nEl informe A\/HRC\/44\/47 de 2020 se\u00f1ala que \u201cquienes integran el Ministerio P\u00fablico ocupan una posici\u00f3n clave en el sistema de justicia penal y ejercen responsabilidades de la mayor relevancia. No se puede concebir el Estado de derecho, ni hacer valer una efectiva procuraci\u00f3n de justicia si sus operadores no pueden actuar con independencia, integridad e imparcialidad, en condiciones de autonom\u00eda, objetividad y neutralidad para el desempe\u00f1o de una funci\u00f3n tan sensible y de la mayor responsabilidad\u201d.<br \/>\n\u201cEn suma, el marco internacional es muy claro en materia de asegurar una fiscal\u00eda como \u00f3rgano aut\u00f3nomo, como una garant\u00eda de investigaciones objetivas e independientes. Por lo que no parece razonable devolverles a los poderes pol\u00edticos una atribuci\u00f3n, como la de selecci\u00f3n y designaci\u00f3n de autoridades fiscales de nivel departamental, siendo necesario m\u00e1s bien mejorar los procesos internos del Ministerio P\u00fablico, para que cumplan con esa labor de manera transparente, basada en m\u00e9ritos y calificaciones profesionales y abierta al escrutinio de la ciudadan\u00eda\u201d, sintetiza en su art\u00edculo. (Br\u00fajula Digital)<\/p>\n","protected":false},"excerpt":{"rendered":"<p>Mediante un proyecto de ley, el MAS propone que los fiscales departamentales ya no ser\u00e1n designados por el Fiscal General del Estado sino por mayor\u00eda de la Asamblea Legislativa Plurinacional. Un experto advierte que esto significar\u00eda un \u201cenorme retroceso\u201d en los esfuerzos de la justicia para mantener su independencia. El proyecto de ley 259\/20 de [&hellip;]<\/p>\n","protected":false},"author":1,"featured_media":80441,"comment_status":"closed","ping_status":"closed","sticky":false,"template":"","format":"standard","meta":{"_acf_changed":false,"footnotes":""},"categories":[39],"tags":[],"class_list":["post-80433","post","type-post","status-publish","format-standard","has-post-thumbnail","category-sociedad"],"acf":{"antetitulo":""},"yoast_head":"<!-- This site is optimized with the Yoast SEO plugin v28.4 - https:\/\/yoast.com\/product\/yoast-seo-wordpress\/ -->\n<title>Plantean que la ALP elija a fiscales departamentales - El Diario - Bolivia<\/title>\n<meta name=\"robots\" content=\"index, follow, max-snippet:-1, max-image-preview:large, max-video-preview:-1\" \/>\n<link rel=\"canonical\" href=\"https:\/\/www.eldiario.net\/portal\/2022\/05\/01\/plantean-que-la-alp-elija-a-fiscales-departamentales\/\" \/>\n<meta property=\"og:locale\" content=\"es_ES\" \/>\n<meta property=\"og:type\" content=\"article\" \/>\n<meta property=\"og:title\" content=\"Plantean que la ALP elija a fiscales departamentales - El Diario - Bolivia\" \/>\n<meta property=\"og:description\" content=\"Mediante un proyecto de ley, el MAS propone que los fiscales departamentales ya no ser\u00e1n designados por el Fiscal General del Estado sino por mayor\u00eda de la Asamblea Legislativa Plurinacional. Un experto advierte que esto significar\u00eda un \u201cenorme retroceso\u201d en los esfuerzos de la justicia para mantener su independencia. El proyecto de ley 259\/20 de [&hellip;]\" \/>\n<meta property=\"og:url\" content=\"https:\/\/www.eldiario.net\/portal\/2022\/05\/01\/plantean-que-la-alp-elija-a-fiscales-departamentales\/\" \/>\n<meta property=\"og:site_name\" content=\"El Diario - Bolivia\" \/>\n<meta property=\"article:publisher\" content=\"https:\/\/www.facebook.com\/eldiario.bolivia\/\" \/>\n<meta property=\"article:published_time\" content=\"2022-05-01T09:58:12+00:00\" \/>\n<meta name=\"author\" content=\"Jeanette\" \/>\n<meta name=\"twitter:card\" content=\"summary_large_image\" \/>\n<meta name=\"twitter:creator\" content=\"@eldiario_net\" \/>\n<meta name=\"twitter:site\" content=\"@eldiario_net\" \/>\n<meta name=\"twitter:label1\" content=\"Escrito por\" \/>\n\t<meta name=\"twitter:data1\" content=\"Jeanette\" \/>\n\t<meta name=\"twitter:label2\" content=\"Tiempo de lectura\" \/>\n\t<meta name=\"twitter:data2\" content=\"4 minutos\" \/>\n<script type=\"application\/ld+json\" class=\"yoast-schema-graph\">{\"@context\":\"https:\\\/\\\/schema.org\",\"@graph\":[{\"@type\":\"Article\",\"@id\":\"https:\\\/\\\/www.eldiario.net\\\/portal\\\/2022\\\/05\\\/01\\\/plantean-que-la-alp-elija-a-fiscales-departamentales\\\/#article\",\"isPartOf\":{\"@id\":\"https:\\\/\\\/www.eldiario.net\\\/portal\\\/2022\\\/05\\\/01\\\/plantean-que-la-alp-elija-a-fiscales-departamentales\\\/\"},\"author\":{\"name\":\"Jeanette\",\"@id\":\"https:\\\/\\\/www.eldiario.net\\\/portal\\\/#\\\/schema\\\/person\\\/f46445640444750d7d753ccd04ae01b7\"},\"headline\":\"Plantean que la ALP elija a fiscales departamentales\",\"datePublished\":\"2022-05-01T09:58:12+00:00\",\"mainEntityOfPage\":{\"@id\":\"https:\\\/\\\/www.eldiario.net\\\/portal\\\/2022\\\/05\\\/01\\\/plantean-que-la-alp-elija-a-fiscales-departamentales\\\/\"},\"wordCount\":898,\"publisher\":{\"@id\":\"https:\\\/\\\/www.eldiario.net\\\/portal\\\/#organization\"},\"image\":{\"@id\":\"https:\\\/\\\/www.eldiario.net\\\/portal\\\/2022\\\/05\\\/01\\\/plantean-que-la-alp-elija-a-fiscales-departamentales\\\/#primaryimage\"},\"thumbnailUrl\":\"\",\"articleSection\":[\"Sociedad - Seguridad\"],\"inLanguage\":\"es\"},{\"@type\":\"WebPage\",\"@id\":\"https:\\\/\\\/www.eldiario.net\\\/portal\\\/2022\\\/05\\\/01\\\/plantean-que-la-alp-elija-a-fiscales-departamentales\\\/\",\"url\":\"https:\\\/\\\/www.eldiario.net\\\/portal\\\/2022\\\/05\\\/01\\\/plantean-que-la-alp-elija-a-fiscales-departamentales\\\/\",\"name\":\"Plantean que la ALP elija a fiscales departamentales - El Diario - Bolivia\",\"isPartOf\":{\"@id\":\"https:\\\/\\\/www.eldiario.net\\\/portal\\\/#website\"},\"primaryImageOfPage\":{\"@id\":\"https:\\\/\\\/www.eldiario.net\\\/portal\\\/2022\\\/05\\\/01\\\/plantean-que-la-alp-elija-a-fiscales-departamentales\\\/#primaryimage\"},\"image\":{\"@id\":\"https:\\\/\\\/www.eldiario.net\\\/portal\\\/2022\\\/05\\\/01\\\/plantean-que-la-alp-elija-a-fiscales-departamentales\\\/#primaryimage\"},\"thumbnailUrl\":\"\",\"datePublished\":\"2022-05-01T09:58:12+00:00\",\"breadcrumb\":{\"@id\":\"https:\\\/\\\/www.eldiario.net\\\/portal\\\/2022\\\/05\\\/01\\\/plantean-que-la-alp-elija-a-fiscales-departamentales\\\/#breadcrumb\"},\"inLanguage\":\"es\",\"potentialAction\":[{\"@type\":\"ReadAction\",\"target\":[\"https:\\\/\\\/www.eldiario.net\\\/portal\\\/2022\\\/05\\\/01\\\/plantean-que-la-alp-elija-a-fiscales-departamentales\\\/\"]}]},{\"@type\":\"ImageObject\",\"inLanguage\":\"es\",\"@id\":\"https:\\\/\\\/www.eldiario.net\\\/portal\\\/2022\\\/05\\\/01\\\/plantean-que-la-alp-elija-a-fiscales-departamentales\\\/#primaryimage\",\"url\":\"\",\"contentUrl\":\"\"},{\"@type\":\"BreadcrumbList\",\"@id\":\"https:\\\/\\\/www.eldiario.net\\\/portal\\\/2022\\\/05\\\/01\\\/plantean-que-la-alp-elija-a-fiscales-departamentales\\\/#breadcrumb\",\"itemListElement\":[{\"@type\":\"ListItem\",\"position\":1,\"name\":\"Portada\",\"item\":\"https:\\\/\\\/www.eldiario.net\\\/portal\\\/\"},{\"@type\":\"ListItem\",\"position\":2,\"name\":\"Plantean que la ALP elija a fiscales departamentales\"}]},{\"@type\":\"WebSite\",\"@id\":\"https:\\\/\\\/www.eldiario.net\\\/portal\\\/#website\",\"url\":\"https:\\\/\\\/www.eldiario.net\\\/portal\\\/\",\"name\":\"El Diario - Decano de la prensa nacional\",\"description\":\"El Diario - Decano de la prensa nacional\",\"publisher\":{\"@id\":\"https:\\\/\\\/www.eldiario.net\\\/portal\\\/#organization\"},\"potentialAction\":[{\"@type\":\"SearchAction\",\"target\":{\"@type\":\"EntryPoint\",\"urlTemplate\":\"https:\\\/\\\/www.eldiario.net\\\/portal\\\/?s={search_term_string}\"},\"query-input\":{\"@type\":\"PropertyValueSpecification\",\"valueRequired\":true,\"valueName\":\"search_term_string\"}}],\"inLanguage\":\"es\"},{\"@type\":\"Organization\",\"@id\":\"https:\\\/\\\/www.eldiario.net\\\/portal\\\/#organization\",\"name\":\"El Diario - Decano de la prensa nacional\",\"url\":\"https:\\\/\\\/www.eldiario.net\\\/portal\\\/\",\"logo\":{\"@type\":\"ImageObject\",\"inLanguage\":\"es\",\"@id\":\"https:\\\/\\\/www.eldiario.net\\\/portal\\\/#\\\/schema\\\/logo\\\/image\\\/\",\"url\":\"https:\\\/\\\/www.eldiario.net\\\/portal\\\/wp-content\\\/uploads\\\/2023\\\/07\\\/logo_ED.jpg\",\"contentUrl\":\"https:\\\/\\\/www.eldiario.net\\\/portal\\\/wp-content\\\/uploads\\\/2023\\\/07\\\/logo_ED.jpg\",\"width\":272,\"height\":52,\"caption\":\"El Diario - Decano de la prensa nacional\"},\"image\":{\"@id\":\"https:\\\/\\\/www.eldiario.net\\\/portal\\\/#\\\/schema\\\/logo\\\/image\\\/\"},\"sameAs\":[\"https:\\\/\\\/www.facebook.com\\\/eldiario.bolivia\\\/\",\"https:\\\/\\\/x.com\\\/eldiario_net\"]},{\"@type\":\"Person\",\"@id\":\"https:\\\/\\\/www.eldiario.net\\\/portal\\\/#\\\/schema\\\/person\\\/f46445640444750d7d753ccd04ae01b7\",\"name\":\"Jeanette\",\"image\":{\"@type\":\"ImageObject\",\"inLanguage\":\"es\",\"@id\":\"https:\\\/\\\/secure.gravatar.com\\\/avatar\\\/3ea2118a5f7dad2b7138b1187a6b7ee55f160b9968b66013c3a3ef39dd7e5798?s=96&d=mm&r=g\",\"url\":\"https:\\\/\\\/secure.gravatar.com\\\/avatar\\\/3ea2118a5f7dad2b7138b1187a6b7ee55f160b9968b66013c3a3ef39dd7e5798?s=96&d=mm&r=g\",\"contentUrl\":\"https:\\\/\\\/secure.gravatar.com\\\/avatar\\\/3ea2118a5f7dad2b7138b1187a6b7ee55f160b9968b66013c3a3ef39dd7e5798?s=96&d=mm&r=g\",\"caption\":\"Jeanette\"},\"sameAs\":[\"https:\\\/\\\/www.eldiario.net\\\/portal\"],\"url\":\"https:\\\/\\\/www.eldiario.net\\\/portal\\\/author\\\/jeanette\\\/\"}]}<\/script>\n<!-- \/ Yoast SEO plugin. -->","yoast_head_json":{"title":"Plantean que la ALP elija a fiscales departamentales - El Diario - Bolivia","robots":{"index":"index","follow":"follow","max-snippet":"max-snippet:-1","max-image-preview":"max-image-preview:large","max-video-preview":"max-video-preview:-1"},"canonical":"https:\/\/www.eldiario.net\/portal\/2022\/05\/01\/plantean-que-la-alp-elija-a-fiscales-departamentales\/","og_locale":"es_ES","og_type":"article","og_title":"Plantean que la ALP elija a fiscales departamentales - El Diario - Bolivia","og_description":"Mediante un proyecto de ley, el MAS propone que los fiscales departamentales ya no ser\u00e1n designados por el Fiscal General del Estado sino por mayor\u00eda de la Asamblea Legislativa Plurinacional. Un experto advierte que esto significar\u00eda un \u201cenorme retroceso\u201d en los esfuerzos de la justicia para mantener su independencia. El proyecto de ley 259\/20 de [&hellip;]","og_url":"https:\/\/www.eldiario.net\/portal\/2022\/05\/01\/plantean-que-la-alp-elija-a-fiscales-departamentales\/","og_site_name":"El Diario - Bolivia","article_publisher":"https:\/\/www.facebook.com\/eldiario.bolivia\/","article_published_time":"2022-05-01T09:58:12+00:00","author":"Jeanette","twitter_card":"summary_large_image","twitter_creator":"@eldiario_net","twitter_site":"@eldiario_net","twitter_misc":{"Escrito por":"Jeanette","Tiempo de lectura":"4 minutos"},"schema":{"@context":"https:\/\/schema.org","@graph":[{"@type":"Article","@id":"https:\/\/www.eldiario.net\/portal\/2022\/05\/01\/plantean-que-la-alp-elija-a-fiscales-departamentales\/#article","isPartOf":{"@id":"https:\/\/www.eldiario.net\/portal\/2022\/05\/01\/plantean-que-la-alp-elija-a-fiscales-departamentales\/"},"author":{"name":"Jeanette","@id":"https:\/\/www.eldiario.net\/portal\/#\/schema\/person\/f46445640444750d7d753ccd04ae01b7"},"headline":"Plantean que la ALP elija a fiscales departamentales","datePublished":"2022-05-01T09:58:12+00:00","mainEntityOfPage":{"@id":"https:\/\/www.eldiario.net\/portal\/2022\/05\/01\/plantean-que-la-alp-elija-a-fiscales-departamentales\/"},"wordCount":898,"publisher":{"@id":"https:\/\/www.eldiario.net\/portal\/#organization"},"image":{"@id":"https:\/\/www.eldiario.net\/portal\/2022\/05\/01\/plantean-que-la-alp-elija-a-fiscales-departamentales\/#primaryimage"},"thumbnailUrl":"","articleSection":["Sociedad - Seguridad"],"inLanguage":"es"},{"@type":"WebPage","@id":"https:\/\/www.eldiario.net\/portal\/2022\/05\/01\/plantean-que-la-alp-elija-a-fiscales-departamentales\/","url":"https:\/\/www.eldiario.net\/portal\/2022\/05\/01\/plantean-que-la-alp-elija-a-fiscales-departamentales\/","name":"Plantean que la ALP elija a fiscales departamentales - El Diario - Bolivia","isPartOf":{"@id":"https:\/\/www.eldiario.net\/portal\/#website"},"primaryImageOfPage":{"@id":"https:\/\/www.eldiario.net\/portal\/2022\/05\/01\/plantean-que-la-alp-elija-a-fiscales-departamentales\/#primaryimage"},"image":{"@id":"https:\/\/www.eldiario.net\/portal\/2022\/05\/01\/plantean-que-la-alp-elija-a-fiscales-departamentales\/#primaryimage"},"thumbnailUrl":"","datePublished":"2022-05-01T09:58:12+00:00","breadcrumb":{"@id":"https:\/\/www.eldiario.net\/portal\/2022\/05\/01\/plantean-que-la-alp-elija-a-fiscales-departamentales\/#breadcrumb"},"inLanguage":"es","potentialAction":[{"@type":"ReadAction","target":["https:\/\/www.eldiario.net\/portal\/2022\/05\/01\/plantean-que-la-alp-elija-a-fiscales-departamentales\/"]}]},{"@type":"ImageObject","inLanguage":"es","@id":"https:\/\/www.eldiario.net\/portal\/2022\/05\/01\/plantean-que-la-alp-elija-a-fiscales-departamentales\/#primaryimage","url":"","contentUrl":""},{"@type":"BreadcrumbList","@id":"https:\/\/www.eldiario.net\/portal\/2022\/05\/01\/plantean-que-la-alp-elija-a-fiscales-departamentales\/#breadcrumb","itemListElement":[{"@type":"ListItem","position":1,"name":"Portada","item":"https:\/\/www.eldiario.net\/portal\/"},{"@type":"ListItem","position":2,"name":"Plantean que la ALP elija a fiscales departamentales"}]},{"@type":"WebSite","@id":"https:\/\/www.eldiario.net\/portal\/#website","url":"https:\/\/www.eldiario.net\/portal\/","name":"El Diario - Decano de la prensa nacional","description":"El Diario - Decano de la prensa nacional","publisher":{"@id":"https:\/\/www.eldiario.net\/portal\/#organization"},"potentialAction":[{"@type":"SearchAction","target":{"@type":"EntryPoint","urlTemplate":"https:\/\/www.eldiario.net\/portal\/?s={search_term_string}"},"query-input":{"@type":"PropertyValueSpecification","valueRequired":true,"valueName":"search_term_string"}}],"inLanguage":"es"},{"@type":"Organization","@id":"https:\/\/www.eldiario.net\/portal\/#organization","name":"El Diario - Decano de la prensa nacional","url":"https:\/\/www.eldiario.net\/portal\/","logo":{"@type":"ImageObject","inLanguage":"es","@id":"https:\/\/www.eldiario.net\/portal\/#\/schema\/logo\/image\/","url":"https:\/\/www.eldiario.net\/portal\/wp-content\/uploads\/2023\/07\/logo_ED.jpg","contentUrl":"https:\/\/www.eldiario.net\/portal\/wp-content\/uploads\/2023\/07\/logo_ED.jpg","width":272,"height":52,"caption":"El Diario - Decano de la prensa nacional"},"image":{"@id":"https:\/\/www.eldiario.net\/portal\/#\/schema\/logo\/image\/"},"sameAs":["https:\/\/www.facebook.com\/eldiario.bolivia\/","https:\/\/x.com\/eldiario_net"]},{"@type":"Person","@id":"https:\/\/www.eldiario.net\/portal\/#\/schema\/person\/f46445640444750d7d753ccd04ae01b7","name":"Jeanette","image":{"@type":"ImageObject","inLanguage":"es","@id":"https:\/\/secure.gravatar.com\/avatar\/3ea2118a5f7dad2b7138b1187a6b7ee55f160b9968b66013c3a3ef39dd7e5798?s=96&d=mm&r=g","url":"https:\/\/secure.gravatar.com\/avatar\/3ea2118a5f7dad2b7138b1187a6b7ee55f160b9968b66013c3a3ef39dd7e5798?s=96&d=mm&r=g","contentUrl":"https:\/\/secure.gravatar.com\/avatar\/3ea2118a5f7dad2b7138b1187a6b7ee55f160b9968b66013c3a3ef39dd7e5798?s=96&d=mm&r=g","caption":"Jeanette"},"sameAs":["https:\/\/www.eldiario.net\/portal"],"url":"https:\/\/www.eldiario.net\/portal\/author\/jeanette\/"}]}},"_links":{"self":[{"href":"https:\/\/www.eldiario.net\/portal\/wp-json\/wp\/v2\/posts\/80433","targetHints":{"allow":["GET"]}}],"collection":[{"href":"https:\/\/www.eldiario.net\/portal\/wp-json\/wp\/v2\/posts"}],"about":[{"href":"https:\/\/www.eldiario.net\/portal\/wp-json\/wp\/v2\/types\/post"}],"author":[{"embeddable":true,"href":"https:\/\/www.eldiario.net\/portal\/wp-json\/wp\/v2\/users\/1"}],"replies":[{"embeddable":true,"href":"https:\/\/www.eldiario.net\/portal\/wp-json\/wp\/v2\/comments?post=80433"}],"version-history":[{"count":0,"href":"https:\/\/www.eldiario.net\/portal\/wp-json\/wp\/v2\/posts\/80433\/revisions"}],"wp:attachment":[{"href":"https:\/\/www.eldiario.net\/portal\/wp-json\/wp\/v2\/media?parent=80433"}],"wp:term":[{"taxonomy":"category","embeddable":true,"href":"https:\/\/www.eldiario.net\/portal\/wp-json\/wp\/v2\/categories?post=80433"},{"taxonomy":"post_tag","embeddable":true,"href":"https:\/\/www.eldiario.net\/portal\/wp-json\/wp\/v2\/tags?post=80433"}],"curies":[{"name":"wp","href":"https:\/\/api.w.org\/{rel}","templated":true}]}}