{"id":80431,"date":"2022-05-01T05:57:45","date_gmt":"2022-05-01T09:57:45","guid":{"rendered":"https:\/\/www.eldiario.net\/portal\/?p=80431"},"modified":"2022-05-01T05:57:45","modified_gmt":"2022-05-01T09:57:45","slug":"en-investigacion-deceso-de-mujer-en-alojamiento","status":"publish","type":"post","link":"https:\/\/www.eldiario.net\/portal\/2022\/05\/01\/en-investigacion-deceso-de-mujer-en-alojamiento\/","title":{"rendered":"En investigaci\u00f3n deceso de mujer en alojamiento"},"content":{"rendered":"<p>El Ministerio P\u00fablico investiga un nuevo hecho de feminicidio cometido en contra de una mujer no identificada, de 30 a 35 a\u00f1os de edad, quien muri\u00f3 estrangulada en un alojamiento cerca al centro pace\u00f1o.<br \/>\nLa mujer habr\u00eda llegado acompa\u00f1ada de un hombre de 34 a\u00f1os de edad, aproximadamente, quien de acuerdo a las declaraciones del administrador de alojamiento, habr\u00eda salido de la habitaci\u00f3n indicando que ir\u00eda a comprar desayuno y volver\u00eda por su pareja.<br \/>\n\u201cUna vez que el Ministerio P\u00fablico conoci\u00f3 el hecho, se traslad\u00f3 al equipo multidisciplinario de la Fiscal\u00eda Especializada de Delitos Contra la Vida para realizar el procesamiento de la escena del crimen, colectar muestras biol\u00f3gicas y gen\u00e9ticas, adem\u00e1s de realizar el levantamiento legal del cad\u00e1ver para someterlo a la autopsia de ley y establecer la causa de la muerte. De acuerdo la examen f\u00edsico externo, la mujer ten\u00eda signos de una estrangulaci\u00f3n manual, la v\u00edctima a\u00fan no fue identificada\u201d, dijo el fiscal departamental William Alave.<br \/>\nLa fiscal de Delitos Contra la Vida, Janeth Cortez, inform\u00f3 que el hecho fue reportado a las autoridades policiales por el encargado del alojamiento Juan XIII ubicada en la zona Bel\u00e9n, de la ciudad de La Paz, quien indic\u00f3 que el 28 de abril de 2022 a horas 19:00, aproximadamente, ingres\u00f3 a la habitaci\u00f3n una pareja que deb\u00eda hospedarse hasta las 11:00 de la ma\u00f1ana del viernes, pero cuando fue a tocar la puerta para que desalojen la habitaci\u00f3n nadie respondi\u00f3, por ello fue al m\u00f3dulo policial m\u00e1s cercano para reportar el hecho e informar que unas horas antes el hombre sali\u00f3 de la habitaci\u00f3n indicando que volver\u00eda luego de comprar desayuno para su enamorada, pero no retorn\u00f3.<\/p>\n","protected":false},"excerpt":{"rendered":"<p>El Ministerio P\u00fablico investiga un nuevo hecho de feminicidio cometido en contra de una mujer no identificada, de 30 a 35 a\u00f1os de edad, quien muri\u00f3 estrangulada en un alojamiento cerca al centro pace\u00f1o. La mujer habr\u00eda llegado acompa\u00f1ada de un hombre de 34 a\u00f1os de edad, aproximadamente, quien de acuerdo a las declaraciones del [&hellip;]<\/p>\n","protected":false},"author":1,"featured_media":0,"comment_status":"closed","ping_status":"closed","sticky":false,"template":"","format":"standard","meta":{"_acf_changed":false,"footnotes":""},"categories":[39],"tags":[],"class_list":["post-80431","post","type-post","status-publish","format-standard","category-sociedad"],"acf":{"antetitulo":""},"yoast_head":"<!-- This site is optimized with the Yoast SEO plugin v28.3 - https:\/\/yoast.com\/product\/yoast-seo-wordpress\/ -->\n<title>En investigaci\u00f3n deceso de mujer en alojamiento - El Diario - Bolivia<\/title>\n<meta name=\"robots\" content=\"index, follow, max-snippet:-1, max-image-preview:large, max-video-preview:-1\" \/>\n<link rel=\"canonical\" href=\"https:\/\/www.eldiario.net\/portal\/2022\/05\/01\/en-investigacion-deceso-de-mujer-en-alojamiento\/\" \/>\n<meta property=\"og:locale\" content=\"es_ES\" \/>\n<meta property=\"og:type\" content=\"article\" \/>\n<meta property=\"og:title\" content=\"En investigaci\u00f3n deceso de mujer en alojamiento - El Diario - Bolivia\" \/>\n<meta property=\"og:description\" content=\"El Ministerio P\u00fablico investiga un nuevo hecho de feminicidio cometido en contra de una mujer no identificada, de 30 a 35 a\u00f1os de edad, quien muri\u00f3 estrangulada en un alojamiento cerca al centro pace\u00f1o. La mujer habr\u00eda llegado acompa\u00f1ada de un hombre de 34 a\u00f1os de edad, aproximadamente, quien de acuerdo a las declaraciones del [&hellip;]\" \/>\n<meta property=\"og:url\" content=\"https:\/\/www.eldiario.net\/portal\/2022\/05\/01\/en-investigacion-deceso-de-mujer-en-alojamiento\/\" \/>\n<meta property=\"og:site_name\" content=\"El Diario - Bolivia\" \/>\n<meta property=\"article:publisher\" content=\"https:\/\/www.facebook.com\/eldiario.bolivia\/\" \/>\n<meta property=\"article:published_time\" content=\"2022-05-01T09:57:45+00:00\" \/>\n<meta name=\"author\" content=\"Jeanette\" \/>\n<meta name=\"twitter:card\" content=\"summary_large_image\" \/>\n<meta name=\"twitter:creator\" content=\"@eldiario_net\" \/>\n<meta name=\"twitter:site\" content=\"@eldiario_net\" \/>\n<meta name=\"twitter:label1\" content=\"Escrito por\" \/>\n\t<meta name=\"twitter:data1\" content=\"Jeanette\" \/>\n\t<meta name=\"twitter:label2\" content=\"Tiempo de lectura\" \/>\n\t<meta name=\"twitter:data2\" content=\"2 minutos\" \/>\n<script type=\"application\/ld+json\" class=\"yoast-schema-graph\">{\"@context\":\"https:\\\/\\\/schema.org\",\"@graph\":[{\"@type\":\"Article\",\"@id\":\"https:\\\/\\\/www.eldiario.net\\\/portal\\\/2022\\\/05\\\/01\\\/en-investigacion-deceso-de-mujer-en-alojamiento\\\/#article\",\"isPartOf\":{\"@id\":\"https:\\\/\\\/www.eldiario.net\\\/portal\\\/2022\\\/05\\\/01\\\/en-investigacion-deceso-de-mujer-en-alojamiento\\\/\"},\"author\":{\"name\":\"Jeanette\",\"@id\":\"https:\\\/\\\/www.eldiario.net\\\/portal\\\/#\\\/schema\\\/person\\\/f46445640444750d7d753ccd04ae01b7\"},\"headline\":\"En investigaci\u00f3n deceso de mujer en alojamiento\",\"datePublished\":\"2022-05-01T09:57:45+00:00\",\"mainEntityOfPage\":{\"@id\":\"https:\\\/\\\/www.eldiario.net\\\/portal\\\/2022\\\/05\\\/01\\\/en-investigacion-deceso-de-mujer-en-alojamiento\\\/\"},\"wordCount\":308,\"publisher\":{\"@id\":\"https:\\\/\\\/www.eldiario.net\\\/portal\\\/#organization\"},\"articleSection\":[\"Sociedad - Seguridad\"],\"inLanguage\":\"es\"},{\"@type\":\"WebPage\",\"@id\":\"https:\\\/\\\/www.eldiario.net\\\/portal\\\/2022\\\/05\\\/01\\\/en-investigacion-deceso-de-mujer-en-alojamiento\\\/\",\"url\":\"https:\\\/\\\/www.eldiario.net\\\/portal\\\/2022\\\/05\\\/01\\\/en-investigacion-deceso-de-mujer-en-alojamiento\\\/\",\"name\":\"En investigaci\u00f3n deceso de mujer en alojamiento - El Diario - Bolivia\",\"isPartOf\":{\"@id\":\"https:\\\/\\\/www.eldiario.net\\\/portal\\\/#website\"},\"datePublished\":\"2022-05-01T09:57:45+00:00\",\"breadcrumb\":{\"@id\":\"https:\\\/\\\/www.eldiario.net\\\/portal\\\/2022\\\/05\\\/01\\\/en-investigacion-deceso-de-mujer-en-alojamiento\\\/#breadcrumb\"},\"inLanguage\":\"es\",\"potentialAction\":[{\"@type\":\"ReadAction\",\"target\":[\"https:\\\/\\\/www.eldiario.net\\\/portal\\\/2022\\\/05\\\/01\\\/en-investigacion-deceso-de-mujer-en-alojamiento\\\/\"]}]},{\"@type\":\"BreadcrumbList\",\"@id\":\"https:\\\/\\\/www.eldiario.net\\\/portal\\\/2022\\\/05\\\/01\\\/en-investigacion-deceso-de-mujer-en-alojamiento\\\/#breadcrumb\",\"itemListElement\":[{\"@type\":\"ListItem\",\"position\":1,\"name\":\"Portada\",\"item\":\"https:\\\/\\\/www.eldiario.net\\\/portal\\\/\"},{\"@type\":\"ListItem\",\"position\":2,\"name\":\"En investigaci\u00f3n deceso de mujer en alojamiento\"}]},{\"@type\":\"WebSite\",\"@id\":\"https:\\\/\\\/www.eldiario.net\\\/portal\\\/#website\",\"url\":\"https:\\\/\\\/www.eldiario.net\\\/portal\\\/\",\"name\":\"El Diario - Decano de la prensa nacional\",\"description\":\"El Diario - Decano de la prensa nacional\",\"publisher\":{\"@id\":\"https:\\\/\\\/www.eldiario.net\\\/portal\\\/#organization\"},\"potentialAction\":[{\"@type\":\"SearchAction\",\"target\":{\"@type\":\"EntryPoint\",\"urlTemplate\":\"https:\\\/\\\/www.eldiario.net\\\/portal\\\/?s={search_term_string}\"},\"query-input\":{\"@type\":\"PropertyValueSpecification\",\"valueRequired\":true,\"valueName\":\"search_term_string\"}}],\"inLanguage\":\"es\"},{\"@type\":\"Organization\",\"@id\":\"https:\\\/\\\/www.eldiario.net\\\/portal\\\/#organization\",\"name\":\"El Diario - Decano de la prensa nacional\",\"url\":\"https:\\\/\\\/www.eldiario.net\\\/portal\\\/\",\"logo\":{\"@type\":\"ImageObject\",\"inLanguage\":\"es\",\"@id\":\"https:\\\/\\\/www.eldiario.net\\\/portal\\\/#\\\/schema\\\/logo\\\/image\\\/\",\"url\":\"https:\\\/\\\/www.eldiario.net\\\/portal\\\/wp-content\\\/uploads\\\/2023\\\/07\\\/logo_ED.jpg\",\"contentUrl\":\"https:\\\/\\\/www.eldiario.net\\\/portal\\\/wp-content\\\/uploads\\\/2023\\\/07\\\/logo_ED.jpg\",\"width\":272,\"height\":52,\"caption\":\"El Diario - Decano de la prensa nacional\"},\"image\":{\"@id\":\"https:\\\/\\\/www.eldiario.net\\\/portal\\\/#\\\/schema\\\/logo\\\/image\\\/\"},\"sameAs\":[\"https:\\\/\\\/www.facebook.com\\\/eldiario.bolivia\\\/\",\"https:\\\/\\\/x.com\\\/eldiario_net\"]},{\"@type\":\"Person\",\"@id\":\"https:\\\/\\\/www.eldiario.net\\\/portal\\\/#\\\/schema\\\/person\\\/f46445640444750d7d753ccd04ae01b7\",\"name\":\"Jeanette\",\"image\":{\"@type\":\"ImageObject\",\"inLanguage\":\"es\",\"@id\":\"https:\\\/\\\/secure.gravatar.com\\\/avatar\\\/3ea2118a5f7dad2b7138b1187a6b7ee55f160b9968b66013c3a3ef39dd7e5798?s=96&d=mm&r=g\",\"url\":\"https:\\\/\\\/secure.gravatar.com\\\/avatar\\\/3ea2118a5f7dad2b7138b1187a6b7ee55f160b9968b66013c3a3ef39dd7e5798?s=96&d=mm&r=g\",\"contentUrl\":\"https:\\\/\\\/secure.gravatar.com\\\/avatar\\\/3ea2118a5f7dad2b7138b1187a6b7ee55f160b9968b66013c3a3ef39dd7e5798?s=96&d=mm&r=g\",\"caption\":\"Jeanette\"},\"sameAs\":[\"https:\\\/\\\/www.eldiario.net\\\/portal\"],\"url\":\"https:\\\/\\\/www.eldiario.net\\\/portal\\\/author\\\/jeanette\\\/\"}]}<\/script>\n<!-- \/ Yoast SEO plugin. -->","yoast_head_json":{"title":"En investigaci\u00f3n deceso de mujer en alojamiento - El Diario - Bolivia","robots":{"index":"index","follow":"follow","max-snippet":"max-snippet:-1","max-image-preview":"max-image-preview:large","max-video-preview":"max-video-preview:-1"},"canonical":"https:\/\/www.eldiario.net\/portal\/2022\/05\/01\/en-investigacion-deceso-de-mujer-en-alojamiento\/","og_locale":"es_ES","og_type":"article","og_title":"En investigaci\u00f3n deceso de mujer en alojamiento - El Diario - Bolivia","og_description":"El Ministerio P\u00fablico investiga un nuevo hecho de feminicidio cometido en contra de una mujer no identificada, de 30 a 35 a\u00f1os de edad, quien muri\u00f3 estrangulada en un alojamiento cerca al centro pace\u00f1o. La mujer habr\u00eda llegado acompa\u00f1ada de un hombre de 34 a\u00f1os de edad, aproximadamente, quien de acuerdo a las declaraciones del [&hellip;]","og_url":"https:\/\/www.eldiario.net\/portal\/2022\/05\/01\/en-investigacion-deceso-de-mujer-en-alojamiento\/","og_site_name":"El Diario - Bolivia","article_publisher":"https:\/\/www.facebook.com\/eldiario.bolivia\/","article_published_time":"2022-05-01T09:57:45+00:00","author":"Jeanette","twitter_card":"summary_large_image","twitter_creator":"@eldiario_net","twitter_site":"@eldiario_net","twitter_misc":{"Escrito por":"Jeanette","Tiempo de lectura":"2 minutos"},"schema":{"@context":"https:\/\/schema.org","@graph":[{"@type":"Article","@id":"https:\/\/www.eldiario.net\/portal\/2022\/05\/01\/en-investigacion-deceso-de-mujer-en-alojamiento\/#article","isPartOf":{"@id":"https:\/\/www.eldiario.net\/portal\/2022\/05\/01\/en-investigacion-deceso-de-mujer-en-alojamiento\/"},"author":{"name":"Jeanette","@id":"https:\/\/www.eldiario.net\/portal\/#\/schema\/person\/f46445640444750d7d753ccd04ae01b7"},"headline":"En investigaci\u00f3n deceso de mujer en alojamiento","datePublished":"2022-05-01T09:57:45+00:00","mainEntityOfPage":{"@id":"https:\/\/www.eldiario.net\/portal\/2022\/05\/01\/en-investigacion-deceso-de-mujer-en-alojamiento\/"},"wordCount":308,"publisher":{"@id":"https:\/\/www.eldiario.net\/portal\/#organization"},"articleSection":["Sociedad - Seguridad"],"inLanguage":"es"},{"@type":"WebPage","@id":"https:\/\/www.eldiario.net\/portal\/2022\/05\/01\/en-investigacion-deceso-de-mujer-en-alojamiento\/","url":"https:\/\/www.eldiario.net\/portal\/2022\/05\/01\/en-investigacion-deceso-de-mujer-en-alojamiento\/","name":"En investigaci\u00f3n deceso de mujer en alojamiento - El Diario - Bolivia","isPartOf":{"@id":"https:\/\/www.eldiario.net\/portal\/#website"},"datePublished":"2022-05-01T09:57:45+00:00","breadcrumb":{"@id":"https:\/\/www.eldiario.net\/portal\/2022\/05\/01\/en-investigacion-deceso-de-mujer-en-alojamiento\/#breadcrumb"},"inLanguage":"es","potentialAction":[{"@type":"ReadAction","target":["https:\/\/www.eldiario.net\/portal\/2022\/05\/01\/en-investigacion-deceso-de-mujer-en-alojamiento\/"]}]},{"@type":"BreadcrumbList","@id":"https:\/\/www.eldiario.net\/portal\/2022\/05\/01\/en-investigacion-deceso-de-mujer-en-alojamiento\/#breadcrumb","itemListElement":[{"@type":"ListItem","position":1,"name":"Portada","item":"https:\/\/www.eldiario.net\/portal\/"},{"@type":"ListItem","position":2,"name":"En investigaci\u00f3n deceso de mujer en alojamiento"}]},{"@type":"WebSite","@id":"https:\/\/www.eldiario.net\/portal\/#website","url":"https:\/\/www.eldiario.net\/portal\/","name":"El Diario - Decano de la prensa nacional","description":"El Diario - Decano de la prensa nacional","publisher":{"@id":"https:\/\/www.eldiario.net\/portal\/#organization"},"potentialAction":[{"@type":"SearchAction","target":{"@type":"EntryPoint","urlTemplate":"https:\/\/www.eldiario.net\/portal\/?s={search_term_string}"},"query-input":{"@type":"PropertyValueSpecification","valueRequired":true,"valueName":"search_term_string"}}],"inLanguage":"es"},{"@type":"Organization","@id":"https:\/\/www.eldiario.net\/portal\/#organization","name":"El Diario - Decano de la prensa nacional","url":"https:\/\/www.eldiario.net\/portal\/","logo":{"@type":"ImageObject","inLanguage":"es","@id":"https:\/\/www.eldiario.net\/portal\/#\/schema\/logo\/image\/","url":"https:\/\/www.eldiario.net\/portal\/wp-content\/uploads\/2023\/07\/logo_ED.jpg","contentUrl":"https:\/\/www.eldiario.net\/portal\/wp-content\/uploads\/2023\/07\/logo_ED.jpg","width":272,"height":52,"caption":"El Diario - Decano de la prensa nacional"},"image":{"@id":"https:\/\/www.eldiario.net\/portal\/#\/schema\/logo\/image\/"},"sameAs":["https:\/\/www.facebook.com\/eldiario.bolivia\/","https:\/\/x.com\/eldiario_net"]},{"@type":"Person","@id":"https:\/\/www.eldiario.net\/portal\/#\/schema\/person\/f46445640444750d7d753ccd04ae01b7","name":"Jeanette","image":{"@type":"ImageObject","inLanguage":"es","@id":"https:\/\/secure.gravatar.com\/avatar\/3ea2118a5f7dad2b7138b1187a6b7ee55f160b9968b66013c3a3ef39dd7e5798?s=96&d=mm&r=g","url":"https:\/\/secure.gravatar.com\/avatar\/3ea2118a5f7dad2b7138b1187a6b7ee55f160b9968b66013c3a3ef39dd7e5798?s=96&d=mm&r=g","contentUrl":"https:\/\/secure.gravatar.com\/avatar\/3ea2118a5f7dad2b7138b1187a6b7ee55f160b9968b66013c3a3ef39dd7e5798?s=96&d=mm&r=g","caption":"Jeanette"},"sameAs":["https:\/\/www.eldiario.net\/portal"],"url":"https:\/\/www.eldiario.net\/portal\/author\/jeanette\/"}]}},"_links":{"self":[{"href":"https:\/\/www.eldiario.net\/portal\/wp-json\/wp\/v2\/posts\/80431","targetHints":{"allow":["GET"]}}],"collection":[{"href":"https:\/\/www.eldiario.net\/portal\/wp-json\/wp\/v2\/posts"}],"about":[{"href":"https:\/\/www.eldiario.net\/portal\/wp-json\/wp\/v2\/types\/post"}],"author":[{"embeddable":true,"href":"https:\/\/www.eldiario.net\/portal\/wp-json\/wp\/v2\/users\/1"}],"replies":[{"embeddable":true,"href":"https:\/\/www.eldiario.net\/portal\/wp-json\/wp\/v2\/comments?post=80431"}],"version-history":[{"count":0,"href":"https:\/\/www.eldiario.net\/portal\/wp-json\/wp\/v2\/posts\/80431\/revisions"}],"wp:attachment":[{"href":"https:\/\/www.eldiario.net\/portal\/wp-json\/wp\/v2\/media?parent=80431"}],"wp:term":[{"taxonomy":"category","embeddable":true,"href":"https:\/\/www.eldiario.net\/portal\/wp-json\/wp\/v2\/categories?post=80431"},{"taxonomy":"post_tag","embeddable":true,"href":"https:\/\/www.eldiario.net\/portal\/wp-json\/wp\/v2\/tags?post=80431"}],"curies":[{"name":"wp","href":"https:\/\/api.w.org\/{rel}","templated":true}]}}