{"id":80425,"date":"2022-05-01T05:56:48","date_gmt":"2022-05-01T09:56:48","guid":{"rendered":"https:\/\/www.eldiario.net\/portal\/?p=80425"},"modified":"2022-05-01T05:56:48","modified_gmt":"2022-05-01T09:56:48","slug":"vacunas-mantienen-un-alto-grado-de-proteccion-contra-enfermedades","status":"publish","type":"post","link":"https:\/\/www.eldiario.net\/portal\/2022\/05\/01\/vacunas-mantienen-un-alto-grado-de-proteccion-contra-enfermedades\/","title":{"rendered":"Vacunas mantienen un alto grado  de protecci\u00f3n contra enfermedades"},"content":{"rendered":"<p>En la semana de la vacunaci\u00f3n, la Organizaci\u00f3n Panamericana de la Salud (OPS) dijo que esta sigue siendo un elemento principal para proteger a la poblaci\u00f3n de las enfermedades, y por ello llam\u00f3 a las personas a que no bajen la guardia y vayan a hacerse colocar las dosis para reforzar su sistema inmunol\u00f3gico, contra el covid-19.<br \/>\n\u00abLas vacunas siguen siendo nuestra mejor protecci\u00f3n. No podemos bajar la guardia. Debemos intensificar los esfuerzos para revertir esta situaci\u00f3n, y sabemos c\u00f3mo hacerlo, nuestra historia de eliminaci\u00f3n de enfermedades prevenibles por vacunaci\u00f3n as\u00ed lo demuestra\u00bb, subray\u00f3 la directora de la OPS, Carissa F. Etienne.<br \/>\nLa declaraci\u00f3n la realiz\u00f3 en la semana de vacunaci\u00f3n, que se llev\u00f3 a cabo del 23 al 30 de abril, con el lema \u00bfEstas protegido? Ponte todas las vacunas, y apela a que toda la poblaci\u00f3n revise sus esquemas de vacunaci\u00f3n y se vacune para estar completamente protegida.<br \/>\nVacunas<br \/>\n\u00abLas vacunas funcionan y en los \u00faltimos 20 a\u00f1os han evitado que millones enfermen, sean hospitalizados y hasta fallezcan, por lo que es necesario extender sus beneficios a todas las personas\u00bb, indic\u00f3.<br \/>\nEn dos a\u00f1os de pandemia, la atenci\u00f3n puesta para controlar el covid-19, con profesionales y sistemas de salud desbordados, ha hecho retroceder casi tres d\u00e9cadas de progreso en la lucha contra la poliomielitis y el sarampi\u00f3n en la regi\u00f3n.<br \/>\nEn 2020, m\u00e1s de 2,7 millones de ni\u00f1os en las Am\u00e9ricas estaban sin vacunar o con sus esquemas incompletos, volvi\u00e9ndolos susceptibles a contraer enfermedades como el sarampi\u00f3n, la polio y la difteria, las dos primeras eliminadas de la regi\u00f3n.<br \/>\nMientras la tasa de cobertura con las tres dosis de la vacuna contra la polio se ubic\u00f3 en el 82 % en 2020 -la m\u00e1s baja desde 1994-, la tasa de cobertura regional contra el sarampi\u00f3n, la parotiditis y la rub\u00e9ola (con la vacuna triple viral SRP1) fue del 87 %, seis puntos porcentuales menos que el 93 % registrado en 2016.<br \/>\nPor su parte, la cobertura regional para la difteria, el t\u00e9tanos y la tos ferina (con la vacuna DTP3) tambi\u00e9n cay\u00f3 de un 91 % en 2016 a un 85 % en 2020. Todas estas tasas se ubicaron por debajo del 95 % recomendado por la OPS para prevenir brotes.<\/p>\n<p>Covid<br \/>\nCon cerca de 1.800 millones de dosis aplicadas en la regi\u00f3n en solo 16 meses, la vacunaci\u00f3n contra el covid-19 es el mayor programa de inmunizaci\u00f3n de la historia. Catorce pa\u00edses en la regi\u00f3n de las Am\u00e9ricas han alcanzado la meta de la OMS de vacunar al 70 % de su poblaci\u00f3n antes de julio de 2022, 26 han logrado una cobertura de entre el 40 % y el 69 %, y 11 permanecen por debajo del 40 %.<br \/>\n\u00abEl \u00e9xito es posible cuando trabajamos juntos para adoptar la vacunaci\u00f3n\u00bb, dijo la directora de la OPS.<br \/>\nLa regi\u00f3n de las Am\u00e9ricas es un referente global en inmunizaciones. En 1971, se convirti\u00f3 en la primera regi\u00f3n del mundo en eliminar la viruela. En 1994 consigui\u00f3 certificar la eliminaci\u00f3n de la poliomielitis, en 2015, puso fin a la rub\u00e9ola y el s\u00edndrome de rub\u00e9ola cong\u00e9nita, en 2016, elimin\u00f3 el sarampi\u00f3n, y en 2017, el t\u00e9tanos neonatal.<\/p>\n","protected":false},"excerpt":{"rendered":"<p>En la semana de la vacunaci\u00f3n, la Organizaci\u00f3n Panamericana de la Salud (OPS) dijo que esta sigue siendo un elemento principal para proteger a la poblaci\u00f3n de las enfermedades, y por ello llam\u00f3 a las personas a que no bajen la guardia y vayan a hacerse colocar las dosis para reforzar su sistema inmunol\u00f3gico, contra [&hellip;]<\/p>\n","protected":false},"author":1,"featured_media":80426,"comment_status":"closed","ping_status":"closed","sticky":false,"template":"","format":"standard","meta":{"_acf_changed":false,"footnotes":""},"categories":[12],"tags":[],"class_list":["post-80425","post","type-post","status-publish","format-standard","has-post-thumbnail","category-nacional"],"acf":{"antetitulo":""},"yoast_head":"<!-- This site is optimized with the Yoast SEO plugin v28.3 - https:\/\/yoast.com\/product\/yoast-seo-wordpress\/ -->\n<title>Vacunas mantienen un alto grado de protecci\u00f3n contra enfermedades - El Diario - Bolivia<\/title>\n<meta name=\"robots\" content=\"index, follow, max-snippet:-1, max-image-preview:large, max-video-preview:-1\" \/>\n<link rel=\"canonical\" href=\"https:\/\/www.eldiario.net\/portal\/2022\/05\/01\/vacunas-mantienen-un-alto-grado-de-proteccion-contra-enfermedades\/\" \/>\n<meta property=\"og:locale\" content=\"es_ES\" \/>\n<meta property=\"og:type\" content=\"article\" \/>\n<meta property=\"og:title\" content=\"Vacunas mantienen un alto grado de protecci\u00f3n contra enfermedades - El Diario - Bolivia\" \/>\n<meta property=\"og:description\" content=\"En la semana de la vacunaci\u00f3n, la Organizaci\u00f3n Panamericana de la Salud (OPS) dijo que esta sigue siendo un elemento principal para proteger a la poblaci\u00f3n de las enfermedades, y por ello llam\u00f3 a las personas a que no bajen la guardia y vayan a hacerse colocar las dosis para reforzar su sistema inmunol\u00f3gico, contra [&hellip;]\" \/>\n<meta property=\"og:url\" content=\"https:\/\/www.eldiario.net\/portal\/2022\/05\/01\/vacunas-mantienen-un-alto-grado-de-proteccion-contra-enfermedades\/\" \/>\n<meta property=\"og:site_name\" content=\"El Diario - Bolivia\" \/>\n<meta property=\"article:publisher\" content=\"https:\/\/www.facebook.com\/eldiario.bolivia\/\" \/>\n<meta property=\"article:published_time\" content=\"2022-05-01T09:56:48+00:00\" \/>\n<meta name=\"author\" content=\"Jeanette\" \/>\n<meta name=\"twitter:card\" content=\"summary_large_image\" \/>\n<meta name=\"twitter:creator\" content=\"@eldiario_net\" \/>\n<meta name=\"twitter:site\" content=\"@eldiario_net\" \/>\n<meta name=\"twitter:label1\" content=\"Escrito por\" \/>\n\t<meta name=\"twitter:data1\" content=\"Jeanette\" \/>\n\t<meta name=\"twitter:label2\" content=\"Tiempo de lectura\" \/>\n\t<meta name=\"twitter:data2\" content=\"3 minutos\" \/>\n<script type=\"application\/ld+json\" class=\"yoast-schema-graph\">{\"@context\":\"https:\\\/\\\/schema.org\",\"@graph\":[{\"@type\":\"Article\",\"@id\":\"https:\\\/\\\/www.eldiario.net\\\/portal\\\/2022\\\/05\\\/01\\\/vacunas-mantienen-un-alto-grado-de-proteccion-contra-enfermedades\\\/#article\",\"isPartOf\":{\"@id\":\"https:\\\/\\\/www.eldiario.net\\\/portal\\\/2022\\\/05\\\/01\\\/vacunas-mantienen-un-alto-grado-de-proteccion-contra-enfermedades\\\/\"},\"author\":{\"name\":\"Jeanette\",\"@id\":\"https:\\\/\\\/www.eldiario.net\\\/portal\\\/#\\\/schema\\\/person\\\/f46445640444750d7d753ccd04ae01b7\"},\"headline\":\"Vacunas mantienen un alto grado de protecci\u00f3n contra enfermedades\",\"datePublished\":\"2022-05-01T09:56:48+00:00\",\"mainEntityOfPage\":{\"@id\":\"https:\\\/\\\/www.eldiario.net\\\/portal\\\/2022\\\/05\\\/01\\\/vacunas-mantienen-un-alto-grado-de-proteccion-contra-enfermedades\\\/\"},\"wordCount\":547,\"publisher\":{\"@id\":\"https:\\\/\\\/www.eldiario.net\\\/portal\\\/#organization\"},\"image\":{\"@id\":\"https:\\\/\\\/www.eldiario.net\\\/portal\\\/2022\\\/05\\\/01\\\/vacunas-mantienen-un-alto-grado-de-proteccion-contra-enfermedades\\\/#primaryimage\"},\"thumbnailUrl\":\"\",\"articleSection\":[\"Nacional\"],\"inLanguage\":\"es\"},{\"@type\":\"WebPage\",\"@id\":\"https:\\\/\\\/www.eldiario.net\\\/portal\\\/2022\\\/05\\\/01\\\/vacunas-mantienen-un-alto-grado-de-proteccion-contra-enfermedades\\\/\",\"url\":\"https:\\\/\\\/www.eldiario.net\\\/portal\\\/2022\\\/05\\\/01\\\/vacunas-mantienen-un-alto-grado-de-proteccion-contra-enfermedades\\\/\",\"name\":\"Vacunas mantienen un alto grado de protecci\u00f3n contra enfermedades - El Diario - Bolivia\",\"isPartOf\":{\"@id\":\"https:\\\/\\\/www.eldiario.net\\\/portal\\\/#website\"},\"primaryImageOfPage\":{\"@id\":\"https:\\\/\\\/www.eldiario.net\\\/portal\\\/2022\\\/05\\\/01\\\/vacunas-mantienen-un-alto-grado-de-proteccion-contra-enfermedades\\\/#primaryimage\"},\"image\":{\"@id\":\"https:\\\/\\\/www.eldiario.net\\\/portal\\\/2022\\\/05\\\/01\\\/vacunas-mantienen-un-alto-grado-de-proteccion-contra-enfermedades\\\/#primaryimage\"},\"thumbnailUrl\":\"\",\"datePublished\":\"2022-05-01T09:56:48+00:00\",\"breadcrumb\":{\"@id\":\"https:\\\/\\\/www.eldiario.net\\\/portal\\\/2022\\\/05\\\/01\\\/vacunas-mantienen-un-alto-grado-de-proteccion-contra-enfermedades\\\/#breadcrumb\"},\"inLanguage\":\"es\",\"potentialAction\":[{\"@type\":\"ReadAction\",\"target\":[\"https:\\\/\\\/www.eldiario.net\\\/portal\\\/2022\\\/05\\\/01\\\/vacunas-mantienen-un-alto-grado-de-proteccion-contra-enfermedades\\\/\"]}]},{\"@type\":\"ImageObject\",\"inLanguage\":\"es\",\"@id\":\"https:\\\/\\\/www.eldiario.net\\\/portal\\\/2022\\\/05\\\/01\\\/vacunas-mantienen-un-alto-grado-de-proteccion-contra-enfermedades\\\/#primaryimage\",\"url\":\"\",\"contentUrl\":\"\"},{\"@type\":\"BreadcrumbList\",\"@id\":\"https:\\\/\\\/www.eldiario.net\\\/portal\\\/2022\\\/05\\\/01\\\/vacunas-mantienen-un-alto-grado-de-proteccion-contra-enfermedades\\\/#breadcrumb\",\"itemListElement\":[{\"@type\":\"ListItem\",\"position\":1,\"name\":\"Portada\",\"item\":\"https:\\\/\\\/www.eldiario.net\\\/portal\\\/\"},{\"@type\":\"ListItem\",\"position\":2,\"name\":\"Vacunas mantienen un alto grado de protecci\u00f3n contra enfermedades\"}]},{\"@type\":\"WebSite\",\"@id\":\"https:\\\/\\\/www.eldiario.net\\\/portal\\\/#website\",\"url\":\"https:\\\/\\\/www.eldiario.net\\\/portal\\\/\",\"name\":\"El Diario - Decano de la prensa nacional\",\"description\":\"El Diario - Decano de la prensa nacional\",\"publisher\":{\"@id\":\"https:\\\/\\\/www.eldiario.net\\\/portal\\\/#organization\"},\"potentialAction\":[{\"@type\":\"SearchAction\",\"target\":{\"@type\":\"EntryPoint\",\"urlTemplate\":\"https:\\\/\\\/www.eldiario.net\\\/portal\\\/?s={search_term_string}\"},\"query-input\":{\"@type\":\"PropertyValueSpecification\",\"valueRequired\":true,\"valueName\":\"search_term_string\"}}],\"inLanguage\":\"es\"},{\"@type\":\"Organization\",\"@id\":\"https:\\\/\\\/www.eldiario.net\\\/portal\\\/#organization\",\"name\":\"El Diario - Decano de la prensa nacional\",\"url\":\"https:\\\/\\\/www.eldiario.net\\\/portal\\\/\",\"logo\":{\"@type\":\"ImageObject\",\"inLanguage\":\"es\",\"@id\":\"https:\\\/\\\/www.eldiario.net\\\/portal\\\/#\\\/schema\\\/logo\\\/image\\\/\",\"url\":\"https:\\\/\\\/www.eldiario.net\\\/portal\\\/wp-content\\\/uploads\\\/2023\\\/07\\\/logo_ED.jpg\",\"contentUrl\":\"https:\\\/\\\/www.eldiario.net\\\/portal\\\/wp-content\\\/uploads\\\/2023\\\/07\\\/logo_ED.jpg\",\"width\":272,\"height\":52,\"caption\":\"El Diario - Decano de la prensa nacional\"},\"image\":{\"@id\":\"https:\\\/\\\/www.eldiario.net\\\/portal\\\/#\\\/schema\\\/logo\\\/image\\\/\"},\"sameAs\":[\"https:\\\/\\\/www.facebook.com\\\/eldiario.bolivia\\\/\",\"https:\\\/\\\/x.com\\\/eldiario_net\"]},{\"@type\":\"Person\",\"@id\":\"https:\\\/\\\/www.eldiario.net\\\/portal\\\/#\\\/schema\\\/person\\\/f46445640444750d7d753ccd04ae01b7\",\"name\":\"Jeanette\",\"image\":{\"@type\":\"ImageObject\",\"inLanguage\":\"es\",\"@id\":\"https:\\\/\\\/secure.gravatar.com\\\/avatar\\\/3ea2118a5f7dad2b7138b1187a6b7ee55f160b9968b66013c3a3ef39dd7e5798?s=96&d=mm&r=g\",\"url\":\"https:\\\/\\\/secure.gravatar.com\\\/avatar\\\/3ea2118a5f7dad2b7138b1187a6b7ee55f160b9968b66013c3a3ef39dd7e5798?s=96&d=mm&r=g\",\"contentUrl\":\"https:\\\/\\\/secure.gravatar.com\\\/avatar\\\/3ea2118a5f7dad2b7138b1187a6b7ee55f160b9968b66013c3a3ef39dd7e5798?s=96&d=mm&r=g\",\"caption\":\"Jeanette\"},\"sameAs\":[\"https:\\\/\\\/www.eldiario.net\\\/portal\"],\"url\":\"https:\\\/\\\/www.eldiario.net\\\/portal\\\/author\\\/jeanette\\\/\"}]}<\/script>\n<!-- \/ Yoast SEO plugin. -->","yoast_head_json":{"title":"Vacunas mantienen un alto grado de protecci\u00f3n contra enfermedades - El Diario - Bolivia","robots":{"index":"index","follow":"follow","max-snippet":"max-snippet:-1","max-image-preview":"max-image-preview:large","max-video-preview":"max-video-preview:-1"},"canonical":"https:\/\/www.eldiario.net\/portal\/2022\/05\/01\/vacunas-mantienen-un-alto-grado-de-proteccion-contra-enfermedades\/","og_locale":"es_ES","og_type":"article","og_title":"Vacunas mantienen un alto grado de protecci\u00f3n contra enfermedades - El Diario - Bolivia","og_description":"En la semana de la vacunaci\u00f3n, la Organizaci\u00f3n Panamericana de la Salud (OPS) dijo que esta sigue siendo un elemento principal para proteger a la poblaci\u00f3n de las enfermedades, y por ello llam\u00f3 a las personas a que no bajen la guardia y vayan a hacerse colocar las dosis para reforzar su sistema inmunol\u00f3gico, contra [&hellip;]","og_url":"https:\/\/www.eldiario.net\/portal\/2022\/05\/01\/vacunas-mantienen-un-alto-grado-de-proteccion-contra-enfermedades\/","og_site_name":"El Diario - Bolivia","article_publisher":"https:\/\/www.facebook.com\/eldiario.bolivia\/","article_published_time":"2022-05-01T09:56:48+00:00","author":"Jeanette","twitter_card":"summary_large_image","twitter_creator":"@eldiario_net","twitter_site":"@eldiario_net","twitter_misc":{"Escrito por":"Jeanette","Tiempo de lectura":"3 minutos"},"schema":{"@context":"https:\/\/schema.org","@graph":[{"@type":"Article","@id":"https:\/\/www.eldiario.net\/portal\/2022\/05\/01\/vacunas-mantienen-un-alto-grado-de-proteccion-contra-enfermedades\/#article","isPartOf":{"@id":"https:\/\/www.eldiario.net\/portal\/2022\/05\/01\/vacunas-mantienen-un-alto-grado-de-proteccion-contra-enfermedades\/"},"author":{"name":"Jeanette","@id":"https:\/\/www.eldiario.net\/portal\/#\/schema\/person\/f46445640444750d7d753ccd04ae01b7"},"headline":"Vacunas mantienen un alto grado de protecci\u00f3n contra enfermedades","datePublished":"2022-05-01T09:56:48+00:00","mainEntityOfPage":{"@id":"https:\/\/www.eldiario.net\/portal\/2022\/05\/01\/vacunas-mantienen-un-alto-grado-de-proteccion-contra-enfermedades\/"},"wordCount":547,"publisher":{"@id":"https:\/\/www.eldiario.net\/portal\/#organization"},"image":{"@id":"https:\/\/www.eldiario.net\/portal\/2022\/05\/01\/vacunas-mantienen-un-alto-grado-de-proteccion-contra-enfermedades\/#primaryimage"},"thumbnailUrl":"","articleSection":["Nacional"],"inLanguage":"es"},{"@type":"WebPage","@id":"https:\/\/www.eldiario.net\/portal\/2022\/05\/01\/vacunas-mantienen-un-alto-grado-de-proteccion-contra-enfermedades\/","url":"https:\/\/www.eldiario.net\/portal\/2022\/05\/01\/vacunas-mantienen-un-alto-grado-de-proteccion-contra-enfermedades\/","name":"Vacunas mantienen un alto grado de protecci\u00f3n contra enfermedades - El Diario - Bolivia","isPartOf":{"@id":"https:\/\/www.eldiario.net\/portal\/#website"},"primaryImageOfPage":{"@id":"https:\/\/www.eldiario.net\/portal\/2022\/05\/01\/vacunas-mantienen-un-alto-grado-de-proteccion-contra-enfermedades\/#primaryimage"},"image":{"@id":"https:\/\/www.eldiario.net\/portal\/2022\/05\/01\/vacunas-mantienen-un-alto-grado-de-proteccion-contra-enfermedades\/#primaryimage"},"thumbnailUrl":"","datePublished":"2022-05-01T09:56:48+00:00","breadcrumb":{"@id":"https:\/\/www.eldiario.net\/portal\/2022\/05\/01\/vacunas-mantienen-un-alto-grado-de-proteccion-contra-enfermedades\/#breadcrumb"},"inLanguage":"es","potentialAction":[{"@type":"ReadAction","target":["https:\/\/www.eldiario.net\/portal\/2022\/05\/01\/vacunas-mantienen-un-alto-grado-de-proteccion-contra-enfermedades\/"]}]},{"@type":"ImageObject","inLanguage":"es","@id":"https:\/\/www.eldiario.net\/portal\/2022\/05\/01\/vacunas-mantienen-un-alto-grado-de-proteccion-contra-enfermedades\/#primaryimage","url":"","contentUrl":""},{"@type":"BreadcrumbList","@id":"https:\/\/www.eldiario.net\/portal\/2022\/05\/01\/vacunas-mantienen-un-alto-grado-de-proteccion-contra-enfermedades\/#breadcrumb","itemListElement":[{"@type":"ListItem","position":1,"name":"Portada","item":"https:\/\/www.eldiario.net\/portal\/"},{"@type":"ListItem","position":2,"name":"Vacunas mantienen un alto grado de protecci\u00f3n contra enfermedades"}]},{"@type":"WebSite","@id":"https:\/\/www.eldiario.net\/portal\/#website","url":"https:\/\/www.eldiario.net\/portal\/","name":"El Diario - Decano de la prensa nacional","description":"El Diario - Decano de la prensa nacional","publisher":{"@id":"https:\/\/www.eldiario.net\/portal\/#organization"},"potentialAction":[{"@type":"SearchAction","target":{"@type":"EntryPoint","urlTemplate":"https:\/\/www.eldiario.net\/portal\/?s={search_term_string}"},"query-input":{"@type":"PropertyValueSpecification","valueRequired":true,"valueName":"search_term_string"}}],"inLanguage":"es"},{"@type":"Organization","@id":"https:\/\/www.eldiario.net\/portal\/#organization","name":"El Diario - Decano de la prensa nacional","url":"https:\/\/www.eldiario.net\/portal\/","logo":{"@type":"ImageObject","inLanguage":"es","@id":"https:\/\/www.eldiario.net\/portal\/#\/schema\/logo\/image\/","url":"https:\/\/www.eldiario.net\/portal\/wp-content\/uploads\/2023\/07\/logo_ED.jpg","contentUrl":"https:\/\/www.eldiario.net\/portal\/wp-content\/uploads\/2023\/07\/logo_ED.jpg","width":272,"height":52,"caption":"El Diario - Decano de la prensa nacional"},"image":{"@id":"https:\/\/www.eldiario.net\/portal\/#\/schema\/logo\/image\/"},"sameAs":["https:\/\/www.facebook.com\/eldiario.bolivia\/","https:\/\/x.com\/eldiario_net"]},{"@type":"Person","@id":"https:\/\/www.eldiario.net\/portal\/#\/schema\/person\/f46445640444750d7d753ccd04ae01b7","name":"Jeanette","image":{"@type":"ImageObject","inLanguage":"es","@id":"https:\/\/secure.gravatar.com\/avatar\/3ea2118a5f7dad2b7138b1187a6b7ee55f160b9968b66013c3a3ef39dd7e5798?s=96&d=mm&r=g","url":"https:\/\/secure.gravatar.com\/avatar\/3ea2118a5f7dad2b7138b1187a6b7ee55f160b9968b66013c3a3ef39dd7e5798?s=96&d=mm&r=g","contentUrl":"https:\/\/secure.gravatar.com\/avatar\/3ea2118a5f7dad2b7138b1187a6b7ee55f160b9968b66013c3a3ef39dd7e5798?s=96&d=mm&r=g","caption":"Jeanette"},"sameAs":["https:\/\/www.eldiario.net\/portal"],"url":"https:\/\/www.eldiario.net\/portal\/author\/jeanette\/"}]}},"_links":{"self":[{"href":"https:\/\/www.eldiario.net\/portal\/wp-json\/wp\/v2\/posts\/80425","targetHints":{"allow":["GET"]}}],"collection":[{"href":"https:\/\/www.eldiario.net\/portal\/wp-json\/wp\/v2\/posts"}],"about":[{"href":"https:\/\/www.eldiario.net\/portal\/wp-json\/wp\/v2\/types\/post"}],"author":[{"embeddable":true,"href":"https:\/\/www.eldiario.net\/portal\/wp-json\/wp\/v2\/users\/1"}],"replies":[{"embeddable":true,"href":"https:\/\/www.eldiario.net\/portal\/wp-json\/wp\/v2\/comments?post=80425"}],"version-history":[{"count":0,"href":"https:\/\/www.eldiario.net\/portal\/wp-json\/wp\/v2\/posts\/80425\/revisions"}],"wp:attachment":[{"href":"https:\/\/www.eldiario.net\/portal\/wp-json\/wp\/v2\/media?parent=80425"}],"wp:term":[{"taxonomy":"category","embeddable":true,"href":"https:\/\/www.eldiario.net\/portal\/wp-json\/wp\/v2\/categories?post=80425"},{"taxonomy":"post_tag","embeddable":true,"href":"https:\/\/www.eldiario.net\/portal\/wp-json\/wp\/v2\/tags?post=80425"}],"curies":[{"name":"wp","href":"https:\/\/api.w.org\/{rel}","templated":true}]}}