{"id":80422,"date":"2022-05-01T05:55:55","date_gmt":"2022-05-01T09:55:55","guid":{"rendered":"https:\/\/www.eldiario.net\/portal\/?p=80422"},"modified":"2022-05-01T05:55:55","modified_gmt":"2022-05-01T09:55:55","slug":"comienza-desinfeccion-de-78-unidades-educativas","status":"publish","type":"post","link":"https:\/\/www.eldiario.net\/portal\/2022\/05\/01\/comienza-desinfeccion-de-78-unidades-educativas\/","title":{"rendered":"Comienza desinfecci\u00f3n de  78 unidades educativas"},"content":{"rendered":"<p>Funcionarios municipales iniciaron la desinfecci\u00f3n de 78 unidades educativas en el macrodistrito Centro para evitar posibles contagios de covid-19 entre la poblaci\u00f3n escolar, en una segunda fase, porque la primera se realiz\u00f3 similar labor antes del inicio de las labores educativas presenciales.<br \/>\n\u00abDurante el mes de enero realizamos la primera desinfecci\u00f3n a las 78 unidades educativas, previo al inicio de las clases presenciales. Ahora, nos encontramos en la segunda etapa que responde a la planificaci\u00f3n de la Subalcald\u00eda Centro y tambi\u00e9n a petici\u00f3n de los padres de familia, como una medida de prevenci\u00f3n de contagios de covid-19\u00bb, inform\u00f3 el subalcalde Centro, Jimmy Osorio.<br \/>\nLa segunda etapa de desinfecci\u00f3n de los edificios escolares empez\u00f3 el 20 de abril y se prolongar\u00e1 hasta el 15 de mayo, tiempo en el que se coordinar\u00e1 con la Unidad de Atenci\u00f3n Integral y la Unidad de Mejoramiento, Mantenimiento de Respuesta Inmediata de la Subalcald\u00eda Centro y las juntas escolares de los distritos uno y dos.<br \/>\n\u00abHe presenciado toda la desinfecci\u00f3n. Se ha cumplido con todo lo solicitado, han desinfectado desde los pasillos, el patio, las aulas, ba\u00f1os, tanto de varones como de se\u00f1oritas, todo ha sido satisfactorio\u00bb, destac\u00f3 el presidente de la junta escolar de la Unidad Educativa Dora Schmidt, Joel \u00c1lvarez.<br \/>\nSeg\u00fan Osorio, la Subalcald\u00eda Centro tiene planificado realizar las desinfecciones de las unidades educativas cada dos meses, cumpliendo de esa manera, con el programa del plan municipal, en el marco de La Paz Saludable y Segura, adem\u00e1s de los compromisos asumidos con los padres de familia de ni\u00f1os y adolescentes de los distintos niveles escolares.<\/p>\n","protected":false},"excerpt":{"rendered":"<p>Funcionarios municipales iniciaron la desinfecci\u00f3n de 78 unidades educativas en el macrodistrito Centro para evitar posibles contagios de covid-19 entre la poblaci\u00f3n escolar, en una segunda fase, porque la primera se realiz\u00f3 similar labor antes del inicio de las labores educativas presenciales. \u00abDurante el mes de enero realizamos la primera desinfecci\u00f3n a las 78 unidades [&hellip;]<\/p>\n","protected":false},"author":1,"featured_media":80423,"comment_status":"closed","ping_status":"closed","sticky":false,"template":"","format":"standard","meta":{"_acf_changed":false,"footnotes":""},"categories":[12],"tags":[],"class_list":["post-80422","post","type-post","status-publish","format-standard","has-post-thumbnail","category-nacional"],"acf":{"antetitulo":""},"yoast_head":"<!-- This site is optimized with the Yoast SEO plugin v28.3 - https:\/\/yoast.com\/product\/yoast-seo-wordpress\/ -->\n<title>Comienza desinfecci\u00f3n de 78 unidades educativas - El Diario - Bolivia<\/title>\n<meta name=\"robots\" content=\"index, follow, max-snippet:-1, max-image-preview:large, max-video-preview:-1\" \/>\n<link rel=\"canonical\" href=\"https:\/\/www.eldiario.net\/portal\/2022\/05\/01\/comienza-desinfeccion-de-78-unidades-educativas\/\" \/>\n<meta property=\"og:locale\" content=\"es_ES\" \/>\n<meta property=\"og:type\" content=\"article\" \/>\n<meta property=\"og:title\" content=\"Comienza desinfecci\u00f3n de 78 unidades educativas - El Diario - Bolivia\" \/>\n<meta property=\"og:description\" content=\"Funcionarios municipales iniciaron la desinfecci\u00f3n de 78 unidades educativas en el macrodistrito Centro para evitar posibles contagios de covid-19 entre la poblaci\u00f3n escolar, en una segunda fase, porque la primera se realiz\u00f3 similar labor antes del inicio de las labores educativas presenciales. \u00abDurante el mes de enero realizamos la primera desinfecci\u00f3n a las 78 unidades [&hellip;]\" \/>\n<meta property=\"og:url\" content=\"https:\/\/www.eldiario.net\/portal\/2022\/05\/01\/comienza-desinfeccion-de-78-unidades-educativas\/\" \/>\n<meta property=\"og:site_name\" content=\"El Diario - Bolivia\" \/>\n<meta property=\"article:publisher\" content=\"https:\/\/www.facebook.com\/eldiario.bolivia\/\" \/>\n<meta property=\"article:published_time\" content=\"2022-05-01T09:55:55+00:00\" \/>\n<meta name=\"author\" content=\"Jeanette\" \/>\n<meta name=\"twitter:card\" content=\"summary_large_image\" \/>\n<meta name=\"twitter:creator\" content=\"@eldiario_net\" \/>\n<meta name=\"twitter:site\" content=\"@eldiario_net\" \/>\n<meta name=\"twitter:label1\" content=\"Escrito por\" \/>\n\t<meta name=\"twitter:data1\" content=\"Jeanette\" \/>\n\t<meta name=\"twitter:label2\" content=\"Tiempo de lectura\" \/>\n\t<meta name=\"twitter:data2\" content=\"2 minutos\" \/>\n<script type=\"application\/ld+json\" class=\"yoast-schema-graph\">{\"@context\":\"https:\\\/\\\/schema.org\",\"@graph\":[{\"@type\":\"Article\",\"@id\":\"https:\\\/\\\/www.eldiario.net\\\/portal\\\/2022\\\/05\\\/01\\\/comienza-desinfeccion-de-78-unidades-educativas\\\/#article\",\"isPartOf\":{\"@id\":\"https:\\\/\\\/www.eldiario.net\\\/portal\\\/2022\\\/05\\\/01\\\/comienza-desinfeccion-de-78-unidades-educativas\\\/\"},\"author\":{\"name\":\"Jeanette\",\"@id\":\"https:\\\/\\\/www.eldiario.net\\\/portal\\\/#\\\/schema\\\/person\\\/f46445640444750d7d753ccd04ae01b7\"},\"headline\":\"Comienza desinfecci\u00f3n de 78 unidades educativas\",\"datePublished\":\"2022-05-01T09:55:55+00:00\",\"mainEntityOfPage\":{\"@id\":\"https:\\\/\\\/www.eldiario.net\\\/portal\\\/2022\\\/05\\\/01\\\/comienza-desinfeccion-de-78-unidades-educativas\\\/\"},\"wordCount\":282,\"publisher\":{\"@id\":\"https:\\\/\\\/www.eldiario.net\\\/portal\\\/#organization\"},\"image\":{\"@id\":\"https:\\\/\\\/www.eldiario.net\\\/portal\\\/2022\\\/05\\\/01\\\/comienza-desinfeccion-de-78-unidades-educativas\\\/#primaryimage\"},\"thumbnailUrl\":\"\",\"articleSection\":[\"Nacional\"],\"inLanguage\":\"es\"},{\"@type\":\"WebPage\",\"@id\":\"https:\\\/\\\/www.eldiario.net\\\/portal\\\/2022\\\/05\\\/01\\\/comienza-desinfeccion-de-78-unidades-educativas\\\/\",\"url\":\"https:\\\/\\\/www.eldiario.net\\\/portal\\\/2022\\\/05\\\/01\\\/comienza-desinfeccion-de-78-unidades-educativas\\\/\",\"name\":\"Comienza desinfecci\u00f3n de 78 unidades educativas - El Diario - Bolivia\",\"isPartOf\":{\"@id\":\"https:\\\/\\\/www.eldiario.net\\\/portal\\\/#website\"},\"primaryImageOfPage\":{\"@id\":\"https:\\\/\\\/www.eldiario.net\\\/portal\\\/2022\\\/05\\\/01\\\/comienza-desinfeccion-de-78-unidades-educativas\\\/#primaryimage\"},\"image\":{\"@id\":\"https:\\\/\\\/www.eldiario.net\\\/portal\\\/2022\\\/05\\\/01\\\/comienza-desinfeccion-de-78-unidades-educativas\\\/#primaryimage\"},\"thumbnailUrl\":\"\",\"datePublished\":\"2022-05-01T09:55:55+00:00\",\"breadcrumb\":{\"@id\":\"https:\\\/\\\/www.eldiario.net\\\/portal\\\/2022\\\/05\\\/01\\\/comienza-desinfeccion-de-78-unidades-educativas\\\/#breadcrumb\"},\"inLanguage\":\"es\",\"potentialAction\":[{\"@type\":\"ReadAction\",\"target\":[\"https:\\\/\\\/www.eldiario.net\\\/portal\\\/2022\\\/05\\\/01\\\/comienza-desinfeccion-de-78-unidades-educativas\\\/\"]}]},{\"@type\":\"ImageObject\",\"inLanguage\":\"es\",\"@id\":\"https:\\\/\\\/www.eldiario.net\\\/portal\\\/2022\\\/05\\\/01\\\/comienza-desinfeccion-de-78-unidades-educativas\\\/#primaryimage\",\"url\":\"\",\"contentUrl\":\"\"},{\"@type\":\"BreadcrumbList\",\"@id\":\"https:\\\/\\\/www.eldiario.net\\\/portal\\\/2022\\\/05\\\/01\\\/comienza-desinfeccion-de-78-unidades-educativas\\\/#breadcrumb\",\"itemListElement\":[{\"@type\":\"ListItem\",\"position\":1,\"name\":\"Portada\",\"item\":\"https:\\\/\\\/www.eldiario.net\\\/portal\\\/\"},{\"@type\":\"ListItem\",\"position\":2,\"name\":\"Comienza desinfecci\u00f3n de 78 unidades educativas\"}]},{\"@type\":\"WebSite\",\"@id\":\"https:\\\/\\\/www.eldiario.net\\\/portal\\\/#website\",\"url\":\"https:\\\/\\\/www.eldiario.net\\\/portal\\\/\",\"name\":\"El Diario - Decano de la prensa nacional\",\"description\":\"El Diario - Decano de la prensa nacional\",\"publisher\":{\"@id\":\"https:\\\/\\\/www.eldiario.net\\\/portal\\\/#organization\"},\"potentialAction\":[{\"@type\":\"SearchAction\",\"target\":{\"@type\":\"EntryPoint\",\"urlTemplate\":\"https:\\\/\\\/www.eldiario.net\\\/portal\\\/?s={search_term_string}\"},\"query-input\":{\"@type\":\"PropertyValueSpecification\",\"valueRequired\":true,\"valueName\":\"search_term_string\"}}],\"inLanguage\":\"es\"},{\"@type\":\"Organization\",\"@id\":\"https:\\\/\\\/www.eldiario.net\\\/portal\\\/#organization\",\"name\":\"El Diario - Decano de la prensa nacional\",\"url\":\"https:\\\/\\\/www.eldiario.net\\\/portal\\\/\",\"logo\":{\"@type\":\"ImageObject\",\"inLanguage\":\"es\",\"@id\":\"https:\\\/\\\/www.eldiario.net\\\/portal\\\/#\\\/schema\\\/logo\\\/image\\\/\",\"url\":\"https:\\\/\\\/www.eldiario.net\\\/portal\\\/wp-content\\\/uploads\\\/2023\\\/07\\\/logo_ED.jpg\",\"contentUrl\":\"https:\\\/\\\/www.eldiario.net\\\/portal\\\/wp-content\\\/uploads\\\/2023\\\/07\\\/logo_ED.jpg\",\"width\":272,\"height\":52,\"caption\":\"El Diario - Decano de la prensa nacional\"},\"image\":{\"@id\":\"https:\\\/\\\/www.eldiario.net\\\/portal\\\/#\\\/schema\\\/logo\\\/image\\\/\"},\"sameAs\":[\"https:\\\/\\\/www.facebook.com\\\/eldiario.bolivia\\\/\",\"https:\\\/\\\/x.com\\\/eldiario_net\"]},{\"@type\":\"Person\",\"@id\":\"https:\\\/\\\/www.eldiario.net\\\/portal\\\/#\\\/schema\\\/person\\\/f46445640444750d7d753ccd04ae01b7\",\"name\":\"Jeanette\",\"image\":{\"@type\":\"ImageObject\",\"inLanguage\":\"es\",\"@id\":\"https:\\\/\\\/secure.gravatar.com\\\/avatar\\\/3ea2118a5f7dad2b7138b1187a6b7ee55f160b9968b66013c3a3ef39dd7e5798?s=96&d=mm&r=g\",\"url\":\"https:\\\/\\\/secure.gravatar.com\\\/avatar\\\/3ea2118a5f7dad2b7138b1187a6b7ee55f160b9968b66013c3a3ef39dd7e5798?s=96&d=mm&r=g\",\"contentUrl\":\"https:\\\/\\\/secure.gravatar.com\\\/avatar\\\/3ea2118a5f7dad2b7138b1187a6b7ee55f160b9968b66013c3a3ef39dd7e5798?s=96&d=mm&r=g\",\"caption\":\"Jeanette\"},\"sameAs\":[\"https:\\\/\\\/www.eldiario.net\\\/portal\"],\"url\":\"https:\\\/\\\/www.eldiario.net\\\/portal\\\/author\\\/jeanette\\\/\"}]}<\/script>\n<!-- \/ Yoast SEO plugin. -->","yoast_head_json":{"title":"Comienza desinfecci\u00f3n de 78 unidades educativas - El Diario - Bolivia","robots":{"index":"index","follow":"follow","max-snippet":"max-snippet:-1","max-image-preview":"max-image-preview:large","max-video-preview":"max-video-preview:-1"},"canonical":"https:\/\/www.eldiario.net\/portal\/2022\/05\/01\/comienza-desinfeccion-de-78-unidades-educativas\/","og_locale":"es_ES","og_type":"article","og_title":"Comienza desinfecci\u00f3n de 78 unidades educativas - El Diario - Bolivia","og_description":"Funcionarios municipales iniciaron la desinfecci\u00f3n de 78 unidades educativas en el macrodistrito Centro para evitar posibles contagios de covid-19 entre la poblaci\u00f3n escolar, en una segunda fase, porque la primera se realiz\u00f3 similar labor antes del inicio de las labores educativas presenciales. \u00abDurante el mes de enero realizamos la primera desinfecci\u00f3n a las 78 unidades [&hellip;]","og_url":"https:\/\/www.eldiario.net\/portal\/2022\/05\/01\/comienza-desinfeccion-de-78-unidades-educativas\/","og_site_name":"El Diario - Bolivia","article_publisher":"https:\/\/www.facebook.com\/eldiario.bolivia\/","article_published_time":"2022-05-01T09:55:55+00:00","author":"Jeanette","twitter_card":"summary_large_image","twitter_creator":"@eldiario_net","twitter_site":"@eldiario_net","twitter_misc":{"Escrito por":"Jeanette","Tiempo de lectura":"2 minutos"},"schema":{"@context":"https:\/\/schema.org","@graph":[{"@type":"Article","@id":"https:\/\/www.eldiario.net\/portal\/2022\/05\/01\/comienza-desinfeccion-de-78-unidades-educativas\/#article","isPartOf":{"@id":"https:\/\/www.eldiario.net\/portal\/2022\/05\/01\/comienza-desinfeccion-de-78-unidades-educativas\/"},"author":{"name":"Jeanette","@id":"https:\/\/www.eldiario.net\/portal\/#\/schema\/person\/f46445640444750d7d753ccd04ae01b7"},"headline":"Comienza desinfecci\u00f3n de 78 unidades educativas","datePublished":"2022-05-01T09:55:55+00:00","mainEntityOfPage":{"@id":"https:\/\/www.eldiario.net\/portal\/2022\/05\/01\/comienza-desinfeccion-de-78-unidades-educativas\/"},"wordCount":282,"publisher":{"@id":"https:\/\/www.eldiario.net\/portal\/#organization"},"image":{"@id":"https:\/\/www.eldiario.net\/portal\/2022\/05\/01\/comienza-desinfeccion-de-78-unidades-educativas\/#primaryimage"},"thumbnailUrl":"","articleSection":["Nacional"],"inLanguage":"es"},{"@type":"WebPage","@id":"https:\/\/www.eldiario.net\/portal\/2022\/05\/01\/comienza-desinfeccion-de-78-unidades-educativas\/","url":"https:\/\/www.eldiario.net\/portal\/2022\/05\/01\/comienza-desinfeccion-de-78-unidades-educativas\/","name":"Comienza desinfecci\u00f3n de 78 unidades educativas - El Diario - Bolivia","isPartOf":{"@id":"https:\/\/www.eldiario.net\/portal\/#website"},"primaryImageOfPage":{"@id":"https:\/\/www.eldiario.net\/portal\/2022\/05\/01\/comienza-desinfeccion-de-78-unidades-educativas\/#primaryimage"},"image":{"@id":"https:\/\/www.eldiario.net\/portal\/2022\/05\/01\/comienza-desinfeccion-de-78-unidades-educativas\/#primaryimage"},"thumbnailUrl":"","datePublished":"2022-05-01T09:55:55+00:00","breadcrumb":{"@id":"https:\/\/www.eldiario.net\/portal\/2022\/05\/01\/comienza-desinfeccion-de-78-unidades-educativas\/#breadcrumb"},"inLanguage":"es","potentialAction":[{"@type":"ReadAction","target":["https:\/\/www.eldiario.net\/portal\/2022\/05\/01\/comienza-desinfeccion-de-78-unidades-educativas\/"]}]},{"@type":"ImageObject","inLanguage":"es","@id":"https:\/\/www.eldiario.net\/portal\/2022\/05\/01\/comienza-desinfeccion-de-78-unidades-educativas\/#primaryimage","url":"","contentUrl":""},{"@type":"BreadcrumbList","@id":"https:\/\/www.eldiario.net\/portal\/2022\/05\/01\/comienza-desinfeccion-de-78-unidades-educativas\/#breadcrumb","itemListElement":[{"@type":"ListItem","position":1,"name":"Portada","item":"https:\/\/www.eldiario.net\/portal\/"},{"@type":"ListItem","position":2,"name":"Comienza desinfecci\u00f3n de 78 unidades educativas"}]},{"@type":"WebSite","@id":"https:\/\/www.eldiario.net\/portal\/#website","url":"https:\/\/www.eldiario.net\/portal\/","name":"El Diario - Decano de la prensa nacional","description":"El Diario - Decano de la prensa nacional","publisher":{"@id":"https:\/\/www.eldiario.net\/portal\/#organization"},"potentialAction":[{"@type":"SearchAction","target":{"@type":"EntryPoint","urlTemplate":"https:\/\/www.eldiario.net\/portal\/?s={search_term_string}"},"query-input":{"@type":"PropertyValueSpecification","valueRequired":true,"valueName":"search_term_string"}}],"inLanguage":"es"},{"@type":"Organization","@id":"https:\/\/www.eldiario.net\/portal\/#organization","name":"El Diario - Decano de la prensa nacional","url":"https:\/\/www.eldiario.net\/portal\/","logo":{"@type":"ImageObject","inLanguage":"es","@id":"https:\/\/www.eldiario.net\/portal\/#\/schema\/logo\/image\/","url":"https:\/\/www.eldiario.net\/portal\/wp-content\/uploads\/2023\/07\/logo_ED.jpg","contentUrl":"https:\/\/www.eldiario.net\/portal\/wp-content\/uploads\/2023\/07\/logo_ED.jpg","width":272,"height":52,"caption":"El Diario - Decano de la prensa nacional"},"image":{"@id":"https:\/\/www.eldiario.net\/portal\/#\/schema\/logo\/image\/"},"sameAs":["https:\/\/www.facebook.com\/eldiario.bolivia\/","https:\/\/x.com\/eldiario_net"]},{"@type":"Person","@id":"https:\/\/www.eldiario.net\/portal\/#\/schema\/person\/f46445640444750d7d753ccd04ae01b7","name":"Jeanette","image":{"@type":"ImageObject","inLanguage":"es","@id":"https:\/\/secure.gravatar.com\/avatar\/3ea2118a5f7dad2b7138b1187a6b7ee55f160b9968b66013c3a3ef39dd7e5798?s=96&d=mm&r=g","url":"https:\/\/secure.gravatar.com\/avatar\/3ea2118a5f7dad2b7138b1187a6b7ee55f160b9968b66013c3a3ef39dd7e5798?s=96&d=mm&r=g","contentUrl":"https:\/\/secure.gravatar.com\/avatar\/3ea2118a5f7dad2b7138b1187a6b7ee55f160b9968b66013c3a3ef39dd7e5798?s=96&d=mm&r=g","caption":"Jeanette"},"sameAs":["https:\/\/www.eldiario.net\/portal"],"url":"https:\/\/www.eldiario.net\/portal\/author\/jeanette\/"}]}},"_links":{"self":[{"href":"https:\/\/www.eldiario.net\/portal\/wp-json\/wp\/v2\/posts\/80422","targetHints":{"allow":["GET"]}}],"collection":[{"href":"https:\/\/www.eldiario.net\/portal\/wp-json\/wp\/v2\/posts"}],"about":[{"href":"https:\/\/www.eldiario.net\/portal\/wp-json\/wp\/v2\/types\/post"}],"author":[{"embeddable":true,"href":"https:\/\/www.eldiario.net\/portal\/wp-json\/wp\/v2\/users\/1"}],"replies":[{"embeddable":true,"href":"https:\/\/www.eldiario.net\/portal\/wp-json\/wp\/v2\/comments?post=80422"}],"version-history":[{"count":0,"href":"https:\/\/www.eldiario.net\/portal\/wp-json\/wp\/v2\/posts\/80422\/revisions"}],"wp:attachment":[{"href":"https:\/\/www.eldiario.net\/portal\/wp-json\/wp\/v2\/media?parent=80422"}],"wp:term":[{"taxonomy":"category","embeddable":true,"href":"https:\/\/www.eldiario.net\/portal\/wp-json\/wp\/v2\/categories?post=80422"},{"taxonomy":"post_tag","embeddable":true,"href":"https:\/\/www.eldiario.net\/portal\/wp-json\/wp\/v2\/tags?post=80422"}],"curies":[{"name":"wp","href":"https:\/\/api.w.org\/{rel}","templated":true}]}}