{"id":80420,"date":"2022-05-01T05:53:54","date_gmt":"2022-05-01T09:53:54","guid":{"rendered":"https:\/\/www.eldiario.net\/portal\/?p=80420"},"modified":"2022-05-01T05:53:54","modified_gmt":"2022-05-01T09:53:54","slug":"asamblea-de-la-pacenidad-sera-el-14-pero-antes-habra-talleres-en-los-barrios","status":"publish","type":"post","link":"https:\/\/www.eldiario.net\/portal\/2022\/05\/01\/asamblea-de-la-pacenidad-sera-el-14-pero-antes-habra-talleres-en-los-barrios\/","title":{"rendered":"Asamblea de la Pace\u00f1idad ser\u00e1 el 14, pero antes habr\u00e1 talleres en los barrios"},"content":{"rendered":"<p>El pr\u00f3ximo 14 de mayo se realizar\u00e1 la Asamblea de la Pace\u00f1idad y d\u00edas antes talleres en los distintos barrios de la ciudad, en los cuales se analizar\u00e1 la importancia del Censo 2022, despu\u00e9s de que en los \u00faltimos d\u00edas denuncian que al menos 290 manzanos se encuentran en riesgo de pasar a comunas aleda\u00f1as.<br \/>\n\u00abEstamos pensando hacer la Asamblea de la Pace\u00f1idad el 14 de mayo en base al informe que me pase la Secretar\u00eda de Planificaci\u00f3n; queremos hacer antes varios talleres en los barrios, en los distritos municipales y en los sectores (sociales) explicando la importancia del Censo 2022\u00bb, dijo el burgomaestre pace\u00f1o, Iv\u00e1n Arias.<br \/>\nAlert\u00f3 que 290 manzanos se encuentran en riesgo de que pasen a municipios aleda\u00f1os y, para defender esos territorios de los pace\u00f1os, anunci\u00f3 que se preparan reuniones explicativas a vecinos y dirigencia en todos los macrodistritos, en las que se adoptar\u00e1n decisiones con miras a la realizaci\u00f3n del Censo 2022.<br \/>\n\u201cVamos a convocar a sectores gremiales, empresariales, vecinos, instituciones colegiadas entre otros porque el Censo aglutina e involucra a varios sectores, es decir, nos va a beneficiar o nos va a perjudicar, tenemos que hablar con todos los sectores\u201d, dijo.<br \/>\nLa secretaria municipal de Planificaci\u00f3n, Mar\u00eda del Carmen Rocabado, inform\u00f3 en d\u00edas pasados, que adem\u00e1s de los problemas de l\u00edmites con municipios vecinos, hay problemas de jurisdicci\u00f3n entre distritos de la urbe pace\u00f1a. En la ciudad de La Paz hay 639 Organizaciones Territoriales de Base (OTB), es decir unidades vecinales.<br \/>\nRecord\u00f3 que por falta de protecci\u00f3n del municipio pace\u00f1o, en los \u00faltimos 10 a\u00f1os la comuna perdi\u00f3 ingresos por coparticipaci\u00f3n tributaria.<br \/>\n\u00abEstamos buscando di\u00e1logo, estamos buscando concertaci\u00f3n y respeto, pero basta de decirnos que los pace\u00f1os perdemos poblaci\u00f3n; despu\u00e9s del Censo 2012, cada a\u00f1o hemos perdido 40 millones de bolivianos, porque nos han dicho que somos municipio expulsor, en 10 a\u00f1os hemos perdido m\u00e1s de 500 millones de bolivianos y les digo no podemos permitir eso otra vez\u00bb, apunt\u00f3.<\/p>\n","protected":false},"excerpt":{"rendered":"<p>El pr\u00f3ximo 14 de mayo se realizar\u00e1 la Asamblea de la Pace\u00f1idad y d\u00edas antes talleres en los distintos barrios de la ciudad, en los cuales se analizar\u00e1 la importancia del Censo 2022, despu\u00e9s de que en los \u00faltimos d\u00edas denuncian que al menos 290 manzanos se encuentran en riesgo de pasar a comunas aleda\u00f1as. [&hellip;]<\/p>\n","protected":false},"author":1,"featured_media":0,"comment_status":"closed","ping_status":"closed","sticky":false,"template":"","format":"standard","meta":{"_acf_changed":false,"footnotes":""},"categories":[12],"tags":[],"class_list":["post-80420","post","type-post","status-publish","format-standard","category-nacional"],"acf":{"antetitulo":""},"yoast_head":"<!-- This site is optimized with the Yoast SEO plugin v28.3 - https:\/\/yoast.com\/product\/yoast-seo-wordpress\/ -->\n<title>Asamblea de la Pace\u00f1idad ser\u00e1 el 14, pero antes habr\u00e1 talleres en los barrios - El Diario - Bolivia<\/title>\n<meta name=\"robots\" content=\"index, follow, max-snippet:-1, max-image-preview:large, max-video-preview:-1\" \/>\n<link rel=\"canonical\" href=\"https:\/\/www.eldiario.net\/portal\/2022\/05\/01\/asamblea-de-la-pacenidad-sera-el-14-pero-antes-habra-talleres-en-los-barrios\/\" \/>\n<meta property=\"og:locale\" content=\"es_ES\" \/>\n<meta property=\"og:type\" content=\"article\" \/>\n<meta property=\"og:title\" content=\"Asamblea de la Pace\u00f1idad ser\u00e1 el 14, pero antes habr\u00e1 talleres en los barrios - El Diario - Bolivia\" \/>\n<meta property=\"og:description\" content=\"El pr\u00f3ximo 14 de mayo se realizar\u00e1 la Asamblea de la Pace\u00f1idad y d\u00edas antes talleres en los distintos barrios de la ciudad, en los cuales se analizar\u00e1 la importancia del Censo 2022, despu\u00e9s de que en los \u00faltimos d\u00edas denuncian que al menos 290 manzanos se encuentran en riesgo de pasar a comunas aleda\u00f1as. [&hellip;]\" \/>\n<meta property=\"og:url\" content=\"https:\/\/www.eldiario.net\/portal\/2022\/05\/01\/asamblea-de-la-pacenidad-sera-el-14-pero-antes-habra-talleres-en-los-barrios\/\" \/>\n<meta property=\"og:site_name\" content=\"El Diario - Bolivia\" \/>\n<meta property=\"article:publisher\" content=\"https:\/\/www.facebook.com\/eldiario.bolivia\/\" \/>\n<meta property=\"article:published_time\" content=\"2022-05-01T09:53:54+00:00\" \/>\n<meta name=\"author\" content=\"Jeanette\" \/>\n<meta name=\"twitter:card\" content=\"summary_large_image\" \/>\n<meta name=\"twitter:creator\" content=\"@eldiario_net\" \/>\n<meta name=\"twitter:site\" content=\"@eldiario_net\" \/>\n<meta name=\"twitter:label1\" content=\"Escrito por\" \/>\n\t<meta name=\"twitter:data1\" content=\"Jeanette\" \/>\n\t<meta name=\"twitter:label2\" content=\"Tiempo de lectura\" \/>\n\t<meta name=\"twitter:data2\" content=\"2 minutos\" \/>\n<script type=\"application\/ld+json\" class=\"yoast-schema-graph\">{\"@context\":\"https:\\\/\\\/schema.org\",\"@graph\":[{\"@type\":\"Article\",\"@id\":\"https:\\\/\\\/www.eldiario.net\\\/portal\\\/2022\\\/05\\\/01\\\/asamblea-de-la-pacenidad-sera-el-14-pero-antes-habra-talleres-en-los-barrios\\\/#article\",\"isPartOf\":{\"@id\":\"https:\\\/\\\/www.eldiario.net\\\/portal\\\/2022\\\/05\\\/01\\\/asamblea-de-la-pacenidad-sera-el-14-pero-antes-habra-talleres-en-los-barrios\\\/\"},\"author\":{\"name\":\"Jeanette\",\"@id\":\"https:\\\/\\\/www.eldiario.net\\\/portal\\\/#\\\/schema\\\/person\\\/f46445640444750d7d753ccd04ae01b7\"},\"headline\":\"Asamblea de la Pace\u00f1idad ser\u00e1 el 14, pero antes habr\u00e1 talleres en los barrios\",\"datePublished\":\"2022-05-01T09:53:54+00:00\",\"mainEntityOfPage\":{\"@id\":\"https:\\\/\\\/www.eldiario.net\\\/portal\\\/2022\\\/05\\\/01\\\/asamblea-de-la-pacenidad-sera-el-14-pero-antes-habra-talleres-en-los-barrios\\\/\"},\"wordCount\":361,\"publisher\":{\"@id\":\"https:\\\/\\\/www.eldiario.net\\\/portal\\\/#organization\"},\"articleSection\":[\"Nacional\"],\"inLanguage\":\"es\"},{\"@type\":\"WebPage\",\"@id\":\"https:\\\/\\\/www.eldiario.net\\\/portal\\\/2022\\\/05\\\/01\\\/asamblea-de-la-pacenidad-sera-el-14-pero-antes-habra-talleres-en-los-barrios\\\/\",\"url\":\"https:\\\/\\\/www.eldiario.net\\\/portal\\\/2022\\\/05\\\/01\\\/asamblea-de-la-pacenidad-sera-el-14-pero-antes-habra-talleres-en-los-barrios\\\/\",\"name\":\"Asamblea de la Pace\u00f1idad ser\u00e1 el 14, pero antes habr\u00e1 talleres en los barrios - El Diario - Bolivia\",\"isPartOf\":{\"@id\":\"https:\\\/\\\/www.eldiario.net\\\/portal\\\/#website\"},\"datePublished\":\"2022-05-01T09:53:54+00:00\",\"breadcrumb\":{\"@id\":\"https:\\\/\\\/www.eldiario.net\\\/portal\\\/2022\\\/05\\\/01\\\/asamblea-de-la-pacenidad-sera-el-14-pero-antes-habra-talleres-en-los-barrios\\\/#breadcrumb\"},\"inLanguage\":\"es\",\"potentialAction\":[{\"@type\":\"ReadAction\",\"target\":[\"https:\\\/\\\/www.eldiario.net\\\/portal\\\/2022\\\/05\\\/01\\\/asamblea-de-la-pacenidad-sera-el-14-pero-antes-habra-talleres-en-los-barrios\\\/\"]}]},{\"@type\":\"BreadcrumbList\",\"@id\":\"https:\\\/\\\/www.eldiario.net\\\/portal\\\/2022\\\/05\\\/01\\\/asamblea-de-la-pacenidad-sera-el-14-pero-antes-habra-talleres-en-los-barrios\\\/#breadcrumb\",\"itemListElement\":[{\"@type\":\"ListItem\",\"position\":1,\"name\":\"Portada\",\"item\":\"https:\\\/\\\/www.eldiario.net\\\/portal\\\/\"},{\"@type\":\"ListItem\",\"position\":2,\"name\":\"Asamblea de la Pace\u00f1idad ser\u00e1 el 14, pero antes habr\u00e1 talleres en los barrios\"}]},{\"@type\":\"WebSite\",\"@id\":\"https:\\\/\\\/www.eldiario.net\\\/portal\\\/#website\",\"url\":\"https:\\\/\\\/www.eldiario.net\\\/portal\\\/\",\"name\":\"El Diario - Decano de la prensa nacional\",\"description\":\"El Diario - Decano de la prensa nacional\",\"publisher\":{\"@id\":\"https:\\\/\\\/www.eldiario.net\\\/portal\\\/#organization\"},\"potentialAction\":[{\"@type\":\"SearchAction\",\"target\":{\"@type\":\"EntryPoint\",\"urlTemplate\":\"https:\\\/\\\/www.eldiario.net\\\/portal\\\/?s={search_term_string}\"},\"query-input\":{\"@type\":\"PropertyValueSpecification\",\"valueRequired\":true,\"valueName\":\"search_term_string\"}}],\"inLanguage\":\"es\"},{\"@type\":\"Organization\",\"@id\":\"https:\\\/\\\/www.eldiario.net\\\/portal\\\/#organization\",\"name\":\"El Diario - Decano de la prensa nacional\",\"url\":\"https:\\\/\\\/www.eldiario.net\\\/portal\\\/\",\"logo\":{\"@type\":\"ImageObject\",\"inLanguage\":\"es\",\"@id\":\"https:\\\/\\\/www.eldiario.net\\\/portal\\\/#\\\/schema\\\/logo\\\/image\\\/\",\"url\":\"https:\\\/\\\/www.eldiario.net\\\/portal\\\/wp-content\\\/uploads\\\/2023\\\/07\\\/logo_ED.jpg\",\"contentUrl\":\"https:\\\/\\\/www.eldiario.net\\\/portal\\\/wp-content\\\/uploads\\\/2023\\\/07\\\/logo_ED.jpg\",\"width\":272,\"height\":52,\"caption\":\"El Diario - Decano de la prensa nacional\"},\"image\":{\"@id\":\"https:\\\/\\\/www.eldiario.net\\\/portal\\\/#\\\/schema\\\/logo\\\/image\\\/\"},\"sameAs\":[\"https:\\\/\\\/www.facebook.com\\\/eldiario.bolivia\\\/\",\"https:\\\/\\\/x.com\\\/eldiario_net\"]},{\"@type\":\"Person\",\"@id\":\"https:\\\/\\\/www.eldiario.net\\\/portal\\\/#\\\/schema\\\/person\\\/f46445640444750d7d753ccd04ae01b7\",\"name\":\"Jeanette\",\"image\":{\"@type\":\"ImageObject\",\"inLanguage\":\"es\",\"@id\":\"https:\\\/\\\/secure.gravatar.com\\\/avatar\\\/3ea2118a5f7dad2b7138b1187a6b7ee55f160b9968b66013c3a3ef39dd7e5798?s=96&d=mm&r=g\",\"url\":\"https:\\\/\\\/secure.gravatar.com\\\/avatar\\\/3ea2118a5f7dad2b7138b1187a6b7ee55f160b9968b66013c3a3ef39dd7e5798?s=96&d=mm&r=g\",\"contentUrl\":\"https:\\\/\\\/secure.gravatar.com\\\/avatar\\\/3ea2118a5f7dad2b7138b1187a6b7ee55f160b9968b66013c3a3ef39dd7e5798?s=96&d=mm&r=g\",\"caption\":\"Jeanette\"},\"sameAs\":[\"https:\\\/\\\/www.eldiario.net\\\/portal\"],\"url\":\"https:\\\/\\\/www.eldiario.net\\\/portal\\\/author\\\/jeanette\\\/\"}]}<\/script>\n<!-- \/ Yoast SEO plugin. -->","yoast_head_json":{"title":"Asamblea de la Pace\u00f1idad ser\u00e1 el 14, pero antes habr\u00e1 talleres en los barrios - El Diario - Bolivia","robots":{"index":"index","follow":"follow","max-snippet":"max-snippet:-1","max-image-preview":"max-image-preview:large","max-video-preview":"max-video-preview:-1"},"canonical":"https:\/\/www.eldiario.net\/portal\/2022\/05\/01\/asamblea-de-la-pacenidad-sera-el-14-pero-antes-habra-talleres-en-los-barrios\/","og_locale":"es_ES","og_type":"article","og_title":"Asamblea de la Pace\u00f1idad ser\u00e1 el 14, pero antes habr\u00e1 talleres en los barrios - El Diario - Bolivia","og_description":"El pr\u00f3ximo 14 de mayo se realizar\u00e1 la Asamblea de la Pace\u00f1idad y d\u00edas antes talleres en los distintos barrios de la ciudad, en los cuales se analizar\u00e1 la importancia del Censo 2022, despu\u00e9s de que en los \u00faltimos d\u00edas denuncian que al menos 290 manzanos se encuentran en riesgo de pasar a comunas aleda\u00f1as. [&hellip;]","og_url":"https:\/\/www.eldiario.net\/portal\/2022\/05\/01\/asamblea-de-la-pacenidad-sera-el-14-pero-antes-habra-talleres-en-los-barrios\/","og_site_name":"El Diario - Bolivia","article_publisher":"https:\/\/www.facebook.com\/eldiario.bolivia\/","article_published_time":"2022-05-01T09:53:54+00:00","author":"Jeanette","twitter_card":"summary_large_image","twitter_creator":"@eldiario_net","twitter_site":"@eldiario_net","twitter_misc":{"Escrito por":"Jeanette","Tiempo de lectura":"2 minutos"},"schema":{"@context":"https:\/\/schema.org","@graph":[{"@type":"Article","@id":"https:\/\/www.eldiario.net\/portal\/2022\/05\/01\/asamblea-de-la-pacenidad-sera-el-14-pero-antes-habra-talleres-en-los-barrios\/#article","isPartOf":{"@id":"https:\/\/www.eldiario.net\/portal\/2022\/05\/01\/asamblea-de-la-pacenidad-sera-el-14-pero-antes-habra-talleres-en-los-barrios\/"},"author":{"name":"Jeanette","@id":"https:\/\/www.eldiario.net\/portal\/#\/schema\/person\/f46445640444750d7d753ccd04ae01b7"},"headline":"Asamblea de la Pace\u00f1idad ser\u00e1 el 14, pero antes habr\u00e1 talleres en los barrios","datePublished":"2022-05-01T09:53:54+00:00","mainEntityOfPage":{"@id":"https:\/\/www.eldiario.net\/portal\/2022\/05\/01\/asamblea-de-la-pacenidad-sera-el-14-pero-antes-habra-talleres-en-los-barrios\/"},"wordCount":361,"publisher":{"@id":"https:\/\/www.eldiario.net\/portal\/#organization"},"articleSection":["Nacional"],"inLanguage":"es"},{"@type":"WebPage","@id":"https:\/\/www.eldiario.net\/portal\/2022\/05\/01\/asamblea-de-la-pacenidad-sera-el-14-pero-antes-habra-talleres-en-los-barrios\/","url":"https:\/\/www.eldiario.net\/portal\/2022\/05\/01\/asamblea-de-la-pacenidad-sera-el-14-pero-antes-habra-talleres-en-los-barrios\/","name":"Asamblea de la Pace\u00f1idad ser\u00e1 el 14, pero antes habr\u00e1 talleres en los barrios - El Diario - Bolivia","isPartOf":{"@id":"https:\/\/www.eldiario.net\/portal\/#website"},"datePublished":"2022-05-01T09:53:54+00:00","breadcrumb":{"@id":"https:\/\/www.eldiario.net\/portal\/2022\/05\/01\/asamblea-de-la-pacenidad-sera-el-14-pero-antes-habra-talleres-en-los-barrios\/#breadcrumb"},"inLanguage":"es","potentialAction":[{"@type":"ReadAction","target":["https:\/\/www.eldiario.net\/portal\/2022\/05\/01\/asamblea-de-la-pacenidad-sera-el-14-pero-antes-habra-talleres-en-los-barrios\/"]}]},{"@type":"BreadcrumbList","@id":"https:\/\/www.eldiario.net\/portal\/2022\/05\/01\/asamblea-de-la-pacenidad-sera-el-14-pero-antes-habra-talleres-en-los-barrios\/#breadcrumb","itemListElement":[{"@type":"ListItem","position":1,"name":"Portada","item":"https:\/\/www.eldiario.net\/portal\/"},{"@type":"ListItem","position":2,"name":"Asamblea de la Pace\u00f1idad ser\u00e1 el 14, pero antes habr\u00e1 talleres en los barrios"}]},{"@type":"WebSite","@id":"https:\/\/www.eldiario.net\/portal\/#website","url":"https:\/\/www.eldiario.net\/portal\/","name":"El Diario - Decano de la prensa nacional","description":"El Diario - Decano de la prensa nacional","publisher":{"@id":"https:\/\/www.eldiario.net\/portal\/#organization"},"potentialAction":[{"@type":"SearchAction","target":{"@type":"EntryPoint","urlTemplate":"https:\/\/www.eldiario.net\/portal\/?s={search_term_string}"},"query-input":{"@type":"PropertyValueSpecification","valueRequired":true,"valueName":"search_term_string"}}],"inLanguage":"es"},{"@type":"Organization","@id":"https:\/\/www.eldiario.net\/portal\/#organization","name":"El Diario - Decano de la prensa nacional","url":"https:\/\/www.eldiario.net\/portal\/","logo":{"@type":"ImageObject","inLanguage":"es","@id":"https:\/\/www.eldiario.net\/portal\/#\/schema\/logo\/image\/","url":"https:\/\/www.eldiario.net\/portal\/wp-content\/uploads\/2023\/07\/logo_ED.jpg","contentUrl":"https:\/\/www.eldiario.net\/portal\/wp-content\/uploads\/2023\/07\/logo_ED.jpg","width":272,"height":52,"caption":"El Diario - Decano de la prensa nacional"},"image":{"@id":"https:\/\/www.eldiario.net\/portal\/#\/schema\/logo\/image\/"},"sameAs":["https:\/\/www.facebook.com\/eldiario.bolivia\/","https:\/\/x.com\/eldiario_net"]},{"@type":"Person","@id":"https:\/\/www.eldiario.net\/portal\/#\/schema\/person\/f46445640444750d7d753ccd04ae01b7","name":"Jeanette","image":{"@type":"ImageObject","inLanguage":"es","@id":"https:\/\/secure.gravatar.com\/avatar\/3ea2118a5f7dad2b7138b1187a6b7ee55f160b9968b66013c3a3ef39dd7e5798?s=96&d=mm&r=g","url":"https:\/\/secure.gravatar.com\/avatar\/3ea2118a5f7dad2b7138b1187a6b7ee55f160b9968b66013c3a3ef39dd7e5798?s=96&d=mm&r=g","contentUrl":"https:\/\/secure.gravatar.com\/avatar\/3ea2118a5f7dad2b7138b1187a6b7ee55f160b9968b66013c3a3ef39dd7e5798?s=96&d=mm&r=g","caption":"Jeanette"},"sameAs":["https:\/\/www.eldiario.net\/portal"],"url":"https:\/\/www.eldiario.net\/portal\/author\/jeanette\/"}]}},"_links":{"self":[{"href":"https:\/\/www.eldiario.net\/portal\/wp-json\/wp\/v2\/posts\/80420","targetHints":{"allow":["GET"]}}],"collection":[{"href":"https:\/\/www.eldiario.net\/portal\/wp-json\/wp\/v2\/posts"}],"about":[{"href":"https:\/\/www.eldiario.net\/portal\/wp-json\/wp\/v2\/types\/post"}],"author":[{"embeddable":true,"href":"https:\/\/www.eldiario.net\/portal\/wp-json\/wp\/v2\/users\/1"}],"replies":[{"embeddable":true,"href":"https:\/\/www.eldiario.net\/portal\/wp-json\/wp\/v2\/comments?post=80420"}],"version-history":[{"count":0,"href":"https:\/\/www.eldiario.net\/portal\/wp-json\/wp\/v2\/posts\/80420\/revisions"}],"wp:attachment":[{"href":"https:\/\/www.eldiario.net\/portal\/wp-json\/wp\/v2\/media?parent=80420"}],"wp:term":[{"taxonomy":"category","embeddable":true,"href":"https:\/\/www.eldiario.net\/portal\/wp-json\/wp\/v2\/categories?post=80420"},{"taxonomy":"post_tag","embeddable":true,"href":"https:\/\/www.eldiario.net\/portal\/wp-json\/wp\/v2\/tags?post=80420"}],"curies":[{"name":"wp","href":"https:\/\/api.w.org\/{rel}","templated":true}]}}