{"id":8041,"date":"2021-06-03T06:21:50","date_gmt":"2021-06-03T10:21:50","guid":{"rendered":"https:\/\/www.eldiario.net\/portal\/?p=8041"},"modified":"2021-06-03T06:21:50","modified_gmt":"2021-06-03T10:21:50","slug":"oit-senala-que-recuperacion-del-empleo-sera-hasta-el-2023","status":"publish","type":"post","link":"https:\/\/www.eldiario.net\/portal\/2021\/06\/03\/oit-senala-que-recuperacion-del-empleo-sera-hasta-el-2023\/","title":{"rendered":"OIT se\u00f1ala que recuperaci\u00f3n del empleo ser\u00e1 hasta el 2023"},"content":{"rendered":"<p>Una nueva evaluaci\u00f3n de la Organizaci\u00f3n Internacional del Trabajo (OIT) sostiene que la crisis del mercado de trabajo provocada por la pandemia de Covid-19 dista mucho de haber terminado y al menos hasta 2023 el crecimiento del empleo no lograr\u00e1 compensar las p\u00e9rdidas sufridas.<\/p>\n<p>Las proyecciones de la OIT recogidas en Perspectivas Sociales y del Empleo en el Mundo: Tendencias 2021 indican que el d\u00e9ficit de puestos de trabajo derivado de la crisis mundial llegar\u00e1 a los 75 millones en 2021 para luego reducirse a 23 millones en 2022.<\/p>\n<p>El correspondiente d\u00e9ficit en horas de trabajo, que abarca el d\u00e9ficit de puestos de trabajo y la reducci\u00f3n de horas, equivale a 100 millones de empleos a tiempo completo en 2021 y a 26 millones de empleos a tiempo completo en 2022.<\/p>\n<p>Esa insuficiencia de puestos y horas de trabajo viene a a\u00f1adirse a los persistentes niveles de desocupaci\u00f3n, subutilizaci\u00f3n de la mano de obra y condiciones de trabajo deficientes anteriores a la crisis.<\/p>\n<p>En consecuencia, se prev\u00e9 que en 2022 el n\u00famero de personas desempleadas en el mundo se sit\u00fae en 205 millones, muy por encima de los 187 millones de 2019. Esta cifra equivale a una tasa de desocupaci\u00f3n del 5,7%. Antes del per\u00edodo de crisis de la Covid-19, solo se hab\u00eda registrado una tasa similar en 2013.<\/p>\n<p>Las regiones m\u00e1s afectadas en el primer semestre de 2021 han sido Am\u00e9rica Latina y el Caribe, y Europa y Asia Central. En ambas, la p\u00e9rdida estimada de horas de trabajo super\u00f3 el 8 por ciento en el primer trimestre, y el 6 por ciento en el segundo, mientras que a nivel mundial y en los mismos per\u00edodos las tasas fueron de 4,8 y 4,4%%.<\/p>\n<p>Se prev\u00e9 que la recuperaci\u00f3n del empleo a nivel mundial se acelere en la segunda mitad de 2021, siempre y cuando la situaci\u00f3n pand\u00e9mica general no se agrave. Ahora bien, habida cuenta de la desigualdad de acceso a las vacunas y la limitada capacidad de la mayor\u00eda de las econom\u00edas desarrolladas y emergentes para respaldar medidas de est\u00edmulo fiscal fuertes, la recuperaci\u00f3n ser\u00e1 despareja. Adem\u00e1s, es probable que la calidad de los nuevos puestos de trabajo en esos pa\u00edses sea inferior.<\/p>\n<p>La ca\u00edda del empleo y de las horas de trabajo se ha traducido en una reducci\u00f3n dr\u00e1stica de los ingresos laborales y el consiguiente aumento de la pobreza. En comparaci\u00f3n con 2019, a nivel mundial, la categor\u00eda de trabajadores pobres o sumamente pobres (es decir, que esas personas y sus familias viven con una suma inferior a 3,20 d\u00f3lares de los Estados Unidos por persona al d\u00eda) se ha engrosado con 108 millones de personas.<\/p>\n<p>Seg\u00fan el informe, \u201clos cinco a\u00f1os de avance hacia la erradicaci\u00f3n de la pobreza laboral se han perdido\u201d, y ello empa\u00f1a el horizonte de la consecuci\u00f3n del Objetivo de Desarrollo Sostenible de haber erradicado la pobreza en 2030.<\/p>\n<p>El informe concluye que la crisis de la Covid-19, ha afectado con m\u00e1s dureza a los trabajadores m\u00e1s vulnerables, de ah\u00ed que tambi\u00e9n haya agravado las desigualdades preexistentes. Dada la falta de protecci\u00f3n social generalizada \u2013por ejemplo, la de los 2000 millones de trabajadores del sector informal\u2013 las perturbaciones laborales relacionadas con la pandemia han tenido consecuencias catastr\u00f3ficas para los ingresos y los medios de subsistencias de las familias.<\/p>\n<p>&nbsp;<\/p>\n","protected":false},"excerpt":{"rendered":"<p>Una nueva evaluaci\u00f3n de la Organizaci\u00f3n Internacional del Trabajo (OIT) sostiene que la crisis del mercado de trabajo provocada por la pandemia de Covid-19 dista mucho de haber terminado y al menos hasta 2023 el crecimiento del empleo no lograr\u00e1 compensar las p\u00e9rdidas sufridas. Las proyecciones de la OIT recogidas en Perspectivas Sociales y del [&hellip;]<\/p>\n","protected":false},"author":1,"featured_media":8042,"comment_status":"closed","ping_status":"closed","sticky":false,"template":"","format":"standard","meta":{"_acf_changed":false,"footnotes":""},"categories":[7],"tags":[],"class_list":["post-8041","post","type-post","status-publish","format-standard","has-post-thumbnail","category-economia"],"acf":{"antetitulo":""},"yoast_head":"<!-- This site is optimized with the Yoast SEO plugin v28.3 - https:\/\/yoast.com\/product\/yoast-seo-wordpress\/ -->\n<title>OIT se\u00f1ala que recuperaci\u00f3n del empleo ser\u00e1 hasta el 2023 - El Diario - Bolivia<\/title>\n<meta name=\"robots\" content=\"index, follow, max-snippet:-1, max-image-preview:large, max-video-preview:-1\" \/>\n<link rel=\"canonical\" href=\"https:\/\/www.eldiario.net\/portal\/2021\/06\/03\/oit-senala-que-recuperacion-del-empleo-sera-hasta-el-2023\/\" \/>\n<meta property=\"og:locale\" content=\"es_ES\" \/>\n<meta property=\"og:type\" content=\"article\" \/>\n<meta property=\"og:title\" content=\"OIT se\u00f1ala que recuperaci\u00f3n del empleo ser\u00e1 hasta el 2023 - El Diario - Bolivia\" \/>\n<meta property=\"og:description\" content=\"Una nueva evaluaci\u00f3n de la Organizaci\u00f3n Internacional del Trabajo (OIT) sostiene que la crisis del mercado de trabajo provocada por la pandemia de Covid-19 dista mucho de haber terminado y al menos hasta 2023 el crecimiento del empleo no lograr\u00e1 compensar las p\u00e9rdidas sufridas. Las proyecciones de la OIT recogidas en Perspectivas Sociales y del [&hellip;]\" \/>\n<meta property=\"og:url\" content=\"https:\/\/www.eldiario.net\/portal\/2021\/06\/03\/oit-senala-que-recuperacion-del-empleo-sera-hasta-el-2023\/\" \/>\n<meta property=\"og:site_name\" content=\"El Diario - Bolivia\" \/>\n<meta property=\"article:publisher\" content=\"https:\/\/www.facebook.com\/eldiario.bolivia\/\" \/>\n<meta property=\"article:published_time\" content=\"2021-06-03T10:21:50+00:00\" \/>\n<meta property=\"og:image\" content=\"https:\/\/www.eldiario.net\/portal\/wp-content\/uploads\/2021\/06\/ECON-OIT-senala-que-recuperacion.jpg\" \/>\n\t<meta property=\"og:image:width\" content=\"1\" \/>\n\t<meta property=\"og:image:height\" content=\"1\" \/>\n\t<meta property=\"og:image:type\" content=\"image\/jpeg\" \/>\n<meta name=\"author\" content=\"Jeanette\" \/>\n<meta name=\"twitter:card\" content=\"summary_large_image\" \/>\n<meta name=\"twitter:creator\" content=\"@eldiario_net\" \/>\n<meta name=\"twitter:site\" content=\"@eldiario_net\" \/>\n<meta name=\"twitter:label1\" content=\"Escrito por\" \/>\n\t<meta name=\"twitter:data1\" content=\"Jeanette\" \/>\n\t<meta name=\"twitter:label2\" content=\"Tiempo de lectura\" \/>\n\t<meta name=\"twitter:data2\" content=\"3 minutos\" \/>\n<script type=\"application\/ld+json\" class=\"yoast-schema-graph\">{\"@context\":\"https:\\\/\\\/schema.org\",\"@graph\":[{\"@type\":\"Article\",\"@id\":\"https:\\\/\\\/www.eldiario.net\\\/portal\\\/2021\\\/06\\\/03\\\/oit-senala-que-recuperacion-del-empleo-sera-hasta-el-2023\\\/#article\",\"isPartOf\":{\"@id\":\"https:\\\/\\\/www.eldiario.net\\\/portal\\\/2021\\\/06\\\/03\\\/oit-senala-que-recuperacion-del-empleo-sera-hasta-el-2023\\\/\"},\"author\":{\"name\":\"Jeanette\",\"@id\":\"https:\\\/\\\/www.eldiario.net\\\/portal\\\/#\\\/schema\\\/person\\\/f46445640444750d7d753ccd04ae01b7\"},\"headline\":\"OIT se\u00f1ala que recuperaci\u00f3n del empleo ser\u00e1 hasta el 2023\",\"datePublished\":\"2021-06-03T10:21:50+00:00\",\"mainEntityOfPage\":{\"@id\":\"https:\\\/\\\/www.eldiario.net\\\/portal\\\/2021\\\/06\\\/03\\\/oit-senala-que-recuperacion-del-empleo-sera-hasta-el-2023\\\/\"},\"wordCount\":577,\"publisher\":{\"@id\":\"https:\\\/\\\/www.eldiario.net\\\/portal\\\/#organization\"},\"image\":{\"@id\":\"https:\\\/\\\/www.eldiario.net\\\/portal\\\/2021\\\/06\\\/03\\\/oit-senala-que-recuperacion-del-empleo-sera-hasta-el-2023\\\/#primaryimage\"},\"thumbnailUrl\":\"https:\\\/\\\/www.eldiario.net\\\/portal\\\/wp-content\\\/uploads\\\/2021\\\/06\\\/ECON-OIT-senala-que-recuperacion.jpg\",\"articleSection\":[\"Econom\u00eda\"],\"inLanguage\":\"es\"},{\"@type\":\"WebPage\",\"@id\":\"https:\\\/\\\/www.eldiario.net\\\/portal\\\/2021\\\/06\\\/03\\\/oit-senala-que-recuperacion-del-empleo-sera-hasta-el-2023\\\/\",\"url\":\"https:\\\/\\\/www.eldiario.net\\\/portal\\\/2021\\\/06\\\/03\\\/oit-senala-que-recuperacion-del-empleo-sera-hasta-el-2023\\\/\",\"name\":\"OIT se\u00f1ala que recuperaci\u00f3n del empleo ser\u00e1 hasta el 2023 - El Diario - Bolivia\",\"isPartOf\":{\"@id\":\"https:\\\/\\\/www.eldiario.net\\\/portal\\\/#website\"},\"primaryImageOfPage\":{\"@id\":\"https:\\\/\\\/www.eldiario.net\\\/portal\\\/2021\\\/06\\\/03\\\/oit-senala-que-recuperacion-del-empleo-sera-hasta-el-2023\\\/#primaryimage\"},\"image\":{\"@id\":\"https:\\\/\\\/www.eldiario.net\\\/portal\\\/2021\\\/06\\\/03\\\/oit-senala-que-recuperacion-del-empleo-sera-hasta-el-2023\\\/#primaryimage\"},\"thumbnailUrl\":\"https:\\\/\\\/www.eldiario.net\\\/portal\\\/wp-content\\\/uploads\\\/2021\\\/06\\\/ECON-OIT-senala-que-recuperacion.jpg\",\"datePublished\":\"2021-06-03T10:21:50+00:00\",\"breadcrumb\":{\"@id\":\"https:\\\/\\\/www.eldiario.net\\\/portal\\\/2021\\\/06\\\/03\\\/oit-senala-que-recuperacion-del-empleo-sera-hasta-el-2023\\\/#breadcrumb\"},\"inLanguage\":\"es\",\"potentialAction\":[{\"@type\":\"ReadAction\",\"target\":[\"https:\\\/\\\/www.eldiario.net\\\/portal\\\/2021\\\/06\\\/03\\\/oit-senala-que-recuperacion-del-empleo-sera-hasta-el-2023\\\/\"]}]},{\"@type\":\"ImageObject\",\"inLanguage\":\"es\",\"@id\":\"https:\\\/\\\/www.eldiario.net\\\/portal\\\/2021\\\/06\\\/03\\\/oit-senala-que-recuperacion-del-empleo-sera-hasta-el-2023\\\/#primaryimage\",\"url\":\"https:\\\/\\\/www.eldiario.net\\\/portal\\\/wp-content\\\/uploads\\\/2021\\\/06\\\/ECON-OIT-senala-que-recuperacion.jpg\",\"contentUrl\":\"https:\\\/\\\/www.eldiario.net\\\/portal\\\/wp-content\\\/uploads\\\/2021\\\/06\\\/ECON-OIT-senala-que-recuperacion.jpg\"},{\"@type\":\"BreadcrumbList\",\"@id\":\"https:\\\/\\\/www.eldiario.net\\\/portal\\\/2021\\\/06\\\/03\\\/oit-senala-que-recuperacion-del-empleo-sera-hasta-el-2023\\\/#breadcrumb\",\"itemListElement\":[{\"@type\":\"ListItem\",\"position\":1,\"name\":\"Portada\",\"item\":\"https:\\\/\\\/www.eldiario.net\\\/portal\\\/\"},{\"@type\":\"ListItem\",\"position\":2,\"name\":\"OIT se\u00f1ala que recuperaci\u00f3n del empleo ser\u00e1 hasta el 2023\"}]},{\"@type\":\"WebSite\",\"@id\":\"https:\\\/\\\/www.eldiario.net\\\/portal\\\/#website\",\"url\":\"https:\\\/\\\/www.eldiario.net\\\/portal\\\/\",\"name\":\"El Diario - Decano de la prensa nacional\",\"description\":\"El Diario - Decano de la prensa nacional\",\"publisher\":{\"@id\":\"https:\\\/\\\/www.eldiario.net\\\/portal\\\/#organization\"},\"potentialAction\":[{\"@type\":\"SearchAction\",\"target\":{\"@type\":\"EntryPoint\",\"urlTemplate\":\"https:\\\/\\\/www.eldiario.net\\\/portal\\\/?s={search_term_string}\"},\"query-input\":{\"@type\":\"PropertyValueSpecification\",\"valueRequired\":true,\"valueName\":\"search_term_string\"}}],\"inLanguage\":\"es\"},{\"@type\":\"Organization\",\"@id\":\"https:\\\/\\\/www.eldiario.net\\\/portal\\\/#organization\",\"name\":\"El Diario - Decano de la prensa nacional\",\"url\":\"https:\\\/\\\/www.eldiario.net\\\/portal\\\/\",\"logo\":{\"@type\":\"ImageObject\",\"inLanguage\":\"es\",\"@id\":\"https:\\\/\\\/www.eldiario.net\\\/portal\\\/#\\\/schema\\\/logo\\\/image\\\/\",\"url\":\"https:\\\/\\\/www.eldiario.net\\\/portal\\\/wp-content\\\/uploads\\\/2023\\\/07\\\/logo_ED.jpg\",\"contentUrl\":\"https:\\\/\\\/www.eldiario.net\\\/portal\\\/wp-content\\\/uploads\\\/2023\\\/07\\\/logo_ED.jpg\",\"width\":272,\"height\":52,\"caption\":\"El Diario - Decano de la prensa nacional\"},\"image\":{\"@id\":\"https:\\\/\\\/www.eldiario.net\\\/portal\\\/#\\\/schema\\\/logo\\\/image\\\/\"},\"sameAs\":[\"https:\\\/\\\/www.facebook.com\\\/eldiario.bolivia\\\/\",\"https:\\\/\\\/x.com\\\/eldiario_net\"]},{\"@type\":\"Person\",\"@id\":\"https:\\\/\\\/www.eldiario.net\\\/portal\\\/#\\\/schema\\\/person\\\/f46445640444750d7d753ccd04ae01b7\",\"name\":\"Jeanette\",\"image\":{\"@type\":\"ImageObject\",\"inLanguage\":\"es\",\"@id\":\"https:\\\/\\\/secure.gravatar.com\\\/avatar\\\/3ea2118a5f7dad2b7138b1187a6b7ee55f160b9968b66013c3a3ef39dd7e5798?s=96&d=mm&r=g\",\"url\":\"https:\\\/\\\/secure.gravatar.com\\\/avatar\\\/3ea2118a5f7dad2b7138b1187a6b7ee55f160b9968b66013c3a3ef39dd7e5798?s=96&d=mm&r=g\",\"contentUrl\":\"https:\\\/\\\/secure.gravatar.com\\\/avatar\\\/3ea2118a5f7dad2b7138b1187a6b7ee55f160b9968b66013c3a3ef39dd7e5798?s=96&d=mm&r=g\",\"caption\":\"Jeanette\"},\"sameAs\":[\"https:\\\/\\\/www.eldiario.net\\\/portal\"],\"url\":\"https:\\\/\\\/www.eldiario.net\\\/portal\\\/author\\\/jeanette\\\/\"}]}<\/script>\n<!-- \/ Yoast SEO plugin. -->","yoast_head_json":{"title":"OIT se\u00f1ala que recuperaci\u00f3n del empleo ser\u00e1 hasta el 2023 - El Diario - Bolivia","robots":{"index":"index","follow":"follow","max-snippet":"max-snippet:-1","max-image-preview":"max-image-preview:large","max-video-preview":"max-video-preview:-1"},"canonical":"https:\/\/www.eldiario.net\/portal\/2021\/06\/03\/oit-senala-que-recuperacion-del-empleo-sera-hasta-el-2023\/","og_locale":"es_ES","og_type":"article","og_title":"OIT se\u00f1ala que recuperaci\u00f3n del empleo ser\u00e1 hasta el 2023 - El Diario - Bolivia","og_description":"Una nueva evaluaci\u00f3n de la Organizaci\u00f3n Internacional del Trabajo (OIT) sostiene que la crisis del mercado de trabajo provocada por la pandemia de Covid-19 dista mucho de haber terminado y al menos hasta 2023 el crecimiento del empleo no lograr\u00e1 compensar las p\u00e9rdidas sufridas. Las proyecciones de la OIT recogidas en Perspectivas Sociales y del [&hellip;]","og_url":"https:\/\/www.eldiario.net\/portal\/2021\/06\/03\/oit-senala-que-recuperacion-del-empleo-sera-hasta-el-2023\/","og_site_name":"El Diario - Bolivia","article_publisher":"https:\/\/www.facebook.com\/eldiario.bolivia\/","article_published_time":"2021-06-03T10:21:50+00:00","og_image":[{"url":"https:\/\/www.eldiario.net\/portal\/wp-content\/uploads\/2021\/06\/ECON-OIT-senala-que-recuperacion.jpg","width":1,"height":1,"type":"image\/jpeg"}],"author":"Jeanette","twitter_card":"summary_large_image","twitter_creator":"@eldiario_net","twitter_site":"@eldiario_net","twitter_misc":{"Escrito por":"Jeanette","Tiempo de lectura":"3 minutos"},"schema":{"@context":"https:\/\/schema.org","@graph":[{"@type":"Article","@id":"https:\/\/www.eldiario.net\/portal\/2021\/06\/03\/oit-senala-que-recuperacion-del-empleo-sera-hasta-el-2023\/#article","isPartOf":{"@id":"https:\/\/www.eldiario.net\/portal\/2021\/06\/03\/oit-senala-que-recuperacion-del-empleo-sera-hasta-el-2023\/"},"author":{"name":"Jeanette","@id":"https:\/\/www.eldiario.net\/portal\/#\/schema\/person\/f46445640444750d7d753ccd04ae01b7"},"headline":"OIT se\u00f1ala que recuperaci\u00f3n del empleo ser\u00e1 hasta el 2023","datePublished":"2021-06-03T10:21:50+00:00","mainEntityOfPage":{"@id":"https:\/\/www.eldiario.net\/portal\/2021\/06\/03\/oit-senala-que-recuperacion-del-empleo-sera-hasta-el-2023\/"},"wordCount":577,"publisher":{"@id":"https:\/\/www.eldiario.net\/portal\/#organization"},"image":{"@id":"https:\/\/www.eldiario.net\/portal\/2021\/06\/03\/oit-senala-que-recuperacion-del-empleo-sera-hasta-el-2023\/#primaryimage"},"thumbnailUrl":"https:\/\/www.eldiario.net\/portal\/wp-content\/uploads\/2021\/06\/ECON-OIT-senala-que-recuperacion.jpg","articleSection":["Econom\u00eda"],"inLanguage":"es"},{"@type":"WebPage","@id":"https:\/\/www.eldiario.net\/portal\/2021\/06\/03\/oit-senala-que-recuperacion-del-empleo-sera-hasta-el-2023\/","url":"https:\/\/www.eldiario.net\/portal\/2021\/06\/03\/oit-senala-que-recuperacion-del-empleo-sera-hasta-el-2023\/","name":"OIT se\u00f1ala que recuperaci\u00f3n del empleo ser\u00e1 hasta el 2023 - El Diario - Bolivia","isPartOf":{"@id":"https:\/\/www.eldiario.net\/portal\/#website"},"primaryImageOfPage":{"@id":"https:\/\/www.eldiario.net\/portal\/2021\/06\/03\/oit-senala-que-recuperacion-del-empleo-sera-hasta-el-2023\/#primaryimage"},"image":{"@id":"https:\/\/www.eldiario.net\/portal\/2021\/06\/03\/oit-senala-que-recuperacion-del-empleo-sera-hasta-el-2023\/#primaryimage"},"thumbnailUrl":"https:\/\/www.eldiario.net\/portal\/wp-content\/uploads\/2021\/06\/ECON-OIT-senala-que-recuperacion.jpg","datePublished":"2021-06-03T10:21:50+00:00","breadcrumb":{"@id":"https:\/\/www.eldiario.net\/portal\/2021\/06\/03\/oit-senala-que-recuperacion-del-empleo-sera-hasta-el-2023\/#breadcrumb"},"inLanguage":"es","potentialAction":[{"@type":"ReadAction","target":["https:\/\/www.eldiario.net\/portal\/2021\/06\/03\/oit-senala-que-recuperacion-del-empleo-sera-hasta-el-2023\/"]}]},{"@type":"ImageObject","inLanguage":"es","@id":"https:\/\/www.eldiario.net\/portal\/2021\/06\/03\/oit-senala-que-recuperacion-del-empleo-sera-hasta-el-2023\/#primaryimage","url":"https:\/\/www.eldiario.net\/portal\/wp-content\/uploads\/2021\/06\/ECON-OIT-senala-que-recuperacion.jpg","contentUrl":"https:\/\/www.eldiario.net\/portal\/wp-content\/uploads\/2021\/06\/ECON-OIT-senala-que-recuperacion.jpg"},{"@type":"BreadcrumbList","@id":"https:\/\/www.eldiario.net\/portal\/2021\/06\/03\/oit-senala-que-recuperacion-del-empleo-sera-hasta-el-2023\/#breadcrumb","itemListElement":[{"@type":"ListItem","position":1,"name":"Portada","item":"https:\/\/www.eldiario.net\/portal\/"},{"@type":"ListItem","position":2,"name":"OIT se\u00f1ala que recuperaci\u00f3n del empleo ser\u00e1 hasta el 2023"}]},{"@type":"WebSite","@id":"https:\/\/www.eldiario.net\/portal\/#website","url":"https:\/\/www.eldiario.net\/portal\/","name":"El Diario - Decano de la prensa nacional","description":"El Diario - Decano de la prensa nacional","publisher":{"@id":"https:\/\/www.eldiario.net\/portal\/#organization"},"potentialAction":[{"@type":"SearchAction","target":{"@type":"EntryPoint","urlTemplate":"https:\/\/www.eldiario.net\/portal\/?s={search_term_string}"},"query-input":{"@type":"PropertyValueSpecification","valueRequired":true,"valueName":"search_term_string"}}],"inLanguage":"es"},{"@type":"Organization","@id":"https:\/\/www.eldiario.net\/portal\/#organization","name":"El Diario - Decano de la prensa nacional","url":"https:\/\/www.eldiario.net\/portal\/","logo":{"@type":"ImageObject","inLanguage":"es","@id":"https:\/\/www.eldiario.net\/portal\/#\/schema\/logo\/image\/","url":"https:\/\/www.eldiario.net\/portal\/wp-content\/uploads\/2023\/07\/logo_ED.jpg","contentUrl":"https:\/\/www.eldiario.net\/portal\/wp-content\/uploads\/2023\/07\/logo_ED.jpg","width":272,"height":52,"caption":"El Diario - Decano de la prensa nacional"},"image":{"@id":"https:\/\/www.eldiario.net\/portal\/#\/schema\/logo\/image\/"},"sameAs":["https:\/\/www.facebook.com\/eldiario.bolivia\/","https:\/\/x.com\/eldiario_net"]},{"@type":"Person","@id":"https:\/\/www.eldiario.net\/portal\/#\/schema\/person\/f46445640444750d7d753ccd04ae01b7","name":"Jeanette","image":{"@type":"ImageObject","inLanguage":"es","@id":"https:\/\/secure.gravatar.com\/avatar\/3ea2118a5f7dad2b7138b1187a6b7ee55f160b9968b66013c3a3ef39dd7e5798?s=96&d=mm&r=g","url":"https:\/\/secure.gravatar.com\/avatar\/3ea2118a5f7dad2b7138b1187a6b7ee55f160b9968b66013c3a3ef39dd7e5798?s=96&d=mm&r=g","contentUrl":"https:\/\/secure.gravatar.com\/avatar\/3ea2118a5f7dad2b7138b1187a6b7ee55f160b9968b66013c3a3ef39dd7e5798?s=96&d=mm&r=g","caption":"Jeanette"},"sameAs":["https:\/\/www.eldiario.net\/portal"],"url":"https:\/\/www.eldiario.net\/portal\/author\/jeanette\/"}]}},"_links":{"self":[{"href":"https:\/\/www.eldiario.net\/portal\/wp-json\/wp\/v2\/posts\/8041","targetHints":{"allow":["GET"]}}],"collection":[{"href":"https:\/\/www.eldiario.net\/portal\/wp-json\/wp\/v2\/posts"}],"about":[{"href":"https:\/\/www.eldiario.net\/portal\/wp-json\/wp\/v2\/types\/post"}],"author":[{"embeddable":true,"href":"https:\/\/www.eldiario.net\/portal\/wp-json\/wp\/v2\/users\/1"}],"replies":[{"embeddable":true,"href":"https:\/\/www.eldiario.net\/portal\/wp-json\/wp\/v2\/comments?post=8041"}],"version-history":[{"count":0,"href":"https:\/\/www.eldiario.net\/portal\/wp-json\/wp\/v2\/posts\/8041\/revisions"}],"wp:featuredmedia":[{"embeddable":true,"href":"https:\/\/www.eldiario.net\/portal\/wp-json\/wp\/v2\/media\/8042"}],"wp:attachment":[{"href":"https:\/\/www.eldiario.net\/portal\/wp-json\/wp\/v2\/media?parent=8041"}],"wp:term":[{"taxonomy":"category","embeddable":true,"href":"https:\/\/www.eldiario.net\/portal\/wp-json\/wp\/v2\/categories?post=8041"},{"taxonomy":"post_tag","embeddable":true,"href":"https:\/\/www.eldiario.net\/portal\/wp-json\/wp\/v2\/tags?post=8041"}],"curies":[{"name":"wp","href":"https:\/\/api.w.org\/{rel}","templated":true}]}}