{"id":8038,"date":"2021-06-03T06:20:50","date_gmt":"2021-06-03T10:20:50","guid":{"rendered":"https:\/\/www.eldiario.net\/portal\/?p=8038"},"modified":"2021-06-03T06:20:50","modified_gmt":"2021-06-03T10:20:50","slug":"productores-nacionales-pueden-comprar-20-000-toneladas-de-urea","status":"publish","type":"post","link":"https:\/\/www.eldiario.net\/portal\/2021\/06\/03\/productores-nacionales-pueden-comprar-20-000-toneladas-de-urea\/","title":{"rendered":"Productores nacionales pueden comprar 20.000 toneladas de urea"},"content":{"rendered":"<p>Los productores locales manifestaron la intenci\u00f3n de compra de urea por m\u00e1s de 20.000 toneladas que se esperan puedan comercializarse a partir del segundo semestre de esta gesti\u00f3n, inform\u00f3 la gerente de Productos Derivados e Industrializados de Yacimientos Petrol\u00edferos Fiscales Bolivianos, Gabriela Delgadillo; aunque aclar\u00f3 que depender\u00e1 del precio, ya que la pasada gesti\u00f3n en el mercado boliviano el precio era m\u00e1s alto que en el externo.<\/p>\n<p>Agreg\u00f3 que \u201cla reactivaci\u00f3n de la Planta de Amoniaco y Urea representa un gran aporte a la econom\u00eda del pa\u00eds\u201d y destac\u00f3 que hoy en d\u00eda, \u201clos productores se ven afectados por el alza de los precios de la urea en el mercado internacional, lo que ha ocasionado el incremento del precio en el mercado interno en un orden de los 600 d\u00f3lares por tonelada\u201d.<\/p>\n<p>&nbsp;<\/p>\n<p>Delgadillo inform\u00f3 que, en coordinaci\u00f3n con socios productivos e institucionales, una vez que la Planta de Amoniaco y Urea (PAU) de Bulo Bulo entre en etapa de producci\u00f3n, se implementar\u00e1n 102 parcelas demostrativas, distribuidas en 40 hect\u00e1reas en los 9 departamentos del pa\u00eds. Estas parcelas demostrar\u00e1n a los productores nacionales los beneficios y ventajas del uso de la urea como fertilizante en cultivos de ma\u00edz, arroz, sorgo, ca\u00f1a de az\u00facar, trigo, girasol, frutas, hortalizas y pasturas.<\/p>\n<p>Por su parte, el profesional agr\u00f3nomo de la Gerencia de Productos Derivados e Industrializados, Jos\u00e9 Luis Dom\u00ednguez, destac\u00f3 que \u201cestas actividades son planificadas en coordinaci\u00f3n con socios institucionales y productivos como el Centro Nacional de la Ca\u00f1a de Az\u00facar (Cenaca) dependiente del Instituto Nacional de Innovaci\u00f3n Agropecuaria y Forestal (INIAF), la Empresa Estrat\u00e9gica de Producci\u00f3n de Fertilizantes y Abonos (EEPAF), Universidades, Centros de Investigaci\u00f3n, organizaciones de productores como la Uni\u00f3n de Ca\u00f1eros Agua\u00ed, Uni\u00f3n Agroindustrial de Ca\u00f1eros &#8211; Unagro y Guabir\u00e1, Asociaciones de Productores como Asociaci\u00f3n Nacional de Productores de Oleaginosas (Anapo) y Federaciones Sindicales de diferentes regiones, entre otros\u201d.<\/p>\n<p>Finalmente, Dom\u00ednguez mencion\u00f3 que el equipo t\u00e9cnico de YPFB desarrolla actividades virtuales de capacitaci\u00f3n t\u00e9cnica dirigidas a universitarios y productores en temas referidos a la buena nutrici\u00f3n de cultivos y a las buenas pr\u00e1cticas de fertilizaci\u00f3n con urea. A la fecha ya fueron capacitados m\u00e1s de 600 participantes de los Institutos Tecnol\u00f3gicos Agropecuarios del Norte Integrado y Portachuelo, adem\u00e1s de estudiantes de la Universidad Evang\u00e9lica Boliviana y productores en general.<\/p>\n","protected":false},"excerpt":{"rendered":"<p>Los productores locales manifestaron la intenci\u00f3n de compra de urea por m\u00e1s de 20.000 toneladas que se esperan puedan comercializarse a partir del segundo semestre de esta gesti\u00f3n, inform\u00f3 la gerente de Productos Derivados e Industrializados de Yacimientos Petrol\u00edferos Fiscales Bolivianos, Gabriela Delgadillo; aunque aclar\u00f3 que depender\u00e1 del precio, ya que la pasada gesti\u00f3n en [&hellip;]<\/p>\n","protected":false},"author":1,"featured_media":8039,"comment_status":"closed","ping_status":"closed","sticky":false,"template":"","format":"standard","meta":{"_acf_changed":false,"footnotes":""},"categories":[7],"tags":[],"class_list":["post-8038","post","type-post","status-publish","format-standard","has-post-thumbnail","category-economia"],"acf":{"antetitulo":""},"yoast_head":"<!-- This site is optimized with the Yoast SEO plugin v28.3 - https:\/\/yoast.com\/product\/yoast-seo-wordpress\/ -->\n<title>Productores nacionales pueden comprar 20.000 toneladas de urea - El Diario - Bolivia<\/title>\n<meta name=\"robots\" content=\"index, follow, max-snippet:-1, max-image-preview:large, max-video-preview:-1\" \/>\n<link rel=\"canonical\" href=\"https:\/\/www.eldiario.net\/portal\/2021\/06\/03\/productores-nacionales-pueden-comprar-20-000-toneladas-de-urea\/\" \/>\n<meta property=\"og:locale\" content=\"es_ES\" \/>\n<meta property=\"og:type\" content=\"article\" \/>\n<meta property=\"og:title\" content=\"Productores nacionales pueden comprar 20.000 toneladas de urea - El Diario - Bolivia\" \/>\n<meta property=\"og:description\" content=\"Los productores locales manifestaron la intenci\u00f3n de compra de urea por m\u00e1s de 20.000 toneladas que se esperan puedan comercializarse a partir del segundo semestre de esta gesti\u00f3n, inform\u00f3 la gerente de Productos Derivados e Industrializados de Yacimientos Petrol\u00edferos Fiscales Bolivianos, Gabriela Delgadillo; aunque aclar\u00f3 que depender\u00e1 del precio, ya que la pasada gesti\u00f3n en [&hellip;]\" \/>\n<meta property=\"og:url\" content=\"https:\/\/www.eldiario.net\/portal\/2021\/06\/03\/productores-nacionales-pueden-comprar-20-000-toneladas-de-urea\/\" \/>\n<meta property=\"og:site_name\" content=\"El Diario - Bolivia\" \/>\n<meta property=\"article:publisher\" content=\"https:\/\/www.facebook.com\/eldiario.bolivia\/\" \/>\n<meta property=\"article:published_time\" content=\"2021-06-03T10:20:50+00:00\" \/>\n<meta property=\"og:image\" content=\"https:\/\/www.eldiario.net\/portal\/wp-content\/uploads\/2021\/06\/ECON-Productores-nacionales-pueden.jpeg\" \/>\n\t<meta property=\"og:image:width\" content=\"1280\" \/>\n\t<meta property=\"og:image:height\" content=\"876\" \/>\n\t<meta property=\"og:image:type\" content=\"image\/jpeg\" \/>\n<meta name=\"author\" content=\"Jeanette\" \/>\n<meta name=\"twitter:card\" content=\"summary_large_image\" \/>\n<meta name=\"twitter:creator\" content=\"@eldiario_net\" \/>\n<meta name=\"twitter:site\" content=\"@eldiario_net\" \/>\n<meta name=\"twitter:label1\" content=\"Escrito por\" \/>\n\t<meta name=\"twitter:data1\" content=\"Jeanette\" \/>\n\t<meta name=\"twitter:label2\" content=\"Tiempo de lectura\" \/>\n\t<meta name=\"twitter:data2\" content=\"2 minutos\" \/>\n<script type=\"application\/ld+json\" class=\"yoast-schema-graph\">{\"@context\":\"https:\\\/\\\/schema.org\",\"@graph\":[{\"@type\":\"Article\",\"@id\":\"https:\\\/\\\/www.eldiario.net\\\/portal\\\/2021\\\/06\\\/03\\\/productores-nacionales-pueden-comprar-20-000-toneladas-de-urea\\\/#article\",\"isPartOf\":{\"@id\":\"https:\\\/\\\/www.eldiario.net\\\/portal\\\/2021\\\/06\\\/03\\\/productores-nacionales-pueden-comprar-20-000-toneladas-de-urea\\\/\"},\"author\":{\"name\":\"Jeanette\",\"@id\":\"https:\\\/\\\/www.eldiario.net\\\/portal\\\/#\\\/schema\\\/person\\\/f46445640444750d7d753ccd04ae01b7\"},\"headline\":\"Productores nacionales pueden comprar 20.000 toneladas de urea\",\"datePublished\":\"2021-06-03T10:20:50+00:00\",\"mainEntityOfPage\":{\"@id\":\"https:\\\/\\\/www.eldiario.net\\\/portal\\\/2021\\\/06\\\/03\\\/productores-nacionales-pueden-comprar-20-000-toneladas-de-urea\\\/\"},\"wordCount\":425,\"publisher\":{\"@id\":\"https:\\\/\\\/www.eldiario.net\\\/portal\\\/#organization\"},\"image\":{\"@id\":\"https:\\\/\\\/www.eldiario.net\\\/portal\\\/2021\\\/06\\\/03\\\/productores-nacionales-pueden-comprar-20-000-toneladas-de-urea\\\/#primaryimage\"},\"thumbnailUrl\":\"https:\\\/\\\/www.eldiario.net\\\/portal\\\/wp-content\\\/uploads\\\/2021\\\/06\\\/ECON-Productores-nacionales-pueden.jpeg\",\"articleSection\":[\"Econom\u00eda\"],\"inLanguage\":\"es\"},{\"@type\":\"WebPage\",\"@id\":\"https:\\\/\\\/www.eldiario.net\\\/portal\\\/2021\\\/06\\\/03\\\/productores-nacionales-pueden-comprar-20-000-toneladas-de-urea\\\/\",\"url\":\"https:\\\/\\\/www.eldiario.net\\\/portal\\\/2021\\\/06\\\/03\\\/productores-nacionales-pueden-comprar-20-000-toneladas-de-urea\\\/\",\"name\":\"Productores nacionales pueden comprar 20.000 toneladas de urea - El Diario - Bolivia\",\"isPartOf\":{\"@id\":\"https:\\\/\\\/www.eldiario.net\\\/portal\\\/#website\"},\"primaryImageOfPage\":{\"@id\":\"https:\\\/\\\/www.eldiario.net\\\/portal\\\/2021\\\/06\\\/03\\\/productores-nacionales-pueden-comprar-20-000-toneladas-de-urea\\\/#primaryimage\"},\"image\":{\"@id\":\"https:\\\/\\\/www.eldiario.net\\\/portal\\\/2021\\\/06\\\/03\\\/productores-nacionales-pueden-comprar-20-000-toneladas-de-urea\\\/#primaryimage\"},\"thumbnailUrl\":\"https:\\\/\\\/www.eldiario.net\\\/portal\\\/wp-content\\\/uploads\\\/2021\\\/06\\\/ECON-Productores-nacionales-pueden.jpeg\",\"datePublished\":\"2021-06-03T10:20:50+00:00\",\"breadcrumb\":{\"@id\":\"https:\\\/\\\/www.eldiario.net\\\/portal\\\/2021\\\/06\\\/03\\\/productores-nacionales-pueden-comprar-20-000-toneladas-de-urea\\\/#breadcrumb\"},\"inLanguage\":\"es\",\"potentialAction\":[{\"@type\":\"ReadAction\",\"target\":[\"https:\\\/\\\/www.eldiario.net\\\/portal\\\/2021\\\/06\\\/03\\\/productores-nacionales-pueden-comprar-20-000-toneladas-de-urea\\\/\"]}]},{\"@type\":\"ImageObject\",\"inLanguage\":\"es\",\"@id\":\"https:\\\/\\\/www.eldiario.net\\\/portal\\\/2021\\\/06\\\/03\\\/productores-nacionales-pueden-comprar-20-000-toneladas-de-urea\\\/#primaryimage\",\"url\":\"https:\\\/\\\/www.eldiario.net\\\/portal\\\/wp-content\\\/uploads\\\/2021\\\/06\\\/ECON-Productores-nacionales-pueden.jpeg\",\"contentUrl\":\"https:\\\/\\\/www.eldiario.net\\\/portal\\\/wp-content\\\/uploads\\\/2021\\\/06\\\/ECON-Productores-nacionales-pueden.jpeg\",\"width\":1280,\"height\":876},{\"@type\":\"BreadcrumbList\",\"@id\":\"https:\\\/\\\/www.eldiario.net\\\/portal\\\/2021\\\/06\\\/03\\\/productores-nacionales-pueden-comprar-20-000-toneladas-de-urea\\\/#breadcrumb\",\"itemListElement\":[{\"@type\":\"ListItem\",\"position\":1,\"name\":\"Portada\",\"item\":\"https:\\\/\\\/www.eldiario.net\\\/portal\\\/\"},{\"@type\":\"ListItem\",\"position\":2,\"name\":\"Productores nacionales pueden comprar 20.000 toneladas de urea\"}]},{\"@type\":\"WebSite\",\"@id\":\"https:\\\/\\\/www.eldiario.net\\\/portal\\\/#website\",\"url\":\"https:\\\/\\\/www.eldiario.net\\\/portal\\\/\",\"name\":\"El Diario - Decano de la prensa nacional\",\"description\":\"El Diario - Decano de la prensa nacional\",\"publisher\":{\"@id\":\"https:\\\/\\\/www.eldiario.net\\\/portal\\\/#organization\"},\"potentialAction\":[{\"@type\":\"SearchAction\",\"target\":{\"@type\":\"EntryPoint\",\"urlTemplate\":\"https:\\\/\\\/www.eldiario.net\\\/portal\\\/?s={search_term_string}\"},\"query-input\":{\"@type\":\"PropertyValueSpecification\",\"valueRequired\":true,\"valueName\":\"search_term_string\"}}],\"inLanguage\":\"es\"},{\"@type\":\"Organization\",\"@id\":\"https:\\\/\\\/www.eldiario.net\\\/portal\\\/#organization\",\"name\":\"El Diario - Decano de la prensa nacional\",\"url\":\"https:\\\/\\\/www.eldiario.net\\\/portal\\\/\",\"logo\":{\"@type\":\"ImageObject\",\"inLanguage\":\"es\",\"@id\":\"https:\\\/\\\/www.eldiario.net\\\/portal\\\/#\\\/schema\\\/logo\\\/image\\\/\",\"url\":\"https:\\\/\\\/www.eldiario.net\\\/portal\\\/wp-content\\\/uploads\\\/2023\\\/07\\\/logo_ED.jpg\",\"contentUrl\":\"https:\\\/\\\/www.eldiario.net\\\/portal\\\/wp-content\\\/uploads\\\/2023\\\/07\\\/logo_ED.jpg\",\"width\":272,\"height\":52,\"caption\":\"El Diario - Decano de la prensa nacional\"},\"image\":{\"@id\":\"https:\\\/\\\/www.eldiario.net\\\/portal\\\/#\\\/schema\\\/logo\\\/image\\\/\"},\"sameAs\":[\"https:\\\/\\\/www.facebook.com\\\/eldiario.bolivia\\\/\",\"https:\\\/\\\/x.com\\\/eldiario_net\"]},{\"@type\":\"Person\",\"@id\":\"https:\\\/\\\/www.eldiario.net\\\/portal\\\/#\\\/schema\\\/person\\\/f46445640444750d7d753ccd04ae01b7\",\"name\":\"Jeanette\",\"image\":{\"@type\":\"ImageObject\",\"inLanguage\":\"es\",\"@id\":\"https:\\\/\\\/secure.gravatar.com\\\/avatar\\\/3ea2118a5f7dad2b7138b1187a6b7ee55f160b9968b66013c3a3ef39dd7e5798?s=96&d=mm&r=g\",\"url\":\"https:\\\/\\\/secure.gravatar.com\\\/avatar\\\/3ea2118a5f7dad2b7138b1187a6b7ee55f160b9968b66013c3a3ef39dd7e5798?s=96&d=mm&r=g\",\"contentUrl\":\"https:\\\/\\\/secure.gravatar.com\\\/avatar\\\/3ea2118a5f7dad2b7138b1187a6b7ee55f160b9968b66013c3a3ef39dd7e5798?s=96&d=mm&r=g\",\"caption\":\"Jeanette\"},\"sameAs\":[\"https:\\\/\\\/www.eldiario.net\\\/portal\"],\"url\":\"https:\\\/\\\/www.eldiario.net\\\/portal\\\/author\\\/jeanette\\\/\"}]}<\/script>\n<!-- \/ Yoast SEO plugin. -->","yoast_head_json":{"title":"Productores nacionales pueden comprar 20.000 toneladas de urea - El Diario - Bolivia","robots":{"index":"index","follow":"follow","max-snippet":"max-snippet:-1","max-image-preview":"max-image-preview:large","max-video-preview":"max-video-preview:-1"},"canonical":"https:\/\/www.eldiario.net\/portal\/2021\/06\/03\/productores-nacionales-pueden-comprar-20-000-toneladas-de-urea\/","og_locale":"es_ES","og_type":"article","og_title":"Productores nacionales pueden comprar 20.000 toneladas de urea - El Diario - Bolivia","og_description":"Los productores locales manifestaron la intenci\u00f3n de compra de urea por m\u00e1s de 20.000 toneladas que se esperan puedan comercializarse a partir del segundo semestre de esta gesti\u00f3n, inform\u00f3 la gerente de Productos Derivados e Industrializados de Yacimientos Petrol\u00edferos Fiscales Bolivianos, Gabriela Delgadillo; aunque aclar\u00f3 que depender\u00e1 del precio, ya que la pasada gesti\u00f3n en [&hellip;]","og_url":"https:\/\/www.eldiario.net\/portal\/2021\/06\/03\/productores-nacionales-pueden-comprar-20-000-toneladas-de-urea\/","og_site_name":"El Diario - Bolivia","article_publisher":"https:\/\/www.facebook.com\/eldiario.bolivia\/","article_published_time":"2021-06-03T10:20:50+00:00","og_image":[{"width":1280,"height":876,"url":"https:\/\/www.eldiario.net\/portal\/wp-content\/uploads\/2021\/06\/ECON-Productores-nacionales-pueden.jpeg","type":"image\/jpeg"}],"author":"Jeanette","twitter_card":"summary_large_image","twitter_creator":"@eldiario_net","twitter_site":"@eldiario_net","twitter_misc":{"Escrito por":"Jeanette","Tiempo de lectura":"2 minutos"},"schema":{"@context":"https:\/\/schema.org","@graph":[{"@type":"Article","@id":"https:\/\/www.eldiario.net\/portal\/2021\/06\/03\/productores-nacionales-pueden-comprar-20-000-toneladas-de-urea\/#article","isPartOf":{"@id":"https:\/\/www.eldiario.net\/portal\/2021\/06\/03\/productores-nacionales-pueden-comprar-20-000-toneladas-de-urea\/"},"author":{"name":"Jeanette","@id":"https:\/\/www.eldiario.net\/portal\/#\/schema\/person\/f46445640444750d7d753ccd04ae01b7"},"headline":"Productores nacionales pueden comprar 20.000 toneladas de urea","datePublished":"2021-06-03T10:20:50+00:00","mainEntityOfPage":{"@id":"https:\/\/www.eldiario.net\/portal\/2021\/06\/03\/productores-nacionales-pueden-comprar-20-000-toneladas-de-urea\/"},"wordCount":425,"publisher":{"@id":"https:\/\/www.eldiario.net\/portal\/#organization"},"image":{"@id":"https:\/\/www.eldiario.net\/portal\/2021\/06\/03\/productores-nacionales-pueden-comprar-20-000-toneladas-de-urea\/#primaryimage"},"thumbnailUrl":"https:\/\/www.eldiario.net\/portal\/wp-content\/uploads\/2021\/06\/ECON-Productores-nacionales-pueden.jpeg","articleSection":["Econom\u00eda"],"inLanguage":"es"},{"@type":"WebPage","@id":"https:\/\/www.eldiario.net\/portal\/2021\/06\/03\/productores-nacionales-pueden-comprar-20-000-toneladas-de-urea\/","url":"https:\/\/www.eldiario.net\/portal\/2021\/06\/03\/productores-nacionales-pueden-comprar-20-000-toneladas-de-urea\/","name":"Productores nacionales pueden comprar 20.000 toneladas de urea - El Diario - Bolivia","isPartOf":{"@id":"https:\/\/www.eldiario.net\/portal\/#website"},"primaryImageOfPage":{"@id":"https:\/\/www.eldiario.net\/portal\/2021\/06\/03\/productores-nacionales-pueden-comprar-20-000-toneladas-de-urea\/#primaryimage"},"image":{"@id":"https:\/\/www.eldiario.net\/portal\/2021\/06\/03\/productores-nacionales-pueden-comprar-20-000-toneladas-de-urea\/#primaryimage"},"thumbnailUrl":"https:\/\/www.eldiario.net\/portal\/wp-content\/uploads\/2021\/06\/ECON-Productores-nacionales-pueden.jpeg","datePublished":"2021-06-03T10:20:50+00:00","breadcrumb":{"@id":"https:\/\/www.eldiario.net\/portal\/2021\/06\/03\/productores-nacionales-pueden-comprar-20-000-toneladas-de-urea\/#breadcrumb"},"inLanguage":"es","potentialAction":[{"@type":"ReadAction","target":["https:\/\/www.eldiario.net\/portal\/2021\/06\/03\/productores-nacionales-pueden-comprar-20-000-toneladas-de-urea\/"]}]},{"@type":"ImageObject","inLanguage":"es","@id":"https:\/\/www.eldiario.net\/portal\/2021\/06\/03\/productores-nacionales-pueden-comprar-20-000-toneladas-de-urea\/#primaryimage","url":"https:\/\/www.eldiario.net\/portal\/wp-content\/uploads\/2021\/06\/ECON-Productores-nacionales-pueden.jpeg","contentUrl":"https:\/\/www.eldiario.net\/portal\/wp-content\/uploads\/2021\/06\/ECON-Productores-nacionales-pueden.jpeg","width":1280,"height":876},{"@type":"BreadcrumbList","@id":"https:\/\/www.eldiario.net\/portal\/2021\/06\/03\/productores-nacionales-pueden-comprar-20-000-toneladas-de-urea\/#breadcrumb","itemListElement":[{"@type":"ListItem","position":1,"name":"Portada","item":"https:\/\/www.eldiario.net\/portal\/"},{"@type":"ListItem","position":2,"name":"Productores nacionales pueden comprar 20.000 toneladas de urea"}]},{"@type":"WebSite","@id":"https:\/\/www.eldiario.net\/portal\/#website","url":"https:\/\/www.eldiario.net\/portal\/","name":"El Diario - Decano de la prensa nacional","description":"El Diario - Decano de la prensa nacional","publisher":{"@id":"https:\/\/www.eldiario.net\/portal\/#organization"},"potentialAction":[{"@type":"SearchAction","target":{"@type":"EntryPoint","urlTemplate":"https:\/\/www.eldiario.net\/portal\/?s={search_term_string}"},"query-input":{"@type":"PropertyValueSpecification","valueRequired":true,"valueName":"search_term_string"}}],"inLanguage":"es"},{"@type":"Organization","@id":"https:\/\/www.eldiario.net\/portal\/#organization","name":"El Diario - Decano de la prensa nacional","url":"https:\/\/www.eldiario.net\/portal\/","logo":{"@type":"ImageObject","inLanguage":"es","@id":"https:\/\/www.eldiario.net\/portal\/#\/schema\/logo\/image\/","url":"https:\/\/www.eldiario.net\/portal\/wp-content\/uploads\/2023\/07\/logo_ED.jpg","contentUrl":"https:\/\/www.eldiario.net\/portal\/wp-content\/uploads\/2023\/07\/logo_ED.jpg","width":272,"height":52,"caption":"El Diario - Decano de la prensa nacional"},"image":{"@id":"https:\/\/www.eldiario.net\/portal\/#\/schema\/logo\/image\/"},"sameAs":["https:\/\/www.facebook.com\/eldiario.bolivia\/","https:\/\/x.com\/eldiario_net"]},{"@type":"Person","@id":"https:\/\/www.eldiario.net\/portal\/#\/schema\/person\/f46445640444750d7d753ccd04ae01b7","name":"Jeanette","image":{"@type":"ImageObject","inLanguage":"es","@id":"https:\/\/secure.gravatar.com\/avatar\/3ea2118a5f7dad2b7138b1187a6b7ee55f160b9968b66013c3a3ef39dd7e5798?s=96&d=mm&r=g","url":"https:\/\/secure.gravatar.com\/avatar\/3ea2118a5f7dad2b7138b1187a6b7ee55f160b9968b66013c3a3ef39dd7e5798?s=96&d=mm&r=g","contentUrl":"https:\/\/secure.gravatar.com\/avatar\/3ea2118a5f7dad2b7138b1187a6b7ee55f160b9968b66013c3a3ef39dd7e5798?s=96&d=mm&r=g","caption":"Jeanette"},"sameAs":["https:\/\/www.eldiario.net\/portal"],"url":"https:\/\/www.eldiario.net\/portal\/author\/jeanette\/"}]}},"_links":{"self":[{"href":"https:\/\/www.eldiario.net\/portal\/wp-json\/wp\/v2\/posts\/8038","targetHints":{"allow":["GET"]}}],"collection":[{"href":"https:\/\/www.eldiario.net\/portal\/wp-json\/wp\/v2\/posts"}],"about":[{"href":"https:\/\/www.eldiario.net\/portal\/wp-json\/wp\/v2\/types\/post"}],"author":[{"embeddable":true,"href":"https:\/\/www.eldiario.net\/portal\/wp-json\/wp\/v2\/users\/1"}],"replies":[{"embeddable":true,"href":"https:\/\/www.eldiario.net\/portal\/wp-json\/wp\/v2\/comments?post=8038"}],"version-history":[{"count":0,"href":"https:\/\/www.eldiario.net\/portal\/wp-json\/wp\/v2\/posts\/8038\/revisions"}],"wp:featuredmedia":[{"embeddable":true,"href":"https:\/\/www.eldiario.net\/portal\/wp-json\/wp\/v2\/media\/8039"}],"wp:attachment":[{"href":"https:\/\/www.eldiario.net\/portal\/wp-json\/wp\/v2\/media?parent=8038"}],"wp:term":[{"taxonomy":"category","embeddable":true,"href":"https:\/\/www.eldiario.net\/portal\/wp-json\/wp\/v2\/categories?post=8038"},{"taxonomy":"post_tag","embeddable":true,"href":"https:\/\/www.eldiario.net\/portal\/wp-json\/wp\/v2\/tags?post=8038"}],"curies":[{"name":"wp","href":"https:\/\/api.w.org\/{rel}","templated":true}]}}