{"id":8035,"date":"2021-06-03T06:20:02","date_gmt":"2021-06-03T10:20:02","guid":{"rendered":"https:\/\/www.eldiario.net\/portal\/?p=8035"},"modified":"2021-06-03T06:20:02","modified_gmt":"2021-06-03T10:20:02","slug":"envian-a-mujer-a-la-carcel-por-corrupcion-de-menores","status":"publish","type":"post","link":"https:\/\/www.eldiario.net\/portal\/2021\/06\/03\/envian-a-mujer-a-la-carcel-por-corrupcion-de-menores\/","title":{"rendered":"Env\u00edan a mujer a la c\u00e1rcel por corrupci\u00f3n de menores"},"content":{"rendered":"<p>Una mujer que lideraba una banda de antisociales en la Ciudad de El Alto y que recurr\u00eda a menores de edad para delinquir fue enviada a la c\u00e1rcel de mujeres de Obrajes, acusada de varios delitos, seg\u00fan el director de la Fuerza Especial de Lucha Contra el Crimen (FELCC), coronel Limbert Coca.<\/p>\n<p>La aprehensi\u00f3n de la persona de sexo femenino, de aproximadamente 25 a\u00f1os de edad, por parte de la Polic\u00eda, dio lugar a descubrir esta banda liderada por esta persona, a quien, en el momento de ser detectado, se le encontr\u00f3 en su poder una serie de elementos como facturas y varias c\u00e9dulas de identidad, dos de estos documentos eran de extranjeros, adem\u00e1s de pastillas que supuestamente eran utilizado como somn\u00edferos.<\/p>\n<p>&nbsp;<\/p>\n<p>MENORES DE EDAD<\/p>\n<p>El coronel Limbert Coca, tambi\u00e9n dijo que, junto a la supuesta l\u00edder de esta banda delincuencial, se ha podido encontrar a dos menores de edad, que de acuerdo a las investigaciones eran empleados para que realicen las actividades il\u00edcitas en complicidad de esta mujer.<\/p>\n<p>Los dos menores, seg\u00fan el coronel Coca, fueron trasladados a dependencias de la Defensor\u00eda de la Ni\u00f1ez y la Adolescencia (DNA), de El Alto, quienes a la vez hicieron conocer con este tema al Ministerio P\u00fablico, para que sea la instancia que investigue este caso.<\/p>\n<p>Mientras que la mujer, supuesta l\u00edder de esta banda delincuencial, el martes fue sometida a la audiencia de medidas cautelares, siendo remitida al Centro de Orientaci\u00f3n Femenina (COF), quien permanecer\u00e1 privada de libertad por el lapso de seis meses.<\/p>\n<p>\u201cLo que en el caso de los menores, se efectuar\u00e1 es una ampliaci\u00f3n del caso en contra de la mujer, por corrupci\u00f3n de menores, que es otro delito que deber\u00e1 enfrentar la mujer de 25 a\u00f1os de edad\u201d, finaliz\u00f3 la autoridad policial.<\/p>\n","protected":false},"excerpt":{"rendered":"<p>Una mujer que lideraba una banda de antisociales en la Ciudad de El Alto y que recurr\u00eda a menores de edad para delinquir fue enviada a la c\u00e1rcel de mujeres de Obrajes, acusada de varios delitos, seg\u00fan el director de la Fuerza Especial de Lucha Contra el Crimen (FELCC), coronel Limbert Coca. La aprehensi\u00f3n de [&hellip;]<\/p>\n","protected":false},"author":1,"featured_media":8036,"comment_status":"closed","ping_status":"closed","sticky":false,"template":"","format":"standard","meta":{"_acf_changed":false,"footnotes":""},"categories":[12],"tags":[],"class_list":["post-8035","post","type-post","status-publish","format-standard","has-post-thumbnail","category-nacional"],"acf":{"antetitulo":""},"yoast_head":"<!-- This site is optimized with the Yoast SEO plugin v28.3 - https:\/\/yoast.com\/product\/yoast-seo-wordpress\/ -->\n<title>Env\u00edan a mujer a la c\u00e1rcel por corrupci\u00f3n de menores - El Diario - Bolivia<\/title>\n<meta name=\"robots\" content=\"index, follow, max-snippet:-1, max-image-preview:large, max-video-preview:-1\" \/>\n<link rel=\"canonical\" href=\"https:\/\/www.eldiario.net\/portal\/2021\/06\/03\/envian-a-mujer-a-la-carcel-por-corrupcion-de-menores\/\" \/>\n<meta property=\"og:locale\" content=\"es_ES\" \/>\n<meta property=\"og:type\" content=\"article\" \/>\n<meta property=\"og:title\" content=\"Env\u00edan a mujer a la c\u00e1rcel por corrupci\u00f3n de menores - El Diario - Bolivia\" \/>\n<meta property=\"og:description\" content=\"Una mujer que lideraba una banda de antisociales en la Ciudad de El Alto y que recurr\u00eda a menores de edad para delinquir fue enviada a la c\u00e1rcel de mujeres de Obrajes, acusada de varios delitos, seg\u00fan el director de la Fuerza Especial de Lucha Contra el Crimen (FELCC), coronel Limbert Coca. La aprehensi\u00f3n de [&hellip;]\" \/>\n<meta property=\"og:url\" content=\"https:\/\/www.eldiario.net\/portal\/2021\/06\/03\/envian-a-mujer-a-la-carcel-por-corrupcion-de-menores\/\" \/>\n<meta property=\"og:site_name\" content=\"El Diario - Bolivia\" \/>\n<meta property=\"article:publisher\" content=\"https:\/\/www.facebook.com\/eldiario.bolivia\/\" \/>\n<meta property=\"article:published_time\" content=\"2021-06-03T10:20:02+00:00\" \/>\n<meta property=\"og:image\" content=\"https:\/\/www.eldiario.net\/portal\/wp-content\/uploads\/2021\/06\/EL-ALTO-Envian-a-mujer-a-la-carcel.jpg\" \/>\n\t<meta property=\"og:image:width\" content=\"1200\" \/>\n\t<meta property=\"og:image:height\" content=\"746\" \/>\n\t<meta property=\"og:image:type\" content=\"image\/jpeg\" \/>\n<meta name=\"author\" content=\"Jeanette\" \/>\n<meta name=\"twitter:card\" content=\"summary_large_image\" \/>\n<meta name=\"twitter:creator\" content=\"@eldiario_net\" \/>\n<meta name=\"twitter:site\" content=\"@eldiario_net\" \/>\n<meta name=\"twitter:label1\" content=\"Escrito por\" \/>\n\t<meta name=\"twitter:data1\" content=\"Jeanette\" \/>\n\t<meta name=\"twitter:label2\" content=\"Tiempo de lectura\" \/>\n\t<meta name=\"twitter:data2\" content=\"2 minutos\" \/>\n<script type=\"application\/ld+json\" class=\"yoast-schema-graph\">{\"@context\":\"https:\\\/\\\/schema.org\",\"@graph\":[{\"@type\":\"Article\",\"@id\":\"https:\\\/\\\/www.eldiario.net\\\/portal\\\/2021\\\/06\\\/03\\\/envian-a-mujer-a-la-carcel-por-corrupcion-de-menores\\\/#article\",\"isPartOf\":{\"@id\":\"https:\\\/\\\/www.eldiario.net\\\/portal\\\/2021\\\/06\\\/03\\\/envian-a-mujer-a-la-carcel-por-corrupcion-de-menores\\\/\"},\"author\":{\"name\":\"Jeanette\",\"@id\":\"https:\\\/\\\/www.eldiario.net\\\/portal\\\/#\\\/schema\\\/person\\\/f46445640444750d7d753ccd04ae01b7\"},\"headline\":\"Env\u00edan a mujer a la c\u00e1rcel por corrupci\u00f3n de menores\",\"datePublished\":\"2021-06-03T10:20:02+00:00\",\"mainEntityOfPage\":{\"@id\":\"https:\\\/\\\/www.eldiario.net\\\/portal\\\/2021\\\/06\\\/03\\\/envian-a-mujer-a-la-carcel-por-corrupcion-de-menores\\\/\"},\"wordCount\":328,\"publisher\":{\"@id\":\"https:\\\/\\\/www.eldiario.net\\\/portal\\\/#organization\"},\"image\":{\"@id\":\"https:\\\/\\\/www.eldiario.net\\\/portal\\\/2021\\\/06\\\/03\\\/envian-a-mujer-a-la-carcel-por-corrupcion-de-menores\\\/#primaryimage\"},\"thumbnailUrl\":\"https:\\\/\\\/www.eldiario.net\\\/portal\\\/wp-content\\\/uploads\\\/2021\\\/06\\\/EL-ALTO-Envian-a-mujer-a-la-carcel.jpg\",\"articleSection\":[\"Nacional\"],\"inLanguage\":\"es\"},{\"@type\":\"WebPage\",\"@id\":\"https:\\\/\\\/www.eldiario.net\\\/portal\\\/2021\\\/06\\\/03\\\/envian-a-mujer-a-la-carcel-por-corrupcion-de-menores\\\/\",\"url\":\"https:\\\/\\\/www.eldiario.net\\\/portal\\\/2021\\\/06\\\/03\\\/envian-a-mujer-a-la-carcel-por-corrupcion-de-menores\\\/\",\"name\":\"Env\u00edan a mujer a la c\u00e1rcel por corrupci\u00f3n de menores - El Diario - Bolivia\",\"isPartOf\":{\"@id\":\"https:\\\/\\\/www.eldiario.net\\\/portal\\\/#website\"},\"primaryImageOfPage\":{\"@id\":\"https:\\\/\\\/www.eldiario.net\\\/portal\\\/2021\\\/06\\\/03\\\/envian-a-mujer-a-la-carcel-por-corrupcion-de-menores\\\/#primaryimage\"},\"image\":{\"@id\":\"https:\\\/\\\/www.eldiario.net\\\/portal\\\/2021\\\/06\\\/03\\\/envian-a-mujer-a-la-carcel-por-corrupcion-de-menores\\\/#primaryimage\"},\"thumbnailUrl\":\"https:\\\/\\\/www.eldiario.net\\\/portal\\\/wp-content\\\/uploads\\\/2021\\\/06\\\/EL-ALTO-Envian-a-mujer-a-la-carcel.jpg\",\"datePublished\":\"2021-06-03T10:20:02+00:00\",\"breadcrumb\":{\"@id\":\"https:\\\/\\\/www.eldiario.net\\\/portal\\\/2021\\\/06\\\/03\\\/envian-a-mujer-a-la-carcel-por-corrupcion-de-menores\\\/#breadcrumb\"},\"inLanguage\":\"es\",\"potentialAction\":[{\"@type\":\"ReadAction\",\"target\":[\"https:\\\/\\\/www.eldiario.net\\\/portal\\\/2021\\\/06\\\/03\\\/envian-a-mujer-a-la-carcel-por-corrupcion-de-menores\\\/\"]}]},{\"@type\":\"ImageObject\",\"inLanguage\":\"es\",\"@id\":\"https:\\\/\\\/www.eldiario.net\\\/portal\\\/2021\\\/06\\\/03\\\/envian-a-mujer-a-la-carcel-por-corrupcion-de-menores\\\/#primaryimage\",\"url\":\"https:\\\/\\\/www.eldiario.net\\\/portal\\\/wp-content\\\/uploads\\\/2021\\\/06\\\/EL-ALTO-Envian-a-mujer-a-la-carcel.jpg\",\"contentUrl\":\"https:\\\/\\\/www.eldiario.net\\\/portal\\\/wp-content\\\/uploads\\\/2021\\\/06\\\/EL-ALTO-Envian-a-mujer-a-la-carcel.jpg\",\"width\":1200,\"height\":746},{\"@type\":\"BreadcrumbList\",\"@id\":\"https:\\\/\\\/www.eldiario.net\\\/portal\\\/2021\\\/06\\\/03\\\/envian-a-mujer-a-la-carcel-por-corrupcion-de-menores\\\/#breadcrumb\",\"itemListElement\":[{\"@type\":\"ListItem\",\"position\":1,\"name\":\"Portada\",\"item\":\"https:\\\/\\\/www.eldiario.net\\\/portal\\\/\"},{\"@type\":\"ListItem\",\"position\":2,\"name\":\"Env\u00edan a mujer a la c\u00e1rcel por corrupci\u00f3n de menores\"}]},{\"@type\":\"WebSite\",\"@id\":\"https:\\\/\\\/www.eldiario.net\\\/portal\\\/#website\",\"url\":\"https:\\\/\\\/www.eldiario.net\\\/portal\\\/\",\"name\":\"El Diario - Decano de la prensa nacional\",\"description\":\"El Diario - Decano de la prensa nacional\",\"publisher\":{\"@id\":\"https:\\\/\\\/www.eldiario.net\\\/portal\\\/#organization\"},\"potentialAction\":[{\"@type\":\"SearchAction\",\"target\":{\"@type\":\"EntryPoint\",\"urlTemplate\":\"https:\\\/\\\/www.eldiario.net\\\/portal\\\/?s={search_term_string}\"},\"query-input\":{\"@type\":\"PropertyValueSpecification\",\"valueRequired\":true,\"valueName\":\"search_term_string\"}}],\"inLanguage\":\"es\"},{\"@type\":\"Organization\",\"@id\":\"https:\\\/\\\/www.eldiario.net\\\/portal\\\/#organization\",\"name\":\"El Diario - Decano de la prensa nacional\",\"url\":\"https:\\\/\\\/www.eldiario.net\\\/portal\\\/\",\"logo\":{\"@type\":\"ImageObject\",\"inLanguage\":\"es\",\"@id\":\"https:\\\/\\\/www.eldiario.net\\\/portal\\\/#\\\/schema\\\/logo\\\/image\\\/\",\"url\":\"https:\\\/\\\/www.eldiario.net\\\/portal\\\/wp-content\\\/uploads\\\/2023\\\/07\\\/logo_ED.jpg\",\"contentUrl\":\"https:\\\/\\\/www.eldiario.net\\\/portal\\\/wp-content\\\/uploads\\\/2023\\\/07\\\/logo_ED.jpg\",\"width\":272,\"height\":52,\"caption\":\"El Diario - Decano de la prensa nacional\"},\"image\":{\"@id\":\"https:\\\/\\\/www.eldiario.net\\\/portal\\\/#\\\/schema\\\/logo\\\/image\\\/\"},\"sameAs\":[\"https:\\\/\\\/www.facebook.com\\\/eldiario.bolivia\\\/\",\"https:\\\/\\\/x.com\\\/eldiario_net\"]},{\"@type\":\"Person\",\"@id\":\"https:\\\/\\\/www.eldiario.net\\\/portal\\\/#\\\/schema\\\/person\\\/f46445640444750d7d753ccd04ae01b7\",\"name\":\"Jeanette\",\"image\":{\"@type\":\"ImageObject\",\"inLanguage\":\"es\",\"@id\":\"https:\\\/\\\/secure.gravatar.com\\\/avatar\\\/3ea2118a5f7dad2b7138b1187a6b7ee55f160b9968b66013c3a3ef39dd7e5798?s=96&d=mm&r=g\",\"url\":\"https:\\\/\\\/secure.gravatar.com\\\/avatar\\\/3ea2118a5f7dad2b7138b1187a6b7ee55f160b9968b66013c3a3ef39dd7e5798?s=96&d=mm&r=g\",\"contentUrl\":\"https:\\\/\\\/secure.gravatar.com\\\/avatar\\\/3ea2118a5f7dad2b7138b1187a6b7ee55f160b9968b66013c3a3ef39dd7e5798?s=96&d=mm&r=g\",\"caption\":\"Jeanette\"},\"sameAs\":[\"https:\\\/\\\/www.eldiario.net\\\/portal\"],\"url\":\"https:\\\/\\\/www.eldiario.net\\\/portal\\\/author\\\/jeanette\\\/\"}]}<\/script>\n<!-- \/ Yoast SEO plugin. -->","yoast_head_json":{"title":"Env\u00edan a mujer a la c\u00e1rcel por corrupci\u00f3n de menores - El Diario - Bolivia","robots":{"index":"index","follow":"follow","max-snippet":"max-snippet:-1","max-image-preview":"max-image-preview:large","max-video-preview":"max-video-preview:-1"},"canonical":"https:\/\/www.eldiario.net\/portal\/2021\/06\/03\/envian-a-mujer-a-la-carcel-por-corrupcion-de-menores\/","og_locale":"es_ES","og_type":"article","og_title":"Env\u00edan a mujer a la c\u00e1rcel por corrupci\u00f3n de menores - El Diario - Bolivia","og_description":"Una mujer que lideraba una banda de antisociales en la Ciudad de El Alto y que recurr\u00eda a menores de edad para delinquir fue enviada a la c\u00e1rcel de mujeres de Obrajes, acusada de varios delitos, seg\u00fan el director de la Fuerza Especial de Lucha Contra el Crimen (FELCC), coronel Limbert Coca. La aprehensi\u00f3n de [&hellip;]","og_url":"https:\/\/www.eldiario.net\/portal\/2021\/06\/03\/envian-a-mujer-a-la-carcel-por-corrupcion-de-menores\/","og_site_name":"El Diario - Bolivia","article_publisher":"https:\/\/www.facebook.com\/eldiario.bolivia\/","article_published_time":"2021-06-03T10:20:02+00:00","og_image":[{"width":1200,"height":746,"url":"https:\/\/www.eldiario.net\/portal\/wp-content\/uploads\/2021\/06\/EL-ALTO-Envian-a-mujer-a-la-carcel.jpg","type":"image\/jpeg"}],"author":"Jeanette","twitter_card":"summary_large_image","twitter_creator":"@eldiario_net","twitter_site":"@eldiario_net","twitter_misc":{"Escrito por":"Jeanette","Tiempo de lectura":"2 minutos"},"schema":{"@context":"https:\/\/schema.org","@graph":[{"@type":"Article","@id":"https:\/\/www.eldiario.net\/portal\/2021\/06\/03\/envian-a-mujer-a-la-carcel-por-corrupcion-de-menores\/#article","isPartOf":{"@id":"https:\/\/www.eldiario.net\/portal\/2021\/06\/03\/envian-a-mujer-a-la-carcel-por-corrupcion-de-menores\/"},"author":{"name":"Jeanette","@id":"https:\/\/www.eldiario.net\/portal\/#\/schema\/person\/f46445640444750d7d753ccd04ae01b7"},"headline":"Env\u00edan a mujer a la c\u00e1rcel por corrupci\u00f3n de menores","datePublished":"2021-06-03T10:20:02+00:00","mainEntityOfPage":{"@id":"https:\/\/www.eldiario.net\/portal\/2021\/06\/03\/envian-a-mujer-a-la-carcel-por-corrupcion-de-menores\/"},"wordCount":328,"publisher":{"@id":"https:\/\/www.eldiario.net\/portal\/#organization"},"image":{"@id":"https:\/\/www.eldiario.net\/portal\/2021\/06\/03\/envian-a-mujer-a-la-carcel-por-corrupcion-de-menores\/#primaryimage"},"thumbnailUrl":"https:\/\/www.eldiario.net\/portal\/wp-content\/uploads\/2021\/06\/EL-ALTO-Envian-a-mujer-a-la-carcel.jpg","articleSection":["Nacional"],"inLanguage":"es"},{"@type":"WebPage","@id":"https:\/\/www.eldiario.net\/portal\/2021\/06\/03\/envian-a-mujer-a-la-carcel-por-corrupcion-de-menores\/","url":"https:\/\/www.eldiario.net\/portal\/2021\/06\/03\/envian-a-mujer-a-la-carcel-por-corrupcion-de-menores\/","name":"Env\u00edan a mujer a la c\u00e1rcel por corrupci\u00f3n de menores - El Diario - Bolivia","isPartOf":{"@id":"https:\/\/www.eldiario.net\/portal\/#website"},"primaryImageOfPage":{"@id":"https:\/\/www.eldiario.net\/portal\/2021\/06\/03\/envian-a-mujer-a-la-carcel-por-corrupcion-de-menores\/#primaryimage"},"image":{"@id":"https:\/\/www.eldiario.net\/portal\/2021\/06\/03\/envian-a-mujer-a-la-carcel-por-corrupcion-de-menores\/#primaryimage"},"thumbnailUrl":"https:\/\/www.eldiario.net\/portal\/wp-content\/uploads\/2021\/06\/EL-ALTO-Envian-a-mujer-a-la-carcel.jpg","datePublished":"2021-06-03T10:20:02+00:00","breadcrumb":{"@id":"https:\/\/www.eldiario.net\/portal\/2021\/06\/03\/envian-a-mujer-a-la-carcel-por-corrupcion-de-menores\/#breadcrumb"},"inLanguage":"es","potentialAction":[{"@type":"ReadAction","target":["https:\/\/www.eldiario.net\/portal\/2021\/06\/03\/envian-a-mujer-a-la-carcel-por-corrupcion-de-menores\/"]}]},{"@type":"ImageObject","inLanguage":"es","@id":"https:\/\/www.eldiario.net\/portal\/2021\/06\/03\/envian-a-mujer-a-la-carcel-por-corrupcion-de-menores\/#primaryimage","url":"https:\/\/www.eldiario.net\/portal\/wp-content\/uploads\/2021\/06\/EL-ALTO-Envian-a-mujer-a-la-carcel.jpg","contentUrl":"https:\/\/www.eldiario.net\/portal\/wp-content\/uploads\/2021\/06\/EL-ALTO-Envian-a-mujer-a-la-carcel.jpg","width":1200,"height":746},{"@type":"BreadcrumbList","@id":"https:\/\/www.eldiario.net\/portal\/2021\/06\/03\/envian-a-mujer-a-la-carcel-por-corrupcion-de-menores\/#breadcrumb","itemListElement":[{"@type":"ListItem","position":1,"name":"Portada","item":"https:\/\/www.eldiario.net\/portal\/"},{"@type":"ListItem","position":2,"name":"Env\u00edan a mujer a la c\u00e1rcel por corrupci\u00f3n de menores"}]},{"@type":"WebSite","@id":"https:\/\/www.eldiario.net\/portal\/#website","url":"https:\/\/www.eldiario.net\/portal\/","name":"El Diario - Decano de la prensa nacional","description":"El Diario - Decano de la prensa nacional","publisher":{"@id":"https:\/\/www.eldiario.net\/portal\/#organization"},"potentialAction":[{"@type":"SearchAction","target":{"@type":"EntryPoint","urlTemplate":"https:\/\/www.eldiario.net\/portal\/?s={search_term_string}"},"query-input":{"@type":"PropertyValueSpecification","valueRequired":true,"valueName":"search_term_string"}}],"inLanguage":"es"},{"@type":"Organization","@id":"https:\/\/www.eldiario.net\/portal\/#organization","name":"El Diario - Decano de la prensa nacional","url":"https:\/\/www.eldiario.net\/portal\/","logo":{"@type":"ImageObject","inLanguage":"es","@id":"https:\/\/www.eldiario.net\/portal\/#\/schema\/logo\/image\/","url":"https:\/\/www.eldiario.net\/portal\/wp-content\/uploads\/2023\/07\/logo_ED.jpg","contentUrl":"https:\/\/www.eldiario.net\/portal\/wp-content\/uploads\/2023\/07\/logo_ED.jpg","width":272,"height":52,"caption":"El Diario - Decano de la prensa nacional"},"image":{"@id":"https:\/\/www.eldiario.net\/portal\/#\/schema\/logo\/image\/"},"sameAs":["https:\/\/www.facebook.com\/eldiario.bolivia\/","https:\/\/x.com\/eldiario_net"]},{"@type":"Person","@id":"https:\/\/www.eldiario.net\/portal\/#\/schema\/person\/f46445640444750d7d753ccd04ae01b7","name":"Jeanette","image":{"@type":"ImageObject","inLanguage":"es","@id":"https:\/\/secure.gravatar.com\/avatar\/3ea2118a5f7dad2b7138b1187a6b7ee55f160b9968b66013c3a3ef39dd7e5798?s=96&d=mm&r=g","url":"https:\/\/secure.gravatar.com\/avatar\/3ea2118a5f7dad2b7138b1187a6b7ee55f160b9968b66013c3a3ef39dd7e5798?s=96&d=mm&r=g","contentUrl":"https:\/\/secure.gravatar.com\/avatar\/3ea2118a5f7dad2b7138b1187a6b7ee55f160b9968b66013c3a3ef39dd7e5798?s=96&d=mm&r=g","caption":"Jeanette"},"sameAs":["https:\/\/www.eldiario.net\/portal"],"url":"https:\/\/www.eldiario.net\/portal\/author\/jeanette\/"}]}},"_links":{"self":[{"href":"https:\/\/www.eldiario.net\/portal\/wp-json\/wp\/v2\/posts\/8035","targetHints":{"allow":["GET"]}}],"collection":[{"href":"https:\/\/www.eldiario.net\/portal\/wp-json\/wp\/v2\/posts"}],"about":[{"href":"https:\/\/www.eldiario.net\/portal\/wp-json\/wp\/v2\/types\/post"}],"author":[{"embeddable":true,"href":"https:\/\/www.eldiario.net\/portal\/wp-json\/wp\/v2\/users\/1"}],"replies":[{"embeddable":true,"href":"https:\/\/www.eldiario.net\/portal\/wp-json\/wp\/v2\/comments?post=8035"}],"version-history":[{"count":0,"href":"https:\/\/www.eldiario.net\/portal\/wp-json\/wp\/v2\/posts\/8035\/revisions"}],"wp:featuredmedia":[{"embeddable":true,"href":"https:\/\/www.eldiario.net\/portal\/wp-json\/wp\/v2\/media\/8036"}],"wp:attachment":[{"href":"https:\/\/www.eldiario.net\/portal\/wp-json\/wp\/v2\/media?parent=8035"}],"wp:term":[{"taxonomy":"category","embeddable":true,"href":"https:\/\/www.eldiario.net\/portal\/wp-json\/wp\/v2\/categories?post=8035"},{"taxonomy":"post_tag","embeddable":true,"href":"https:\/\/www.eldiario.net\/portal\/wp-json\/wp\/v2\/tags?post=8035"}],"curies":[{"name":"wp","href":"https:\/\/api.w.org\/{rel}","templated":true}]}}