{"id":8032,"date":"2021-06-03T06:19:04","date_gmt":"2021-06-03T10:19:04","guid":{"rendered":"https:\/\/www.eldiario.net\/portal\/?p=8032"},"modified":"2021-06-03T06:19:04","modified_gmt":"2021-06-03T10:19:04","slug":"colombia-recula-y-reabre-frontera-con-venezuela","status":"publish","type":"post","link":"https:\/\/www.eldiario.net\/portal\/2021\/06\/03\/colombia-recula-y-reabre-frontera-con-venezuela\/","title":{"rendered":"Colombia recula y reabre  frontera con Venezuela"},"content":{"rendered":"<p>Bogot\u00e1.- El Gobierno de Colombia ha cambiado de opini\u00f3n y ha decretado la reapertura de la frontera con Venezuela de forma gradual desde este mi\u00e9rcoles, en el marco de la pandemia de Covid-19 y horas despu\u00e9s de que el presidente Iv\u00e1n Duque decidiera ampliar el cierre hasta el 1 de septiembre.<\/p>\n<p>El Ministerio del Interior colombiano ha emitido la resoluci\u00f3n 0746, que autoriza la apertura gradual de los pasos terrestres y fluviales de la frontera con Venezuela \u00absin perjuicio de que se contin\u00faen aplicando las medidas de bioseguridad establecidas por el Ministerio de Salud y Protecci\u00f3n social\u00bb, seg\u00fan el documento, publicado despu\u00e9s de que el Ministerio de Salud expresara un criterio contrario a la ampliaci\u00f3n del cierre.<\/p>\n<p>Por su parte, el ministro de Defensa de Venezuela, Jorge Arreaza, ha emitido un comunicado con el \u00abrechaza la intempestiva decisi\u00f3n\u00bb de Colombia. Para Arreaza, se trata de una decisi\u00f3n de distracci\u00f3n sobre la crisis pol\u00edtica del pa\u00eds vecino.<\/p>\n<p>\u00abEsta suerte de emboscada fronteriza deja en evidencia que el Gobierno colombiano sigue haciendo uso de tretas pol\u00edticas con el fin de distraer la atenci\u00f3n de la opini\u00f3n p\u00fablica (&#8230;) en torno a las protestas antigubernamentales, se lee en el comunicado.<\/p>\n<p>Venezuela ha manifestado que esta \u00abdecisi\u00f3n unilateral no abre fronteras\u00bb por lo que ha instado a Colombia a \u00abavanzar en la coordinaci\u00f3n bilaterial\u00bb. Asimismo, ha querido recordar a Colombia que los asuntos transfronterizos deben guiarse por el Derecho Internacional y no a trav\u00e9s de mecanismos \u00abdesesperados\u00bb.<\/p>\n<p>Colombia reabri\u00f3 los pasos de conexi\u00f3n con Panam\u00e1, Per\u00fa, Brasil y Ecuador &#8211;igualmente cerrados para evitar la propagaci\u00f3n de la Covid-19&#8211; el pasado 19 de mayo. En ese momento, el Ministerio de Exteriores de Colombia avanz\u00f3 que analizaba la posibilidad de abrir la frontera con Venezuela a partir de este martes.<\/p>\n<p>Por su parte, el lunes, miembros de la sociedad civil de Colombia y Venezuela emitieron un comunicado en el que pidieron al Gobierno no postergar la reapertura de los pasos, argumentando que, ante el cierre, las personas \u00abse han visto obligadas a recurrir a caminos informales donde grupos criminales los extorsionan, secuestran, asesinan y ejercen violencias sexuales, en especial contra las mujeres\u00bb.<\/p>\n<p>\u00abEl comercio de bienes tambi\u00e9n ha tenido que pasar por esas rutas. En t\u00e9rminos econ\u00f3micos, esa criminalidad es la empresa multiagencial, binacional y transnacional m\u00e1s favorecida por el cierre de los pasos fronterizos formales y por la par\u00e1lisis de la institucionalidad para manejar la vecindad\u00bb, han agregaron, antes de instar a \u00abcambiar\u00bb la situaci\u00f3n.<\/p>\n<p>El cierre de los pasos fronterizos se decret\u00f3 el 16 de marzo de 2020, diez d\u00edas despu\u00e9s de que se registrara el primer caso de Covid-19 en Colombia, que hasta el momento ha contabilizado m\u00e1s de 3,4 millones de contagios y supera los 89.000 fallecidos a causa de la enfermedad. Venezuela, por su parte, ha notificado 236.000, incluidas 2.600 v\u00edctimas mortales. (Europa Press)<\/p>\n","protected":false},"excerpt":{"rendered":"<p>Bogot\u00e1.- El Gobierno de Colombia ha cambiado de opini\u00f3n y ha decretado la reapertura de la frontera con Venezuela de forma gradual desde este mi\u00e9rcoles, en el marco de la pandemia de Covid-19 y horas despu\u00e9s de que el presidente Iv\u00e1n Duque decidiera ampliar el cierre hasta el 1 de septiembre. El Ministerio del Interior [&hellip;]<\/p>\n","protected":false},"author":1,"featured_media":8033,"comment_status":"closed","ping_status":"closed","sticky":false,"template":"","format":"standard","meta":{"_acf_changed":false,"footnotes":""},"categories":[3],"tags":[],"class_list":["post-8032","post","type-post","status-publish","format-standard","has-post-thumbnail","category-internacional"],"acf":{"antetitulo":""},"yoast_head":"<!-- This site is optimized with the Yoast SEO plugin v28.3 - https:\/\/yoast.com\/product\/yoast-seo-wordpress\/ -->\n<title>Colombia recula y reabre frontera con Venezuela - El Diario - Bolivia<\/title>\n<meta name=\"robots\" content=\"index, follow, max-snippet:-1, max-image-preview:large, max-video-preview:-1\" \/>\n<link rel=\"canonical\" href=\"https:\/\/www.eldiario.net\/portal\/2021\/06\/03\/colombia-recula-y-reabre-frontera-con-venezuela\/\" \/>\n<meta property=\"og:locale\" content=\"es_ES\" \/>\n<meta property=\"og:type\" content=\"article\" \/>\n<meta property=\"og:title\" content=\"Colombia recula y reabre frontera con Venezuela - El Diario - Bolivia\" \/>\n<meta property=\"og:description\" content=\"Bogot\u00e1.- El Gobierno de Colombia ha cambiado de opini\u00f3n y ha decretado la reapertura de la frontera con Venezuela de forma gradual desde este mi\u00e9rcoles, en el marco de la pandemia de Covid-19 y horas despu\u00e9s de que el presidente Iv\u00e1n Duque decidiera ampliar el cierre hasta el 1 de septiembre. El Ministerio del Interior [&hellip;]\" \/>\n<meta property=\"og:url\" content=\"https:\/\/www.eldiario.net\/portal\/2021\/06\/03\/colombia-recula-y-reabre-frontera-con-venezuela\/\" \/>\n<meta property=\"og:site_name\" content=\"El Diario - Bolivia\" \/>\n<meta property=\"article:publisher\" content=\"https:\/\/www.facebook.com\/eldiario.bolivia\/\" \/>\n<meta property=\"article:published_time\" content=\"2021-06-03T10:19:04+00:00\" \/>\n<meta name=\"author\" content=\"Jeanette\" \/>\n<meta name=\"twitter:card\" content=\"summary_large_image\" \/>\n<meta name=\"twitter:creator\" content=\"@eldiario_net\" \/>\n<meta name=\"twitter:site\" content=\"@eldiario_net\" \/>\n<meta name=\"twitter:label1\" content=\"Escrito por\" \/>\n\t<meta name=\"twitter:data1\" content=\"Jeanette\" \/>\n\t<meta name=\"twitter:label2\" content=\"Tiempo de lectura\" \/>\n\t<meta name=\"twitter:data2\" content=\"3 minutos\" \/>\n<script type=\"application\/ld+json\" class=\"yoast-schema-graph\">{\"@context\":\"https:\\\/\\\/schema.org\",\"@graph\":[{\"@type\":\"Article\",\"@id\":\"https:\\\/\\\/www.eldiario.net\\\/portal\\\/2021\\\/06\\\/03\\\/colombia-recula-y-reabre-frontera-con-venezuela\\\/#article\",\"isPartOf\":{\"@id\":\"https:\\\/\\\/www.eldiario.net\\\/portal\\\/2021\\\/06\\\/03\\\/colombia-recula-y-reabre-frontera-con-venezuela\\\/\"},\"author\":{\"name\":\"Jeanette\",\"@id\":\"https:\\\/\\\/www.eldiario.net\\\/portal\\\/#\\\/schema\\\/person\\\/f46445640444750d7d753ccd04ae01b7\"},\"headline\":\"Colombia recula y reabre frontera con Venezuela\",\"datePublished\":\"2021-06-03T10:19:04+00:00\",\"mainEntityOfPage\":{\"@id\":\"https:\\\/\\\/www.eldiario.net\\\/portal\\\/2021\\\/06\\\/03\\\/colombia-recula-y-reabre-frontera-con-venezuela\\\/\"},\"wordCount\":506,\"publisher\":{\"@id\":\"https:\\\/\\\/www.eldiario.net\\\/portal\\\/#organization\"},\"image\":{\"@id\":\"https:\\\/\\\/www.eldiario.net\\\/portal\\\/2021\\\/06\\\/03\\\/colombia-recula-y-reabre-frontera-con-venezuela\\\/#primaryimage\"},\"thumbnailUrl\":\"\",\"articleSection\":[\"Internacional\"],\"inLanguage\":\"es\"},{\"@type\":\"WebPage\",\"@id\":\"https:\\\/\\\/www.eldiario.net\\\/portal\\\/2021\\\/06\\\/03\\\/colombia-recula-y-reabre-frontera-con-venezuela\\\/\",\"url\":\"https:\\\/\\\/www.eldiario.net\\\/portal\\\/2021\\\/06\\\/03\\\/colombia-recula-y-reabre-frontera-con-venezuela\\\/\",\"name\":\"Colombia recula y reabre frontera con Venezuela - El Diario - Bolivia\",\"isPartOf\":{\"@id\":\"https:\\\/\\\/www.eldiario.net\\\/portal\\\/#website\"},\"primaryImageOfPage\":{\"@id\":\"https:\\\/\\\/www.eldiario.net\\\/portal\\\/2021\\\/06\\\/03\\\/colombia-recula-y-reabre-frontera-con-venezuela\\\/#primaryimage\"},\"image\":{\"@id\":\"https:\\\/\\\/www.eldiario.net\\\/portal\\\/2021\\\/06\\\/03\\\/colombia-recula-y-reabre-frontera-con-venezuela\\\/#primaryimage\"},\"thumbnailUrl\":\"\",\"datePublished\":\"2021-06-03T10:19:04+00:00\",\"breadcrumb\":{\"@id\":\"https:\\\/\\\/www.eldiario.net\\\/portal\\\/2021\\\/06\\\/03\\\/colombia-recula-y-reabre-frontera-con-venezuela\\\/#breadcrumb\"},\"inLanguage\":\"es\",\"potentialAction\":[{\"@type\":\"ReadAction\",\"target\":[\"https:\\\/\\\/www.eldiario.net\\\/portal\\\/2021\\\/06\\\/03\\\/colombia-recula-y-reabre-frontera-con-venezuela\\\/\"]}]},{\"@type\":\"ImageObject\",\"inLanguage\":\"es\",\"@id\":\"https:\\\/\\\/www.eldiario.net\\\/portal\\\/2021\\\/06\\\/03\\\/colombia-recula-y-reabre-frontera-con-venezuela\\\/#primaryimage\",\"url\":\"\",\"contentUrl\":\"\"},{\"@type\":\"BreadcrumbList\",\"@id\":\"https:\\\/\\\/www.eldiario.net\\\/portal\\\/2021\\\/06\\\/03\\\/colombia-recula-y-reabre-frontera-con-venezuela\\\/#breadcrumb\",\"itemListElement\":[{\"@type\":\"ListItem\",\"position\":1,\"name\":\"Portada\",\"item\":\"https:\\\/\\\/www.eldiario.net\\\/portal\\\/\"},{\"@type\":\"ListItem\",\"position\":2,\"name\":\"Colombia recula y reabre frontera con Venezuela\"}]},{\"@type\":\"WebSite\",\"@id\":\"https:\\\/\\\/www.eldiario.net\\\/portal\\\/#website\",\"url\":\"https:\\\/\\\/www.eldiario.net\\\/portal\\\/\",\"name\":\"El Diario - Decano de la prensa nacional\",\"description\":\"El Diario - Decano de la prensa nacional\",\"publisher\":{\"@id\":\"https:\\\/\\\/www.eldiario.net\\\/portal\\\/#organization\"},\"potentialAction\":[{\"@type\":\"SearchAction\",\"target\":{\"@type\":\"EntryPoint\",\"urlTemplate\":\"https:\\\/\\\/www.eldiario.net\\\/portal\\\/?s={search_term_string}\"},\"query-input\":{\"@type\":\"PropertyValueSpecification\",\"valueRequired\":true,\"valueName\":\"search_term_string\"}}],\"inLanguage\":\"es\"},{\"@type\":\"Organization\",\"@id\":\"https:\\\/\\\/www.eldiario.net\\\/portal\\\/#organization\",\"name\":\"El Diario - Decano de la prensa nacional\",\"url\":\"https:\\\/\\\/www.eldiario.net\\\/portal\\\/\",\"logo\":{\"@type\":\"ImageObject\",\"inLanguage\":\"es\",\"@id\":\"https:\\\/\\\/www.eldiario.net\\\/portal\\\/#\\\/schema\\\/logo\\\/image\\\/\",\"url\":\"https:\\\/\\\/www.eldiario.net\\\/portal\\\/wp-content\\\/uploads\\\/2023\\\/07\\\/logo_ED.jpg\",\"contentUrl\":\"https:\\\/\\\/www.eldiario.net\\\/portal\\\/wp-content\\\/uploads\\\/2023\\\/07\\\/logo_ED.jpg\",\"width\":272,\"height\":52,\"caption\":\"El Diario - Decano de la prensa nacional\"},\"image\":{\"@id\":\"https:\\\/\\\/www.eldiario.net\\\/portal\\\/#\\\/schema\\\/logo\\\/image\\\/\"},\"sameAs\":[\"https:\\\/\\\/www.facebook.com\\\/eldiario.bolivia\\\/\",\"https:\\\/\\\/x.com\\\/eldiario_net\"]},{\"@type\":\"Person\",\"@id\":\"https:\\\/\\\/www.eldiario.net\\\/portal\\\/#\\\/schema\\\/person\\\/f46445640444750d7d753ccd04ae01b7\",\"name\":\"Jeanette\",\"image\":{\"@type\":\"ImageObject\",\"inLanguage\":\"es\",\"@id\":\"https:\\\/\\\/secure.gravatar.com\\\/avatar\\\/3ea2118a5f7dad2b7138b1187a6b7ee55f160b9968b66013c3a3ef39dd7e5798?s=96&d=mm&r=g\",\"url\":\"https:\\\/\\\/secure.gravatar.com\\\/avatar\\\/3ea2118a5f7dad2b7138b1187a6b7ee55f160b9968b66013c3a3ef39dd7e5798?s=96&d=mm&r=g\",\"contentUrl\":\"https:\\\/\\\/secure.gravatar.com\\\/avatar\\\/3ea2118a5f7dad2b7138b1187a6b7ee55f160b9968b66013c3a3ef39dd7e5798?s=96&d=mm&r=g\",\"caption\":\"Jeanette\"},\"sameAs\":[\"https:\\\/\\\/www.eldiario.net\\\/portal\"],\"url\":\"https:\\\/\\\/www.eldiario.net\\\/portal\\\/author\\\/jeanette\\\/\"}]}<\/script>\n<!-- \/ Yoast SEO plugin. -->","yoast_head_json":{"title":"Colombia recula y reabre frontera con Venezuela - El Diario - Bolivia","robots":{"index":"index","follow":"follow","max-snippet":"max-snippet:-1","max-image-preview":"max-image-preview:large","max-video-preview":"max-video-preview:-1"},"canonical":"https:\/\/www.eldiario.net\/portal\/2021\/06\/03\/colombia-recula-y-reabre-frontera-con-venezuela\/","og_locale":"es_ES","og_type":"article","og_title":"Colombia recula y reabre frontera con Venezuela - El Diario - Bolivia","og_description":"Bogot\u00e1.- El Gobierno de Colombia ha cambiado de opini\u00f3n y ha decretado la reapertura de la frontera con Venezuela de forma gradual desde este mi\u00e9rcoles, en el marco de la pandemia de Covid-19 y horas despu\u00e9s de que el presidente Iv\u00e1n Duque decidiera ampliar el cierre hasta el 1 de septiembre. El Ministerio del Interior [&hellip;]","og_url":"https:\/\/www.eldiario.net\/portal\/2021\/06\/03\/colombia-recula-y-reabre-frontera-con-venezuela\/","og_site_name":"El Diario - Bolivia","article_publisher":"https:\/\/www.facebook.com\/eldiario.bolivia\/","article_published_time":"2021-06-03T10:19:04+00:00","author":"Jeanette","twitter_card":"summary_large_image","twitter_creator":"@eldiario_net","twitter_site":"@eldiario_net","twitter_misc":{"Escrito por":"Jeanette","Tiempo de lectura":"3 minutos"},"schema":{"@context":"https:\/\/schema.org","@graph":[{"@type":"Article","@id":"https:\/\/www.eldiario.net\/portal\/2021\/06\/03\/colombia-recula-y-reabre-frontera-con-venezuela\/#article","isPartOf":{"@id":"https:\/\/www.eldiario.net\/portal\/2021\/06\/03\/colombia-recula-y-reabre-frontera-con-venezuela\/"},"author":{"name":"Jeanette","@id":"https:\/\/www.eldiario.net\/portal\/#\/schema\/person\/f46445640444750d7d753ccd04ae01b7"},"headline":"Colombia recula y reabre frontera con Venezuela","datePublished":"2021-06-03T10:19:04+00:00","mainEntityOfPage":{"@id":"https:\/\/www.eldiario.net\/portal\/2021\/06\/03\/colombia-recula-y-reabre-frontera-con-venezuela\/"},"wordCount":506,"publisher":{"@id":"https:\/\/www.eldiario.net\/portal\/#organization"},"image":{"@id":"https:\/\/www.eldiario.net\/portal\/2021\/06\/03\/colombia-recula-y-reabre-frontera-con-venezuela\/#primaryimage"},"thumbnailUrl":"","articleSection":["Internacional"],"inLanguage":"es"},{"@type":"WebPage","@id":"https:\/\/www.eldiario.net\/portal\/2021\/06\/03\/colombia-recula-y-reabre-frontera-con-venezuela\/","url":"https:\/\/www.eldiario.net\/portal\/2021\/06\/03\/colombia-recula-y-reabre-frontera-con-venezuela\/","name":"Colombia recula y reabre frontera con Venezuela - El Diario - Bolivia","isPartOf":{"@id":"https:\/\/www.eldiario.net\/portal\/#website"},"primaryImageOfPage":{"@id":"https:\/\/www.eldiario.net\/portal\/2021\/06\/03\/colombia-recula-y-reabre-frontera-con-venezuela\/#primaryimage"},"image":{"@id":"https:\/\/www.eldiario.net\/portal\/2021\/06\/03\/colombia-recula-y-reabre-frontera-con-venezuela\/#primaryimage"},"thumbnailUrl":"","datePublished":"2021-06-03T10:19:04+00:00","breadcrumb":{"@id":"https:\/\/www.eldiario.net\/portal\/2021\/06\/03\/colombia-recula-y-reabre-frontera-con-venezuela\/#breadcrumb"},"inLanguage":"es","potentialAction":[{"@type":"ReadAction","target":["https:\/\/www.eldiario.net\/portal\/2021\/06\/03\/colombia-recula-y-reabre-frontera-con-venezuela\/"]}]},{"@type":"ImageObject","inLanguage":"es","@id":"https:\/\/www.eldiario.net\/portal\/2021\/06\/03\/colombia-recula-y-reabre-frontera-con-venezuela\/#primaryimage","url":"","contentUrl":""},{"@type":"BreadcrumbList","@id":"https:\/\/www.eldiario.net\/portal\/2021\/06\/03\/colombia-recula-y-reabre-frontera-con-venezuela\/#breadcrumb","itemListElement":[{"@type":"ListItem","position":1,"name":"Portada","item":"https:\/\/www.eldiario.net\/portal\/"},{"@type":"ListItem","position":2,"name":"Colombia recula y reabre frontera con Venezuela"}]},{"@type":"WebSite","@id":"https:\/\/www.eldiario.net\/portal\/#website","url":"https:\/\/www.eldiario.net\/portal\/","name":"El Diario - Decano de la prensa nacional","description":"El Diario - Decano de la prensa nacional","publisher":{"@id":"https:\/\/www.eldiario.net\/portal\/#organization"},"potentialAction":[{"@type":"SearchAction","target":{"@type":"EntryPoint","urlTemplate":"https:\/\/www.eldiario.net\/portal\/?s={search_term_string}"},"query-input":{"@type":"PropertyValueSpecification","valueRequired":true,"valueName":"search_term_string"}}],"inLanguage":"es"},{"@type":"Organization","@id":"https:\/\/www.eldiario.net\/portal\/#organization","name":"El Diario - Decano de la prensa nacional","url":"https:\/\/www.eldiario.net\/portal\/","logo":{"@type":"ImageObject","inLanguage":"es","@id":"https:\/\/www.eldiario.net\/portal\/#\/schema\/logo\/image\/","url":"https:\/\/www.eldiario.net\/portal\/wp-content\/uploads\/2023\/07\/logo_ED.jpg","contentUrl":"https:\/\/www.eldiario.net\/portal\/wp-content\/uploads\/2023\/07\/logo_ED.jpg","width":272,"height":52,"caption":"El Diario - Decano de la prensa nacional"},"image":{"@id":"https:\/\/www.eldiario.net\/portal\/#\/schema\/logo\/image\/"},"sameAs":["https:\/\/www.facebook.com\/eldiario.bolivia\/","https:\/\/x.com\/eldiario_net"]},{"@type":"Person","@id":"https:\/\/www.eldiario.net\/portal\/#\/schema\/person\/f46445640444750d7d753ccd04ae01b7","name":"Jeanette","image":{"@type":"ImageObject","inLanguage":"es","@id":"https:\/\/secure.gravatar.com\/avatar\/3ea2118a5f7dad2b7138b1187a6b7ee55f160b9968b66013c3a3ef39dd7e5798?s=96&d=mm&r=g","url":"https:\/\/secure.gravatar.com\/avatar\/3ea2118a5f7dad2b7138b1187a6b7ee55f160b9968b66013c3a3ef39dd7e5798?s=96&d=mm&r=g","contentUrl":"https:\/\/secure.gravatar.com\/avatar\/3ea2118a5f7dad2b7138b1187a6b7ee55f160b9968b66013c3a3ef39dd7e5798?s=96&d=mm&r=g","caption":"Jeanette"},"sameAs":["https:\/\/www.eldiario.net\/portal"],"url":"https:\/\/www.eldiario.net\/portal\/author\/jeanette\/"}]}},"_links":{"self":[{"href":"https:\/\/www.eldiario.net\/portal\/wp-json\/wp\/v2\/posts\/8032","targetHints":{"allow":["GET"]}}],"collection":[{"href":"https:\/\/www.eldiario.net\/portal\/wp-json\/wp\/v2\/posts"}],"about":[{"href":"https:\/\/www.eldiario.net\/portal\/wp-json\/wp\/v2\/types\/post"}],"author":[{"embeddable":true,"href":"https:\/\/www.eldiario.net\/portal\/wp-json\/wp\/v2\/users\/1"}],"replies":[{"embeddable":true,"href":"https:\/\/www.eldiario.net\/portal\/wp-json\/wp\/v2\/comments?post=8032"}],"version-history":[{"count":0,"href":"https:\/\/www.eldiario.net\/portal\/wp-json\/wp\/v2\/posts\/8032\/revisions"}],"wp:attachment":[{"href":"https:\/\/www.eldiario.net\/portal\/wp-json\/wp\/v2\/media?parent=8032"}],"wp:term":[{"taxonomy":"category","embeddable":true,"href":"https:\/\/www.eldiario.net\/portal\/wp-json\/wp\/v2\/categories?post=8032"},{"taxonomy":"post_tag","embeddable":true,"href":"https:\/\/www.eldiario.net\/portal\/wp-json\/wp\/v2\/tags?post=8032"}],"curies":[{"name":"wp","href":"https:\/\/api.w.org\/{rel}","templated":true}]}}