{"id":8029,"date":"2021-06-03T06:17:48","date_gmt":"2021-06-03T10:17:48","guid":{"rendered":"https:\/\/www.eldiario.net\/portal\/?p=8029"},"modified":"2021-06-03T06:17:48","modified_gmt":"2021-06-03T10:17:48","slug":"lista-arabe-da-apoyo-a-gobierno-de-coalicion-de-lapid-y-bennet","status":"publish","type":"post","link":"https:\/\/www.eldiario.net\/portal\/2021\/06\/03\/lista-arabe-da-apoyo-a-gobierno-de-coalicion-de-lapid-y-bennet\/","title":{"rendered":"Lista \u00c1rabe da apoyo a gobierno  de coalici\u00f3n de Lapid y Bennet"},"content":{"rendered":"<p>El l\u00edder de Yesh Atid, Yair Lapid, y el de derechista Yamina, Naftali Bennett, alcanzaron un acuerdo con el presidente de la Lista \u00c1rabe Unida, Mansur Abbas, para formar un gobierno de coalici\u00f3n en Israel, horas antes de que finalizara el plazo y superando las diferencias que hasta el momento hab\u00edan impedido la formaci\u00f3n de un gobierno de unidad.<\/p>\n<p>\u00abMe siento honrado de informarles de que he logrado formar un gobierno. Ser\u00e1 un gobierno de rotaci\u00f3n, de acuerdo con la cl\u00e1usula 13a de la Ley B\u00e1sica de Gobierno. Lo liderar\u00e9 con Naftali Bennett, quien ser\u00e1 el primero para servir como primer ministro\u00bb, ha confirmado Lapid, publica el diario \u201cHaaretz\u201d.<\/p>\n<p>\u00abLes doy mi palabra de que este gobierno trabajar\u00e1 al servicio de todos los ciudadanos de Israel, los que lo votaron y los que no. Respetar\u00e1 a sus oponentes y har\u00e1 todo lo posible para unificar y unir a todas las partes de la sociedad israel\u00ed\u00bb, inform\u00f3 formalmente al presidente saliente Reuven Rivlin.<\/p>\n<p>Momentos antes, la prensa israel\u00ed adelant\u00f3 el acuerdo publicando una fotograf\u00eda de los tres l\u00edderes firmando el acuerdo que sacar\u00e1 al actual primer ministro, Benjam\u00edn Netanyahu, del cargo.<\/p>\n<p>Finalmente, la coalici\u00f3n que sacar\u00e1 a Netanyahu del poder doce a\u00f1os despu\u00e9s est\u00e1 conformada por una variopinta amalgaba de formaciones, coom Yesh Atid, Yamina, Azul y Blanco, Nueva Esperanza, el Partido Laborista, Israel Beiteinu, Meretz y la Liga \u00c1rabe Unida.<\/p>\n<p>El jefe de Yamina hab\u00eda estado avanzando a mediados de este mes en negociaciones para formar un gobierno de poder compartido con Lapid, con el apoyo de la Lista \u00c1rabe Unida, pero la posici\u00f3n de Bennett cambi\u00f3 con la escalada del conflicto de Israel con Gaza y especialmente por los recientes enfrentamientos en las ciudades mixtas \u00e1rabes-israel\u00edes en el pa\u00eds. (Europa Press)<\/p>\n","protected":false},"excerpt":{"rendered":"<p>El l\u00edder de Yesh Atid, Yair Lapid, y el de derechista Yamina, Naftali Bennett, alcanzaron un acuerdo con el presidente de la Lista \u00c1rabe Unida, Mansur Abbas, para formar un gobierno de coalici\u00f3n en Israel, horas antes de que finalizara el plazo y superando las diferencias que hasta el momento hab\u00edan impedido la formaci\u00f3n de [&hellip;]<\/p>\n","protected":false},"author":1,"featured_media":8030,"comment_status":"closed","ping_status":"closed","sticky":false,"template":"","format":"standard","meta":{"_acf_changed":false,"footnotes":""},"categories":[3],"tags":[],"class_list":["post-8029","post","type-post","status-publish","format-standard","has-post-thumbnail","category-internacional"],"acf":{"antetitulo":""},"yoast_head":"<!-- This site is optimized with the Yoast SEO plugin v28.3 - https:\/\/yoast.com\/product\/yoast-seo-wordpress\/ -->\n<title>Lista \u00c1rabe da apoyo a gobierno de coalici\u00f3n de Lapid y Bennet - El Diario - Bolivia<\/title>\n<meta name=\"robots\" content=\"index, follow, max-snippet:-1, max-image-preview:large, max-video-preview:-1\" \/>\n<link rel=\"canonical\" href=\"https:\/\/www.eldiario.net\/portal\/2021\/06\/03\/lista-arabe-da-apoyo-a-gobierno-de-coalicion-de-lapid-y-bennet\/\" \/>\n<meta property=\"og:locale\" content=\"es_ES\" \/>\n<meta property=\"og:type\" content=\"article\" \/>\n<meta property=\"og:title\" content=\"Lista \u00c1rabe da apoyo a gobierno de coalici\u00f3n de Lapid y Bennet - El Diario - Bolivia\" \/>\n<meta property=\"og:description\" content=\"El l\u00edder de Yesh Atid, Yair Lapid, y el de derechista Yamina, Naftali Bennett, alcanzaron un acuerdo con el presidente de la Lista \u00c1rabe Unida, Mansur Abbas, para formar un gobierno de coalici\u00f3n en Israel, horas antes de que finalizara el plazo y superando las diferencias que hasta el momento hab\u00edan impedido la formaci\u00f3n de [&hellip;]\" \/>\n<meta property=\"og:url\" content=\"https:\/\/www.eldiario.net\/portal\/2021\/06\/03\/lista-arabe-da-apoyo-a-gobierno-de-coalicion-de-lapid-y-bennet\/\" \/>\n<meta property=\"og:site_name\" content=\"El Diario - Bolivia\" \/>\n<meta property=\"article:publisher\" content=\"https:\/\/www.facebook.com\/eldiario.bolivia\/\" \/>\n<meta property=\"article:published_time\" content=\"2021-06-03T10:17:48+00:00\" \/>\n<meta property=\"og:image\" content=\"https:\/\/www.eldiario.net\/portal\/wp-content\/uploads\/2021\/06\/INTE-Lista-Arabe-da-apoyo-a-gobierno.jpg\" \/>\n\t<meta property=\"og:image:width\" content=\"1200\" \/>\n\t<meta property=\"og:image:height\" content=\"800\" \/>\n\t<meta property=\"og:image:type\" content=\"image\/jpeg\" \/>\n<meta name=\"author\" content=\"Jeanette\" \/>\n<meta name=\"twitter:card\" content=\"summary_large_image\" \/>\n<meta name=\"twitter:creator\" content=\"@eldiario_net\" \/>\n<meta name=\"twitter:site\" content=\"@eldiario_net\" \/>\n<meta name=\"twitter:label1\" content=\"Escrito por\" \/>\n\t<meta name=\"twitter:data1\" content=\"Jeanette\" \/>\n\t<meta name=\"twitter:label2\" content=\"Tiempo de lectura\" \/>\n\t<meta name=\"twitter:data2\" content=\"2 minutos\" \/>\n<script type=\"application\/ld+json\" class=\"yoast-schema-graph\">{\"@context\":\"https:\\\/\\\/schema.org\",\"@graph\":[{\"@type\":\"Article\",\"@id\":\"https:\\\/\\\/www.eldiario.net\\\/portal\\\/2021\\\/06\\\/03\\\/lista-arabe-da-apoyo-a-gobierno-de-coalicion-de-lapid-y-bennet\\\/#article\",\"isPartOf\":{\"@id\":\"https:\\\/\\\/www.eldiario.net\\\/portal\\\/2021\\\/06\\\/03\\\/lista-arabe-da-apoyo-a-gobierno-de-coalicion-de-lapid-y-bennet\\\/\"},\"author\":{\"name\":\"Jeanette\",\"@id\":\"https:\\\/\\\/www.eldiario.net\\\/portal\\\/#\\\/schema\\\/person\\\/f46445640444750d7d753ccd04ae01b7\"},\"headline\":\"Lista \u00c1rabe da apoyo a gobierno de coalici\u00f3n de Lapid y Bennet\",\"datePublished\":\"2021-06-03T10:17:48+00:00\",\"mainEntityOfPage\":{\"@id\":\"https:\\\/\\\/www.eldiario.net\\\/portal\\\/2021\\\/06\\\/03\\\/lista-arabe-da-apoyo-a-gobierno-de-coalicion-de-lapid-y-bennet\\\/\"},\"wordCount\":322,\"publisher\":{\"@id\":\"https:\\\/\\\/www.eldiario.net\\\/portal\\\/#organization\"},\"image\":{\"@id\":\"https:\\\/\\\/www.eldiario.net\\\/portal\\\/2021\\\/06\\\/03\\\/lista-arabe-da-apoyo-a-gobierno-de-coalicion-de-lapid-y-bennet\\\/#primaryimage\"},\"thumbnailUrl\":\"https:\\\/\\\/www.eldiario.net\\\/portal\\\/wp-content\\\/uploads\\\/2021\\\/06\\\/INTE-Lista-Arabe-da-apoyo-a-gobierno.jpg\",\"articleSection\":[\"Internacional\"],\"inLanguage\":\"es\"},{\"@type\":\"WebPage\",\"@id\":\"https:\\\/\\\/www.eldiario.net\\\/portal\\\/2021\\\/06\\\/03\\\/lista-arabe-da-apoyo-a-gobierno-de-coalicion-de-lapid-y-bennet\\\/\",\"url\":\"https:\\\/\\\/www.eldiario.net\\\/portal\\\/2021\\\/06\\\/03\\\/lista-arabe-da-apoyo-a-gobierno-de-coalicion-de-lapid-y-bennet\\\/\",\"name\":\"Lista \u00c1rabe da apoyo a gobierno de coalici\u00f3n de Lapid y Bennet - El Diario - Bolivia\",\"isPartOf\":{\"@id\":\"https:\\\/\\\/www.eldiario.net\\\/portal\\\/#website\"},\"primaryImageOfPage\":{\"@id\":\"https:\\\/\\\/www.eldiario.net\\\/portal\\\/2021\\\/06\\\/03\\\/lista-arabe-da-apoyo-a-gobierno-de-coalicion-de-lapid-y-bennet\\\/#primaryimage\"},\"image\":{\"@id\":\"https:\\\/\\\/www.eldiario.net\\\/portal\\\/2021\\\/06\\\/03\\\/lista-arabe-da-apoyo-a-gobierno-de-coalicion-de-lapid-y-bennet\\\/#primaryimage\"},\"thumbnailUrl\":\"https:\\\/\\\/www.eldiario.net\\\/portal\\\/wp-content\\\/uploads\\\/2021\\\/06\\\/INTE-Lista-Arabe-da-apoyo-a-gobierno.jpg\",\"datePublished\":\"2021-06-03T10:17:48+00:00\",\"breadcrumb\":{\"@id\":\"https:\\\/\\\/www.eldiario.net\\\/portal\\\/2021\\\/06\\\/03\\\/lista-arabe-da-apoyo-a-gobierno-de-coalicion-de-lapid-y-bennet\\\/#breadcrumb\"},\"inLanguage\":\"es\",\"potentialAction\":[{\"@type\":\"ReadAction\",\"target\":[\"https:\\\/\\\/www.eldiario.net\\\/portal\\\/2021\\\/06\\\/03\\\/lista-arabe-da-apoyo-a-gobierno-de-coalicion-de-lapid-y-bennet\\\/\"]}]},{\"@type\":\"ImageObject\",\"inLanguage\":\"es\",\"@id\":\"https:\\\/\\\/www.eldiario.net\\\/portal\\\/2021\\\/06\\\/03\\\/lista-arabe-da-apoyo-a-gobierno-de-coalicion-de-lapid-y-bennet\\\/#primaryimage\",\"url\":\"https:\\\/\\\/www.eldiario.net\\\/portal\\\/wp-content\\\/uploads\\\/2021\\\/06\\\/INTE-Lista-Arabe-da-apoyo-a-gobierno.jpg\",\"contentUrl\":\"https:\\\/\\\/www.eldiario.net\\\/portal\\\/wp-content\\\/uploads\\\/2021\\\/06\\\/INTE-Lista-Arabe-da-apoyo-a-gobierno.jpg\",\"width\":1200,\"height\":800},{\"@type\":\"BreadcrumbList\",\"@id\":\"https:\\\/\\\/www.eldiario.net\\\/portal\\\/2021\\\/06\\\/03\\\/lista-arabe-da-apoyo-a-gobierno-de-coalicion-de-lapid-y-bennet\\\/#breadcrumb\",\"itemListElement\":[{\"@type\":\"ListItem\",\"position\":1,\"name\":\"Portada\",\"item\":\"https:\\\/\\\/www.eldiario.net\\\/portal\\\/\"},{\"@type\":\"ListItem\",\"position\":2,\"name\":\"Lista \u00c1rabe da apoyo a gobierno de coalici\u00f3n de Lapid y Bennet\"}]},{\"@type\":\"WebSite\",\"@id\":\"https:\\\/\\\/www.eldiario.net\\\/portal\\\/#website\",\"url\":\"https:\\\/\\\/www.eldiario.net\\\/portal\\\/\",\"name\":\"El Diario - Decano de la prensa nacional\",\"description\":\"El Diario - Decano de la prensa nacional\",\"publisher\":{\"@id\":\"https:\\\/\\\/www.eldiario.net\\\/portal\\\/#organization\"},\"potentialAction\":[{\"@type\":\"SearchAction\",\"target\":{\"@type\":\"EntryPoint\",\"urlTemplate\":\"https:\\\/\\\/www.eldiario.net\\\/portal\\\/?s={search_term_string}\"},\"query-input\":{\"@type\":\"PropertyValueSpecification\",\"valueRequired\":true,\"valueName\":\"search_term_string\"}}],\"inLanguage\":\"es\"},{\"@type\":\"Organization\",\"@id\":\"https:\\\/\\\/www.eldiario.net\\\/portal\\\/#organization\",\"name\":\"El Diario - Decano de la prensa nacional\",\"url\":\"https:\\\/\\\/www.eldiario.net\\\/portal\\\/\",\"logo\":{\"@type\":\"ImageObject\",\"inLanguage\":\"es\",\"@id\":\"https:\\\/\\\/www.eldiario.net\\\/portal\\\/#\\\/schema\\\/logo\\\/image\\\/\",\"url\":\"https:\\\/\\\/www.eldiario.net\\\/portal\\\/wp-content\\\/uploads\\\/2023\\\/07\\\/logo_ED.jpg\",\"contentUrl\":\"https:\\\/\\\/www.eldiario.net\\\/portal\\\/wp-content\\\/uploads\\\/2023\\\/07\\\/logo_ED.jpg\",\"width\":272,\"height\":52,\"caption\":\"El Diario - Decano de la prensa nacional\"},\"image\":{\"@id\":\"https:\\\/\\\/www.eldiario.net\\\/portal\\\/#\\\/schema\\\/logo\\\/image\\\/\"},\"sameAs\":[\"https:\\\/\\\/www.facebook.com\\\/eldiario.bolivia\\\/\",\"https:\\\/\\\/x.com\\\/eldiario_net\"]},{\"@type\":\"Person\",\"@id\":\"https:\\\/\\\/www.eldiario.net\\\/portal\\\/#\\\/schema\\\/person\\\/f46445640444750d7d753ccd04ae01b7\",\"name\":\"Jeanette\",\"image\":{\"@type\":\"ImageObject\",\"inLanguage\":\"es\",\"@id\":\"https:\\\/\\\/secure.gravatar.com\\\/avatar\\\/3ea2118a5f7dad2b7138b1187a6b7ee55f160b9968b66013c3a3ef39dd7e5798?s=96&d=mm&r=g\",\"url\":\"https:\\\/\\\/secure.gravatar.com\\\/avatar\\\/3ea2118a5f7dad2b7138b1187a6b7ee55f160b9968b66013c3a3ef39dd7e5798?s=96&d=mm&r=g\",\"contentUrl\":\"https:\\\/\\\/secure.gravatar.com\\\/avatar\\\/3ea2118a5f7dad2b7138b1187a6b7ee55f160b9968b66013c3a3ef39dd7e5798?s=96&d=mm&r=g\",\"caption\":\"Jeanette\"},\"sameAs\":[\"https:\\\/\\\/www.eldiario.net\\\/portal\"],\"url\":\"https:\\\/\\\/www.eldiario.net\\\/portal\\\/author\\\/jeanette\\\/\"}]}<\/script>\n<!-- \/ Yoast SEO plugin. -->","yoast_head_json":{"title":"Lista \u00c1rabe da apoyo a gobierno de coalici\u00f3n de Lapid y Bennet - El Diario - Bolivia","robots":{"index":"index","follow":"follow","max-snippet":"max-snippet:-1","max-image-preview":"max-image-preview:large","max-video-preview":"max-video-preview:-1"},"canonical":"https:\/\/www.eldiario.net\/portal\/2021\/06\/03\/lista-arabe-da-apoyo-a-gobierno-de-coalicion-de-lapid-y-bennet\/","og_locale":"es_ES","og_type":"article","og_title":"Lista \u00c1rabe da apoyo a gobierno de coalici\u00f3n de Lapid y Bennet - El Diario - Bolivia","og_description":"El l\u00edder de Yesh Atid, Yair Lapid, y el de derechista Yamina, Naftali Bennett, alcanzaron un acuerdo con el presidente de la Lista \u00c1rabe Unida, Mansur Abbas, para formar un gobierno de coalici\u00f3n en Israel, horas antes de que finalizara el plazo y superando las diferencias que hasta el momento hab\u00edan impedido la formaci\u00f3n de [&hellip;]","og_url":"https:\/\/www.eldiario.net\/portal\/2021\/06\/03\/lista-arabe-da-apoyo-a-gobierno-de-coalicion-de-lapid-y-bennet\/","og_site_name":"El Diario - Bolivia","article_publisher":"https:\/\/www.facebook.com\/eldiario.bolivia\/","article_published_time":"2021-06-03T10:17:48+00:00","og_image":[{"width":1200,"height":800,"url":"https:\/\/www.eldiario.net\/portal\/wp-content\/uploads\/2021\/06\/INTE-Lista-Arabe-da-apoyo-a-gobierno.jpg","type":"image\/jpeg"}],"author":"Jeanette","twitter_card":"summary_large_image","twitter_creator":"@eldiario_net","twitter_site":"@eldiario_net","twitter_misc":{"Escrito por":"Jeanette","Tiempo de lectura":"2 minutos"},"schema":{"@context":"https:\/\/schema.org","@graph":[{"@type":"Article","@id":"https:\/\/www.eldiario.net\/portal\/2021\/06\/03\/lista-arabe-da-apoyo-a-gobierno-de-coalicion-de-lapid-y-bennet\/#article","isPartOf":{"@id":"https:\/\/www.eldiario.net\/portal\/2021\/06\/03\/lista-arabe-da-apoyo-a-gobierno-de-coalicion-de-lapid-y-bennet\/"},"author":{"name":"Jeanette","@id":"https:\/\/www.eldiario.net\/portal\/#\/schema\/person\/f46445640444750d7d753ccd04ae01b7"},"headline":"Lista \u00c1rabe da apoyo a gobierno de coalici\u00f3n de Lapid y Bennet","datePublished":"2021-06-03T10:17:48+00:00","mainEntityOfPage":{"@id":"https:\/\/www.eldiario.net\/portal\/2021\/06\/03\/lista-arabe-da-apoyo-a-gobierno-de-coalicion-de-lapid-y-bennet\/"},"wordCount":322,"publisher":{"@id":"https:\/\/www.eldiario.net\/portal\/#organization"},"image":{"@id":"https:\/\/www.eldiario.net\/portal\/2021\/06\/03\/lista-arabe-da-apoyo-a-gobierno-de-coalicion-de-lapid-y-bennet\/#primaryimage"},"thumbnailUrl":"https:\/\/www.eldiario.net\/portal\/wp-content\/uploads\/2021\/06\/INTE-Lista-Arabe-da-apoyo-a-gobierno.jpg","articleSection":["Internacional"],"inLanguage":"es"},{"@type":"WebPage","@id":"https:\/\/www.eldiario.net\/portal\/2021\/06\/03\/lista-arabe-da-apoyo-a-gobierno-de-coalicion-de-lapid-y-bennet\/","url":"https:\/\/www.eldiario.net\/portal\/2021\/06\/03\/lista-arabe-da-apoyo-a-gobierno-de-coalicion-de-lapid-y-bennet\/","name":"Lista \u00c1rabe da apoyo a gobierno de coalici\u00f3n de Lapid y Bennet - El Diario - Bolivia","isPartOf":{"@id":"https:\/\/www.eldiario.net\/portal\/#website"},"primaryImageOfPage":{"@id":"https:\/\/www.eldiario.net\/portal\/2021\/06\/03\/lista-arabe-da-apoyo-a-gobierno-de-coalicion-de-lapid-y-bennet\/#primaryimage"},"image":{"@id":"https:\/\/www.eldiario.net\/portal\/2021\/06\/03\/lista-arabe-da-apoyo-a-gobierno-de-coalicion-de-lapid-y-bennet\/#primaryimage"},"thumbnailUrl":"https:\/\/www.eldiario.net\/portal\/wp-content\/uploads\/2021\/06\/INTE-Lista-Arabe-da-apoyo-a-gobierno.jpg","datePublished":"2021-06-03T10:17:48+00:00","breadcrumb":{"@id":"https:\/\/www.eldiario.net\/portal\/2021\/06\/03\/lista-arabe-da-apoyo-a-gobierno-de-coalicion-de-lapid-y-bennet\/#breadcrumb"},"inLanguage":"es","potentialAction":[{"@type":"ReadAction","target":["https:\/\/www.eldiario.net\/portal\/2021\/06\/03\/lista-arabe-da-apoyo-a-gobierno-de-coalicion-de-lapid-y-bennet\/"]}]},{"@type":"ImageObject","inLanguage":"es","@id":"https:\/\/www.eldiario.net\/portal\/2021\/06\/03\/lista-arabe-da-apoyo-a-gobierno-de-coalicion-de-lapid-y-bennet\/#primaryimage","url":"https:\/\/www.eldiario.net\/portal\/wp-content\/uploads\/2021\/06\/INTE-Lista-Arabe-da-apoyo-a-gobierno.jpg","contentUrl":"https:\/\/www.eldiario.net\/portal\/wp-content\/uploads\/2021\/06\/INTE-Lista-Arabe-da-apoyo-a-gobierno.jpg","width":1200,"height":800},{"@type":"BreadcrumbList","@id":"https:\/\/www.eldiario.net\/portal\/2021\/06\/03\/lista-arabe-da-apoyo-a-gobierno-de-coalicion-de-lapid-y-bennet\/#breadcrumb","itemListElement":[{"@type":"ListItem","position":1,"name":"Portada","item":"https:\/\/www.eldiario.net\/portal\/"},{"@type":"ListItem","position":2,"name":"Lista \u00c1rabe da apoyo a gobierno de coalici\u00f3n de Lapid y Bennet"}]},{"@type":"WebSite","@id":"https:\/\/www.eldiario.net\/portal\/#website","url":"https:\/\/www.eldiario.net\/portal\/","name":"El Diario - Decano de la prensa nacional","description":"El Diario - Decano de la prensa nacional","publisher":{"@id":"https:\/\/www.eldiario.net\/portal\/#organization"},"potentialAction":[{"@type":"SearchAction","target":{"@type":"EntryPoint","urlTemplate":"https:\/\/www.eldiario.net\/portal\/?s={search_term_string}"},"query-input":{"@type":"PropertyValueSpecification","valueRequired":true,"valueName":"search_term_string"}}],"inLanguage":"es"},{"@type":"Organization","@id":"https:\/\/www.eldiario.net\/portal\/#organization","name":"El Diario - Decano de la prensa nacional","url":"https:\/\/www.eldiario.net\/portal\/","logo":{"@type":"ImageObject","inLanguage":"es","@id":"https:\/\/www.eldiario.net\/portal\/#\/schema\/logo\/image\/","url":"https:\/\/www.eldiario.net\/portal\/wp-content\/uploads\/2023\/07\/logo_ED.jpg","contentUrl":"https:\/\/www.eldiario.net\/portal\/wp-content\/uploads\/2023\/07\/logo_ED.jpg","width":272,"height":52,"caption":"El Diario - Decano de la prensa nacional"},"image":{"@id":"https:\/\/www.eldiario.net\/portal\/#\/schema\/logo\/image\/"},"sameAs":["https:\/\/www.facebook.com\/eldiario.bolivia\/","https:\/\/x.com\/eldiario_net"]},{"@type":"Person","@id":"https:\/\/www.eldiario.net\/portal\/#\/schema\/person\/f46445640444750d7d753ccd04ae01b7","name":"Jeanette","image":{"@type":"ImageObject","inLanguage":"es","@id":"https:\/\/secure.gravatar.com\/avatar\/3ea2118a5f7dad2b7138b1187a6b7ee55f160b9968b66013c3a3ef39dd7e5798?s=96&d=mm&r=g","url":"https:\/\/secure.gravatar.com\/avatar\/3ea2118a5f7dad2b7138b1187a6b7ee55f160b9968b66013c3a3ef39dd7e5798?s=96&d=mm&r=g","contentUrl":"https:\/\/secure.gravatar.com\/avatar\/3ea2118a5f7dad2b7138b1187a6b7ee55f160b9968b66013c3a3ef39dd7e5798?s=96&d=mm&r=g","caption":"Jeanette"},"sameAs":["https:\/\/www.eldiario.net\/portal"],"url":"https:\/\/www.eldiario.net\/portal\/author\/jeanette\/"}]}},"_links":{"self":[{"href":"https:\/\/www.eldiario.net\/portal\/wp-json\/wp\/v2\/posts\/8029","targetHints":{"allow":["GET"]}}],"collection":[{"href":"https:\/\/www.eldiario.net\/portal\/wp-json\/wp\/v2\/posts"}],"about":[{"href":"https:\/\/www.eldiario.net\/portal\/wp-json\/wp\/v2\/types\/post"}],"author":[{"embeddable":true,"href":"https:\/\/www.eldiario.net\/portal\/wp-json\/wp\/v2\/users\/1"}],"replies":[{"embeddable":true,"href":"https:\/\/www.eldiario.net\/portal\/wp-json\/wp\/v2\/comments?post=8029"}],"version-history":[{"count":0,"href":"https:\/\/www.eldiario.net\/portal\/wp-json\/wp\/v2\/posts\/8029\/revisions"}],"wp:featuredmedia":[{"embeddable":true,"href":"https:\/\/www.eldiario.net\/portal\/wp-json\/wp\/v2\/media\/8030"}],"wp:attachment":[{"href":"https:\/\/www.eldiario.net\/portal\/wp-json\/wp\/v2\/media?parent=8029"}],"wp:term":[{"taxonomy":"category","embeddable":true,"href":"https:\/\/www.eldiario.net\/portal\/wp-json\/wp\/v2\/categories?post=8029"},{"taxonomy":"post_tag","embeddable":true,"href":"https:\/\/www.eldiario.net\/portal\/wp-json\/wp\/v2\/tags?post=8029"}],"curies":[{"name":"wp","href":"https:\/\/api.w.org\/{rel}","templated":true}]}}