{"id":8026,"date":"2021-06-03T06:16:34","date_gmt":"2021-06-03T10:16:34","guid":{"rendered":"https:\/\/www.eldiario.net\/portal\/?p=8026"},"modified":"2021-06-03T06:16:34","modified_gmt":"2021-06-03T10:16:34","slug":"aplican-acciones-para-contener-avance-de-covid-19-en-la-paz","status":"publish","type":"post","link":"https:\/\/www.eldiario.net\/portal\/2021\/06\/03\/aplican-acciones-para-contener-avance-de-covid-19-en-la-paz\/","title":{"rendered":"Aplican acciones para contener avance de Covid-19 en La Paz"},"content":{"rendered":"<p>Se implementan diez acciones para contener el avance de la Covid-19, a partir del 7 de mayo en el municipio de La Paz, desde brigadas de autocontrol en choferes y gremiales, para exigir entre sus afiliados medidas de bioseguridad, hasta el trabajo de consultorios m\u00f3viles para la atenci\u00f3n de personas que necesitan atenci\u00f3n en salud en horas de la noche y la madrugada.<\/p>\n<p>\u201cCon las diez medidas que hemos tomado en el municipio de La Paz, que hicimos el primer COEM, estamos logrando, y Dios quiera que as\u00ed sigamos, controlar el crecimiento de la peste y una de esas acciones son los centros de oxigenoterapia\u201d, explic\u00f3 el alcalde Iv\u00e1n Arias.<\/p>\n<p>En mayo, el Comit\u00e9 de Operaciones de Emergencia Municipal (COEM) determin\u00f3 18 medidas para la lucha contra el coronavirus, diez de ellas son espec\u00edficas y son parte de la \u201cRuta de la Vida\u201d, que incluye consultorios m\u00f3viles y 15 centros de oxigenoterapia:<\/p>\n<p>-Brigadas de autocontrol gremial entre sus asociados.<br \/>\n-Brigadas de autocontrol de transportistas entre sus asociados.<br \/>\n-La Ruta de la Vida incluye 15 centros de oxigenoterapia y consultorios m\u00f3viles que funcionan en horario nocturno con pruebas r\u00e1pidas.<br \/>\n-Operativos diarios de la Alcald\u00eda y la Polic\u00eda contra el consumo de bebidas alcoh\u00f3licas.<br \/>\n-Campa\u00f1as de ventilaci\u00f3n y fumigaci\u00f3n de espacios cerrados y abiertos.<br \/>\n-Obligatoriedad de vacunaci\u00f3n de los funcionarios municipales.<br \/>\n-Inicio de vacunaci\u00f3n contra la influenza.<br \/>\n-Monitoreo y emisi\u00f3n diaria de reporte de estad\u00edsticas sobre el estado de la pandemia en el municipio de La Paz.<br \/>\n-Campa\u00f1a de concientizaci\u00f3n masiva entre la poblaci\u00f3n y servicio de orientaci\u00f3n sobre el Covid-19 a trav\u00e9s de la l\u00ednea gratuita 800-13-5556.<br \/>\n-Liderazgo institucional en el combate al Covid-19.<br \/>\n-El alcalde Arias inform\u00f3 que las restricciones que son aplicadas ayudan a mitigar el avance de la tercera ola de la pandemia. \u201cUna de las formas de controlar la peste son los centros de oxigenoterapia, nos hemos reunido con uno de los proveedores de ox\u00edgeno para La Paz y le hemos pedido un diagn\u00f3stico, y nos dijo que como van las cosas podemos estar tranquilos, pero si hay un repunte podemos quedarnos sin reservas\u201d, afirm\u00f3.<\/p>\n<p>&nbsp;<\/p>\n","protected":false},"excerpt":{"rendered":"<p>Se implementan diez acciones para contener el avance de la Covid-19, a partir del 7 de mayo en el municipio de La Paz, desde brigadas de autocontrol en choferes y gremiales, para exigir entre sus afiliados medidas de bioseguridad, hasta el trabajo de consultorios m\u00f3viles para la atenci\u00f3n de personas que necesitan atenci\u00f3n en salud [&hellip;]<\/p>\n","protected":false},"author":1,"featured_media":8027,"comment_status":"closed","ping_status":"closed","sticky":false,"template":"","format":"standard","meta":{"_acf_changed":false,"footnotes":""},"categories":[12],"tags":[],"class_list":["post-8026","post","type-post","status-publish","format-standard","has-post-thumbnail","category-nacional"],"acf":{"antetitulo":""},"yoast_head":"<!-- This site is optimized with the Yoast SEO plugin v28.3 - https:\/\/yoast.com\/product\/yoast-seo-wordpress\/ -->\n<title>Aplican acciones para contener avance de Covid-19 en La Paz - El Diario - Bolivia<\/title>\n<meta name=\"robots\" content=\"index, follow, max-snippet:-1, max-image-preview:large, max-video-preview:-1\" \/>\n<link rel=\"canonical\" href=\"https:\/\/www.eldiario.net\/portal\/2021\/06\/03\/aplican-acciones-para-contener-avance-de-covid-19-en-la-paz\/\" \/>\n<meta property=\"og:locale\" content=\"es_ES\" \/>\n<meta property=\"og:type\" content=\"article\" \/>\n<meta property=\"og:title\" content=\"Aplican acciones para contener avance de Covid-19 en La Paz - El Diario - Bolivia\" \/>\n<meta property=\"og:description\" content=\"Se implementan diez acciones para contener el avance de la Covid-19, a partir del 7 de mayo en el municipio de La Paz, desde brigadas de autocontrol en choferes y gremiales, para exigir entre sus afiliados medidas de bioseguridad, hasta el trabajo de consultorios m\u00f3viles para la atenci\u00f3n de personas que necesitan atenci\u00f3n en salud [&hellip;]\" \/>\n<meta property=\"og:url\" content=\"https:\/\/www.eldiario.net\/portal\/2021\/06\/03\/aplican-acciones-para-contener-avance-de-covid-19-en-la-paz\/\" \/>\n<meta property=\"og:site_name\" content=\"El Diario - Bolivia\" \/>\n<meta property=\"article:publisher\" content=\"https:\/\/www.facebook.com\/eldiario.bolivia\/\" \/>\n<meta property=\"article:published_time\" content=\"2021-06-03T10:16:34+00:00\" \/>\n<meta property=\"og:image\" content=\"https:\/\/www.eldiario.net\/portal\/wp-content\/uploads\/2021\/06\/LA-PAZ-Aplican-acciones-para-contener.jpg\" \/>\n\t<meta property=\"og:image:width\" content=\"916\" \/>\n\t<meta property=\"og:image:height\" content=\"612\" \/>\n\t<meta property=\"og:image:type\" content=\"image\/jpeg\" \/>\n<meta name=\"author\" content=\"Jeanette\" \/>\n<meta name=\"twitter:card\" content=\"summary_large_image\" \/>\n<meta name=\"twitter:creator\" content=\"@eldiario_net\" \/>\n<meta name=\"twitter:site\" content=\"@eldiario_net\" \/>\n<meta name=\"twitter:label1\" content=\"Escrito por\" \/>\n\t<meta name=\"twitter:data1\" content=\"Jeanette\" \/>\n\t<meta name=\"twitter:label2\" content=\"Tiempo de lectura\" \/>\n\t<meta name=\"twitter:data2\" content=\"2 minutos\" \/>\n<script type=\"application\/ld+json\" class=\"yoast-schema-graph\">{\"@context\":\"https:\\\/\\\/schema.org\",\"@graph\":[{\"@type\":\"Article\",\"@id\":\"https:\\\/\\\/www.eldiario.net\\\/portal\\\/2021\\\/06\\\/03\\\/aplican-acciones-para-contener-avance-de-covid-19-en-la-paz\\\/#article\",\"isPartOf\":{\"@id\":\"https:\\\/\\\/www.eldiario.net\\\/portal\\\/2021\\\/06\\\/03\\\/aplican-acciones-para-contener-avance-de-covid-19-en-la-paz\\\/\"},\"author\":{\"name\":\"Jeanette\",\"@id\":\"https:\\\/\\\/www.eldiario.net\\\/portal\\\/#\\\/schema\\\/person\\\/f46445640444750d7d753ccd04ae01b7\"},\"headline\":\"Aplican acciones para contener avance de Covid-19 en La Paz\",\"datePublished\":\"2021-06-03T10:16:34+00:00\",\"mainEntityOfPage\":{\"@id\":\"https:\\\/\\\/www.eldiario.net\\\/portal\\\/2021\\\/06\\\/03\\\/aplican-acciones-para-contener-avance-de-covid-19-en-la-paz\\\/\"},\"wordCount\":382,\"publisher\":{\"@id\":\"https:\\\/\\\/www.eldiario.net\\\/portal\\\/#organization\"},\"image\":{\"@id\":\"https:\\\/\\\/www.eldiario.net\\\/portal\\\/2021\\\/06\\\/03\\\/aplican-acciones-para-contener-avance-de-covid-19-en-la-paz\\\/#primaryimage\"},\"thumbnailUrl\":\"https:\\\/\\\/www.eldiario.net\\\/portal\\\/wp-content\\\/uploads\\\/2021\\\/06\\\/LA-PAZ-Aplican-acciones-para-contener.jpg\",\"articleSection\":[\"Nacional\"],\"inLanguage\":\"es\"},{\"@type\":\"WebPage\",\"@id\":\"https:\\\/\\\/www.eldiario.net\\\/portal\\\/2021\\\/06\\\/03\\\/aplican-acciones-para-contener-avance-de-covid-19-en-la-paz\\\/\",\"url\":\"https:\\\/\\\/www.eldiario.net\\\/portal\\\/2021\\\/06\\\/03\\\/aplican-acciones-para-contener-avance-de-covid-19-en-la-paz\\\/\",\"name\":\"Aplican acciones para contener avance de Covid-19 en La Paz - El Diario - Bolivia\",\"isPartOf\":{\"@id\":\"https:\\\/\\\/www.eldiario.net\\\/portal\\\/#website\"},\"primaryImageOfPage\":{\"@id\":\"https:\\\/\\\/www.eldiario.net\\\/portal\\\/2021\\\/06\\\/03\\\/aplican-acciones-para-contener-avance-de-covid-19-en-la-paz\\\/#primaryimage\"},\"image\":{\"@id\":\"https:\\\/\\\/www.eldiario.net\\\/portal\\\/2021\\\/06\\\/03\\\/aplican-acciones-para-contener-avance-de-covid-19-en-la-paz\\\/#primaryimage\"},\"thumbnailUrl\":\"https:\\\/\\\/www.eldiario.net\\\/portal\\\/wp-content\\\/uploads\\\/2021\\\/06\\\/LA-PAZ-Aplican-acciones-para-contener.jpg\",\"datePublished\":\"2021-06-03T10:16:34+00:00\",\"breadcrumb\":{\"@id\":\"https:\\\/\\\/www.eldiario.net\\\/portal\\\/2021\\\/06\\\/03\\\/aplican-acciones-para-contener-avance-de-covid-19-en-la-paz\\\/#breadcrumb\"},\"inLanguage\":\"es\",\"potentialAction\":[{\"@type\":\"ReadAction\",\"target\":[\"https:\\\/\\\/www.eldiario.net\\\/portal\\\/2021\\\/06\\\/03\\\/aplican-acciones-para-contener-avance-de-covid-19-en-la-paz\\\/\"]}]},{\"@type\":\"ImageObject\",\"inLanguage\":\"es\",\"@id\":\"https:\\\/\\\/www.eldiario.net\\\/portal\\\/2021\\\/06\\\/03\\\/aplican-acciones-para-contener-avance-de-covid-19-en-la-paz\\\/#primaryimage\",\"url\":\"https:\\\/\\\/www.eldiario.net\\\/portal\\\/wp-content\\\/uploads\\\/2021\\\/06\\\/LA-PAZ-Aplican-acciones-para-contener.jpg\",\"contentUrl\":\"https:\\\/\\\/www.eldiario.net\\\/portal\\\/wp-content\\\/uploads\\\/2021\\\/06\\\/LA-PAZ-Aplican-acciones-para-contener.jpg\",\"width\":916,\"height\":612},{\"@type\":\"BreadcrumbList\",\"@id\":\"https:\\\/\\\/www.eldiario.net\\\/portal\\\/2021\\\/06\\\/03\\\/aplican-acciones-para-contener-avance-de-covid-19-en-la-paz\\\/#breadcrumb\",\"itemListElement\":[{\"@type\":\"ListItem\",\"position\":1,\"name\":\"Portada\",\"item\":\"https:\\\/\\\/www.eldiario.net\\\/portal\\\/\"},{\"@type\":\"ListItem\",\"position\":2,\"name\":\"Aplican acciones para contener avance de Covid-19 en La Paz\"}]},{\"@type\":\"WebSite\",\"@id\":\"https:\\\/\\\/www.eldiario.net\\\/portal\\\/#website\",\"url\":\"https:\\\/\\\/www.eldiario.net\\\/portal\\\/\",\"name\":\"El Diario - Decano de la prensa nacional\",\"description\":\"El Diario - Decano de la prensa nacional\",\"publisher\":{\"@id\":\"https:\\\/\\\/www.eldiario.net\\\/portal\\\/#organization\"},\"potentialAction\":[{\"@type\":\"SearchAction\",\"target\":{\"@type\":\"EntryPoint\",\"urlTemplate\":\"https:\\\/\\\/www.eldiario.net\\\/portal\\\/?s={search_term_string}\"},\"query-input\":{\"@type\":\"PropertyValueSpecification\",\"valueRequired\":true,\"valueName\":\"search_term_string\"}}],\"inLanguage\":\"es\"},{\"@type\":\"Organization\",\"@id\":\"https:\\\/\\\/www.eldiario.net\\\/portal\\\/#organization\",\"name\":\"El Diario - Decano de la prensa nacional\",\"url\":\"https:\\\/\\\/www.eldiario.net\\\/portal\\\/\",\"logo\":{\"@type\":\"ImageObject\",\"inLanguage\":\"es\",\"@id\":\"https:\\\/\\\/www.eldiario.net\\\/portal\\\/#\\\/schema\\\/logo\\\/image\\\/\",\"url\":\"https:\\\/\\\/www.eldiario.net\\\/portal\\\/wp-content\\\/uploads\\\/2023\\\/07\\\/logo_ED.jpg\",\"contentUrl\":\"https:\\\/\\\/www.eldiario.net\\\/portal\\\/wp-content\\\/uploads\\\/2023\\\/07\\\/logo_ED.jpg\",\"width\":272,\"height\":52,\"caption\":\"El Diario - Decano de la prensa nacional\"},\"image\":{\"@id\":\"https:\\\/\\\/www.eldiario.net\\\/portal\\\/#\\\/schema\\\/logo\\\/image\\\/\"},\"sameAs\":[\"https:\\\/\\\/www.facebook.com\\\/eldiario.bolivia\\\/\",\"https:\\\/\\\/x.com\\\/eldiario_net\"]},{\"@type\":\"Person\",\"@id\":\"https:\\\/\\\/www.eldiario.net\\\/portal\\\/#\\\/schema\\\/person\\\/f46445640444750d7d753ccd04ae01b7\",\"name\":\"Jeanette\",\"image\":{\"@type\":\"ImageObject\",\"inLanguage\":\"es\",\"@id\":\"https:\\\/\\\/secure.gravatar.com\\\/avatar\\\/3ea2118a5f7dad2b7138b1187a6b7ee55f160b9968b66013c3a3ef39dd7e5798?s=96&d=mm&r=g\",\"url\":\"https:\\\/\\\/secure.gravatar.com\\\/avatar\\\/3ea2118a5f7dad2b7138b1187a6b7ee55f160b9968b66013c3a3ef39dd7e5798?s=96&d=mm&r=g\",\"contentUrl\":\"https:\\\/\\\/secure.gravatar.com\\\/avatar\\\/3ea2118a5f7dad2b7138b1187a6b7ee55f160b9968b66013c3a3ef39dd7e5798?s=96&d=mm&r=g\",\"caption\":\"Jeanette\"},\"sameAs\":[\"https:\\\/\\\/www.eldiario.net\\\/portal\"],\"url\":\"https:\\\/\\\/www.eldiario.net\\\/portal\\\/author\\\/jeanette\\\/\"}]}<\/script>\n<!-- \/ Yoast SEO plugin. -->","yoast_head_json":{"title":"Aplican acciones para contener avance de Covid-19 en La Paz - El Diario - Bolivia","robots":{"index":"index","follow":"follow","max-snippet":"max-snippet:-1","max-image-preview":"max-image-preview:large","max-video-preview":"max-video-preview:-1"},"canonical":"https:\/\/www.eldiario.net\/portal\/2021\/06\/03\/aplican-acciones-para-contener-avance-de-covid-19-en-la-paz\/","og_locale":"es_ES","og_type":"article","og_title":"Aplican acciones para contener avance de Covid-19 en La Paz - El Diario - Bolivia","og_description":"Se implementan diez acciones para contener el avance de la Covid-19, a partir del 7 de mayo en el municipio de La Paz, desde brigadas de autocontrol en choferes y gremiales, para exigir entre sus afiliados medidas de bioseguridad, hasta el trabajo de consultorios m\u00f3viles para la atenci\u00f3n de personas que necesitan atenci\u00f3n en salud [&hellip;]","og_url":"https:\/\/www.eldiario.net\/portal\/2021\/06\/03\/aplican-acciones-para-contener-avance-de-covid-19-en-la-paz\/","og_site_name":"El Diario - Bolivia","article_publisher":"https:\/\/www.facebook.com\/eldiario.bolivia\/","article_published_time":"2021-06-03T10:16:34+00:00","og_image":[{"width":916,"height":612,"url":"https:\/\/www.eldiario.net\/portal\/wp-content\/uploads\/2021\/06\/LA-PAZ-Aplican-acciones-para-contener.jpg","type":"image\/jpeg"}],"author":"Jeanette","twitter_card":"summary_large_image","twitter_creator":"@eldiario_net","twitter_site":"@eldiario_net","twitter_misc":{"Escrito por":"Jeanette","Tiempo de lectura":"2 minutos"},"schema":{"@context":"https:\/\/schema.org","@graph":[{"@type":"Article","@id":"https:\/\/www.eldiario.net\/portal\/2021\/06\/03\/aplican-acciones-para-contener-avance-de-covid-19-en-la-paz\/#article","isPartOf":{"@id":"https:\/\/www.eldiario.net\/portal\/2021\/06\/03\/aplican-acciones-para-contener-avance-de-covid-19-en-la-paz\/"},"author":{"name":"Jeanette","@id":"https:\/\/www.eldiario.net\/portal\/#\/schema\/person\/f46445640444750d7d753ccd04ae01b7"},"headline":"Aplican acciones para contener avance de Covid-19 en La Paz","datePublished":"2021-06-03T10:16:34+00:00","mainEntityOfPage":{"@id":"https:\/\/www.eldiario.net\/portal\/2021\/06\/03\/aplican-acciones-para-contener-avance-de-covid-19-en-la-paz\/"},"wordCount":382,"publisher":{"@id":"https:\/\/www.eldiario.net\/portal\/#organization"},"image":{"@id":"https:\/\/www.eldiario.net\/portal\/2021\/06\/03\/aplican-acciones-para-contener-avance-de-covid-19-en-la-paz\/#primaryimage"},"thumbnailUrl":"https:\/\/www.eldiario.net\/portal\/wp-content\/uploads\/2021\/06\/LA-PAZ-Aplican-acciones-para-contener.jpg","articleSection":["Nacional"],"inLanguage":"es"},{"@type":"WebPage","@id":"https:\/\/www.eldiario.net\/portal\/2021\/06\/03\/aplican-acciones-para-contener-avance-de-covid-19-en-la-paz\/","url":"https:\/\/www.eldiario.net\/portal\/2021\/06\/03\/aplican-acciones-para-contener-avance-de-covid-19-en-la-paz\/","name":"Aplican acciones para contener avance de Covid-19 en La Paz - El Diario - Bolivia","isPartOf":{"@id":"https:\/\/www.eldiario.net\/portal\/#website"},"primaryImageOfPage":{"@id":"https:\/\/www.eldiario.net\/portal\/2021\/06\/03\/aplican-acciones-para-contener-avance-de-covid-19-en-la-paz\/#primaryimage"},"image":{"@id":"https:\/\/www.eldiario.net\/portal\/2021\/06\/03\/aplican-acciones-para-contener-avance-de-covid-19-en-la-paz\/#primaryimage"},"thumbnailUrl":"https:\/\/www.eldiario.net\/portal\/wp-content\/uploads\/2021\/06\/LA-PAZ-Aplican-acciones-para-contener.jpg","datePublished":"2021-06-03T10:16:34+00:00","breadcrumb":{"@id":"https:\/\/www.eldiario.net\/portal\/2021\/06\/03\/aplican-acciones-para-contener-avance-de-covid-19-en-la-paz\/#breadcrumb"},"inLanguage":"es","potentialAction":[{"@type":"ReadAction","target":["https:\/\/www.eldiario.net\/portal\/2021\/06\/03\/aplican-acciones-para-contener-avance-de-covid-19-en-la-paz\/"]}]},{"@type":"ImageObject","inLanguage":"es","@id":"https:\/\/www.eldiario.net\/portal\/2021\/06\/03\/aplican-acciones-para-contener-avance-de-covid-19-en-la-paz\/#primaryimage","url":"https:\/\/www.eldiario.net\/portal\/wp-content\/uploads\/2021\/06\/LA-PAZ-Aplican-acciones-para-contener.jpg","contentUrl":"https:\/\/www.eldiario.net\/portal\/wp-content\/uploads\/2021\/06\/LA-PAZ-Aplican-acciones-para-contener.jpg","width":916,"height":612},{"@type":"BreadcrumbList","@id":"https:\/\/www.eldiario.net\/portal\/2021\/06\/03\/aplican-acciones-para-contener-avance-de-covid-19-en-la-paz\/#breadcrumb","itemListElement":[{"@type":"ListItem","position":1,"name":"Portada","item":"https:\/\/www.eldiario.net\/portal\/"},{"@type":"ListItem","position":2,"name":"Aplican acciones para contener avance de Covid-19 en La Paz"}]},{"@type":"WebSite","@id":"https:\/\/www.eldiario.net\/portal\/#website","url":"https:\/\/www.eldiario.net\/portal\/","name":"El Diario - Decano de la prensa nacional","description":"El Diario - Decano de la prensa nacional","publisher":{"@id":"https:\/\/www.eldiario.net\/portal\/#organization"},"potentialAction":[{"@type":"SearchAction","target":{"@type":"EntryPoint","urlTemplate":"https:\/\/www.eldiario.net\/portal\/?s={search_term_string}"},"query-input":{"@type":"PropertyValueSpecification","valueRequired":true,"valueName":"search_term_string"}}],"inLanguage":"es"},{"@type":"Organization","@id":"https:\/\/www.eldiario.net\/portal\/#organization","name":"El Diario - Decano de la prensa nacional","url":"https:\/\/www.eldiario.net\/portal\/","logo":{"@type":"ImageObject","inLanguage":"es","@id":"https:\/\/www.eldiario.net\/portal\/#\/schema\/logo\/image\/","url":"https:\/\/www.eldiario.net\/portal\/wp-content\/uploads\/2023\/07\/logo_ED.jpg","contentUrl":"https:\/\/www.eldiario.net\/portal\/wp-content\/uploads\/2023\/07\/logo_ED.jpg","width":272,"height":52,"caption":"El Diario - Decano de la prensa nacional"},"image":{"@id":"https:\/\/www.eldiario.net\/portal\/#\/schema\/logo\/image\/"},"sameAs":["https:\/\/www.facebook.com\/eldiario.bolivia\/","https:\/\/x.com\/eldiario_net"]},{"@type":"Person","@id":"https:\/\/www.eldiario.net\/portal\/#\/schema\/person\/f46445640444750d7d753ccd04ae01b7","name":"Jeanette","image":{"@type":"ImageObject","inLanguage":"es","@id":"https:\/\/secure.gravatar.com\/avatar\/3ea2118a5f7dad2b7138b1187a6b7ee55f160b9968b66013c3a3ef39dd7e5798?s=96&d=mm&r=g","url":"https:\/\/secure.gravatar.com\/avatar\/3ea2118a5f7dad2b7138b1187a6b7ee55f160b9968b66013c3a3ef39dd7e5798?s=96&d=mm&r=g","contentUrl":"https:\/\/secure.gravatar.com\/avatar\/3ea2118a5f7dad2b7138b1187a6b7ee55f160b9968b66013c3a3ef39dd7e5798?s=96&d=mm&r=g","caption":"Jeanette"},"sameAs":["https:\/\/www.eldiario.net\/portal"],"url":"https:\/\/www.eldiario.net\/portal\/author\/jeanette\/"}]}},"_links":{"self":[{"href":"https:\/\/www.eldiario.net\/portal\/wp-json\/wp\/v2\/posts\/8026","targetHints":{"allow":["GET"]}}],"collection":[{"href":"https:\/\/www.eldiario.net\/portal\/wp-json\/wp\/v2\/posts"}],"about":[{"href":"https:\/\/www.eldiario.net\/portal\/wp-json\/wp\/v2\/types\/post"}],"author":[{"embeddable":true,"href":"https:\/\/www.eldiario.net\/portal\/wp-json\/wp\/v2\/users\/1"}],"replies":[{"embeddable":true,"href":"https:\/\/www.eldiario.net\/portal\/wp-json\/wp\/v2\/comments?post=8026"}],"version-history":[{"count":0,"href":"https:\/\/www.eldiario.net\/portal\/wp-json\/wp\/v2\/posts\/8026\/revisions"}],"wp:featuredmedia":[{"embeddable":true,"href":"https:\/\/www.eldiario.net\/portal\/wp-json\/wp\/v2\/media\/8027"}],"wp:attachment":[{"href":"https:\/\/www.eldiario.net\/portal\/wp-json\/wp\/v2\/media?parent=8026"}],"wp:term":[{"taxonomy":"category","embeddable":true,"href":"https:\/\/www.eldiario.net\/portal\/wp-json\/wp\/v2\/categories?post=8026"},{"taxonomy":"post_tag","embeddable":true,"href":"https:\/\/www.eldiario.net\/portal\/wp-json\/wp\/v2\/tags?post=8026"}],"curies":[{"name":"wp","href":"https:\/\/api.w.org\/{rel}","templated":true}]}}