{"id":8017,"date":"2021-06-03T06:13:30","date_gmt":"2021-06-03T10:13:30","guid":{"rendered":"https:\/\/www.eldiario.net\/portal\/?p=8017"},"modified":"2021-06-03T06:13:30","modified_gmt":"2021-06-03T10:13:30","slug":"aprehenden-a-exabogado-del-ministerio-de-salud","status":"publish","type":"post","link":"https:\/\/www.eldiario.net\/portal\/2021\/06\/03\/aprehenden-a-exabogado-del-ministerio-de-salud\/","title":{"rendered":"Aprehenden a exabogado  del Ministerio de Salud"},"content":{"rendered":"<p>El exabogado del Ministerio de Salud Jorge S. fue aprehendido este mi\u00e9rcoles por estar presuntamente involucrado en la compra irregular de respiradores chinos, durante la primera ola de la Covid-19, inform\u00f3 el fiscal Marco Villa.<\/p>\n<p>La autoridad del Ministerio P\u00fablico precis\u00f3 que el jurista est\u00e1 investigado por los presuntos delitos de incumplimiento de deberes, contratos lesivos al Estado y conducta antiecon\u00f3mica.<\/p>\n<p>\u201cHemos encontrado indicios de la participaci\u00f3n de esta persona. Es un abogado que fung\u00eda en el anterior gobierno, como parte de la direcci\u00f3n jur\u00eddica del Ministerio de Salud y como elemento primigenio hemos podido establecer la evacuaci\u00f3n de informes con los que esta persona se habr\u00eda suscrito (\u2026). Se tiene su participaci\u00f3n subsumida en los delitos de incumplimiento de deberes, contratos lesivos al Estado y conducta antiecon\u00f3mica\u201d, dijo Villa a Unitel.<\/p>\n<p>De acuerdo con una publicaci\u00f3n de la ANF, en marzo de 2021, el Ministerio de Salud, en la gesti\u00f3n de Jeanine A\u00f1ez, adquiri\u00f3 324 respiradores chinos a pesar de 40 observaciones t\u00e9cnicas detectadas, mismas que supuestamente fueron subsanadas de manera \u201cirregular\u201d y con el compromiso de una compensaci\u00f3n de otros 20 equipos, accesorios y otros beneficios.<\/p>\n<p>\u201cSe realiza la revisi\u00f3n de las caracter\u00edsticas t\u00e9cnicas de los equipos presentados por la empresa, suscribi\u00e9ndose el acta entre los miembros de la Comisi\u00f3n de Recepci\u00f3n del Ministerio de Salud y los representantes de la Empresa en cuesti\u00f3n, en la que se establece que el equipo no cumple con 40 puntos de las caracter\u00edsticas t\u00e9cnicas cursantes en las especificaciones t\u00e9cnicas solicitadas por la entidad y en la propuesta de la empresa\u201d, refiere parte de la resoluci\u00f3n de imputaci\u00f3n contra la exministra de Salud, Eidy Roca, a la que tuvo acceso la ANF.<\/p>\n<p>Las observaciones se detectaron el 23 de mayo de 2020, 12 d\u00edas despu\u00e9s de haber recibido un primer lote de 67 respiradores que habr\u00edan sido entregadas sin una revisi\u00f3n previa.<\/p>\n<p>Para subsanar este aspecto, la empresa grupo Agem\u2013Ing. y Proyectos S.A.U. sucursal Bolivia propuso al Ministerio de Salud \u201ccambios en las condiciones contractuales de las especificaciones t\u00e9cnicas\u201d, el tema financiero y un nuevo cronograma de entrega, lo que presuntamente fue aceptado por el Gobierno, y para dicho efecto, se firm\u00f3 una enmienda el 9 de junio de ese a\u00f1o.<\/p>\n<p>\u201cIrregularmente se firm\u00f3 una enmienda para una ingenier\u00eda de valor que pretende reformular toda la especificaci\u00f3n t\u00e9cnica, precios unitarios y plazos en el cronograma de entrega, lo que en la pr\u00e1ctica representa un contrato absolutamente nuevo\u201d, se\u00f1ala la imputaci\u00f3n.<\/p>\n<p>El Ministerio de Salud dio curso a la firma considerando que no hab\u00eda faltas legales y que las observaciones t\u00e9cnicas supuestamente se redujeron a 12, algunas subsanables y otras no.<\/p>\n<p>\u201cCon esta enmienda se modificaron las especificaciones t\u00e9cnicas, los precios unitarios y los plazos de entrega, incrementando adem\u00e1s 20 ventiladores en compensaci\u00f3n, siendo la nueva cantidad de ventiladores de 344, donde adem\u00e1s la empresa se compromete a dar otros accesorios y beneficios para compensar las observaciones realizadas\u201d, menciona el documento.<\/p>\n<p>Por este caso, el pasado 19 de abril, la exministra de Salud Eidy Roca fue enviada con detenci\u00f3n domiciliaria, una fianza de Bs 70 mil y arraigo.<\/p>\n<p>La exministra de Salud fue imputada por los delitos de contratos lesivos al Estado, conducta antiecon\u00f3mica e incumplimiento de deberes.<\/p>\n","protected":false},"excerpt":{"rendered":"<p>El exabogado del Ministerio de Salud Jorge S. fue aprehendido este mi\u00e9rcoles por estar presuntamente involucrado en la compra irregular de respiradores chinos, durante la primera ola de la Covid-19, inform\u00f3 el fiscal Marco Villa. La autoridad del Ministerio P\u00fablico precis\u00f3 que el jurista est\u00e1 investigado por los presuntos delitos de incumplimiento de deberes, contratos [&hellip;]<\/p>\n","protected":false},"author":1,"featured_media":8018,"comment_status":"closed","ping_status":"closed","sticky":false,"template":"","format":"standard","meta":{"_acf_changed":false,"footnotes":""},"categories":[39],"tags":[],"class_list":["post-8017","post","type-post","status-publish","format-standard","has-post-thumbnail","category-sociedad"],"acf":{"antetitulo":""},"yoast_head":"<!-- This site is optimized with the Yoast SEO plugin v28.3 - https:\/\/yoast.com\/product\/yoast-seo-wordpress\/ -->\n<title>Aprehenden a exabogado del Ministerio de Salud - El Diario - Bolivia<\/title>\n<meta name=\"robots\" content=\"index, follow, max-snippet:-1, max-image-preview:large, max-video-preview:-1\" \/>\n<link rel=\"canonical\" href=\"https:\/\/www.eldiario.net\/portal\/2021\/06\/03\/aprehenden-a-exabogado-del-ministerio-de-salud\/\" \/>\n<meta property=\"og:locale\" content=\"es_ES\" \/>\n<meta property=\"og:type\" content=\"article\" \/>\n<meta property=\"og:title\" content=\"Aprehenden a exabogado del Ministerio de Salud - El Diario - Bolivia\" \/>\n<meta property=\"og:description\" content=\"El exabogado del Ministerio de Salud Jorge S. fue aprehendido este mi\u00e9rcoles por estar presuntamente involucrado en la compra irregular de respiradores chinos, durante la primera ola de la Covid-19, inform\u00f3 el fiscal Marco Villa. La autoridad del Ministerio P\u00fablico precis\u00f3 que el jurista est\u00e1 investigado por los presuntos delitos de incumplimiento de deberes, contratos [&hellip;]\" \/>\n<meta property=\"og:url\" content=\"https:\/\/www.eldiario.net\/portal\/2021\/06\/03\/aprehenden-a-exabogado-del-ministerio-de-salud\/\" \/>\n<meta property=\"og:site_name\" content=\"El Diario - Bolivia\" \/>\n<meta property=\"article:publisher\" content=\"https:\/\/www.facebook.com\/eldiario.bolivia\/\" \/>\n<meta property=\"article:published_time\" content=\"2021-06-03T10:13:30+00:00\" \/>\n<meta name=\"author\" content=\"Jeanette\" \/>\n<meta name=\"twitter:card\" content=\"summary_large_image\" \/>\n<meta name=\"twitter:creator\" content=\"@eldiario_net\" \/>\n<meta name=\"twitter:site\" content=\"@eldiario_net\" \/>\n<meta name=\"twitter:label1\" content=\"Escrito por\" \/>\n\t<meta name=\"twitter:data1\" content=\"Jeanette\" \/>\n\t<meta name=\"twitter:label2\" content=\"Tiempo de lectura\" \/>\n\t<meta name=\"twitter:data2\" content=\"3 minutos\" \/>\n<script type=\"application\/ld+json\" class=\"yoast-schema-graph\">{\"@context\":\"https:\\\/\\\/schema.org\",\"@graph\":[{\"@type\":\"Article\",\"@id\":\"https:\\\/\\\/www.eldiario.net\\\/portal\\\/2021\\\/06\\\/03\\\/aprehenden-a-exabogado-del-ministerio-de-salud\\\/#article\",\"isPartOf\":{\"@id\":\"https:\\\/\\\/www.eldiario.net\\\/portal\\\/2021\\\/06\\\/03\\\/aprehenden-a-exabogado-del-ministerio-de-salud\\\/\"},\"author\":{\"name\":\"Jeanette\",\"@id\":\"https:\\\/\\\/www.eldiario.net\\\/portal\\\/#\\\/schema\\\/person\\\/f46445640444750d7d753ccd04ae01b7\"},\"headline\":\"Aprehenden a exabogado del Ministerio de Salud\",\"datePublished\":\"2021-06-03T10:13:30+00:00\",\"mainEntityOfPage\":{\"@id\":\"https:\\\/\\\/www.eldiario.net\\\/portal\\\/2021\\\/06\\\/03\\\/aprehenden-a-exabogado-del-ministerio-de-salud\\\/\"},\"wordCount\":577,\"publisher\":{\"@id\":\"https:\\\/\\\/www.eldiario.net\\\/portal\\\/#organization\"},\"image\":{\"@id\":\"https:\\\/\\\/www.eldiario.net\\\/portal\\\/2021\\\/06\\\/03\\\/aprehenden-a-exabogado-del-ministerio-de-salud\\\/#primaryimage\"},\"thumbnailUrl\":\"\",\"articleSection\":[\"Sociedad - Seguridad\"],\"inLanguage\":\"es\"},{\"@type\":\"WebPage\",\"@id\":\"https:\\\/\\\/www.eldiario.net\\\/portal\\\/2021\\\/06\\\/03\\\/aprehenden-a-exabogado-del-ministerio-de-salud\\\/\",\"url\":\"https:\\\/\\\/www.eldiario.net\\\/portal\\\/2021\\\/06\\\/03\\\/aprehenden-a-exabogado-del-ministerio-de-salud\\\/\",\"name\":\"Aprehenden a exabogado del Ministerio de Salud - El Diario - Bolivia\",\"isPartOf\":{\"@id\":\"https:\\\/\\\/www.eldiario.net\\\/portal\\\/#website\"},\"primaryImageOfPage\":{\"@id\":\"https:\\\/\\\/www.eldiario.net\\\/portal\\\/2021\\\/06\\\/03\\\/aprehenden-a-exabogado-del-ministerio-de-salud\\\/#primaryimage\"},\"image\":{\"@id\":\"https:\\\/\\\/www.eldiario.net\\\/portal\\\/2021\\\/06\\\/03\\\/aprehenden-a-exabogado-del-ministerio-de-salud\\\/#primaryimage\"},\"thumbnailUrl\":\"\",\"datePublished\":\"2021-06-03T10:13:30+00:00\",\"breadcrumb\":{\"@id\":\"https:\\\/\\\/www.eldiario.net\\\/portal\\\/2021\\\/06\\\/03\\\/aprehenden-a-exabogado-del-ministerio-de-salud\\\/#breadcrumb\"},\"inLanguage\":\"es\",\"potentialAction\":[{\"@type\":\"ReadAction\",\"target\":[\"https:\\\/\\\/www.eldiario.net\\\/portal\\\/2021\\\/06\\\/03\\\/aprehenden-a-exabogado-del-ministerio-de-salud\\\/\"]}]},{\"@type\":\"ImageObject\",\"inLanguage\":\"es\",\"@id\":\"https:\\\/\\\/www.eldiario.net\\\/portal\\\/2021\\\/06\\\/03\\\/aprehenden-a-exabogado-del-ministerio-de-salud\\\/#primaryimage\",\"url\":\"\",\"contentUrl\":\"\"},{\"@type\":\"BreadcrumbList\",\"@id\":\"https:\\\/\\\/www.eldiario.net\\\/portal\\\/2021\\\/06\\\/03\\\/aprehenden-a-exabogado-del-ministerio-de-salud\\\/#breadcrumb\",\"itemListElement\":[{\"@type\":\"ListItem\",\"position\":1,\"name\":\"Portada\",\"item\":\"https:\\\/\\\/www.eldiario.net\\\/portal\\\/\"},{\"@type\":\"ListItem\",\"position\":2,\"name\":\"Aprehenden a exabogado del Ministerio de Salud\"}]},{\"@type\":\"WebSite\",\"@id\":\"https:\\\/\\\/www.eldiario.net\\\/portal\\\/#website\",\"url\":\"https:\\\/\\\/www.eldiario.net\\\/portal\\\/\",\"name\":\"El Diario - Decano de la prensa nacional\",\"description\":\"El Diario - Decano de la prensa nacional\",\"publisher\":{\"@id\":\"https:\\\/\\\/www.eldiario.net\\\/portal\\\/#organization\"},\"potentialAction\":[{\"@type\":\"SearchAction\",\"target\":{\"@type\":\"EntryPoint\",\"urlTemplate\":\"https:\\\/\\\/www.eldiario.net\\\/portal\\\/?s={search_term_string}\"},\"query-input\":{\"@type\":\"PropertyValueSpecification\",\"valueRequired\":true,\"valueName\":\"search_term_string\"}}],\"inLanguage\":\"es\"},{\"@type\":\"Organization\",\"@id\":\"https:\\\/\\\/www.eldiario.net\\\/portal\\\/#organization\",\"name\":\"El Diario - Decano de la prensa nacional\",\"url\":\"https:\\\/\\\/www.eldiario.net\\\/portal\\\/\",\"logo\":{\"@type\":\"ImageObject\",\"inLanguage\":\"es\",\"@id\":\"https:\\\/\\\/www.eldiario.net\\\/portal\\\/#\\\/schema\\\/logo\\\/image\\\/\",\"url\":\"https:\\\/\\\/www.eldiario.net\\\/portal\\\/wp-content\\\/uploads\\\/2023\\\/07\\\/logo_ED.jpg\",\"contentUrl\":\"https:\\\/\\\/www.eldiario.net\\\/portal\\\/wp-content\\\/uploads\\\/2023\\\/07\\\/logo_ED.jpg\",\"width\":272,\"height\":52,\"caption\":\"El Diario - Decano de la prensa nacional\"},\"image\":{\"@id\":\"https:\\\/\\\/www.eldiario.net\\\/portal\\\/#\\\/schema\\\/logo\\\/image\\\/\"},\"sameAs\":[\"https:\\\/\\\/www.facebook.com\\\/eldiario.bolivia\\\/\",\"https:\\\/\\\/x.com\\\/eldiario_net\"]},{\"@type\":\"Person\",\"@id\":\"https:\\\/\\\/www.eldiario.net\\\/portal\\\/#\\\/schema\\\/person\\\/f46445640444750d7d753ccd04ae01b7\",\"name\":\"Jeanette\",\"image\":{\"@type\":\"ImageObject\",\"inLanguage\":\"es\",\"@id\":\"https:\\\/\\\/secure.gravatar.com\\\/avatar\\\/3ea2118a5f7dad2b7138b1187a6b7ee55f160b9968b66013c3a3ef39dd7e5798?s=96&d=mm&r=g\",\"url\":\"https:\\\/\\\/secure.gravatar.com\\\/avatar\\\/3ea2118a5f7dad2b7138b1187a6b7ee55f160b9968b66013c3a3ef39dd7e5798?s=96&d=mm&r=g\",\"contentUrl\":\"https:\\\/\\\/secure.gravatar.com\\\/avatar\\\/3ea2118a5f7dad2b7138b1187a6b7ee55f160b9968b66013c3a3ef39dd7e5798?s=96&d=mm&r=g\",\"caption\":\"Jeanette\"},\"sameAs\":[\"https:\\\/\\\/www.eldiario.net\\\/portal\"],\"url\":\"https:\\\/\\\/www.eldiario.net\\\/portal\\\/author\\\/jeanette\\\/\"}]}<\/script>\n<!-- \/ Yoast SEO plugin. -->","yoast_head_json":{"title":"Aprehenden a exabogado del Ministerio de Salud - El Diario - Bolivia","robots":{"index":"index","follow":"follow","max-snippet":"max-snippet:-1","max-image-preview":"max-image-preview:large","max-video-preview":"max-video-preview:-1"},"canonical":"https:\/\/www.eldiario.net\/portal\/2021\/06\/03\/aprehenden-a-exabogado-del-ministerio-de-salud\/","og_locale":"es_ES","og_type":"article","og_title":"Aprehenden a exabogado del Ministerio de Salud - El Diario - Bolivia","og_description":"El exabogado del Ministerio de Salud Jorge S. fue aprehendido este mi\u00e9rcoles por estar presuntamente involucrado en la compra irregular de respiradores chinos, durante la primera ola de la Covid-19, inform\u00f3 el fiscal Marco Villa. La autoridad del Ministerio P\u00fablico precis\u00f3 que el jurista est\u00e1 investigado por los presuntos delitos de incumplimiento de deberes, contratos [&hellip;]","og_url":"https:\/\/www.eldiario.net\/portal\/2021\/06\/03\/aprehenden-a-exabogado-del-ministerio-de-salud\/","og_site_name":"El Diario - Bolivia","article_publisher":"https:\/\/www.facebook.com\/eldiario.bolivia\/","article_published_time":"2021-06-03T10:13:30+00:00","author":"Jeanette","twitter_card":"summary_large_image","twitter_creator":"@eldiario_net","twitter_site":"@eldiario_net","twitter_misc":{"Escrito por":"Jeanette","Tiempo de lectura":"3 minutos"},"schema":{"@context":"https:\/\/schema.org","@graph":[{"@type":"Article","@id":"https:\/\/www.eldiario.net\/portal\/2021\/06\/03\/aprehenden-a-exabogado-del-ministerio-de-salud\/#article","isPartOf":{"@id":"https:\/\/www.eldiario.net\/portal\/2021\/06\/03\/aprehenden-a-exabogado-del-ministerio-de-salud\/"},"author":{"name":"Jeanette","@id":"https:\/\/www.eldiario.net\/portal\/#\/schema\/person\/f46445640444750d7d753ccd04ae01b7"},"headline":"Aprehenden a exabogado del Ministerio de Salud","datePublished":"2021-06-03T10:13:30+00:00","mainEntityOfPage":{"@id":"https:\/\/www.eldiario.net\/portal\/2021\/06\/03\/aprehenden-a-exabogado-del-ministerio-de-salud\/"},"wordCount":577,"publisher":{"@id":"https:\/\/www.eldiario.net\/portal\/#organization"},"image":{"@id":"https:\/\/www.eldiario.net\/portal\/2021\/06\/03\/aprehenden-a-exabogado-del-ministerio-de-salud\/#primaryimage"},"thumbnailUrl":"","articleSection":["Sociedad - Seguridad"],"inLanguage":"es"},{"@type":"WebPage","@id":"https:\/\/www.eldiario.net\/portal\/2021\/06\/03\/aprehenden-a-exabogado-del-ministerio-de-salud\/","url":"https:\/\/www.eldiario.net\/portal\/2021\/06\/03\/aprehenden-a-exabogado-del-ministerio-de-salud\/","name":"Aprehenden a exabogado del Ministerio de Salud - El Diario - Bolivia","isPartOf":{"@id":"https:\/\/www.eldiario.net\/portal\/#website"},"primaryImageOfPage":{"@id":"https:\/\/www.eldiario.net\/portal\/2021\/06\/03\/aprehenden-a-exabogado-del-ministerio-de-salud\/#primaryimage"},"image":{"@id":"https:\/\/www.eldiario.net\/portal\/2021\/06\/03\/aprehenden-a-exabogado-del-ministerio-de-salud\/#primaryimage"},"thumbnailUrl":"","datePublished":"2021-06-03T10:13:30+00:00","breadcrumb":{"@id":"https:\/\/www.eldiario.net\/portal\/2021\/06\/03\/aprehenden-a-exabogado-del-ministerio-de-salud\/#breadcrumb"},"inLanguage":"es","potentialAction":[{"@type":"ReadAction","target":["https:\/\/www.eldiario.net\/portal\/2021\/06\/03\/aprehenden-a-exabogado-del-ministerio-de-salud\/"]}]},{"@type":"ImageObject","inLanguage":"es","@id":"https:\/\/www.eldiario.net\/portal\/2021\/06\/03\/aprehenden-a-exabogado-del-ministerio-de-salud\/#primaryimage","url":"","contentUrl":""},{"@type":"BreadcrumbList","@id":"https:\/\/www.eldiario.net\/portal\/2021\/06\/03\/aprehenden-a-exabogado-del-ministerio-de-salud\/#breadcrumb","itemListElement":[{"@type":"ListItem","position":1,"name":"Portada","item":"https:\/\/www.eldiario.net\/portal\/"},{"@type":"ListItem","position":2,"name":"Aprehenden a exabogado del Ministerio de Salud"}]},{"@type":"WebSite","@id":"https:\/\/www.eldiario.net\/portal\/#website","url":"https:\/\/www.eldiario.net\/portal\/","name":"El Diario - Decano de la prensa nacional","description":"El Diario - Decano de la prensa nacional","publisher":{"@id":"https:\/\/www.eldiario.net\/portal\/#organization"},"potentialAction":[{"@type":"SearchAction","target":{"@type":"EntryPoint","urlTemplate":"https:\/\/www.eldiario.net\/portal\/?s={search_term_string}"},"query-input":{"@type":"PropertyValueSpecification","valueRequired":true,"valueName":"search_term_string"}}],"inLanguage":"es"},{"@type":"Organization","@id":"https:\/\/www.eldiario.net\/portal\/#organization","name":"El Diario - Decano de la prensa nacional","url":"https:\/\/www.eldiario.net\/portal\/","logo":{"@type":"ImageObject","inLanguage":"es","@id":"https:\/\/www.eldiario.net\/portal\/#\/schema\/logo\/image\/","url":"https:\/\/www.eldiario.net\/portal\/wp-content\/uploads\/2023\/07\/logo_ED.jpg","contentUrl":"https:\/\/www.eldiario.net\/portal\/wp-content\/uploads\/2023\/07\/logo_ED.jpg","width":272,"height":52,"caption":"El Diario - Decano de la prensa nacional"},"image":{"@id":"https:\/\/www.eldiario.net\/portal\/#\/schema\/logo\/image\/"},"sameAs":["https:\/\/www.facebook.com\/eldiario.bolivia\/","https:\/\/x.com\/eldiario_net"]},{"@type":"Person","@id":"https:\/\/www.eldiario.net\/portal\/#\/schema\/person\/f46445640444750d7d753ccd04ae01b7","name":"Jeanette","image":{"@type":"ImageObject","inLanguage":"es","@id":"https:\/\/secure.gravatar.com\/avatar\/3ea2118a5f7dad2b7138b1187a6b7ee55f160b9968b66013c3a3ef39dd7e5798?s=96&d=mm&r=g","url":"https:\/\/secure.gravatar.com\/avatar\/3ea2118a5f7dad2b7138b1187a6b7ee55f160b9968b66013c3a3ef39dd7e5798?s=96&d=mm&r=g","contentUrl":"https:\/\/secure.gravatar.com\/avatar\/3ea2118a5f7dad2b7138b1187a6b7ee55f160b9968b66013c3a3ef39dd7e5798?s=96&d=mm&r=g","caption":"Jeanette"},"sameAs":["https:\/\/www.eldiario.net\/portal"],"url":"https:\/\/www.eldiario.net\/portal\/author\/jeanette\/"}]}},"_links":{"self":[{"href":"https:\/\/www.eldiario.net\/portal\/wp-json\/wp\/v2\/posts\/8017","targetHints":{"allow":["GET"]}}],"collection":[{"href":"https:\/\/www.eldiario.net\/portal\/wp-json\/wp\/v2\/posts"}],"about":[{"href":"https:\/\/www.eldiario.net\/portal\/wp-json\/wp\/v2\/types\/post"}],"author":[{"embeddable":true,"href":"https:\/\/www.eldiario.net\/portal\/wp-json\/wp\/v2\/users\/1"}],"replies":[{"embeddable":true,"href":"https:\/\/www.eldiario.net\/portal\/wp-json\/wp\/v2\/comments?post=8017"}],"version-history":[{"count":0,"href":"https:\/\/www.eldiario.net\/portal\/wp-json\/wp\/v2\/posts\/8017\/revisions"}],"wp:attachment":[{"href":"https:\/\/www.eldiario.net\/portal\/wp-json\/wp\/v2\/media?parent=8017"}],"wp:term":[{"taxonomy":"category","embeddable":true,"href":"https:\/\/www.eldiario.net\/portal\/wp-json\/wp\/v2\/categories?post=8017"},{"taxonomy":"post_tag","embeddable":true,"href":"https:\/\/www.eldiario.net\/portal\/wp-json\/wp\/v2\/tags?post=8017"}],"curies":[{"name":"wp","href":"https:\/\/api.w.org\/{rel}","templated":true}]}}