{"id":8011,"date":"2021-06-03T06:11:26","date_gmt":"2021-06-03T10:11:26","guid":{"rendered":"https:\/\/www.eldiario.net\/portal\/?p=8011"},"modified":"2021-06-03T06:11:26","modified_gmt":"2021-06-03T10:11:26","slug":"unicef-y-alcaldia-pacena-se-unen-para-luchar-contra-la-violencia","status":"publish","type":"post","link":"https:\/\/www.eldiario.net\/portal\/2021\/06\/03\/unicef-y-alcaldia-pacena-se-unen-para-luchar-contra-la-violencia\/","title":{"rendered":"Unicef y Alcald\u00eda pace\u00f1a se unen  para luchar contra la violencia"},"content":{"rendered":"<p>La jornada del martes, Unicef y el Gobierno Aut\u00f3nomo Municipal de La Paz suscribieron un acuerdo para articular las l\u00edneas de atenci\u00f3n gratuita Familia Segura 800 11 3040, y la L\u00ednea Segura 156 de la Defensor\u00eda Municipal, cuyo objetivo es la lucha contra la violencia.<\/p>\n<p>El representante de Unicef en Bolivia, Rafael Ram\u00edrez, apunt\u00f3 que la articulaci\u00f3n de ambas l\u00edneas tiene el fin de lograr un mejor servicio, sin que ello signifique duplicar esfuerzos.<\/p>\n<p>A su turno, el alcalde de La Paz, Iv\u00e1n Arias, dijo que la alianza con Unicef busca llegar a la poblaci\u00f3n que requiere apoyo, principalmente emocional debido a los efectos que deja la Covid-19.<\/p>\n<p>\u201cLa gente, cuando est\u00e1 desconsolada, est\u00e1 sola, est\u00e1 a punto de tomar medidas extremas, que van desde la violencia y desfogarse en la familia o hacerse da\u00f1o personalmente a veces hasta el suicidio; ahora debe saber que hay una l\u00ednea a la cual puede llamar, sepa que hay un espacio donde profesionales le est\u00e1n esperando\u201d, dijo Arias.<\/p>\n<p>La l\u00ednea gratuita de asistencia psicol\u00f3gica Familia Segura naci\u00f3 en abril de 2020, ante la necesidad de brindar primeros auxilios psicol\u00f3gicos y emocionales durante la cuarentena declarada para evitar la propagaci\u00f3n de la Covid-19.<\/p>\n<p>&nbsp;<\/p>\n","protected":false},"excerpt":{"rendered":"<p>La jornada del martes, Unicef y el Gobierno Aut\u00f3nomo Municipal de La Paz suscribieron un acuerdo para articular las l\u00edneas de atenci\u00f3n gratuita Familia Segura 800 11 3040, y la L\u00ednea Segura 156 de la Defensor\u00eda Municipal, cuyo objetivo es la lucha contra la violencia. El representante de Unicef en Bolivia, Rafael Ram\u00edrez, apunt\u00f3 que [&hellip;]<\/p>\n","protected":false},"author":1,"featured_media":8012,"comment_status":"closed","ping_status":"closed","sticky":false,"template":"","format":"standard","meta":{"_acf_changed":false,"footnotes":""},"categories":[39],"tags":[],"class_list":["post-8011","post","type-post","status-publish","format-standard","has-post-thumbnail","category-sociedad"],"acf":{"antetitulo":""},"yoast_head":"<!-- This site is optimized with the Yoast SEO plugin v28.3 - https:\/\/yoast.com\/product\/yoast-seo-wordpress\/ -->\n<title>Unicef y Alcald\u00eda pace\u00f1a se unen para luchar contra la violencia - El Diario - Bolivia<\/title>\n<meta name=\"robots\" content=\"index, follow, max-snippet:-1, max-image-preview:large, max-video-preview:-1\" \/>\n<link rel=\"canonical\" href=\"https:\/\/www.eldiario.net\/portal\/2021\/06\/03\/unicef-y-alcaldia-pacena-se-unen-para-luchar-contra-la-violencia\/\" \/>\n<meta property=\"og:locale\" content=\"es_ES\" \/>\n<meta property=\"og:type\" content=\"article\" \/>\n<meta property=\"og:title\" content=\"Unicef y Alcald\u00eda pace\u00f1a se unen para luchar contra la violencia - El Diario - Bolivia\" \/>\n<meta property=\"og:description\" content=\"La jornada del martes, Unicef y el Gobierno Aut\u00f3nomo Municipal de La Paz suscribieron un acuerdo para articular las l\u00edneas de atenci\u00f3n gratuita Familia Segura 800 11 3040, y la L\u00ednea Segura 156 de la Defensor\u00eda Municipal, cuyo objetivo es la lucha contra la violencia. El representante de Unicef en Bolivia, Rafael Ram\u00edrez, apunt\u00f3 que [&hellip;]\" \/>\n<meta property=\"og:url\" content=\"https:\/\/www.eldiario.net\/portal\/2021\/06\/03\/unicef-y-alcaldia-pacena-se-unen-para-luchar-contra-la-violencia\/\" \/>\n<meta property=\"og:site_name\" content=\"El Diario - Bolivia\" \/>\n<meta property=\"article:publisher\" content=\"https:\/\/www.facebook.com\/eldiario.bolivia\/\" \/>\n<meta property=\"article:published_time\" content=\"2021-06-03T10:11:26+00:00\" \/>\n<meta property=\"og:image\" content=\"https:\/\/www.eldiario.net\/portal\/wp-content\/uploads\/2021\/06\/SEGU-Unicef-y-Alcaldia-pacena-se-unen.jpg\" \/>\n\t<meta property=\"og:image:width\" content=\"539\" \/>\n\t<meta property=\"og:image:height\" content=\"386\" \/>\n\t<meta property=\"og:image:type\" content=\"image\/jpeg\" \/>\n<meta name=\"author\" content=\"Jeanette\" \/>\n<meta name=\"twitter:card\" content=\"summary_large_image\" \/>\n<meta name=\"twitter:creator\" content=\"@eldiario_net\" \/>\n<meta name=\"twitter:site\" content=\"@eldiario_net\" \/>\n<meta name=\"twitter:label1\" content=\"Escrito por\" \/>\n\t<meta name=\"twitter:data1\" content=\"Jeanette\" \/>\n\t<meta name=\"twitter:label2\" content=\"Tiempo de lectura\" \/>\n\t<meta name=\"twitter:data2\" content=\"1 minuto\" \/>\n<script type=\"application\/ld+json\" class=\"yoast-schema-graph\">{\"@context\":\"https:\\\/\\\/schema.org\",\"@graph\":[{\"@type\":\"Article\",\"@id\":\"https:\\\/\\\/www.eldiario.net\\\/portal\\\/2021\\\/06\\\/03\\\/unicef-y-alcaldia-pacena-se-unen-para-luchar-contra-la-violencia\\\/#article\",\"isPartOf\":{\"@id\":\"https:\\\/\\\/www.eldiario.net\\\/portal\\\/2021\\\/06\\\/03\\\/unicef-y-alcaldia-pacena-se-unen-para-luchar-contra-la-violencia\\\/\"},\"author\":{\"name\":\"Jeanette\",\"@id\":\"https:\\\/\\\/www.eldiario.net\\\/portal\\\/#\\\/schema\\\/person\\\/f46445640444750d7d753ccd04ae01b7\"},\"headline\":\"Unicef y Alcald\u00eda pace\u00f1a se unen para luchar contra la violencia\",\"datePublished\":\"2021-06-03T10:11:26+00:00\",\"mainEntityOfPage\":{\"@id\":\"https:\\\/\\\/www.eldiario.net\\\/portal\\\/2021\\\/06\\\/03\\\/unicef-y-alcaldia-pacena-se-unen-para-luchar-contra-la-violencia\\\/\"},\"wordCount\":225,\"publisher\":{\"@id\":\"https:\\\/\\\/www.eldiario.net\\\/portal\\\/#organization\"},\"image\":{\"@id\":\"https:\\\/\\\/www.eldiario.net\\\/portal\\\/2021\\\/06\\\/03\\\/unicef-y-alcaldia-pacena-se-unen-para-luchar-contra-la-violencia\\\/#primaryimage\"},\"thumbnailUrl\":\"https:\\\/\\\/www.eldiario.net\\\/portal\\\/wp-content\\\/uploads\\\/2021\\\/06\\\/SEGU-Unicef-y-Alcaldia-pacena-se-unen.jpg\",\"articleSection\":[\"Sociedad - Seguridad\"],\"inLanguage\":\"es\"},{\"@type\":\"WebPage\",\"@id\":\"https:\\\/\\\/www.eldiario.net\\\/portal\\\/2021\\\/06\\\/03\\\/unicef-y-alcaldia-pacena-se-unen-para-luchar-contra-la-violencia\\\/\",\"url\":\"https:\\\/\\\/www.eldiario.net\\\/portal\\\/2021\\\/06\\\/03\\\/unicef-y-alcaldia-pacena-se-unen-para-luchar-contra-la-violencia\\\/\",\"name\":\"Unicef y Alcald\u00eda pace\u00f1a se unen para luchar contra la violencia - El Diario - Bolivia\",\"isPartOf\":{\"@id\":\"https:\\\/\\\/www.eldiario.net\\\/portal\\\/#website\"},\"primaryImageOfPage\":{\"@id\":\"https:\\\/\\\/www.eldiario.net\\\/portal\\\/2021\\\/06\\\/03\\\/unicef-y-alcaldia-pacena-se-unen-para-luchar-contra-la-violencia\\\/#primaryimage\"},\"image\":{\"@id\":\"https:\\\/\\\/www.eldiario.net\\\/portal\\\/2021\\\/06\\\/03\\\/unicef-y-alcaldia-pacena-se-unen-para-luchar-contra-la-violencia\\\/#primaryimage\"},\"thumbnailUrl\":\"https:\\\/\\\/www.eldiario.net\\\/portal\\\/wp-content\\\/uploads\\\/2021\\\/06\\\/SEGU-Unicef-y-Alcaldia-pacena-se-unen.jpg\",\"datePublished\":\"2021-06-03T10:11:26+00:00\",\"breadcrumb\":{\"@id\":\"https:\\\/\\\/www.eldiario.net\\\/portal\\\/2021\\\/06\\\/03\\\/unicef-y-alcaldia-pacena-se-unen-para-luchar-contra-la-violencia\\\/#breadcrumb\"},\"inLanguage\":\"es\",\"potentialAction\":[{\"@type\":\"ReadAction\",\"target\":[\"https:\\\/\\\/www.eldiario.net\\\/portal\\\/2021\\\/06\\\/03\\\/unicef-y-alcaldia-pacena-se-unen-para-luchar-contra-la-violencia\\\/\"]}]},{\"@type\":\"ImageObject\",\"inLanguage\":\"es\",\"@id\":\"https:\\\/\\\/www.eldiario.net\\\/portal\\\/2021\\\/06\\\/03\\\/unicef-y-alcaldia-pacena-se-unen-para-luchar-contra-la-violencia\\\/#primaryimage\",\"url\":\"https:\\\/\\\/www.eldiario.net\\\/portal\\\/wp-content\\\/uploads\\\/2021\\\/06\\\/SEGU-Unicef-y-Alcaldia-pacena-se-unen.jpg\",\"contentUrl\":\"https:\\\/\\\/www.eldiario.net\\\/portal\\\/wp-content\\\/uploads\\\/2021\\\/06\\\/SEGU-Unicef-y-Alcaldia-pacena-se-unen.jpg\",\"width\":539,\"height\":386},{\"@type\":\"BreadcrumbList\",\"@id\":\"https:\\\/\\\/www.eldiario.net\\\/portal\\\/2021\\\/06\\\/03\\\/unicef-y-alcaldia-pacena-se-unen-para-luchar-contra-la-violencia\\\/#breadcrumb\",\"itemListElement\":[{\"@type\":\"ListItem\",\"position\":1,\"name\":\"Portada\",\"item\":\"https:\\\/\\\/www.eldiario.net\\\/portal\\\/\"},{\"@type\":\"ListItem\",\"position\":2,\"name\":\"Unicef y Alcald\u00eda pace\u00f1a se unen para luchar contra la violencia\"}]},{\"@type\":\"WebSite\",\"@id\":\"https:\\\/\\\/www.eldiario.net\\\/portal\\\/#website\",\"url\":\"https:\\\/\\\/www.eldiario.net\\\/portal\\\/\",\"name\":\"El Diario - Decano de la prensa nacional\",\"description\":\"El Diario - Decano de la prensa nacional\",\"publisher\":{\"@id\":\"https:\\\/\\\/www.eldiario.net\\\/portal\\\/#organization\"},\"potentialAction\":[{\"@type\":\"SearchAction\",\"target\":{\"@type\":\"EntryPoint\",\"urlTemplate\":\"https:\\\/\\\/www.eldiario.net\\\/portal\\\/?s={search_term_string}\"},\"query-input\":{\"@type\":\"PropertyValueSpecification\",\"valueRequired\":true,\"valueName\":\"search_term_string\"}}],\"inLanguage\":\"es\"},{\"@type\":\"Organization\",\"@id\":\"https:\\\/\\\/www.eldiario.net\\\/portal\\\/#organization\",\"name\":\"El Diario - Decano de la prensa nacional\",\"url\":\"https:\\\/\\\/www.eldiario.net\\\/portal\\\/\",\"logo\":{\"@type\":\"ImageObject\",\"inLanguage\":\"es\",\"@id\":\"https:\\\/\\\/www.eldiario.net\\\/portal\\\/#\\\/schema\\\/logo\\\/image\\\/\",\"url\":\"https:\\\/\\\/www.eldiario.net\\\/portal\\\/wp-content\\\/uploads\\\/2023\\\/07\\\/logo_ED.jpg\",\"contentUrl\":\"https:\\\/\\\/www.eldiario.net\\\/portal\\\/wp-content\\\/uploads\\\/2023\\\/07\\\/logo_ED.jpg\",\"width\":272,\"height\":52,\"caption\":\"El Diario - Decano de la prensa nacional\"},\"image\":{\"@id\":\"https:\\\/\\\/www.eldiario.net\\\/portal\\\/#\\\/schema\\\/logo\\\/image\\\/\"},\"sameAs\":[\"https:\\\/\\\/www.facebook.com\\\/eldiario.bolivia\\\/\",\"https:\\\/\\\/x.com\\\/eldiario_net\"]},{\"@type\":\"Person\",\"@id\":\"https:\\\/\\\/www.eldiario.net\\\/portal\\\/#\\\/schema\\\/person\\\/f46445640444750d7d753ccd04ae01b7\",\"name\":\"Jeanette\",\"image\":{\"@type\":\"ImageObject\",\"inLanguage\":\"es\",\"@id\":\"https:\\\/\\\/secure.gravatar.com\\\/avatar\\\/3ea2118a5f7dad2b7138b1187a6b7ee55f160b9968b66013c3a3ef39dd7e5798?s=96&d=mm&r=g\",\"url\":\"https:\\\/\\\/secure.gravatar.com\\\/avatar\\\/3ea2118a5f7dad2b7138b1187a6b7ee55f160b9968b66013c3a3ef39dd7e5798?s=96&d=mm&r=g\",\"contentUrl\":\"https:\\\/\\\/secure.gravatar.com\\\/avatar\\\/3ea2118a5f7dad2b7138b1187a6b7ee55f160b9968b66013c3a3ef39dd7e5798?s=96&d=mm&r=g\",\"caption\":\"Jeanette\"},\"sameAs\":[\"https:\\\/\\\/www.eldiario.net\\\/portal\"],\"url\":\"https:\\\/\\\/www.eldiario.net\\\/portal\\\/author\\\/jeanette\\\/\"}]}<\/script>\n<!-- \/ Yoast SEO plugin. -->","yoast_head_json":{"title":"Unicef y Alcald\u00eda pace\u00f1a se unen para luchar contra la violencia - El Diario - Bolivia","robots":{"index":"index","follow":"follow","max-snippet":"max-snippet:-1","max-image-preview":"max-image-preview:large","max-video-preview":"max-video-preview:-1"},"canonical":"https:\/\/www.eldiario.net\/portal\/2021\/06\/03\/unicef-y-alcaldia-pacena-se-unen-para-luchar-contra-la-violencia\/","og_locale":"es_ES","og_type":"article","og_title":"Unicef y Alcald\u00eda pace\u00f1a se unen para luchar contra la violencia - El Diario - Bolivia","og_description":"La jornada del martes, Unicef y el Gobierno Aut\u00f3nomo Municipal de La Paz suscribieron un acuerdo para articular las l\u00edneas de atenci\u00f3n gratuita Familia Segura 800 11 3040, y la L\u00ednea Segura 156 de la Defensor\u00eda Municipal, cuyo objetivo es la lucha contra la violencia. El representante de Unicef en Bolivia, Rafael Ram\u00edrez, apunt\u00f3 que [&hellip;]","og_url":"https:\/\/www.eldiario.net\/portal\/2021\/06\/03\/unicef-y-alcaldia-pacena-se-unen-para-luchar-contra-la-violencia\/","og_site_name":"El Diario - Bolivia","article_publisher":"https:\/\/www.facebook.com\/eldiario.bolivia\/","article_published_time":"2021-06-03T10:11:26+00:00","og_image":[{"width":539,"height":386,"url":"https:\/\/www.eldiario.net\/portal\/wp-content\/uploads\/2021\/06\/SEGU-Unicef-y-Alcaldia-pacena-se-unen.jpg","type":"image\/jpeg"}],"author":"Jeanette","twitter_card":"summary_large_image","twitter_creator":"@eldiario_net","twitter_site":"@eldiario_net","twitter_misc":{"Escrito por":"Jeanette","Tiempo de lectura":"1 minuto"},"schema":{"@context":"https:\/\/schema.org","@graph":[{"@type":"Article","@id":"https:\/\/www.eldiario.net\/portal\/2021\/06\/03\/unicef-y-alcaldia-pacena-se-unen-para-luchar-contra-la-violencia\/#article","isPartOf":{"@id":"https:\/\/www.eldiario.net\/portal\/2021\/06\/03\/unicef-y-alcaldia-pacena-se-unen-para-luchar-contra-la-violencia\/"},"author":{"name":"Jeanette","@id":"https:\/\/www.eldiario.net\/portal\/#\/schema\/person\/f46445640444750d7d753ccd04ae01b7"},"headline":"Unicef y Alcald\u00eda pace\u00f1a se unen para luchar contra la violencia","datePublished":"2021-06-03T10:11:26+00:00","mainEntityOfPage":{"@id":"https:\/\/www.eldiario.net\/portal\/2021\/06\/03\/unicef-y-alcaldia-pacena-se-unen-para-luchar-contra-la-violencia\/"},"wordCount":225,"publisher":{"@id":"https:\/\/www.eldiario.net\/portal\/#organization"},"image":{"@id":"https:\/\/www.eldiario.net\/portal\/2021\/06\/03\/unicef-y-alcaldia-pacena-se-unen-para-luchar-contra-la-violencia\/#primaryimage"},"thumbnailUrl":"https:\/\/www.eldiario.net\/portal\/wp-content\/uploads\/2021\/06\/SEGU-Unicef-y-Alcaldia-pacena-se-unen.jpg","articleSection":["Sociedad - Seguridad"],"inLanguage":"es"},{"@type":"WebPage","@id":"https:\/\/www.eldiario.net\/portal\/2021\/06\/03\/unicef-y-alcaldia-pacena-se-unen-para-luchar-contra-la-violencia\/","url":"https:\/\/www.eldiario.net\/portal\/2021\/06\/03\/unicef-y-alcaldia-pacena-se-unen-para-luchar-contra-la-violencia\/","name":"Unicef y Alcald\u00eda pace\u00f1a se unen para luchar contra la violencia - El Diario - Bolivia","isPartOf":{"@id":"https:\/\/www.eldiario.net\/portal\/#website"},"primaryImageOfPage":{"@id":"https:\/\/www.eldiario.net\/portal\/2021\/06\/03\/unicef-y-alcaldia-pacena-se-unen-para-luchar-contra-la-violencia\/#primaryimage"},"image":{"@id":"https:\/\/www.eldiario.net\/portal\/2021\/06\/03\/unicef-y-alcaldia-pacena-se-unen-para-luchar-contra-la-violencia\/#primaryimage"},"thumbnailUrl":"https:\/\/www.eldiario.net\/portal\/wp-content\/uploads\/2021\/06\/SEGU-Unicef-y-Alcaldia-pacena-se-unen.jpg","datePublished":"2021-06-03T10:11:26+00:00","breadcrumb":{"@id":"https:\/\/www.eldiario.net\/portal\/2021\/06\/03\/unicef-y-alcaldia-pacena-se-unen-para-luchar-contra-la-violencia\/#breadcrumb"},"inLanguage":"es","potentialAction":[{"@type":"ReadAction","target":["https:\/\/www.eldiario.net\/portal\/2021\/06\/03\/unicef-y-alcaldia-pacena-se-unen-para-luchar-contra-la-violencia\/"]}]},{"@type":"ImageObject","inLanguage":"es","@id":"https:\/\/www.eldiario.net\/portal\/2021\/06\/03\/unicef-y-alcaldia-pacena-se-unen-para-luchar-contra-la-violencia\/#primaryimage","url":"https:\/\/www.eldiario.net\/portal\/wp-content\/uploads\/2021\/06\/SEGU-Unicef-y-Alcaldia-pacena-se-unen.jpg","contentUrl":"https:\/\/www.eldiario.net\/portal\/wp-content\/uploads\/2021\/06\/SEGU-Unicef-y-Alcaldia-pacena-se-unen.jpg","width":539,"height":386},{"@type":"BreadcrumbList","@id":"https:\/\/www.eldiario.net\/portal\/2021\/06\/03\/unicef-y-alcaldia-pacena-se-unen-para-luchar-contra-la-violencia\/#breadcrumb","itemListElement":[{"@type":"ListItem","position":1,"name":"Portada","item":"https:\/\/www.eldiario.net\/portal\/"},{"@type":"ListItem","position":2,"name":"Unicef y Alcald\u00eda pace\u00f1a se unen para luchar contra la violencia"}]},{"@type":"WebSite","@id":"https:\/\/www.eldiario.net\/portal\/#website","url":"https:\/\/www.eldiario.net\/portal\/","name":"El Diario - Decano de la prensa nacional","description":"El Diario - Decano de la prensa nacional","publisher":{"@id":"https:\/\/www.eldiario.net\/portal\/#organization"},"potentialAction":[{"@type":"SearchAction","target":{"@type":"EntryPoint","urlTemplate":"https:\/\/www.eldiario.net\/portal\/?s={search_term_string}"},"query-input":{"@type":"PropertyValueSpecification","valueRequired":true,"valueName":"search_term_string"}}],"inLanguage":"es"},{"@type":"Organization","@id":"https:\/\/www.eldiario.net\/portal\/#organization","name":"El Diario - Decano de la prensa nacional","url":"https:\/\/www.eldiario.net\/portal\/","logo":{"@type":"ImageObject","inLanguage":"es","@id":"https:\/\/www.eldiario.net\/portal\/#\/schema\/logo\/image\/","url":"https:\/\/www.eldiario.net\/portal\/wp-content\/uploads\/2023\/07\/logo_ED.jpg","contentUrl":"https:\/\/www.eldiario.net\/portal\/wp-content\/uploads\/2023\/07\/logo_ED.jpg","width":272,"height":52,"caption":"El Diario - Decano de la prensa nacional"},"image":{"@id":"https:\/\/www.eldiario.net\/portal\/#\/schema\/logo\/image\/"},"sameAs":["https:\/\/www.facebook.com\/eldiario.bolivia\/","https:\/\/x.com\/eldiario_net"]},{"@type":"Person","@id":"https:\/\/www.eldiario.net\/portal\/#\/schema\/person\/f46445640444750d7d753ccd04ae01b7","name":"Jeanette","image":{"@type":"ImageObject","inLanguage":"es","@id":"https:\/\/secure.gravatar.com\/avatar\/3ea2118a5f7dad2b7138b1187a6b7ee55f160b9968b66013c3a3ef39dd7e5798?s=96&d=mm&r=g","url":"https:\/\/secure.gravatar.com\/avatar\/3ea2118a5f7dad2b7138b1187a6b7ee55f160b9968b66013c3a3ef39dd7e5798?s=96&d=mm&r=g","contentUrl":"https:\/\/secure.gravatar.com\/avatar\/3ea2118a5f7dad2b7138b1187a6b7ee55f160b9968b66013c3a3ef39dd7e5798?s=96&d=mm&r=g","caption":"Jeanette"},"sameAs":["https:\/\/www.eldiario.net\/portal"],"url":"https:\/\/www.eldiario.net\/portal\/author\/jeanette\/"}]}},"_links":{"self":[{"href":"https:\/\/www.eldiario.net\/portal\/wp-json\/wp\/v2\/posts\/8011","targetHints":{"allow":["GET"]}}],"collection":[{"href":"https:\/\/www.eldiario.net\/portal\/wp-json\/wp\/v2\/posts"}],"about":[{"href":"https:\/\/www.eldiario.net\/portal\/wp-json\/wp\/v2\/types\/post"}],"author":[{"embeddable":true,"href":"https:\/\/www.eldiario.net\/portal\/wp-json\/wp\/v2\/users\/1"}],"replies":[{"embeddable":true,"href":"https:\/\/www.eldiario.net\/portal\/wp-json\/wp\/v2\/comments?post=8011"}],"version-history":[{"count":0,"href":"https:\/\/www.eldiario.net\/portal\/wp-json\/wp\/v2\/posts\/8011\/revisions"}],"wp:featuredmedia":[{"embeddable":true,"href":"https:\/\/www.eldiario.net\/portal\/wp-json\/wp\/v2\/media\/8012"}],"wp:attachment":[{"href":"https:\/\/www.eldiario.net\/portal\/wp-json\/wp\/v2\/media?parent=8011"}],"wp:term":[{"taxonomy":"category","embeddable":true,"href":"https:\/\/www.eldiario.net\/portal\/wp-json\/wp\/v2\/categories?post=8011"},{"taxonomy":"post_tag","embeddable":true,"href":"https:\/\/www.eldiario.net\/portal\/wp-json\/wp\/v2\/tags?post=8011"}],"curies":[{"name":"wp","href":"https:\/\/api.w.org\/{rel}","templated":true}]}}