{"id":8009,"date":"2021-06-03T06:10:11","date_gmt":"2021-06-03T10:10:11","guid":{"rendered":"https:\/\/www.eldiario.net\/portal\/?p=8009"},"modified":"2021-06-03T06:10:11","modified_gmt":"2021-06-03T10:10:11","slug":"10-mil-voluntarios-se-retiran-de-los-jjoo-de-tokio-por-miedo-al-covid-19","status":"publish","type":"post","link":"https:\/\/www.eldiario.net\/portal\/2021\/06\/03\/10-mil-voluntarios-se-retiran-de-los-jjoo-de-tokio-por-miedo-al-covid-19\/","title":{"rendered":"10 mil voluntarios se retiran de los JJOO de Tokio por miedo al Covid-19"},"content":{"rendered":"<p style=\"line-height: 15.6pt; background: #EDEDED; vertical-align: baseline; margin: 0cm 0cm 7.5pt 0cm;\"><span lang=\"ES-BO\" style=\"font-size: 10.0pt; font-family: 'Arial','sans-serif'; color: #262626; letter-spacing: .1pt;\">Unos 10.000 de los 80.000 voluntarios previstos para los Juegos Ol\u00edmpicos de Tokio han tirado la toalla en los \u00faltimos meses, revelaron los organizadores cuando faltan 50 d\u00edas para su inauguraci\u00f3n.<\/span><\/p>\n<p style=\"line-height: 15.6pt; background: #EDEDED; vertical-align: baseline; margin: 0cm 0cm 7.5pt 0cm;\"><span lang=\"ES-BO\" style=\"font-size: 10.0pt; font-family: 'Arial','sans-serif'; color: #262626; letter-spacing: .1pt;\">El director general de Tokio-2020, Toshiro Muto, declar\u00f3 el mi\u00e9rcoles por la noche a la prensa local que aproximadamente 10.000 voluntarios renunciaron en los \u00faltimos meses, sobre todo debido a la preocupaci\u00f3n por el coronavirus.<\/span><\/p>\n<p style=\"line-height: 15.6pt; background: #EDEDED; vertical-align: baseline; margin: 0cm 0cm 7.5pt 0cm;\"><span lang=\"ES-BO\" style=\"font-size: 10.0pt; font-family: 'Arial','sans-serif'; color: #262626; letter-spacing: .1pt;\">Otros se han retirado por razones de calendario despu\u00e9s de que los Juegos se aplazaran un a\u00f1o, o para protestar contra los comentarios sexistas del presidente de Tokio-2020, Yoshiro Mori, quien se vio obligado a dimitir en febrero y fue sustituido por Seiko Hashimoto.<\/span><\/p>\n<p style=\"line-height: 15.6pt; background: #EDEDED; vertical-align: baseline; margin: 0cm 0cm 7.5pt 0cm;\"><span lang=\"ES-BO\" style=\"font-size: 10.0pt; font-family: 'Arial','sans-serif'; color: #262626; letter-spacing: .1pt;\">Algunos voluntarios tambi\u00e9n podr\u00edan figurar entre el aproximadamente 80% de los japoneses que se oponen a la celebraci\u00f3n de los Juegos este a\u00f1o, seg\u00fan los sondeos nacionales. Las encuestas realizadas en Tokio revelaron una distribuci\u00f3n m\u00e1s equilibrada (50-50) entre partidarios y opositores.<\/span><\/p>\n<p style=\"line-height: 15.6pt; background: #EDEDED; vertical-align: baseline; margin: 0cm 0cm 7.5pt 0cm;\"><span lang=\"ES-BO\" style=\"font-size: 10.0pt; font-family: 'Arial','sans-serif'; color: #262626; letter-spacing: .1pt;\">Muto asegur\u00f3 que la menor cantidad de voluntarios no afectar\u00eda a los Juegos.<\/span><\/p>\n<p style=\"line-height: 15.6pt; background: #EDEDED; vertical-align: baseline; margin: 0cm 0cm 7.5pt 0cm;\"><span lang=\"ES-BO\" style=\"font-size: 10.0pt; font-family: 'Arial','sans-serif'; color: #262626; letter-spacing: .1pt;\">La propia Seiko Hashimoto declar\u00f3 a un peri\u00f3dico deportivo local que descartaba un nuevo aplazamiento y que la cancelaci\u00f3n solo se producir\u00eda en circunstancias catastr\u00f3ficas, si la mayor\u00eda de las delegaciones se vieran impedidas de ir a Jap\u00f3n.\u00a0<\/span><\/p>\n<p style=\"line-height: 15.6pt; background: #EDEDED; vertical-align: baseline; margin: 0cm 0cm 7.5pt 0cm;\"><span lang=\"ES-BO\" style=\"font-size: 10.0pt; font-family: 'Arial','sans-serif'; color: #262626; letter-spacing: .1pt;\">Estos Juegos Ol\u00edmpicos estaban programados para 2020 pero se han aplazado un a\u00f1o debido a la pandemia. Se prev\u00e9 su celebraci\u00f3n del 23 de julio al 8 de agosto.<\/span><\/p>\n<p style=\"line-height: 15.6pt; background: #EDEDED; vertical-align: baseline; margin: 0cm 0cm 7.5pt 0cm;\"><span lang=\"ES-BO\" style=\"font-size: 10.0pt; font-family: 'Arial','sans-serif'; color: #262626; letter-spacing: .1pt;\">El jueves los organizadores revelar\u00e1n nuevos detalles sobre las ceremonias de entrega de medallas, aparentemente con la intenci\u00f3n de suscitar m\u00e1s entusiasmo dado que las encuestas muestran que la mayor\u00eda de los japoneses prefiere que se anulen o posterguen de nuevo.\u00a0<\/span><\/p>\n<p style=\"line-height: 15.6pt; background: #EDEDED; vertical-align: baseline; margin: 0cm 0cm 7.5pt 0cm;\"><span lang=\"ES-BO\" style=\"font-size: 10.0pt; font-family: 'Arial','sans-serif'; color: #262626; letter-spacing: .1pt;\">Debido a una cuarta ola de infecciones, Tokio y otros nueve departamentos permanecer\u00e1n en estado de emergencia sanitaria hasta un mes antes de los Juegos.<\/span><\/p>\n","protected":false},"excerpt":{"rendered":"<p>Unos 10.000 de los 80.000 voluntarios previstos para los Juegos Ol\u00edmpicos de Tokio han tirado la toalla en los \u00faltimos meses, revelaron los organizadores cuando faltan 50 d\u00edas para su inauguraci\u00f3n. El director general de Tokio-2020, Toshiro Muto, declar\u00f3 el mi\u00e9rcoles por la noche a la prensa local que aproximadamente 10.000 voluntarios renunciaron en los [&hellip;]<\/p>\n","protected":false},"author":1,"featured_media":0,"comment_status":"closed","ping_status":"closed","sticky":false,"template":"","format":"standard","meta":{"_acf_changed":false,"footnotes":""},"categories":[6],"tags":[],"class_list":["post-8009","post","type-post","status-publish","format-standard","category-deportes"],"acf":{"antetitulo":""},"yoast_head":"<!-- This site is optimized with the Yoast SEO plugin v28.3 - https:\/\/yoast.com\/product\/yoast-seo-wordpress\/ -->\n<title>10 mil voluntarios se retiran de los JJOO de Tokio por miedo al Covid-19 - El Diario - Bolivia<\/title>\n<meta name=\"robots\" content=\"index, follow, max-snippet:-1, max-image-preview:large, max-video-preview:-1\" \/>\n<link rel=\"canonical\" href=\"https:\/\/www.eldiario.net\/portal\/2021\/06\/03\/10-mil-voluntarios-se-retiran-de-los-jjoo-de-tokio-por-miedo-al-covid-19\/\" \/>\n<meta property=\"og:locale\" content=\"es_ES\" \/>\n<meta property=\"og:type\" content=\"article\" \/>\n<meta property=\"og:title\" content=\"10 mil voluntarios se retiran de los JJOO de Tokio por miedo al Covid-19 - El Diario - Bolivia\" \/>\n<meta property=\"og:description\" content=\"Unos 10.000 de los 80.000 voluntarios previstos para los Juegos Ol\u00edmpicos de Tokio han tirado la toalla en los \u00faltimos meses, revelaron los organizadores cuando faltan 50 d\u00edas para su inauguraci\u00f3n. El director general de Tokio-2020, Toshiro Muto, declar\u00f3 el mi\u00e9rcoles por la noche a la prensa local que aproximadamente 10.000 voluntarios renunciaron en los [&hellip;]\" \/>\n<meta property=\"og:url\" content=\"https:\/\/www.eldiario.net\/portal\/2021\/06\/03\/10-mil-voluntarios-se-retiran-de-los-jjoo-de-tokio-por-miedo-al-covid-19\/\" \/>\n<meta property=\"og:site_name\" content=\"El Diario - Bolivia\" \/>\n<meta property=\"article:publisher\" content=\"https:\/\/www.facebook.com\/eldiario.bolivia\/\" \/>\n<meta property=\"article:published_time\" content=\"2021-06-03T10:10:11+00:00\" \/>\n<meta name=\"author\" content=\"Jeanette\" \/>\n<meta name=\"twitter:card\" content=\"summary_large_image\" \/>\n<meta name=\"twitter:creator\" content=\"@eldiario_net\" \/>\n<meta name=\"twitter:site\" content=\"@eldiario_net\" \/>\n<meta name=\"twitter:label1\" content=\"Escrito por\" \/>\n\t<meta name=\"twitter:data1\" content=\"Jeanette\" \/>\n\t<meta name=\"twitter:label2\" content=\"Tiempo de lectura\" \/>\n\t<meta name=\"twitter:data2\" content=\"2 minutos\" \/>\n<script type=\"application\/ld+json\" class=\"yoast-schema-graph\">{\"@context\":\"https:\\\/\\\/schema.org\",\"@graph\":[{\"@type\":\"Article\",\"@id\":\"https:\\\/\\\/www.eldiario.net\\\/portal\\\/2021\\\/06\\\/03\\\/10-mil-voluntarios-se-retiran-de-los-jjoo-de-tokio-por-miedo-al-covid-19\\\/#article\",\"isPartOf\":{\"@id\":\"https:\\\/\\\/www.eldiario.net\\\/portal\\\/2021\\\/06\\\/03\\\/10-mil-voluntarios-se-retiran-de-los-jjoo-de-tokio-por-miedo-al-covid-19\\\/\"},\"author\":{\"name\":\"Jeanette\",\"@id\":\"https:\\\/\\\/www.eldiario.net\\\/portal\\\/#\\\/schema\\\/person\\\/f46445640444750d7d753ccd04ae01b7\"},\"headline\":\"10 mil voluntarios se retiran de los JJOO de Tokio por miedo al Covid-19\",\"datePublished\":\"2021-06-03T10:10:11+00:00\",\"mainEntityOfPage\":{\"@id\":\"https:\\\/\\\/www.eldiario.net\\\/portal\\\/2021\\\/06\\\/03\\\/10-mil-voluntarios-se-retiran-de-los-jjoo-de-tokio-por-miedo-al-covid-19\\\/\"},\"wordCount\":332,\"publisher\":{\"@id\":\"https:\\\/\\\/www.eldiario.net\\\/portal\\\/#organization\"},\"articleSection\":[\"Deportes\"],\"inLanguage\":\"es\"},{\"@type\":\"WebPage\",\"@id\":\"https:\\\/\\\/www.eldiario.net\\\/portal\\\/2021\\\/06\\\/03\\\/10-mil-voluntarios-se-retiran-de-los-jjoo-de-tokio-por-miedo-al-covid-19\\\/\",\"url\":\"https:\\\/\\\/www.eldiario.net\\\/portal\\\/2021\\\/06\\\/03\\\/10-mil-voluntarios-se-retiran-de-los-jjoo-de-tokio-por-miedo-al-covid-19\\\/\",\"name\":\"10 mil voluntarios se retiran de los JJOO de Tokio por miedo al Covid-19 - El Diario - Bolivia\",\"isPartOf\":{\"@id\":\"https:\\\/\\\/www.eldiario.net\\\/portal\\\/#website\"},\"datePublished\":\"2021-06-03T10:10:11+00:00\",\"breadcrumb\":{\"@id\":\"https:\\\/\\\/www.eldiario.net\\\/portal\\\/2021\\\/06\\\/03\\\/10-mil-voluntarios-se-retiran-de-los-jjoo-de-tokio-por-miedo-al-covid-19\\\/#breadcrumb\"},\"inLanguage\":\"es\",\"potentialAction\":[{\"@type\":\"ReadAction\",\"target\":[\"https:\\\/\\\/www.eldiario.net\\\/portal\\\/2021\\\/06\\\/03\\\/10-mil-voluntarios-se-retiran-de-los-jjoo-de-tokio-por-miedo-al-covid-19\\\/\"]}]},{\"@type\":\"BreadcrumbList\",\"@id\":\"https:\\\/\\\/www.eldiario.net\\\/portal\\\/2021\\\/06\\\/03\\\/10-mil-voluntarios-se-retiran-de-los-jjoo-de-tokio-por-miedo-al-covid-19\\\/#breadcrumb\",\"itemListElement\":[{\"@type\":\"ListItem\",\"position\":1,\"name\":\"Portada\",\"item\":\"https:\\\/\\\/www.eldiario.net\\\/portal\\\/\"},{\"@type\":\"ListItem\",\"position\":2,\"name\":\"10 mil voluntarios se retiran de los JJOO de Tokio por miedo al Covid-19\"}]},{\"@type\":\"WebSite\",\"@id\":\"https:\\\/\\\/www.eldiario.net\\\/portal\\\/#website\",\"url\":\"https:\\\/\\\/www.eldiario.net\\\/portal\\\/\",\"name\":\"El Diario - Decano de la prensa nacional\",\"description\":\"El Diario - Decano de la prensa nacional\",\"publisher\":{\"@id\":\"https:\\\/\\\/www.eldiario.net\\\/portal\\\/#organization\"},\"potentialAction\":[{\"@type\":\"SearchAction\",\"target\":{\"@type\":\"EntryPoint\",\"urlTemplate\":\"https:\\\/\\\/www.eldiario.net\\\/portal\\\/?s={search_term_string}\"},\"query-input\":{\"@type\":\"PropertyValueSpecification\",\"valueRequired\":true,\"valueName\":\"search_term_string\"}}],\"inLanguage\":\"es\"},{\"@type\":\"Organization\",\"@id\":\"https:\\\/\\\/www.eldiario.net\\\/portal\\\/#organization\",\"name\":\"El Diario - Decano de la prensa nacional\",\"url\":\"https:\\\/\\\/www.eldiario.net\\\/portal\\\/\",\"logo\":{\"@type\":\"ImageObject\",\"inLanguage\":\"es\",\"@id\":\"https:\\\/\\\/www.eldiario.net\\\/portal\\\/#\\\/schema\\\/logo\\\/image\\\/\",\"url\":\"https:\\\/\\\/www.eldiario.net\\\/portal\\\/wp-content\\\/uploads\\\/2023\\\/07\\\/logo_ED.jpg\",\"contentUrl\":\"https:\\\/\\\/www.eldiario.net\\\/portal\\\/wp-content\\\/uploads\\\/2023\\\/07\\\/logo_ED.jpg\",\"width\":272,\"height\":52,\"caption\":\"El Diario - Decano de la prensa nacional\"},\"image\":{\"@id\":\"https:\\\/\\\/www.eldiario.net\\\/portal\\\/#\\\/schema\\\/logo\\\/image\\\/\"},\"sameAs\":[\"https:\\\/\\\/www.facebook.com\\\/eldiario.bolivia\\\/\",\"https:\\\/\\\/x.com\\\/eldiario_net\"]},{\"@type\":\"Person\",\"@id\":\"https:\\\/\\\/www.eldiario.net\\\/portal\\\/#\\\/schema\\\/person\\\/f46445640444750d7d753ccd04ae01b7\",\"name\":\"Jeanette\",\"image\":{\"@type\":\"ImageObject\",\"inLanguage\":\"es\",\"@id\":\"https:\\\/\\\/secure.gravatar.com\\\/avatar\\\/3ea2118a5f7dad2b7138b1187a6b7ee55f160b9968b66013c3a3ef39dd7e5798?s=96&d=mm&r=g\",\"url\":\"https:\\\/\\\/secure.gravatar.com\\\/avatar\\\/3ea2118a5f7dad2b7138b1187a6b7ee55f160b9968b66013c3a3ef39dd7e5798?s=96&d=mm&r=g\",\"contentUrl\":\"https:\\\/\\\/secure.gravatar.com\\\/avatar\\\/3ea2118a5f7dad2b7138b1187a6b7ee55f160b9968b66013c3a3ef39dd7e5798?s=96&d=mm&r=g\",\"caption\":\"Jeanette\"},\"sameAs\":[\"https:\\\/\\\/www.eldiario.net\\\/portal\"],\"url\":\"https:\\\/\\\/www.eldiario.net\\\/portal\\\/author\\\/jeanette\\\/\"}]}<\/script>\n<!-- \/ Yoast SEO plugin. -->","yoast_head_json":{"title":"10 mil voluntarios se retiran de los JJOO de Tokio por miedo al Covid-19 - El Diario - Bolivia","robots":{"index":"index","follow":"follow","max-snippet":"max-snippet:-1","max-image-preview":"max-image-preview:large","max-video-preview":"max-video-preview:-1"},"canonical":"https:\/\/www.eldiario.net\/portal\/2021\/06\/03\/10-mil-voluntarios-se-retiran-de-los-jjoo-de-tokio-por-miedo-al-covid-19\/","og_locale":"es_ES","og_type":"article","og_title":"10 mil voluntarios se retiran de los JJOO de Tokio por miedo al Covid-19 - El Diario - Bolivia","og_description":"Unos 10.000 de los 80.000 voluntarios previstos para los Juegos Ol\u00edmpicos de Tokio han tirado la toalla en los \u00faltimos meses, revelaron los organizadores cuando faltan 50 d\u00edas para su inauguraci\u00f3n. El director general de Tokio-2020, Toshiro Muto, declar\u00f3 el mi\u00e9rcoles por la noche a la prensa local que aproximadamente 10.000 voluntarios renunciaron en los [&hellip;]","og_url":"https:\/\/www.eldiario.net\/portal\/2021\/06\/03\/10-mil-voluntarios-se-retiran-de-los-jjoo-de-tokio-por-miedo-al-covid-19\/","og_site_name":"El Diario - Bolivia","article_publisher":"https:\/\/www.facebook.com\/eldiario.bolivia\/","article_published_time":"2021-06-03T10:10:11+00:00","author":"Jeanette","twitter_card":"summary_large_image","twitter_creator":"@eldiario_net","twitter_site":"@eldiario_net","twitter_misc":{"Escrito por":"Jeanette","Tiempo de lectura":"2 minutos"},"schema":{"@context":"https:\/\/schema.org","@graph":[{"@type":"Article","@id":"https:\/\/www.eldiario.net\/portal\/2021\/06\/03\/10-mil-voluntarios-se-retiran-de-los-jjoo-de-tokio-por-miedo-al-covid-19\/#article","isPartOf":{"@id":"https:\/\/www.eldiario.net\/portal\/2021\/06\/03\/10-mil-voluntarios-se-retiran-de-los-jjoo-de-tokio-por-miedo-al-covid-19\/"},"author":{"name":"Jeanette","@id":"https:\/\/www.eldiario.net\/portal\/#\/schema\/person\/f46445640444750d7d753ccd04ae01b7"},"headline":"10 mil voluntarios se retiran de los JJOO de Tokio por miedo al Covid-19","datePublished":"2021-06-03T10:10:11+00:00","mainEntityOfPage":{"@id":"https:\/\/www.eldiario.net\/portal\/2021\/06\/03\/10-mil-voluntarios-se-retiran-de-los-jjoo-de-tokio-por-miedo-al-covid-19\/"},"wordCount":332,"publisher":{"@id":"https:\/\/www.eldiario.net\/portal\/#organization"},"articleSection":["Deportes"],"inLanguage":"es"},{"@type":"WebPage","@id":"https:\/\/www.eldiario.net\/portal\/2021\/06\/03\/10-mil-voluntarios-se-retiran-de-los-jjoo-de-tokio-por-miedo-al-covid-19\/","url":"https:\/\/www.eldiario.net\/portal\/2021\/06\/03\/10-mil-voluntarios-se-retiran-de-los-jjoo-de-tokio-por-miedo-al-covid-19\/","name":"10 mil voluntarios se retiran de los JJOO de Tokio por miedo al Covid-19 - El Diario - Bolivia","isPartOf":{"@id":"https:\/\/www.eldiario.net\/portal\/#website"},"datePublished":"2021-06-03T10:10:11+00:00","breadcrumb":{"@id":"https:\/\/www.eldiario.net\/portal\/2021\/06\/03\/10-mil-voluntarios-se-retiran-de-los-jjoo-de-tokio-por-miedo-al-covid-19\/#breadcrumb"},"inLanguage":"es","potentialAction":[{"@type":"ReadAction","target":["https:\/\/www.eldiario.net\/portal\/2021\/06\/03\/10-mil-voluntarios-se-retiran-de-los-jjoo-de-tokio-por-miedo-al-covid-19\/"]}]},{"@type":"BreadcrumbList","@id":"https:\/\/www.eldiario.net\/portal\/2021\/06\/03\/10-mil-voluntarios-se-retiran-de-los-jjoo-de-tokio-por-miedo-al-covid-19\/#breadcrumb","itemListElement":[{"@type":"ListItem","position":1,"name":"Portada","item":"https:\/\/www.eldiario.net\/portal\/"},{"@type":"ListItem","position":2,"name":"10 mil voluntarios se retiran de los JJOO de Tokio por miedo al Covid-19"}]},{"@type":"WebSite","@id":"https:\/\/www.eldiario.net\/portal\/#website","url":"https:\/\/www.eldiario.net\/portal\/","name":"El Diario - Decano de la prensa nacional","description":"El Diario - Decano de la prensa nacional","publisher":{"@id":"https:\/\/www.eldiario.net\/portal\/#organization"},"potentialAction":[{"@type":"SearchAction","target":{"@type":"EntryPoint","urlTemplate":"https:\/\/www.eldiario.net\/portal\/?s={search_term_string}"},"query-input":{"@type":"PropertyValueSpecification","valueRequired":true,"valueName":"search_term_string"}}],"inLanguage":"es"},{"@type":"Organization","@id":"https:\/\/www.eldiario.net\/portal\/#organization","name":"El Diario - Decano de la prensa nacional","url":"https:\/\/www.eldiario.net\/portal\/","logo":{"@type":"ImageObject","inLanguage":"es","@id":"https:\/\/www.eldiario.net\/portal\/#\/schema\/logo\/image\/","url":"https:\/\/www.eldiario.net\/portal\/wp-content\/uploads\/2023\/07\/logo_ED.jpg","contentUrl":"https:\/\/www.eldiario.net\/portal\/wp-content\/uploads\/2023\/07\/logo_ED.jpg","width":272,"height":52,"caption":"El Diario - Decano de la prensa nacional"},"image":{"@id":"https:\/\/www.eldiario.net\/portal\/#\/schema\/logo\/image\/"},"sameAs":["https:\/\/www.facebook.com\/eldiario.bolivia\/","https:\/\/x.com\/eldiario_net"]},{"@type":"Person","@id":"https:\/\/www.eldiario.net\/portal\/#\/schema\/person\/f46445640444750d7d753ccd04ae01b7","name":"Jeanette","image":{"@type":"ImageObject","inLanguage":"es","@id":"https:\/\/secure.gravatar.com\/avatar\/3ea2118a5f7dad2b7138b1187a6b7ee55f160b9968b66013c3a3ef39dd7e5798?s=96&d=mm&r=g","url":"https:\/\/secure.gravatar.com\/avatar\/3ea2118a5f7dad2b7138b1187a6b7ee55f160b9968b66013c3a3ef39dd7e5798?s=96&d=mm&r=g","contentUrl":"https:\/\/secure.gravatar.com\/avatar\/3ea2118a5f7dad2b7138b1187a6b7ee55f160b9968b66013c3a3ef39dd7e5798?s=96&d=mm&r=g","caption":"Jeanette"},"sameAs":["https:\/\/www.eldiario.net\/portal"],"url":"https:\/\/www.eldiario.net\/portal\/author\/jeanette\/"}]}},"_links":{"self":[{"href":"https:\/\/www.eldiario.net\/portal\/wp-json\/wp\/v2\/posts\/8009","targetHints":{"allow":["GET"]}}],"collection":[{"href":"https:\/\/www.eldiario.net\/portal\/wp-json\/wp\/v2\/posts"}],"about":[{"href":"https:\/\/www.eldiario.net\/portal\/wp-json\/wp\/v2\/types\/post"}],"author":[{"embeddable":true,"href":"https:\/\/www.eldiario.net\/portal\/wp-json\/wp\/v2\/users\/1"}],"replies":[{"embeddable":true,"href":"https:\/\/www.eldiario.net\/portal\/wp-json\/wp\/v2\/comments?post=8009"}],"version-history":[{"count":0,"href":"https:\/\/www.eldiario.net\/portal\/wp-json\/wp\/v2\/posts\/8009\/revisions"}],"wp:attachment":[{"href":"https:\/\/www.eldiario.net\/portal\/wp-json\/wp\/v2\/media?parent=8009"}],"wp:term":[{"taxonomy":"category","embeddable":true,"href":"https:\/\/www.eldiario.net\/portal\/wp-json\/wp\/v2\/categories?post=8009"},{"taxonomy":"post_tag","embeddable":true,"href":"https:\/\/www.eldiario.net\/portal\/wp-json\/wp\/v2\/tags?post=8009"}],"curies":[{"name":"wp","href":"https:\/\/api.w.org\/{rel}","templated":true}]}}