{"id":8000,"date":"2021-06-03T06:06:59","date_gmt":"2021-06-03T10:06:59","guid":{"rendered":"https:\/\/www.eldiario.net\/portal\/?p=8000"},"modified":"2021-06-03T06:06:59","modified_gmt":"2021-06-03T10:06:59","slug":"farias-vamos-a-dar-todo-por-un-buen-resultado","status":"publish","type":"post","link":"https:\/\/www.eldiario.net\/portal\/2021\/06\/03\/farias-vamos-a-dar-todo-por-un-buen-resultado\/","title":{"rendered":"Far\u00edas: \u201cVamos a dar todo por un buen resultado\u201d"},"content":{"rendered":"<p>El DT de la Selecci\u00f3n Nacional, C\u00e9sar Far\u00edas,\u00a0 tiene bastante confianza de cara al duelo de hoy ante Venezuela (16.00), donde buscar\u00e1 el primer triunfo nacional en las presentes clasificatorias.<\/p>\n<p>El director t\u00e9cnico de la Selecci\u00f3n boliviana se mostr\u00f3 optimista de cara al duelo que sostendr\u00e1 hoy ante Venezuela por las Eliminatorias rumbo a Catar 2022.<\/p>\n<p>El DT afirm\u00f3 que su equipo llega en un buen momento y que dar\u00e1n todo para conseguir la victoria.<\/p>\n<p>\u201cQueremos una Selecci\u00f3n y f\u00fatbol que enamore a su gente. Ese es nuestro deseo y para eso trabajamos arduamente. Creemos que llegamos en un buen momento y al hincha boliviano le pedimos mucha fe y que vamos a dar todo por un buen resultado\u201d, dijo Far\u00edas en conferencia de prensa virtual.<\/p>\n<p>La Verde se encuentra en el fondo de la tabla de posiciones de las Eliminatorias con un solo punto. El equipo nacional tiene la presi\u00f3n de sumar y espera poder lograrlo para as\u00ed reavivar las esperanzas de clasificaci\u00f3n al Mundial de Catar 2022.<\/p>\n<p>\u201cLas presiones en selecciones son normales siempre existen y es debido a que se representa todo un pa\u00eds, pero nosotros tenemos una gran oportunidad por delante que la queremos aprovechar. Ahora debemos proponer f\u00fatbol porque s\u00e9 que tenemos jugadores que dar\u00e1n todo ma\u00f1ana (hoy)\u201d, sostuvo el DT venezolano.<\/p>\n<p>Far\u00edas convoc\u00f3 a 27 futbolistas para estas dos fechas de Eliminatorias. El trabajo se inici\u00f3 el pasado mi\u00e9rcoles en el municipio de Huarina a 60 kil\u00f3metros de la ciudad de La Paz y a orillas del Lago Titicaca. El t\u00e9cnico del equipo de todos indic\u00f3 que fue muy provechoso entrenar aislado en ese sector.<\/p>\n<p>\u201cAh\u00ed tuvimos tranquilidad y pudimos estar bien para trabajar el doble turno con nuestros jugadores. Hubo un enfoque total y adem\u00e1s fisiol\u00f3gicamente fuimos a un lugar donde se mueve m\u00e1s la pelota y donde hay m\u00e1s altitud. Estos d\u00edas fueron vitales para lo que queremos proponer\u201d, indic\u00f3.<\/p>\n<p>Sobre el rival de turno Far\u00edas mencion\u00f3 que \u201cVenezuela una gran selecci\u00f3n y como todas que hay en Sudam\u00e9rica, eso nos compromete m\u00e1s a hacer un gran partido\u201d, finaliz\u00f3 el DT.<\/p>\n<p>La Selecci\u00f3n boliviana disputar\u00e1 hoy este encuentro desde las 16.00 en el estadio Hernando Siles de La Paz en procura de sumar sus primeros tres puntos. Tras este duelo se enfocar\u00e1 para el cotejo ante Chile en Santiago por la fecha ocho de este certamen.<\/p>\n","protected":false},"excerpt":{"rendered":"<p>El DT de la Selecci\u00f3n Nacional, C\u00e9sar Far\u00edas,\u00a0 tiene bastante confianza de cara al duelo de hoy ante Venezuela (16.00), donde buscar\u00e1 el primer triunfo nacional en las presentes clasificatorias. El director t\u00e9cnico de la Selecci\u00f3n boliviana se mostr\u00f3 optimista de cara al duelo que sostendr\u00e1 hoy ante Venezuela por las Eliminatorias rumbo a Catar [&hellip;]<\/p>\n","protected":false},"author":1,"featured_media":8001,"comment_status":"closed","ping_status":"closed","sticky":false,"template":"","format":"standard","meta":{"_acf_changed":false,"footnotes":""},"categories":[6],"tags":[],"class_list":["post-8000","post","type-post","status-publish","format-standard","has-post-thumbnail","category-deportes"],"acf":{"antetitulo":""},"yoast_head":"<!-- This site is optimized with the Yoast SEO plugin v28.3 - https:\/\/yoast.com\/product\/yoast-seo-wordpress\/ -->\n<title>Far\u00edas: \u201cVamos a dar todo por un buen resultado\u201d - El Diario - Bolivia<\/title>\n<meta name=\"robots\" content=\"index, follow, max-snippet:-1, max-image-preview:large, max-video-preview:-1\" \/>\n<link rel=\"canonical\" href=\"https:\/\/www.eldiario.net\/portal\/2021\/06\/03\/farias-vamos-a-dar-todo-por-un-buen-resultado\/\" \/>\n<meta property=\"og:locale\" content=\"es_ES\" \/>\n<meta property=\"og:type\" content=\"article\" \/>\n<meta property=\"og:title\" content=\"Far\u00edas: \u201cVamos a dar todo por un buen resultado\u201d - El Diario - Bolivia\" \/>\n<meta property=\"og:description\" content=\"El DT de la Selecci\u00f3n Nacional, C\u00e9sar Far\u00edas,\u00a0 tiene bastante confianza de cara al duelo de hoy ante Venezuela (16.00), donde buscar\u00e1 el primer triunfo nacional en las presentes clasificatorias. El director t\u00e9cnico de la Selecci\u00f3n boliviana se mostr\u00f3 optimista de cara al duelo que sostendr\u00e1 hoy ante Venezuela por las Eliminatorias rumbo a Catar [&hellip;]\" \/>\n<meta property=\"og:url\" content=\"https:\/\/www.eldiario.net\/portal\/2021\/06\/03\/farias-vamos-a-dar-todo-por-un-buen-resultado\/\" \/>\n<meta property=\"og:site_name\" content=\"El Diario - Bolivia\" \/>\n<meta property=\"article:publisher\" content=\"https:\/\/www.facebook.com\/eldiario.bolivia\/\" \/>\n<meta property=\"article:published_time\" content=\"2021-06-03T10:06:59+00:00\" \/>\n<meta property=\"og:image\" content=\"https:\/\/www.eldiario.net\/portal\/wp-content\/uploads\/2021\/06\/DEPO-Farias-Vamos-a-dar-todo.jpg\" \/>\n\t<meta property=\"og:image:width\" content=\"1280\" \/>\n\t<meta property=\"og:image:height\" content=\"852\" \/>\n\t<meta property=\"og:image:type\" content=\"image\/jpeg\" \/>\n<meta name=\"author\" content=\"Jeanette\" \/>\n<meta name=\"twitter:card\" content=\"summary_large_image\" \/>\n<meta name=\"twitter:creator\" content=\"@eldiario_net\" \/>\n<meta name=\"twitter:site\" content=\"@eldiario_net\" \/>\n<meta name=\"twitter:label1\" content=\"Escrito por\" \/>\n\t<meta name=\"twitter:data1\" content=\"Jeanette\" \/>\n\t<meta name=\"twitter:label2\" content=\"Tiempo de lectura\" \/>\n\t<meta name=\"twitter:data2\" content=\"2 minutos\" \/>\n<script type=\"application\/ld+json\" class=\"yoast-schema-graph\">{\"@context\":\"https:\\\/\\\/schema.org\",\"@graph\":[{\"@type\":\"Article\",\"@id\":\"https:\\\/\\\/www.eldiario.net\\\/portal\\\/2021\\\/06\\\/03\\\/farias-vamos-a-dar-todo-por-un-buen-resultado\\\/#article\",\"isPartOf\":{\"@id\":\"https:\\\/\\\/www.eldiario.net\\\/portal\\\/2021\\\/06\\\/03\\\/farias-vamos-a-dar-todo-por-un-buen-resultado\\\/\"},\"author\":{\"name\":\"Jeanette\",\"@id\":\"https:\\\/\\\/www.eldiario.net\\\/portal\\\/#\\\/schema\\\/person\\\/f46445640444750d7d753ccd04ae01b7\"},\"headline\":\"Far\u00edas: \u201cVamos a dar todo por un buen resultado\u201d\",\"datePublished\":\"2021-06-03T10:06:59+00:00\",\"mainEntityOfPage\":{\"@id\":\"https:\\\/\\\/www.eldiario.net\\\/portal\\\/2021\\\/06\\\/03\\\/farias-vamos-a-dar-todo-por-un-buen-resultado\\\/\"},\"wordCount\":427,\"publisher\":{\"@id\":\"https:\\\/\\\/www.eldiario.net\\\/portal\\\/#organization\"},\"image\":{\"@id\":\"https:\\\/\\\/www.eldiario.net\\\/portal\\\/2021\\\/06\\\/03\\\/farias-vamos-a-dar-todo-por-un-buen-resultado\\\/#primaryimage\"},\"thumbnailUrl\":\"https:\\\/\\\/www.eldiario.net\\\/portal\\\/wp-content\\\/uploads\\\/2021\\\/06\\\/DEPO-Farias-Vamos-a-dar-todo.jpg\",\"articleSection\":[\"Deportes\"],\"inLanguage\":\"es\"},{\"@type\":\"WebPage\",\"@id\":\"https:\\\/\\\/www.eldiario.net\\\/portal\\\/2021\\\/06\\\/03\\\/farias-vamos-a-dar-todo-por-un-buen-resultado\\\/\",\"url\":\"https:\\\/\\\/www.eldiario.net\\\/portal\\\/2021\\\/06\\\/03\\\/farias-vamos-a-dar-todo-por-un-buen-resultado\\\/\",\"name\":\"Far\u00edas: \u201cVamos a dar todo por un buen resultado\u201d - El Diario - Bolivia\",\"isPartOf\":{\"@id\":\"https:\\\/\\\/www.eldiario.net\\\/portal\\\/#website\"},\"primaryImageOfPage\":{\"@id\":\"https:\\\/\\\/www.eldiario.net\\\/portal\\\/2021\\\/06\\\/03\\\/farias-vamos-a-dar-todo-por-un-buen-resultado\\\/#primaryimage\"},\"image\":{\"@id\":\"https:\\\/\\\/www.eldiario.net\\\/portal\\\/2021\\\/06\\\/03\\\/farias-vamos-a-dar-todo-por-un-buen-resultado\\\/#primaryimage\"},\"thumbnailUrl\":\"https:\\\/\\\/www.eldiario.net\\\/portal\\\/wp-content\\\/uploads\\\/2021\\\/06\\\/DEPO-Farias-Vamos-a-dar-todo.jpg\",\"datePublished\":\"2021-06-03T10:06:59+00:00\",\"breadcrumb\":{\"@id\":\"https:\\\/\\\/www.eldiario.net\\\/portal\\\/2021\\\/06\\\/03\\\/farias-vamos-a-dar-todo-por-un-buen-resultado\\\/#breadcrumb\"},\"inLanguage\":\"es\",\"potentialAction\":[{\"@type\":\"ReadAction\",\"target\":[\"https:\\\/\\\/www.eldiario.net\\\/portal\\\/2021\\\/06\\\/03\\\/farias-vamos-a-dar-todo-por-un-buen-resultado\\\/\"]}]},{\"@type\":\"ImageObject\",\"inLanguage\":\"es\",\"@id\":\"https:\\\/\\\/www.eldiario.net\\\/portal\\\/2021\\\/06\\\/03\\\/farias-vamos-a-dar-todo-por-un-buen-resultado\\\/#primaryimage\",\"url\":\"https:\\\/\\\/www.eldiario.net\\\/portal\\\/wp-content\\\/uploads\\\/2021\\\/06\\\/DEPO-Farias-Vamos-a-dar-todo.jpg\",\"contentUrl\":\"https:\\\/\\\/www.eldiario.net\\\/portal\\\/wp-content\\\/uploads\\\/2021\\\/06\\\/DEPO-Farias-Vamos-a-dar-todo.jpg\",\"width\":1280,\"height\":852},{\"@type\":\"BreadcrumbList\",\"@id\":\"https:\\\/\\\/www.eldiario.net\\\/portal\\\/2021\\\/06\\\/03\\\/farias-vamos-a-dar-todo-por-un-buen-resultado\\\/#breadcrumb\",\"itemListElement\":[{\"@type\":\"ListItem\",\"position\":1,\"name\":\"Portada\",\"item\":\"https:\\\/\\\/www.eldiario.net\\\/portal\\\/\"},{\"@type\":\"ListItem\",\"position\":2,\"name\":\"Far\u00edas: \u201cVamos a dar todo por un buen resultado\u201d\"}]},{\"@type\":\"WebSite\",\"@id\":\"https:\\\/\\\/www.eldiario.net\\\/portal\\\/#website\",\"url\":\"https:\\\/\\\/www.eldiario.net\\\/portal\\\/\",\"name\":\"El Diario - Decano de la prensa nacional\",\"description\":\"El Diario - Decano de la prensa nacional\",\"publisher\":{\"@id\":\"https:\\\/\\\/www.eldiario.net\\\/portal\\\/#organization\"},\"potentialAction\":[{\"@type\":\"SearchAction\",\"target\":{\"@type\":\"EntryPoint\",\"urlTemplate\":\"https:\\\/\\\/www.eldiario.net\\\/portal\\\/?s={search_term_string}\"},\"query-input\":{\"@type\":\"PropertyValueSpecification\",\"valueRequired\":true,\"valueName\":\"search_term_string\"}}],\"inLanguage\":\"es\"},{\"@type\":\"Organization\",\"@id\":\"https:\\\/\\\/www.eldiario.net\\\/portal\\\/#organization\",\"name\":\"El Diario - Decano de la prensa nacional\",\"url\":\"https:\\\/\\\/www.eldiario.net\\\/portal\\\/\",\"logo\":{\"@type\":\"ImageObject\",\"inLanguage\":\"es\",\"@id\":\"https:\\\/\\\/www.eldiario.net\\\/portal\\\/#\\\/schema\\\/logo\\\/image\\\/\",\"url\":\"https:\\\/\\\/www.eldiario.net\\\/portal\\\/wp-content\\\/uploads\\\/2023\\\/07\\\/logo_ED.jpg\",\"contentUrl\":\"https:\\\/\\\/www.eldiario.net\\\/portal\\\/wp-content\\\/uploads\\\/2023\\\/07\\\/logo_ED.jpg\",\"width\":272,\"height\":52,\"caption\":\"El Diario - Decano de la prensa nacional\"},\"image\":{\"@id\":\"https:\\\/\\\/www.eldiario.net\\\/portal\\\/#\\\/schema\\\/logo\\\/image\\\/\"},\"sameAs\":[\"https:\\\/\\\/www.facebook.com\\\/eldiario.bolivia\\\/\",\"https:\\\/\\\/x.com\\\/eldiario_net\"]},{\"@type\":\"Person\",\"@id\":\"https:\\\/\\\/www.eldiario.net\\\/portal\\\/#\\\/schema\\\/person\\\/f46445640444750d7d753ccd04ae01b7\",\"name\":\"Jeanette\",\"image\":{\"@type\":\"ImageObject\",\"inLanguage\":\"es\",\"@id\":\"https:\\\/\\\/secure.gravatar.com\\\/avatar\\\/3ea2118a5f7dad2b7138b1187a6b7ee55f160b9968b66013c3a3ef39dd7e5798?s=96&d=mm&r=g\",\"url\":\"https:\\\/\\\/secure.gravatar.com\\\/avatar\\\/3ea2118a5f7dad2b7138b1187a6b7ee55f160b9968b66013c3a3ef39dd7e5798?s=96&d=mm&r=g\",\"contentUrl\":\"https:\\\/\\\/secure.gravatar.com\\\/avatar\\\/3ea2118a5f7dad2b7138b1187a6b7ee55f160b9968b66013c3a3ef39dd7e5798?s=96&d=mm&r=g\",\"caption\":\"Jeanette\"},\"sameAs\":[\"https:\\\/\\\/www.eldiario.net\\\/portal\"],\"url\":\"https:\\\/\\\/www.eldiario.net\\\/portal\\\/author\\\/jeanette\\\/\"}]}<\/script>\n<!-- \/ Yoast SEO plugin. -->","yoast_head_json":{"title":"Far\u00edas: \u201cVamos a dar todo por un buen resultado\u201d - El Diario - Bolivia","robots":{"index":"index","follow":"follow","max-snippet":"max-snippet:-1","max-image-preview":"max-image-preview:large","max-video-preview":"max-video-preview:-1"},"canonical":"https:\/\/www.eldiario.net\/portal\/2021\/06\/03\/farias-vamos-a-dar-todo-por-un-buen-resultado\/","og_locale":"es_ES","og_type":"article","og_title":"Far\u00edas: \u201cVamos a dar todo por un buen resultado\u201d - El Diario - Bolivia","og_description":"El DT de la Selecci\u00f3n Nacional, C\u00e9sar Far\u00edas,\u00a0 tiene bastante confianza de cara al duelo de hoy ante Venezuela (16.00), donde buscar\u00e1 el primer triunfo nacional en las presentes clasificatorias. El director t\u00e9cnico de la Selecci\u00f3n boliviana se mostr\u00f3 optimista de cara al duelo que sostendr\u00e1 hoy ante Venezuela por las Eliminatorias rumbo a Catar [&hellip;]","og_url":"https:\/\/www.eldiario.net\/portal\/2021\/06\/03\/farias-vamos-a-dar-todo-por-un-buen-resultado\/","og_site_name":"El Diario - Bolivia","article_publisher":"https:\/\/www.facebook.com\/eldiario.bolivia\/","article_published_time":"2021-06-03T10:06:59+00:00","og_image":[{"width":1280,"height":852,"url":"https:\/\/www.eldiario.net\/portal\/wp-content\/uploads\/2021\/06\/DEPO-Farias-Vamos-a-dar-todo.jpg","type":"image\/jpeg"}],"author":"Jeanette","twitter_card":"summary_large_image","twitter_creator":"@eldiario_net","twitter_site":"@eldiario_net","twitter_misc":{"Escrito por":"Jeanette","Tiempo de lectura":"2 minutos"},"schema":{"@context":"https:\/\/schema.org","@graph":[{"@type":"Article","@id":"https:\/\/www.eldiario.net\/portal\/2021\/06\/03\/farias-vamos-a-dar-todo-por-un-buen-resultado\/#article","isPartOf":{"@id":"https:\/\/www.eldiario.net\/portal\/2021\/06\/03\/farias-vamos-a-dar-todo-por-un-buen-resultado\/"},"author":{"name":"Jeanette","@id":"https:\/\/www.eldiario.net\/portal\/#\/schema\/person\/f46445640444750d7d753ccd04ae01b7"},"headline":"Far\u00edas: \u201cVamos a dar todo por un buen resultado\u201d","datePublished":"2021-06-03T10:06:59+00:00","mainEntityOfPage":{"@id":"https:\/\/www.eldiario.net\/portal\/2021\/06\/03\/farias-vamos-a-dar-todo-por-un-buen-resultado\/"},"wordCount":427,"publisher":{"@id":"https:\/\/www.eldiario.net\/portal\/#organization"},"image":{"@id":"https:\/\/www.eldiario.net\/portal\/2021\/06\/03\/farias-vamos-a-dar-todo-por-un-buen-resultado\/#primaryimage"},"thumbnailUrl":"https:\/\/www.eldiario.net\/portal\/wp-content\/uploads\/2021\/06\/DEPO-Farias-Vamos-a-dar-todo.jpg","articleSection":["Deportes"],"inLanguage":"es"},{"@type":"WebPage","@id":"https:\/\/www.eldiario.net\/portal\/2021\/06\/03\/farias-vamos-a-dar-todo-por-un-buen-resultado\/","url":"https:\/\/www.eldiario.net\/portal\/2021\/06\/03\/farias-vamos-a-dar-todo-por-un-buen-resultado\/","name":"Far\u00edas: \u201cVamos a dar todo por un buen resultado\u201d - El Diario - Bolivia","isPartOf":{"@id":"https:\/\/www.eldiario.net\/portal\/#website"},"primaryImageOfPage":{"@id":"https:\/\/www.eldiario.net\/portal\/2021\/06\/03\/farias-vamos-a-dar-todo-por-un-buen-resultado\/#primaryimage"},"image":{"@id":"https:\/\/www.eldiario.net\/portal\/2021\/06\/03\/farias-vamos-a-dar-todo-por-un-buen-resultado\/#primaryimage"},"thumbnailUrl":"https:\/\/www.eldiario.net\/portal\/wp-content\/uploads\/2021\/06\/DEPO-Farias-Vamos-a-dar-todo.jpg","datePublished":"2021-06-03T10:06:59+00:00","breadcrumb":{"@id":"https:\/\/www.eldiario.net\/portal\/2021\/06\/03\/farias-vamos-a-dar-todo-por-un-buen-resultado\/#breadcrumb"},"inLanguage":"es","potentialAction":[{"@type":"ReadAction","target":["https:\/\/www.eldiario.net\/portal\/2021\/06\/03\/farias-vamos-a-dar-todo-por-un-buen-resultado\/"]}]},{"@type":"ImageObject","inLanguage":"es","@id":"https:\/\/www.eldiario.net\/portal\/2021\/06\/03\/farias-vamos-a-dar-todo-por-un-buen-resultado\/#primaryimage","url":"https:\/\/www.eldiario.net\/portal\/wp-content\/uploads\/2021\/06\/DEPO-Farias-Vamos-a-dar-todo.jpg","contentUrl":"https:\/\/www.eldiario.net\/portal\/wp-content\/uploads\/2021\/06\/DEPO-Farias-Vamos-a-dar-todo.jpg","width":1280,"height":852},{"@type":"BreadcrumbList","@id":"https:\/\/www.eldiario.net\/portal\/2021\/06\/03\/farias-vamos-a-dar-todo-por-un-buen-resultado\/#breadcrumb","itemListElement":[{"@type":"ListItem","position":1,"name":"Portada","item":"https:\/\/www.eldiario.net\/portal\/"},{"@type":"ListItem","position":2,"name":"Far\u00edas: \u201cVamos a dar todo por un buen resultado\u201d"}]},{"@type":"WebSite","@id":"https:\/\/www.eldiario.net\/portal\/#website","url":"https:\/\/www.eldiario.net\/portal\/","name":"El Diario - Decano de la prensa nacional","description":"El Diario - Decano de la prensa nacional","publisher":{"@id":"https:\/\/www.eldiario.net\/portal\/#organization"},"potentialAction":[{"@type":"SearchAction","target":{"@type":"EntryPoint","urlTemplate":"https:\/\/www.eldiario.net\/portal\/?s={search_term_string}"},"query-input":{"@type":"PropertyValueSpecification","valueRequired":true,"valueName":"search_term_string"}}],"inLanguage":"es"},{"@type":"Organization","@id":"https:\/\/www.eldiario.net\/portal\/#organization","name":"El Diario - Decano de la prensa nacional","url":"https:\/\/www.eldiario.net\/portal\/","logo":{"@type":"ImageObject","inLanguage":"es","@id":"https:\/\/www.eldiario.net\/portal\/#\/schema\/logo\/image\/","url":"https:\/\/www.eldiario.net\/portal\/wp-content\/uploads\/2023\/07\/logo_ED.jpg","contentUrl":"https:\/\/www.eldiario.net\/portal\/wp-content\/uploads\/2023\/07\/logo_ED.jpg","width":272,"height":52,"caption":"El Diario - Decano de la prensa nacional"},"image":{"@id":"https:\/\/www.eldiario.net\/portal\/#\/schema\/logo\/image\/"},"sameAs":["https:\/\/www.facebook.com\/eldiario.bolivia\/","https:\/\/x.com\/eldiario_net"]},{"@type":"Person","@id":"https:\/\/www.eldiario.net\/portal\/#\/schema\/person\/f46445640444750d7d753ccd04ae01b7","name":"Jeanette","image":{"@type":"ImageObject","inLanguage":"es","@id":"https:\/\/secure.gravatar.com\/avatar\/3ea2118a5f7dad2b7138b1187a6b7ee55f160b9968b66013c3a3ef39dd7e5798?s=96&d=mm&r=g","url":"https:\/\/secure.gravatar.com\/avatar\/3ea2118a5f7dad2b7138b1187a6b7ee55f160b9968b66013c3a3ef39dd7e5798?s=96&d=mm&r=g","contentUrl":"https:\/\/secure.gravatar.com\/avatar\/3ea2118a5f7dad2b7138b1187a6b7ee55f160b9968b66013c3a3ef39dd7e5798?s=96&d=mm&r=g","caption":"Jeanette"},"sameAs":["https:\/\/www.eldiario.net\/portal"],"url":"https:\/\/www.eldiario.net\/portal\/author\/jeanette\/"}]}},"_links":{"self":[{"href":"https:\/\/www.eldiario.net\/portal\/wp-json\/wp\/v2\/posts\/8000","targetHints":{"allow":["GET"]}}],"collection":[{"href":"https:\/\/www.eldiario.net\/portal\/wp-json\/wp\/v2\/posts"}],"about":[{"href":"https:\/\/www.eldiario.net\/portal\/wp-json\/wp\/v2\/types\/post"}],"author":[{"embeddable":true,"href":"https:\/\/www.eldiario.net\/portal\/wp-json\/wp\/v2\/users\/1"}],"replies":[{"embeddable":true,"href":"https:\/\/www.eldiario.net\/portal\/wp-json\/wp\/v2\/comments?post=8000"}],"version-history":[{"count":0,"href":"https:\/\/www.eldiario.net\/portal\/wp-json\/wp\/v2\/posts\/8000\/revisions"}],"wp:featuredmedia":[{"embeddable":true,"href":"https:\/\/www.eldiario.net\/portal\/wp-json\/wp\/v2\/media\/8001"}],"wp:attachment":[{"href":"https:\/\/www.eldiario.net\/portal\/wp-json\/wp\/v2\/media?parent=8000"}],"wp:term":[{"taxonomy":"category","embeddable":true,"href":"https:\/\/www.eldiario.net\/portal\/wp-json\/wp\/v2\/categories?post=8000"},{"taxonomy":"post_tag","embeddable":true,"href":"https:\/\/www.eldiario.net\/portal\/wp-json\/wp\/v2\/tags?post=8000"}],"curies":[{"name":"wp","href":"https:\/\/api.w.org\/{rel}","templated":true}]}}