{"id":7997,"date":"2021-06-03T06:05:58","date_gmt":"2021-06-03T10:05:58","guid":{"rendered":"https:\/\/www.eldiario.net\/portal\/?p=7997"},"modified":"2021-06-03T06:05:58","modified_gmt":"2021-06-03T10:05:58","slug":"martins-y-la-verde-tienen-la-mision-de-ganar","status":"publish","type":"post","link":"https:\/\/www.eldiario.net\/portal\/2021\/06\/03\/martins-y-la-verde-tienen-la-mision-de-ganar\/","title":{"rendered":"Martins y la Verde tienen la misi\u00f3n de ganar"},"content":{"rendered":"<p>La Selecci\u00f3n Nacional se medir\u00e1 hoy (16.00) ante su par de Venezuela con la obligaci\u00f3n de vencer y salir del fondo de la tabla de posiciones de las Eliminatorias Sudamericanas. La Verde quiere reavivar las esperanzas de clasificar al Mundial de Catar 2022. Este cotejo se disputar\u00e1 en el estadio Hernando Siles, de La Paz.<\/p>\n<p>El equipo nacional buscar\u00e1 sumar sus tres primeros puntos en este torneo y adem\u00e1s salir de la \u00faltima posici\u00f3n donde se ubica con solo una unidad junto a Per\u00fa. Los dirigidos por C\u00e9sar Far\u00edas, que viene de empatar ante Paraguay, pretenden lavarse la cara luego de haber ca\u00eddo en sus dos \u00faltimas presentaciones en La Paz frente a Argentina y Ecuador.<\/p>\n<p>Para lograr este cometido la Verde concentr\u00f3 durante siete d\u00edas en el municipio de Huarina a 60 kil\u00f3metros de la ciudad de la urbe pace\u00f1a donde el DT Far\u00edas prepar\u00f3 el equipo que har\u00e1 frente a la Vinotinto que tambi\u00e9n est\u00e1 urgida de sumar.<\/p>\n<p>CON ARCE EN EL ONCENO<\/p>\n<p>En las \u00faltimas pr\u00e1cticas Far\u00edas hab\u00eda alineado con: Carlos Lampe en el arco; Diego Bejarano, Luis Haqu\u00edn, Jairo Quinteros y Jorge Flores en la defensa; Erwin Saavedra, Leonel Justiniano y Ramiro Vaca en el medio campo; Rodrigo Ramallo, Henry Vaca y Marcelo Martins en el ataque.<\/p>\n<p>Sin embargo, en el \u00faltimo entrenamiento de ayer Far\u00edas prob\u00f3 con Juan Carlos Arce en lugar de Ramiro Vaca. Arce, quien cumpli\u00f3 trabajos diferenciados por una molestia f\u00edsica, ser\u00e1 una de las novedades del onceno que presentar\u00e1n hoy ante los llaneros.<\/p>\n<p>La \u00fanica baja en el combinado nacional es la del defensor Adri\u00e1n Jusino que no estar\u00e1 para este duelo debido a acumulaci\u00f3n de tarjetas amarillas, adem\u00e1s Oscar Ribera tiene una molestia muscular. El equipo nacional tras este cotejo se concentrar\u00e1 de cara a su duelo ante Chile el 8 de junio en el estadio Nacional de Santiago, por la jornada ocho.<\/p>\n<p>VENEZOLANOS VIENEN POR LOS PUNTOS<\/p>\n<p>Mientras tanto, el t\u00e9cnico de Venezuela, Jos\u00e9 Peseiro orden\u00f3 que el plantel primero llegue a la ciudad de Santa Cruz donde concentr\u00f3 ayer y realiz\u00f3 trabajos en una burbuja sanitaria en cancha de Blooming. Para el partido anunci\u00f3 el ingreso de Wilker Fari\u00f1ez en el arco, pero podr\u00eda haber cambios de \u00faltimo momento, eso dej\u00f3 ver en su \u00faltima sesi\u00f3n de entrenamiento.<\/p>\n<p>Los venezolanos sumaron solo cuatro puntos en este certamen. Las unidades los mantienen expectantes en la clasificatoria.<\/p>\n<p>El equipo que presentar\u00eda Peseiro ser\u00e1 el siguiente: Wilker Fari\u00f1ez en el arco; Alexander Gonz\u00e1lez, Wilker \u00c1ngel, Jhon Chancelor y Mikel Villanueva en la defensa; Cristian Casseres, Tom\u00e1s Rinc\u00f3n, Roberto Rosales y R\u00f3mulo Otero en el mediocampo; Darwin Machis y Fernando Aristeguieta en el ataque.<\/p>\n<p>El partido ser\u00e1 controlado por el juez colombiano Jhon Ospina quien ser\u00e1 colaborado por Jhon Le\u00f3n y Wilmar Navarro. (FOTO FBF)<\/p>\n","protected":false},"excerpt":{"rendered":"<p>La Selecci\u00f3n Nacional se medir\u00e1 hoy (16.00) ante su par de Venezuela con la obligaci\u00f3n de vencer y salir del fondo de la tabla de posiciones de las Eliminatorias Sudamericanas. La Verde quiere reavivar las esperanzas de clasificar al Mundial de Catar 2022. Este cotejo se disputar\u00e1 en el estadio Hernando Siles, de La Paz. [&hellip;]<\/p>\n","protected":false},"author":1,"featured_media":7998,"comment_status":"closed","ping_status":"closed","sticky":false,"template":"","format":"standard","meta":{"_acf_changed":false,"footnotes":""},"categories":[6],"tags":[],"class_list":["post-7997","post","type-post","status-publish","format-standard","has-post-thumbnail","category-deportes"],"acf":{"antetitulo":""},"yoast_head":"<!-- This site is optimized with the Yoast SEO plugin v28.3 - https:\/\/yoast.com\/product\/yoast-seo-wordpress\/ -->\n<title>Martins y la Verde tienen la misi\u00f3n de ganar - El Diario - Bolivia<\/title>\n<meta name=\"robots\" content=\"index, follow, max-snippet:-1, max-image-preview:large, max-video-preview:-1\" \/>\n<link rel=\"canonical\" href=\"https:\/\/www.eldiario.net\/portal\/2021\/06\/03\/martins-y-la-verde-tienen-la-mision-de-ganar\/\" \/>\n<meta property=\"og:locale\" content=\"es_ES\" \/>\n<meta property=\"og:type\" content=\"article\" \/>\n<meta property=\"og:title\" content=\"Martins y la Verde tienen la misi\u00f3n de ganar - El Diario - Bolivia\" \/>\n<meta property=\"og:description\" content=\"La Selecci\u00f3n Nacional se medir\u00e1 hoy (16.00) ante su par de Venezuela con la obligaci\u00f3n de vencer y salir del fondo de la tabla de posiciones de las Eliminatorias Sudamericanas. La Verde quiere reavivar las esperanzas de clasificar al Mundial de Catar 2022. Este cotejo se disputar\u00e1 en el estadio Hernando Siles, de La Paz. [&hellip;]\" \/>\n<meta property=\"og:url\" content=\"https:\/\/www.eldiario.net\/portal\/2021\/06\/03\/martins-y-la-verde-tienen-la-mision-de-ganar\/\" \/>\n<meta property=\"og:site_name\" content=\"El Diario - Bolivia\" \/>\n<meta property=\"article:publisher\" content=\"https:\/\/www.facebook.com\/eldiario.bolivia\/\" \/>\n<meta property=\"article:published_time\" content=\"2021-06-03T10:05:58+00:00\" \/>\n<meta name=\"author\" content=\"Jeanette\" \/>\n<meta name=\"twitter:card\" content=\"summary_large_image\" \/>\n<meta name=\"twitter:creator\" content=\"@eldiario_net\" \/>\n<meta name=\"twitter:site\" content=\"@eldiario_net\" \/>\n<meta name=\"twitter:label1\" content=\"Escrito por\" \/>\n\t<meta name=\"twitter:data1\" content=\"Jeanette\" \/>\n\t<meta name=\"twitter:label2\" content=\"Tiempo de lectura\" \/>\n\t<meta name=\"twitter:data2\" content=\"3 minutos\" \/>\n<script type=\"application\/ld+json\" class=\"yoast-schema-graph\">{\"@context\":\"https:\\\/\\\/schema.org\",\"@graph\":[{\"@type\":\"Article\",\"@id\":\"https:\\\/\\\/www.eldiario.net\\\/portal\\\/2021\\\/06\\\/03\\\/martins-y-la-verde-tienen-la-mision-de-ganar\\\/#article\",\"isPartOf\":{\"@id\":\"https:\\\/\\\/www.eldiario.net\\\/portal\\\/2021\\\/06\\\/03\\\/martins-y-la-verde-tienen-la-mision-de-ganar\\\/\"},\"author\":{\"name\":\"Jeanette\",\"@id\":\"https:\\\/\\\/www.eldiario.net\\\/portal\\\/#\\\/schema\\\/person\\\/f46445640444750d7d753ccd04ae01b7\"},\"headline\":\"Martins y la Verde tienen la misi\u00f3n de ganar\",\"datePublished\":\"2021-06-03T10:05:58+00:00\",\"mainEntityOfPage\":{\"@id\":\"https:\\\/\\\/www.eldiario.net\\\/portal\\\/2021\\\/06\\\/03\\\/martins-y-la-verde-tienen-la-mision-de-ganar\\\/\"},\"wordCount\":502,\"publisher\":{\"@id\":\"https:\\\/\\\/www.eldiario.net\\\/portal\\\/#organization\"},\"image\":{\"@id\":\"https:\\\/\\\/www.eldiario.net\\\/portal\\\/2021\\\/06\\\/03\\\/martins-y-la-verde-tienen-la-mision-de-ganar\\\/#primaryimage\"},\"thumbnailUrl\":\"\",\"articleSection\":[\"Deportes\"],\"inLanguage\":\"es\"},{\"@type\":\"WebPage\",\"@id\":\"https:\\\/\\\/www.eldiario.net\\\/portal\\\/2021\\\/06\\\/03\\\/martins-y-la-verde-tienen-la-mision-de-ganar\\\/\",\"url\":\"https:\\\/\\\/www.eldiario.net\\\/portal\\\/2021\\\/06\\\/03\\\/martins-y-la-verde-tienen-la-mision-de-ganar\\\/\",\"name\":\"Martins y la Verde tienen la misi\u00f3n de ganar - El Diario - Bolivia\",\"isPartOf\":{\"@id\":\"https:\\\/\\\/www.eldiario.net\\\/portal\\\/#website\"},\"primaryImageOfPage\":{\"@id\":\"https:\\\/\\\/www.eldiario.net\\\/portal\\\/2021\\\/06\\\/03\\\/martins-y-la-verde-tienen-la-mision-de-ganar\\\/#primaryimage\"},\"image\":{\"@id\":\"https:\\\/\\\/www.eldiario.net\\\/portal\\\/2021\\\/06\\\/03\\\/martins-y-la-verde-tienen-la-mision-de-ganar\\\/#primaryimage\"},\"thumbnailUrl\":\"\",\"datePublished\":\"2021-06-03T10:05:58+00:00\",\"breadcrumb\":{\"@id\":\"https:\\\/\\\/www.eldiario.net\\\/portal\\\/2021\\\/06\\\/03\\\/martins-y-la-verde-tienen-la-mision-de-ganar\\\/#breadcrumb\"},\"inLanguage\":\"es\",\"potentialAction\":[{\"@type\":\"ReadAction\",\"target\":[\"https:\\\/\\\/www.eldiario.net\\\/portal\\\/2021\\\/06\\\/03\\\/martins-y-la-verde-tienen-la-mision-de-ganar\\\/\"]}]},{\"@type\":\"ImageObject\",\"inLanguage\":\"es\",\"@id\":\"https:\\\/\\\/www.eldiario.net\\\/portal\\\/2021\\\/06\\\/03\\\/martins-y-la-verde-tienen-la-mision-de-ganar\\\/#primaryimage\",\"url\":\"\",\"contentUrl\":\"\"},{\"@type\":\"BreadcrumbList\",\"@id\":\"https:\\\/\\\/www.eldiario.net\\\/portal\\\/2021\\\/06\\\/03\\\/martins-y-la-verde-tienen-la-mision-de-ganar\\\/#breadcrumb\",\"itemListElement\":[{\"@type\":\"ListItem\",\"position\":1,\"name\":\"Portada\",\"item\":\"https:\\\/\\\/www.eldiario.net\\\/portal\\\/\"},{\"@type\":\"ListItem\",\"position\":2,\"name\":\"Martins y la Verde tienen la misi\u00f3n de ganar\"}]},{\"@type\":\"WebSite\",\"@id\":\"https:\\\/\\\/www.eldiario.net\\\/portal\\\/#website\",\"url\":\"https:\\\/\\\/www.eldiario.net\\\/portal\\\/\",\"name\":\"El Diario - Decano de la prensa nacional\",\"description\":\"El Diario - Decano de la prensa nacional\",\"publisher\":{\"@id\":\"https:\\\/\\\/www.eldiario.net\\\/portal\\\/#organization\"},\"potentialAction\":[{\"@type\":\"SearchAction\",\"target\":{\"@type\":\"EntryPoint\",\"urlTemplate\":\"https:\\\/\\\/www.eldiario.net\\\/portal\\\/?s={search_term_string}\"},\"query-input\":{\"@type\":\"PropertyValueSpecification\",\"valueRequired\":true,\"valueName\":\"search_term_string\"}}],\"inLanguage\":\"es\"},{\"@type\":\"Organization\",\"@id\":\"https:\\\/\\\/www.eldiario.net\\\/portal\\\/#organization\",\"name\":\"El Diario - Decano de la prensa nacional\",\"url\":\"https:\\\/\\\/www.eldiario.net\\\/portal\\\/\",\"logo\":{\"@type\":\"ImageObject\",\"inLanguage\":\"es\",\"@id\":\"https:\\\/\\\/www.eldiario.net\\\/portal\\\/#\\\/schema\\\/logo\\\/image\\\/\",\"url\":\"https:\\\/\\\/www.eldiario.net\\\/portal\\\/wp-content\\\/uploads\\\/2023\\\/07\\\/logo_ED.jpg\",\"contentUrl\":\"https:\\\/\\\/www.eldiario.net\\\/portal\\\/wp-content\\\/uploads\\\/2023\\\/07\\\/logo_ED.jpg\",\"width\":272,\"height\":52,\"caption\":\"El Diario - Decano de la prensa nacional\"},\"image\":{\"@id\":\"https:\\\/\\\/www.eldiario.net\\\/portal\\\/#\\\/schema\\\/logo\\\/image\\\/\"},\"sameAs\":[\"https:\\\/\\\/www.facebook.com\\\/eldiario.bolivia\\\/\",\"https:\\\/\\\/x.com\\\/eldiario_net\"]},{\"@type\":\"Person\",\"@id\":\"https:\\\/\\\/www.eldiario.net\\\/portal\\\/#\\\/schema\\\/person\\\/f46445640444750d7d753ccd04ae01b7\",\"name\":\"Jeanette\",\"image\":{\"@type\":\"ImageObject\",\"inLanguage\":\"es\",\"@id\":\"https:\\\/\\\/secure.gravatar.com\\\/avatar\\\/3ea2118a5f7dad2b7138b1187a6b7ee55f160b9968b66013c3a3ef39dd7e5798?s=96&d=mm&r=g\",\"url\":\"https:\\\/\\\/secure.gravatar.com\\\/avatar\\\/3ea2118a5f7dad2b7138b1187a6b7ee55f160b9968b66013c3a3ef39dd7e5798?s=96&d=mm&r=g\",\"contentUrl\":\"https:\\\/\\\/secure.gravatar.com\\\/avatar\\\/3ea2118a5f7dad2b7138b1187a6b7ee55f160b9968b66013c3a3ef39dd7e5798?s=96&d=mm&r=g\",\"caption\":\"Jeanette\"},\"sameAs\":[\"https:\\\/\\\/www.eldiario.net\\\/portal\"],\"url\":\"https:\\\/\\\/www.eldiario.net\\\/portal\\\/author\\\/jeanette\\\/\"}]}<\/script>\n<!-- \/ Yoast SEO plugin. -->","yoast_head_json":{"title":"Martins y la Verde tienen la misi\u00f3n de ganar - El Diario - Bolivia","robots":{"index":"index","follow":"follow","max-snippet":"max-snippet:-1","max-image-preview":"max-image-preview:large","max-video-preview":"max-video-preview:-1"},"canonical":"https:\/\/www.eldiario.net\/portal\/2021\/06\/03\/martins-y-la-verde-tienen-la-mision-de-ganar\/","og_locale":"es_ES","og_type":"article","og_title":"Martins y la Verde tienen la misi\u00f3n de ganar - El Diario - Bolivia","og_description":"La Selecci\u00f3n Nacional se medir\u00e1 hoy (16.00) ante su par de Venezuela con la obligaci\u00f3n de vencer y salir del fondo de la tabla de posiciones de las Eliminatorias Sudamericanas. La Verde quiere reavivar las esperanzas de clasificar al Mundial de Catar 2022. Este cotejo se disputar\u00e1 en el estadio Hernando Siles, de La Paz. [&hellip;]","og_url":"https:\/\/www.eldiario.net\/portal\/2021\/06\/03\/martins-y-la-verde-tienen-la-mision-de-ganar\/","og_site_name":"El Diario - Bolivia","article_publisher":"https:\/\/www.facebook.com\/eldiario.bolivia\/","article_published_time":"2021-06-03T10:05:58+00:00","author":"Jeanette","twitter_card":"summary_large_image","twitter_creator":"@eldiario_net","twitter_site":"@eldiario_net","twitter_misc":{"Escrito por":"Jeanette","Tiempo de lectura":"3 minutos"},"schema":{"@context":"https:\/\/schema.org","@graph":[{"@type":"Article","@id":"https:\/\/www.eldiario.net\/portal\/2021\/06\/03\/martins-y-la-verde-tienen-la-mision-de-ganar\/#article","isPartOf":{"@id":"https:\/\/www.eldiario.net\/portal\/2021\/06\/03\/martins-y-la-verde-tienen-la-mision-de-ganar\/"},"author":{"name":"Jeanette","@id":"https:\/\/www.eldiario.net\/portal\/#\/schema\/person\/f46445640444750d7d753ccd04ae01b7"},"headline":"Martins y la Verde tienen la misi\u00f3n de ganar","datePublished":"2021-06-03T10:05:58+00:00","mainEntityOfPage":{"@id":"https:\/\/www.eldiario.net\/portal\/2021\/06\/03\/martins-y-la-verde-tienen-la-mision-de-ganar\/"},"wordCount":502,"publisher":{"@id":"https:\/\/www.eldiario.net\/portal\/#organization"},"image":{"@id":"https:\/\/www.eldiario.net\/portal\/2021\/06\/03\/martins-y-la-verde-tienen-la-mision-de-ganar\/#primaryimage"},"thumbnailUrl":"","articleSection":["Deportes"],"inLanguage":"es"},{"@type":"WebPage","@id":"https:\/\/www.eldiario.net\/portal\/2021\/06\/03\/martins-y-la-verde-tienen-la-mision-de-ganar\/","url":"https:\/\/www.eldiario.net\/portal\/2021\/06\/03\/martins-y-la-verde-tienen-la-mision-de-ganar\/","name":"Martins y la Verde tienen la misi\u00f3n de ganar - El Diario - Bolivia","isPartOf":{"@id":"https:\/\/www.eldiario.net\/portal\/#website"},"primaryImageOfPage":{"@id":"https:\/\/www.eldiario.net\/portal\/2021\/06\/03\/martins-y-la-verde-tienen-la-mision-de-ganar\/#primaryimage"},"image":{"@id":"https:\/\/www.eldiario.net\/portal\/2021\/06\/03\/martins-y-la-verde-tienen-la-mision-de-ganar\/#primaryimage"},"thumbnailUrl":"","datePublished":"2021-06-03T10:05:58+00:00","breadcrumb":{"@id":"https:\/\/www.eldiario.net\/portal\/2021\/06\/03\/martins-y-la-verde-tienen-la-mision-de-ganar\/#breadcrumb"},"inLanguage":"es","potentialAction":[{"@type":"ReadAction","target":["https:\/\/www.eldiario.net\/portal\/2021\/06\/03\/martins-y-la-verde-tienen-la-mision-de-ganar\/"]}]},{"@type":"ImageObject","inLanguage":"es","@id":"https:\/\/www.eldiario.net\/portal\/2021\/06\/03\/martins-y-la-verde-tienen-la-mision-de-ganar\/#primaryimage","url":"","contentUrl":""},{"@type":"BreadcrumbList","@id":"https:\/\/www.eldiario.net\/portal\/2021\/06\/03\/martins-y-la-verde-tienen-la-mision-de-ganar\/#breadcrumb","itemListElement":[{"@type":"ListItem","position":1,"name":"Portada","item":"https:\/\/www.eldiario.net\/portal\/"},{"@type":"ListItem","position":2,"name":"Martins y la Verde tienen la misi\u00f3n de ganar"}]},{"@type":"WebSite","@id":"https:\/\/www.eldiario.net\/portal\/#website","url":"https:\/\/www.eldiario.net\/portal\/","name":"El Diario - Decano de la prensa nacional","description":"El Diario - Decano de la prensa nacional","publisher":{"@id":"https:\/\/www.eldiario.net\/portal\/#organization"},"potentialAction":[{"@type":"SearchAction","target":{"@type":"EntryPoint","urlTemplate":"https:\/\/www.eldiario.net\/portal\/?s={search_term_string}"},"query-input":{"@type":"PropertyValueSpecification","valueRequired":true,"valueName":"search_term_string"}}],"inLanguage":"es"},{"@type":"Organization","@id":"https:\/\/www.eldiario.net\/portal\/#organization","name":"El Diario - Decano de la prensa nacional","url":"https:\/\/www.eldiario.net\/portal\/","logo":{"@type":"ImageObject","inLanguage":"es","@id":"https:\/\/www.eldiario.net\/portal\/#\/schema\/logo\/image\/","url":"https:\/\/www.eldiario.net\/portal\/wp-content\/uploads\/2023\/07\/logo_ED.jpg","contentUrl":"https:\/\/www.eldiario.net\/portal\/wp-content\/uploads\/2023\/07\/logo_ED.jpg","width":272,"height":52,"caption":"El Diario - Decano de la prensa nacional"},"image":{"@id":"https:\/\/www.eldiario.net\/portal\/#\/schema\/logo\/image\/"},"sameAs":["https:\/\/www.facebook.com\/eldiario.bolivia\/","https:\/\/x.com\/eldiario_net"]},{"@type":"Person","@id":"https:\/\/www.eldiario.net\/portal\/#\/schema\/person\/f46445640444750d7d753ccd04ae01b7","name":"Jeanette","image":{"@type":"ImageObject","inLanguage":"es","@id":"https:\/\/secure.gravatar.com\/avatar\/3ea2118a5f7dad2b7138b1187a6b7ee55f160b9968b66013c3a3ef39dd7e5798?s=96&d=mm&r=g","url":"https:\/\/secure.gravatar.com\/avatar\/3ea2118a5f7dad2b7138b1187a6b7ee55f160b9968b66013c3a3ef39dd7e5798?s=96&d=mm&r=g","contentUrl":"https:\/\/secure.gravatar.com\/avatar\/3ea2118a5f7dad2b7138b1187a6b7ee55f160b9968b66013c3a3ef39dd7e5798?s=96&d=mm&r=g","caption":"Jeanette"},"sameAs":["https:\/\/www.eldiario.net\/portal"],"url":"https:\/\/www.eldiario.net\/portal\/author\/jeanette\/"}]}},"_links":{"self":[{"href":"https:\/\/www.eldiario.net\/portal\/wp-json\/wp\/v2\/posts\/7997","targetHints":{"allow":["GET"]}}],"collection":[{"href":"https:\/\/www.eldiario.net\/portal\/wp-json\/wp\/v2\/posts"}],"about":[{"href":"https:\/\/www.eldiario.net\/portal\/wp-json\/wp\/v2\/types\/post"}],"author":[{"embeddable":true,"href":"https:\/\/www.eldiario.net\/portal\/wp-json\/wp\/v2\/users\/1"}],"replies":[{"embeddable":true,"href":"https:\/\/www.eldiario.net\/portal\/wp-json\/wp\/v2\/comments?post=7997"}],"version-history":[{"count":0,"href":"https:\/\/www.eldiario.net\/portal\/wp-json\/wp\/v2\/posts\/7997\/revisions"}],"wp:attachment":[{"href":"https:\/\/www.eldiario.net\/portal\/wp-json\/wp\/v2\/media?parent=7997"}],"wp:term":[{"taxonomy":"category","embeddable":true,"href":"https:\/\/www.eldiario.net\/portal\/wp-json\/wp\/v2\/categories?post=7997"},{"taxonomy":"post_tag","embeddable":true,"href":"https:\/\/www.eldiario.net\/portal\/wp-json\/wp\/v2\/tags?post=7997"}],"curies":[{"name":"wp","href":"https:\/\/api.w.org\/{rel}","templated":true}]}}