{"id":79898,"date":"2022-04-29T04:58:53","date_gmt":"2022-04-29T08:58:53","guid":{"rendered":"https:\/\/www.eldiario.net\/portal\/?p=79898"},"modified":"2022-04-29T04:58:53","modified_gmt":"2022-04-29T08:58:53","slug":"rusia-dispara-misiles-a-kiev-durante-visita-de-la-onu","status":"publish","type":"post","link":"https:\/\/www.eldiario.net\/portal\/2022\/04\/29\/rusia-dispara-misiles-a-kiev-durante-visita-de-la-onu\/","title":{"rendered":"Rusia dispara misiles a Kiev  durante visita de la ONU"},"content":{"rendered":"<p>Kiev.- Rusia dispar\u00f3 ayer dos misiles contra la capital ucraniana, Kiev, durante una visita del secretario general de la ONU, Antonio Guterres, y uno de ellos impact\u00f3 en el piso inferior de un edificio residencial, hiriendo al menos a tres personas, seg\u00fan su alcalde.<br \/>\nReuters no pudo verificar de forma independiente la causa de las explosiones. Kiev goza de una relativa calma desde que las fuerzas de invasi\u00f3n rusas fracasaron en su intento de capturarla ante la dura resistencia ucraniana y se retiraron hace varias semanas, pero sigue siendo vulnerable al armamento pesado de mayor alcance.<br \/>\nLas explosiones sacudieron el c\u00e9ntrico barrio de Shevchenko de Kiev y los tres heridos han sido hospitalizados, seg\u00fan inform\u00f3 el alcalde Vitali Klitschko en un mensaje de Twitter.<br \/>\nEl ministro de Defensa, Oleksii Reznikov, y el de Asuntos Exteriores, Dmytro Kuleba, afirmaron que las explosiones fueron causadas por misiles rusos. Testigos de Reuters hab\u00edan informado antes de que se hab\u00edan o\u00eddo dos explosiones.<br \/>\nLas explosiones se produjeron despu\u00e9s de que el jefe de la ONU, Guterres, concluy\u00f3 las conversaciones con el presidente ucraniano, Volod\u00edmir Zelenski, centradas en los esfuerzos para evacuar a los civiles del puerto meridional de Mari\u00fapol, asediado por Rusia.<br \/>\nGuterres declar\u00f3 a la emisora portuguesa RTP al ser consultado por las explosiones \u00abhubo un atentado en Kiev (&#8230;) me conmocion\u00f3, no porque yo est\u00e9 aqu\u00ed, sino porque Kiev es una ciudad sagrada tanto para los ucranianos como para los rusos\u00bb.<br \/>\nEl jefe de gabinete de Zelenski, Andriy Yermak, se\u00f1al\u00f3 que las explosiones eran \u00abla prueba de que necesitamos una r\u00e1pida victoria sobre Rusia (&#8230;) Debemos actuar r\u00e1pidamente: m\u00e1s armas, m\u00e1s esfuerzos humanitarios (&#8230;) porque cada d\u00eda Ucrania paga un alto precio por la protecci\u00f3n de la democracia y la libertad\u00bb.<br \/>\nEn respuesta a las reiteradas peticiones ucranianas, el presidente de Estados Unidos, Joe Biden, pidi\u00f3 el jueves al Congreso 33.000 millones de d\u00f3lares para apoyar a Kiev, un enorme aumento que incluye m\u00e1s de 20.000 millones de d\u00f3lares para armas y municiones.<br \/>\nEl paquete, que tambi\u00e9n incluye 8.500 millones de d\u00f3lares en asistencia econ\u00f3mica directa y 3.000 millones en ayuda humanitaria y de seguridad alimentaria, forma parte de los esfuerzos de Estados Unidos para aislar y castigar a Rusia por la invasi\u00f3n del 24 de febrero, que ha arrasado ciudades y empujado a m\u00e1s de cinco millones de personas al extranjero. (Reuters)<\/p>\n","protected":false},"excerpt":{"rendered":"<p>Kiev.- Rusia dispar\u00f3 ayer dos misiles contra la capital ucraniana, Kiev, durante una visita del secretario general de la ONU, Antonio Guterres, y uno de ellos impact\u00f3 en el piso inferior de un edificio residencial, hiriendo al menos a tres personas, seg\u00fan su alcalde. Reuters no pudo verificar de forma independiente la causa de las [&hellip;]<\/p>\n","protected":false},"author":1,"featured_media":79899,"comment_status":"closed","ping_status":"closed","sticky":false,"template":"","format":"standard","meta":{"_acf_changed":false,"footnotes":""},"categories":[3],"tags":[],"class_list":["post-79898","post","type-post","status-publish","format-standard","has-post-thumbnail","category-internacional"],"acf":{"antetitulo":""},"yoast_head":"<!-- This site is optimized with the Yoast SEO plugin v28.4 - https:\/\/yoast.com\/product\/yoast-seo-wordpress\/ -->\n<title>Rusia dispara misiles a Kiev durante visita de la ONU - El Diario - Bolivia<\/title>\n<meta name=\"robots\" content=\"index, follow, max-snippet:-1, max-image-preview:large, max-video-preview:-1\" \/>\n<link rel=\"canonical\" href=\"https:\/\/www.eldiario.net\/portal\/2022\/04\/29\/rusia-dispara-misiles-a-kiev-durante-visita-de-la-onu\/\" \/>\n<meta property=\"og:locale\" content=\"es_ES\" \/>\n<meta property=\"og:type\" content=\"article\" \/>\n<meta property=\"og:title\" content=\"Rusia dispara misiles a Kiev durante visita de la ONU - El Diario - Bolivia\" \/>\n<meta property=\"og:description\" content=\"Kiev.- Rusia dispar\u00f3 ayer dos misiles contra la capital ucraniana, Kiev, durante una visita del secretario general de la ONU, Antonio Guterres, y uno de ellos impact\u00f3 en el piso inferior de un edificio residencial, hiriendo al menos a tres personas, seg\u00fan su alcalde. Reuters no pudo verificar de forma independiente la causa de las [&hellip;]\" \/>\n<meta property=\"og:url\" content=\"https:\/\/www.eldiario.net\/portal\/2022\/04\/29\/rusia-dispara-misiles-a-kiev-durante-visita-de-la-onu\/\" \/>\n<meta property=\"og:site_name\" content=\"El Diario - Bolivia\" \/>\n<meta property=\"article:publisher\" content=\"https:\/\/www.facebook.com\/eldiario.bolivia\/\" \/>\n<meta property=\"article:published_time\" content=\"2022-04-29T08:58:53+00:00\" \/>\n<meta name=\"author\" content=\"Jeanette\" \/>\n<meta name=\"twitter:card\" content=\"summary_large_image\" \/>\n<meta name=\"twitter:creator\" content=\"@eldiario_net\" \/>\n<meta name=\"twitter:site\" content=\"@eldiario_net\" \/>\n<meta name=\"twitter:label1\" content=\"Escrito por\" \/>\n\t<meta name=\"twitter:data1\" content=\"Jeanette\" \/>\n\t<meta name=\"twitter:label2\" content=\"Tiempo de lectura\" \/>\n\t<meta name=\"twitter:data2\" content=\"2 minutos\" \/>\n<script type=\"application\/ld+json\" class=\"yoast-schema-graph\">{\"@context\":\"https:\\\/\\\/schema.org\",\"@graph\":[{\"@type\":\"Article\",\"@id\":\"https:\\\/\\\/www.eldiario.net\\\/portal\\\/2022\\\/04\\\/29\\\/rusia-dispara-misiles-a-kiev-durante-visita-de-la-onu\\\/#article\",\"isPartOf\":{\"@id\":\"https:\\\/\\\/www.eldiario.net\\\/portal\\\/2022\\\/04\\\/29\\\/rusia-dispara-misiles-a-kiev-durante-visita-de-la-onu\\\/\"},\"author\":{\"name\":\"Jeanette\",\"@id\":\"https:\\\/\\\/www.eldiario.net\\\/portal\\\/#\\\/schema\\\/person\\\/2c57cf2b7a7ae032e449e4c9b1019eac\"},\"headline\":\"Rusia dispara misiles a Kiev durante visita de la ONU\",\"datePublished\":\"2022-04-29T08:58:53+00:00\",\"mainEntityOfPage\":{\"@id\":\"https:\\\/\\\/www.eldiario.net\\\/portal\\\/2022\\\/04\\\/29\\\/rusia-dispara-misiles-a-kiev-durante-visita-de-la-onu\\\/\"},\"wordCount\":419,\"publisher\":{\"@id\":\"https:\\\/\\\/www.eldiario.net\\\/portal\\\/#organization\"},\"image\":{\"@id\":\"https:\\\/\\\/www.eldiario.net\\\/portal\\\/2022\\\/04\\\/29\\\/rusia-dispara-misiles-a-kiev-durante-visita-de-la-onu\\\/#primaryimage\"},\"thumbnailUrl\":\"\",\"articleSection\":[\"Internacional\"],\"inLanguage\":\"es\"},{\"@type\":\"WebPage\",\"@id\":\"https:\\\/\\\/www.eldiario.net\\\/portal\\\/2022\\\/04\\\/29\\\/rusia-dispara-misiles-a-kiev-durante-visita-de-la-onu\\\/\",\"url\":\"https:\\\/\\\/www.eldiario.net\\\/portal\\\/2022\\\/04\\\/29\\\/rusia-dispara-misiles-a-kiev-durante-visita-de-la-onu\\\/\",\"name\":\"Rusia dispara misiles a Kiev durante visita de la ONU - El Diario - Bolivia\",\"isPartOf\":{\"@id\":\"https:\\\/\\\/www.eldiario.net\\\/portal\\\/#website\"},\"primaryImageOfPage\":{\"@id\":\"https:\\\/\\\/www.eldiario.net\\\/portal\\\/2022\\\/04\\\/29\\\/rusia-dispara-misiles-a-kiev-durante-visita-de-la-onu\\\/#primaryimage\"},\"image\":{\"@id\":\"https:\\\/\\\/www.eldiario.net\\\/portal\\\/2022\\\/04\\\/29\\\/rusia-dispara-misiles-a-kiev-durante-visita-de-la-onu\\\/#primaryimage\"},\"thumbnailUrl\":\"\",\"datePublished\":\"2022-04-29T08:58:53+00:00\",\"breadcrumb\":{\"@id\":\"https:\\\/\\\/www.eldiario.net\\\/portal\\\/2022\\\/04\\\/29\\\/rusia-dispara-misiles-a-kiev-durante-visita-de-la-onu\\\/#breadcrumb\"},\"inLanguage\":\"es\",\"potentialAction\":[{\"@type\":\"ReadAction\",\"target\":[\"https:\\\/\\\/www.eldiario.net\\\/portal\\\/2022\\\/04\\\/29\\\/rusia-dispara-misiles-a-kiev-durante-visita-de-la-onu\\\/\"]}]},{\"@type\":\"ImageObject\",\"inLanguage\":\"es\",\"@id\":\"https:\\\/\\\/www.eldiario.net\\\/portal\\\/2022\\\/04\\\/29\\\/rusia-dispara-misiles-a-kiev-durante-visita-de-la-onu\\\/#primaryimage\",\"url\":\"\",\"contentUrl\":\"\"},{\"@type\":\"BreadcrumbList\",\"@id\":\"https:\\\/\\\/www.eldiario.net\\\/portal\\\/2022\\\/04\\\/29\\\/rusia-dispara-misiles-a-kiev-durante-visita-de-la-onu\\\/#breadcrumb\",\"itemListElement\":[{\"@type\":\"ListItem\",\"position\":1,\"name\":\"Portada\",\"item\":\"https:\\\/\\\/www.eldiario.net\\\/portal\\\/\"},{\"@type\":\"ListItem\",\"position\":2,\"name\":\"Rusia dispara misiles a Kiev durante visita de la ONU\"}]},{\"@type\":\"WebSite\",\"@id\":\"https:\\\/\\\/www.eldiario.net\\\/portal\\\/#website\",\"url\":\"https:\\\/\\\/www.eldiario.net\\\/portal\\\/\",\"name\":\"El Diario - Decano de la prensa nacional\",\"description\":\"El Diario - Decano de la prensa nacional\",\"publisher\":{\"@id\":\"https:\\\/\\\/www.eldiario.net\\\/portal\\\/#organization\"},\"potentialAction\":[{\"@type\":\"SearchAction\",\"target\":{\"@type\":\"EntryPoint\",\"urlTemplate\":\"https:\\\/\\\/www.eldiario.net\\\/portal\\\/?s={search_term_string}\"},\"query-input\":{\"@type\":\"PropertyValueSpecification\",\"valueRequired\":true,\"valueName\":\"search_term_string\"}}],\"inLanguage\":\"es\"},{\"@type\":\"Organization\",\"@id\":\"https:\\\/\\\/www.eldiario.net\\\/portal\\\/#organization\",\"name\":\"El Diario - Decano de la prensa nacional\",\"url\":\"https:\\\/\\\/www.eldiario.net\\\/portal\\\/\",\"logo\":{\"@type\":\"ImageObject\",\"inLanguage\":\"es\",\"@id\":\"https:\\\/\\\/www.eldiario.net\\\/portal\\\/#\\\/schema\\\/logo\\\/image\\\/\",\"url\":\"https:\\\/\\\/www.eldiario.net\\\/portal\\\/wp-content\\\/uploads\\\/2023\\\/07\\\/logo_ED.jpg\",\"contentUrl\":\"https:\\\/\\\/www.eldiario.net\\\/portal\\\/wp-content\\\/uploads\\\/2023\\\/07\\\/logo_ED.jpg\",\"width\":272,\"height\":52,\"caption\":\"El Diario - Decano de la prensa nacional\"},\"image\":{\"@id\":\"https:\\\/\\\/www.eldiario.net\\\/portal\\\/#\\\/schema\\\/logo\\\/image\\\/\"},\"sameAs\":[\"https:\\\/\\\/www.facebook.com\\\/eldiario.bolivia\\\/\",\"https:\\\/\\\/x.com\\\/eldiario_net\"]},{\"@type\":\"Person\",\"@id\":\"https:\\\/\\\/www.eldiario.net\\\/portal\\\/#\\\/schema\\\/person\\\/2c57cf2b7a7ae032e449e4c9b1019eac\",\"name\":\"Jeanette\",\"image\":{\"@type\":\"ImageObject\",\"inLanguage\":\"es\",\"@id\":\"https:\\\/\\\/secure.gravatar.com\\\/avatar\\\/3ea2118a5f7dad2b7138b1187a6b7ee55f160b9968b66013c3a3ef39dd7e5798?s=96&d=mm&r=g\",\"url\":\"https:\\\/\\\/secure.gravatar.com\\\/avatar\\\/3ea2118a5f7dad2b7138b1187a6b7ee55f160b9968b66013c3a3ef39dd7e5798?s=96&d=mm&r=g\",\"contentUrl\":\"https:\\\/\\\/secure.gravatar.com\\\/avatar\\\/3ea2118a5f7dad2b7138b1187a6b7ee55f160b9968b66013c3a3ef39dd7e5798?s=96&d=mm&r=g\",\"caption\":\"Jeanette\"},\"sameAs\":[\"https:\\\/\\\/www.eldiario.net\\\/portal\"],\"url\":\"https:\\\/\\\/www.eldiario.net\\\/portal\\\/author\\\/jeanette\\\/\"}]}<\/script>\n<!-- \/ Yoast SEO plugin. -->","yoast_head_json":{"title":"Rusia dispara misiles a Kiev durante visita de la ONU - El Diario - Bolivia","robots":{"index":"index","follow":"follow","max-snippet":"max-snippet:-1","max-image-preview":"max-image-preview:large","max-video-preview":"max-video-preview:-1"},"canonical":"https:\/\/www.eldiario.net\/portal\/2022\/04\/29\/rusia-dispara-misiles-a-kiev-durante-visita-de-la-onu\/","og_locale":"es_ES","og_type":"article","og_title":"Rusia dispara misiles a Kiev durante visita de la ONU - El Diario - Bolivia","og_description":"Kiev.- Rusia dispar\u00f3 ayer dos misiles contra la capital ucraniana, Kiev, durante una visita del secretario general de la ONU, Antonio Guterres, y uno de ellos impact\u00f3 en el piso inferior de un edificio residencial, hiriendo al menos a tres personas, seg\u00fan su alcalde. Reuters no pudo verificar de forma independiente la causa de las [&hellip;]","og_url":"https:\/\/www.eldiario.net\/portal\/2022\/04\/29\/rusia-dispara-misiles-a-kiev-durante-visita-de-la-onu\/","og_site_name":"El Diario - Bolivia","article_publisher":"https:\/\/www.facebook.com\/eldiario.bolivia\/","article_published_time":"2022-04-29T08:58:53+00:00","author":"Jeanette","twitter_card":"summary_large_image","twitter_creator":"@eldiario_net","twitter_site":"@eldiario_net","twitter_misc":{"Escrito por":"Jeanette","Tiempo de lectura":"2 minutos"},"schema":{"@context":"https:\/\/schema.org","@graph":[{"@type":"Article","@id":"https:\/\/www.eldiario.net\/portal\/2022\/04\/29\/rusia-dispara-misiles-a-kiev-durante-visita-de-la-onu\/#article","isPartOf":{"@id":"https:\/\/www.eldiario.net\/portal\/2022\/04\/29\/rusia-dispara-misiles-a-kiev-durante-visita-de-la-onu\/"},"author":{"name":"Jeanette","@id":"https:\/\/www.eldiario.net\/portal\/#\/schema\/person\/2c57cf2b7a7ae032e449e4c9b1019eac"},"headline":"Rusia dispara misiles a Kiev durante visita de la ONU","datePublished":"2022-04-29T08:58:53+00:00","mainEntityOfPage":{"@id":"https:\/\/www.eldiario.net\/portal\/2022\/04\/29\/rusia-dispara-misiles-a-kiev-durante-visita-de-la-onu\/"},"wordCount":419,"publisher":{"@id":"https:\/\/www.eldiario.net\/portal\/#organization"},"image":{"@id":"https:\/\/www.eldiario.net\/portal\/2022\/04\/29\/rusia-dispara-misiles-a-kiev-durante-visita-de-la-onu\/#primaryimage"},"thumbnailUrl":"","articleSection":["Internacional"],"inLanguage":"es"},{"@type":"WebPage","@id":"https:\/\/www.eldiario.net\/portal\/2022\/04\/29\/rusia-dispara-misiles-a-kiev-durante-visita-de-la-onu\/","url":"https:\/\/www.eldiario.net\/portal\/2022\/04\/29\/rusia-dispara-misiles-a-kiev-durante-visita-de-la-onu\/","name":"Rusia dispara misiles a Kiev durante visita de la ONU - El Diario - Bolivia","isPartOf":{"@id":"https:\/\/www.eldiario.net\/portal\/#website"},"primaryImageOfPage":{"@id":"https:\/\/www.eldiario.net\/portal\/2022\/04\/29\/rusia-dispara-misiles-a-kiev-durante-visita-de-la-onu\/#primaryimage"},"image":{"@id":"https:\/\/www.eldiario.net\/portal\/2022\/04\/29\/rusia-dispara-misiles-a-kiev-durante-visita-de-la-onu\/#primaryimage"},"thumbnailUrl":"","datePublished":"2022-04-29T08:58:53+00:00","breadcrumb":{"@id":"https:\/\/www.eldiario.net\/portal\/2022\/04\/29\/rusia-dispara-misiles-a-kiev-durante-visita-de-la-onu\/#breadcrumb"},"inLanguage":"es","potentialAction":[{"@type":"ReadAction","target":["https:\/\/www.eldiario.net\/portal\/2022\/04\/29\/rusia-dispara-misiles-a-kiev-durante-visita-de-la-onu\/"]}]},{"@type":"ImageObject","inLanguage":"es","@id":"https:\/\/www.eldiario.net\/portal\/2022\/04\/29\/rusia-dispara-misiles-a-kiev-durante-visita-de-la-onu\/#primaryimage","url":"","contentUrl":""},{"@type":"BreadcrumbList","@id":"https:\/\/www.eldiario.net\/portal\/2022\/04\/29\/rusia-dispara-misiles-a-kiev-durante-visita-de-la-onu\/#breadcrumb","itemListElement":[{"@type":"ListItem","position":1,"name":"Portada","item":"https:\/\/www.eldiario.net\/portal\/"},{"@type":"ListItem","position":2,"name":"Rusia dispara misiles a Kiev durante visita de la ONU"}]},{"@type":"WebSite","@id":"https:\/\/www.eldiario.net\/portal\/#website","url":"https:\/\/www.eldiario.net\/portal\/","name":"El Diario - Decano de la prensa nacional","description":"El Diario - Decano de la prensa nacional","publisher":{"@id":"https:\/\/www.eldiario.net\/portal\/#organization"},"potentialAction":[{"@type":"SearchAction","target":{"@type":"EntryPoint","urlTemplate":"https:\/\/www.eldiario.net\/portal\/?s={search_term_string}"},"query-input":{"@type":"PropertyValueSpecification","valueRequired":true,"valueName":"search_term_string"}}],"inLanguage":"es"},{"@type":"Organization","@id":"https:\/\/www.eldiario.net\/portal\/#organization","name":"El Diario - Decano de la prensa nacional","url":"https:\/\/www.eldiario.net\/portal\/","logo":{"@type":"ImageObject","inLanguage":"es","@id":"https:\/\/www.eldiario.net\/portal\/#\/schema\/logo\/image\/","url":"https:\/\/www.eldiario.net\/portal\/wp-content\/uploads\/2023\/07\/logo_ED.jpg","contentUrl":"https:\/\/www.eldiario.net\/portal\/wp-content\/uploads\/2023\/07\/logo_ED.jpg","width":272,"height":52,"caption":"El Diario - Decano de la prensa nacional"},"image":{"@id":"https:\/\/www.eldiario.net\/portal\/#\/schema\/logo\/image\/"},"sameAs":["https:\/\/www.facebook.com\/eldiario.bolivia\/","https:\/\/x.com\/eldiario_net"]},{"@type":"Person","@id":"https:\/\/www.eldiario.net\/portal\/#\/schema\/person\/2c57cf2b7a7ae032e449e4c9b1019eac","name":"Jeanette","image":{"@type":"ImageObject","inLanguage":"es","@id":"https:\/\/secure.gravatar.com\/avatar\/3ea2118a5f7dad2b7138b1187a6b7ee55f160b9968b66013c3a3ef39dd7e5798?s=96&d=mm&r=g","url":"https:\/\/secure.gravatar.com\/avatar\/3ea2118a5f7dad2b7138b1187a6b7ee55f160b9968b66013c3a3ef39dd7e5798?s=96&d=mm&r=g","contentUrl":"https:\/\/secure.gravatar.com\/avatar\/3ea2118a5f7dad2b7138b1187a6b7ee55f160b9968b66013c3a3ef39dd7e5798?s=96&d=mm&r=g","caption":"Jeanette"},"sameAs":["https:\/\/www.eldiario.net\/portal"],"url":"https:\/\/www.eldiario.net\/portal\/author\/jeanette\/"}]}},"_links":{"self":[{"href":"https:\/\/www.eldiario.net\/portal\/wp-json\/wp\/v2\/posts\/79898","targetHints":{"allow":["GET"]}}],"collection":[{"href":"https:\/\/www.eldiario.net\/portal\/wp-json\/wp\/v2\/posts"}],"about":[{"href":"https:\/\/www.eldiario.net\/portal\/wp-json\/wp\/v2\/types\/post"}],"author":[{"embeddable":true,"href":"https:\/\/www.eldiario.net\/portal\/wp-json\/wp\/v2\/users\/1"}],"replies":[{"embeddable":true,"href":"https:\/\/www.eldiario.net\/portal\/wp-json\/wp\/v2\/comments?post=79898"}],"version-history":[{"count":0,"href":"https:\/\/www.eldiario.net\/portal\/wp-json\/wp\/v2\/posts\/79898\/revisions"}],"wp:attachment":[{"href":"https:\/\/www.eldiario.net\/portal\/wp-json\/wp\/v2\/media?parent=79898"}],"wp:term":[{"taxonomy":"category","embeddable":true,"href":"https:\/\/www.eldiario.net\/portal\/wp-json\/wp\/v2\/categories?post=79898"},{"taxonomy":"post_tag","embeddable":true,"href":"https:\/\/www.eldiario.net\/portal\/wp-json\/wp\/v2\/tags?post=79898"}],"curies":[{"name":"wp","href":"https:\/\/api.w.org\/{rel}","templated":true}]}}