{"id":79891,"date":"2022-04-29T04:57:09","date_gmt":"2022-04-29T08:57:09","guid":{"rendered":"https:\/\/www.eldiario.net\/portal\/?p=79891"},"modified":"2022-04-29T04:57:09","modified_gmt":"2022-04-29T08:57:09","slug":"estado-fallido","status":"publish","type":"post","link":"https:\/\/www.eldiario.net\/portal\/2022\/04\/29\/estado-fallido\/","title":{"rendered":"Estado fallido"},"content":{"rendered":"<p>A punto de ser reemplazada por otro masista, la actual Defensora del Pueblo decidi\u00f3 denunciar por lo menos un hecho, de los cientos que hay, cometido por el Gobierno.<br \/>\nLas estad\u00edsticas dicen que en los \u00faltimos diez a\u00f1os, las importaciones de dragas para explotaci\u00f3n minera pasaron de una a 900 toneladas por a\u00f1o.<br \/>\nPor otro lado, se ha difundido la informaci\u00f3n complementaria de la anterior de que Bolivia es el primer consumidor de mercurio en el mundo.<br \/>\nEs decir que la miner\u00eda ilegal ha encontrado su para\u00edso en Bolivia, como se comprueba por las denuncias que hacen pueblos originarios, campesinos e ind\u00edgenas.<br \/>\nLa miner\u00eda ilegal avanza incluso usando armas para ahuyentar a los abor\u00edgenes, con la ventaja de que a estos \u00faltimos nadie los defiende, lo que ocurre en muchos lugares, como el r\u00edo Ichilo, infestado por las dragas chinas y el mercurio.<br \/>\nLa OTB de la comunidad ind\u00edgena Lecos de Charopampa envi\u00f3 una denuncia a la Defensor\u00eda del Pueblo, la que \u2013oh sorpresa\u2013 elabor\u00f3 un informe en el que revela que en Bolivia el Estado no act\u00faa. No lo dice, pero la lectura del informe revela que Bolivia est\u00e1 muy avanzada en convertirse en un Estado fallido.<br \/>\nEl informe incluye este titular:<br \/>\n\u201cVulneraci\u00f3n de derechos por omisi\u00f3n del control y fiscalizaci\u00f3n de actividades mineras en el municipio de Mapiri del departamento de La Paz\u201d.<br \/>\nDice el informe que Comibol en 2012 hizo una concesi\u00f3n minera a la \u201cCooperativa 15 de Mayo\u201d para que pueda explotar los recursos mineros de la zona.<br \/>\nPor supuesto, los abor\u00edgenes de la zona ponen en primer lugar de su denuncia el hecho de que la mencionada \u201ccooperativa\u201d, que ha transferido sus derechos a empresas privadas de origen chino, no cumple con la normativa medioambiental.<br \/>\nA los pueblos originarios de Bolivia les preocupa que se est\u00e9 afectando al medio ambiente, y encuentran que la defensa de la Pachamama, que el Gobierno menciona como sus principales prop\u00f3sitos, es falsa.<br \/>\nLa miner\u00eda ilegal est\u00e1 dominada por una asociaci\u00f3n de presuntas cooperativas que logran del Estado una concesi\u00f3n o licencia minera, y la transfieren a empresas de origen chino que tienen dragas y mercurio.<br \/>\nDe esa manera se destruye la naturaleza pero adem\u00e1s el pago de regal\u00edas mineras pasa de 7,5 % a 2,5 %, por el tratamiento especial que se otorga a las cooperativas.<br \/>\nDe este da\u00f1o ecol\u00f3gico y robo tributario, el Estado boliviano se desentiende y act\u00faa como socio de \u00faltima instancia de los depredadores del saqueo de Bolivia.<br \/>\nEl informe de Derechos Humanos tendr\u00eda que ser profundizado hasta tener la verdadera dimensi\u00f3n del atropello, pero sobre todo frenar esta barbaridad, adem\u00e1s de sancionar a los responsables.<\/p>\n<p><a href=\"https:\/\/www.eldiario.net\/portal\/wp-content\/uploads\/2022\/04\/Sin-titulo-1-3.jpg\"><img loading=\"lazy\" decoding=\"async\" class=\"aligncenter  wp-image-79892\" src=\"https:\/\/www.eldiario.net\/portal\/wp-content\/uploads\/2022\/04\/Sin-titulo-1-3-300x60.jpg\" alt=\"\" width=\"325\" height=\"65\" \/><\/a><a href=\"https:\/\/www.eldiario.net\/portal\/wp-content\/uploads\/2022\/04\/PETROLEO-2-1.jpg\"><img loading=\"lazy\" decoding=\"async\" class=\"alignleft size-full wp-image-79893\" src=\"https:\/\/www.eldiario.net\/portal\/wp-content\/uploads\/2022\/04\/PETROLEO-2-1.jpg\" alt=\"\" width=\"150\" height=\"200\" \/><\/a>PETR\u00d3LEO<\/p>\n<p>Las exportaciones de petr\u00f3leo de Ir\u00e1n aumentaron un 30 % con respecto a 12 meses atr\u00e1s, a 870.000 barriles por d\u00eda (bpd) en el primer trimestre de 2022, inform\u00f3 el jueves The Wall Street Journal. China es el nuevo comprador estrella, que seg\u00fan el informe estar\u00eda reduciendo sus importaciones de petr\u00f3leo de Rusia. Analistas de todos los sectores tratan de averiguar si se trata de un alejamiento chino de la posici\u00f3n rusa en Ucrania.<\/p>\n<p>&nbsp;<\/p>\n<p>&nbsp;<\/p>\n<p><img loading=\"lazy\" decoding=\"async\" class=\"alignleft size-full wp-image-79894\" src=\"https:\/\/www.eldiario.net\/portal\/wp-content\/uploads\/2022\/04\/ORO-3.jpg\" alt=\"\" width=\"150\" height=\"188\" \/>ORO<\/p>\n<p>El precio del oro ha ca\u00eddo implacablemente en los \u00faltimos d\u00edas mientras el d\u00f3lar reina supremo. El precio ha retrocedido casi un 10 % desde su m\u00e1ximo en el a\u00f1o. Del mismo modo, el precio de la plata ha ca\u00eddo m\u00e1s de un 14 % desde su punto m\u00e1s alto este a\u00f1o. El d\u00f3lar est\u00e1 alcanzando su mejor cotizaci\u00f3n desde 2020. La recuperaci\u00f3n de la econom\u00eda estadounidense est\u00e1 atrayendo inversionistas que se deshacen del oro para invertir all\u00ed.<\/p>\n<p>&nbsp;<\/p>\n<p>&nbsp;<\/p>\n<p><img loading=\"lazy\" decoding=\"async\" class=\"alignleft size-full wp-image-79895\" src=\"https:\/\/www.eldiario.net\/portal\/wp-content\/uploads\/2022\/04\/ZINC-3.jpg\" alt=\"\" width=\"150\" height=\"190\" \/>ZINC<\/p>\n<p>El precio del zinc se consolid\u00f3 en los mercados Europeos, donde se vende la mayor parte del zinc boliviano. Sin embargo en los mercados de China el precio cay\u00f3 de su pico de 15 a\u00f1os alcanzado el 19 de abril. Analistas Chinos explicaron que los precios en China fueron influenciados por factores externos como la guerra en Ucrania pero que las condiciones fundamentales dentro de China no han cambiado mucho, por lo que el precio empieza a caer.<\/p>\n<p>&nbsp;<\/p>\n<p>&nbsp;<\/p>\n<p><em><strong>Llega el imperio<\/strong><\/em><\/p>\n<p>La m\u00e1s reciente predicci\u00f3n de crecimiento regional de la Cepal, estima que Venezuela crecer\u00e1 5 % este a\u00f1o. Los mercados estiman que el crecimiento podr\u00eda ser a\u00fan mayor. Este milagro se debe a que los analistas esperan que Estados Unidos levante algunas sanciones para permitir que empresas estadounidenses operen en Venezuela.<\/p>\n<p><em><strong>Lo mejor ya pas\u00f3<\/strong><\/em><\/p>\n<p>El primer trimestre, la econom\u00eda Argentina creci\u00f3 en 5 %. Sin embargo, la econom\u00eda argentina podr\u00eda revertirse. Seg\u00fan el Banco de Inversi\u00f3n JP Morgan. El banco pronostica que la ca\u00edda a fin de a\u00f1o ser\u00e1 de 4,5 %. La raz\u00f3n es que la inflaci\u00f3n est\u00e1 fuera de control y el banco no conf\u00eda en la capacidad del gobierno de Fern\u00e1ndez para controlarla.<\/p>\n<p><em><strong>Per\u00fa busca urea<\/strong><\/em><\/p>\n<p>Los agricultores del Per\u00fa empiezan a desesperarse por la falta de acci\u00f3n por parte del Estado para adquirir urea. Una nota de Gesti\u00f3n, asegura que hay 45,000 toneladas de urea de Estados Unidos a la que no pueden acceder por falta de iniciativa. El gobierno de Pedro Castillo est\u00e1 esperando un acuerdo por 5.000 toneladas con Bolivia.<\/p>\n<p style=\"text-align: center;\">Lo bueno<br \/>\n***<br \/>\nEs que el precio de la urea se ha disparado debido a la criminal invasi\u00f3n rusa a Ucrania y al incremento en los fletes mar\u00edtimos en todo el mundo.<\/p>\n<p style=\"text-align: center;\">Lo malo<br \/>\n***<br \/>\nEs que la planta de urea de Bulo Bulo que cost\u00f3 960 millones de d\u00f3lares, est\u00e1 nuevamente en \u201cparo programado\u201d, como ocurre desde 2017, cuando se inaugur\u00f3.<\/p>\n<p style=\"text-align: center;\">Lo feo<br \/>\n***<br \/>\nEs que los encargados de la planta dicen que su producci\u00f3n depende del consumo interno, lo que descarta las exportaciones, aunque eran su mayor objetivo.<\/p>\n","protected":false},"excerpt":{"rendered":"<p>A punto de ser reemplazada por otro masista, la actual Defensora del Pueblo decidi\u00f3 denunciar por lo menos un hecho, de los cientos que hay, cometido por el Gobierno. Las estad\u00edsticas dicen que en los \u00faltimos diez a\u00f1os, las importaciones de dragas para explotaci\u00f3n minera pasaron de una a 900 toneladas por a\u00f1o. Por otro [&hellip;]<\/p>\n","protected":false},"author":1,"featured_media":79896,"comment_status":"closed","ping_status":"closed","sticky":false,"template":"","format":"standard","meta":{"_acf_changed":false,"footnotes":""},"categories":[7],"tags":[],"class_list":["post-79891","post","type-post","status-publish","format-standard","has-post-thumbnail","category-economia"],"acf":{"antetitulo":""},"yoast_head":"<!-- This site is optimized with the Yoast SEO plugin v28.4 - https:\/\/yoast.com\/product\/yoast-seo-wordpress\/ -->\n<title>Estado fallido - El Diario - Bolivia<\/title>\n<meta name=\"robots\" content=\"index, follow, max-snippet:-1, max-image-preview:large, max-video-preview:-1\" \/>\n<link rel=\"canonical\" href=\"https:\/\/www.eldiario.net\/portal\/2022\/04\/29\/estado-fallido\/\" \/>\n<meta property=\"og:locale\" content=\"es_ES\" \/>\n<meta property=\"og:type\" content=\"article\" \/>\n<meta property=\"og:title\" content=\"Estado fallido - El Diario - Bolivia\" \/>\n<meta property=\"og:description\" content=\"A punto de ser reemplazada por otro masista, la actual Defensora del Pueblo decidi\u00f3 denunciar por lo menos un hecho, de los cientos que hay, cometido por el Gobierno. Las estad\u00edsticas dicen que en los \u00faltimos diez a\u00f1os, las importaciones de dragas para explotaci\u00f3n minera pasaron de una a 900 toneladas por a\u00f1o. Por otro [&hellip;]\" \/>\n<meta property=\"og:url\" content=\"https:\/\/www.eldiario.net\/portal\/2022\/04\/29\/estado-fallido\/\" \/>\n<meta property=\"og:site_name\" content=\"El Diario - Bolivia\" \/>\n<meta property=\"article:publisher\" content=\"https:\/\/www.facebook.com\/eldiario.bolivia\/\" \/>\n<meta property=\"article:published_time\" content=\"2022-04-29T08:57:09+00:00\" \/>\n<meta name=\"author\" content=\"Jeanette\" \/>\n<meta name=\"twitter:card\" content=\"summary_large_image\" \/>\n<meta name=\"twitter:creator\" content=\"@eldiario_net\" \/>\n<meta name=\"twitter:site\" content=\"@eldiario_net\" \/>\n<meta name=\"twitter:label1\" content=\"Escrito por\" \/>\n\t<meta name=\"twitter:data1\" content=\"Jeanette\" \/>\n\t<meta name=\"twitter:label2\" content=\"Tiempo de lectura\" \/>\n\t<meta name=\"twitter:data2\" content=\"5 minutos\" \/>\n<script type=\"application\/ld+json\" class=\"yoast-schema-graph\">{\"@context\":\"https:\\\/\\\/schema.org\",\"@graph\":[{\"@type\":\"Article\",\"@id\":\"https:\\\/\\\/www.eldiario.net\\\/portal\\\/2022\\\/04\\\/29\\\/estado-fallido\\\/#article\",\"isPartOf\":{\"@id\":\"https:\\\/\\\/www.eldiario.net\\\/portal\\\/2022\\\/04\\\/29\\\/estado-fallido\\\/\"},\"author\":{\"name\":\"Jeanette\",\"@id\":\"https:\\\/\\\/www.eldiario.net\\\/portal\\\/#\\\/schema\\\/person\\\/2c57cf2b7a7ae032e449e4c9b1019eac\"},\"headline\":\"Estado fallido\",\"datePublished\":\"2022-04-29T08:57:09+00:00\",\"mainEntityOfPage\":{\"@id\":\"https:\\\/\\\/www.eldiario.net\\\/portal\\\/2022\\\/04\\\/29\\\/estado-fallido\\\/\"},\"wordCount\":996,\"publisher\":{\"@id\":\"https:\\\/\\\/www.eldiario.net\\\/portal\\\/#organization\"},\"image\":{\"@id\":\"https:\\\/\\\/www.eldiario.net\\\/portal\\\/2022\\\/04\\\/29\\\/estado-fallido\\\/#primaryimage\"},\"thumbnailUrl\":\"\",\"articleSection\":[\"Econom\u00eda\"],\"inLanguage\":\"es\"},{\"@type\":\"WebPage\",\"@id\":\"https:\\\/\\\/www.eldiario.net\\\/portal\\\/2022\\\/04\\\/29\\\/estado-fallido\\\/\",\"url\":\"https:\\\/\\\/www.eldiario.net\\\/portal\\\/2022\\\/04\\\/29\\\/estado-fallido\\\/\",\"name\":\"Estado fallido - El Diario - Bolivia\",\"isPartOf\":{\"@id\":\"https:\\\/\\\/www.eldiario.net\\\/portal\\\/#website\"},\"primaryImageOfPage\":{\"@id\":\"https:\\\/\\\/www.eldiario.net\\\/portal\\\/2022\\\/04\\\/29\\\/estado-fallido\\\/#primaryimage\"},\"image\":{\"@id\":\"https:\\\/\\\/www.eldiario.net\\\/portal\\\/2022\\\/04\\\/29\\\/estado-fallido\\\/#primaryimage\"},\"thumbnailUrl\":\"\",\"datePublished\":\"2022-04-29T08:57:09+00:00\",\"breadcrumb\":{\"@id\":\"https:\\\/\\\/www.eldiario.net\\\/portal\\\/2022\\\/04\\\/29\\\/estado-fallido\\\/#breadcrumb\"},\"inLanguage\":\"es\",\"potentialAction\":[{\"@type\":\"ReadAction\",\"target\":[\"https:\\\/\\\/www.eldiario.net\\\/portal\\\/2022\\\/04\\\/29\\\/estado-fallido\\\/\"]}]},{\"@type\":\"ImageObject\",\"inLanguage\":\"es\",\"@id\":\"https:\\\/\\\/www.eldiario.net\\\/portal\\\/2022\\\/04\\\/29\\\/estado-fallido\\\/#primaryimage\",\"url\":\"\",\"contentUrl\":\"\"},{\"@type\":\"BreadcrumbList\",\"@id\":\"https:\\\/\\\/www.eldiario.net\\\/portal\\\/2022\\\/04\\\/29\\\/estado-fallido\\\/#breadcrumb\",\"itemListElement\":[{\"@type\":\"ListItem\",\"position\":1,\"name\":\"Portada\",\"item\":\"https:\\\/\\\/www.eldiario.net\\\/portal\\\/\"},{\"@type\":\"ListItem\",\"position\":2,\"name\":\"Estado fallido\"}]},{\"@type\":\"WebSite\",\"@id\":\"https:\\\/\\\/www.eldiario.net\\\/portal\\\/#website\",\"url\":\"https:\\\/\\\/www.eldiario.net\\\/portal\\\/\",\"name\":\"El Diario - Decano de la prensa nacional\",\"description\":\"El Diario - Decano de la prensa nacional\",\"publisher\":{\"@id\":\"https:\\\/\\\/www.eldiario.net\\\/portal\\\/#organization\"},\"potentialAction\":[{\"@type\":\"SearchAction\",\"target\":{\"@type\":\"EntryPoint\",\"urlTemplate\":\"https:\\\/\\\/www.eldiario.net\\\/portal\\\/?s={search_term_string}\"},\"query-input\":{\"@type\":\"PropertyValueSpecification\",\"valueRequired\":true,\"valueName\":\"search_term_string\"}}],\"inLanguage\":\"es\"},{\"@type\":\"Organization\",\"@id\":\"https:\\\/\\\/www.eldiario.net\\\/portal\\\/#organization\",\"name\":\"El Diario - Decano de la prensa nacional\",\"url\":\"https:\\\/\\\/www.eldiario.net\\\/portal\\\/\",\"logo\":{\"@type\":\"ImageObject\",\"inLanguage\":\"es\",\"@id\":\"https:\\\/\\\/www.eldiario.net\\\/portal\\\/#\\\/schema\\\/logo\\\/image\\\/\",\"url\":\"https:\\\/\\\/www.eldiario.net\\\/portal\\\/wp-content\\\/uploads\\\/2023\\\/07\\\/logo_ED.jpg\",\"contentUrl\":\"https:\\\/\\\/www.eldiario.net\\\/portal\\\/wp-content\\\/uploads\\\/2023\\\/07\\\/logo_ED.jpg\",\"width\":272,\"height\":52,\"caption\":\"El Diario - Decano de la prensa nacional\"},\"image\":{\"@id\":\"https:\\\/\\\/www.eldiario.net\\\/portal\\\/#\\\/schema\\\/logo\\\/image\\\/\"},\"sameAs\":[\"https:\\\/\\\/www.facebook.com\\\/eldiario.bolivia\\\/\",\"https:\\\/\\\/x.com\\\/eldiario_net\"]},{\"@type\":\"Person\",\"@id\":\"https:\\\/\\\/www.eldiario.net\\\/portal\\\/#\\\/schema\\\/person\\\/2c57cf2b7a7ae032e449e4c9b1019eac\",\"name\":\"Jeanette\",\"image\":{\"@type\":\"ImageObject\",\"inLanguage\":\"es\",\"@id\":\"https:\\\/\\\/secure.gravatar.com\\\/avatar\\\/3ea2118a5f7dad2b7138b1187a6b7ee55f160b9968b66013c3a3ef39dd7e5798?s=96&d=mm&r=g\",\"url\":\"https:\\\/\\\/secure.gravatar.com\\\/avatar\\\/3ea2118a5f7dad2b7138b1187a6b7ee55f160b9968b66013c3a3ef39dd7e5798?s=96&d=mm&r=g\",\"contentUrl\":\"https:\\\/\\\/secure.gravatar.com\\\/avatar\\\/3ea2118a5f7dad2b7138b1187a6b7ee55f160b9968b66013c3a3ef39dd7e5798?s=96&d=mm&r=g\",\"caption\":\"Jeanette\"},\"sameAs\":[\"https:\\\/\\\/www.eldiario.net\\\/portal\"],\"url\":\"https:\\\/\\\/www.eldiario.net\\\/portal\\\/author\\\/jeanette\\\/\"}]}<\/script>\n<!-- \/ Yoast SEO plugin. -->","yoast_head_json":{"title":"Estado fallido - El Diario - Bolivia","robots":{"index":"index","follow":"follow","max-snippet":"max-snippet:-1","max-image-preview":"max-image-preview:large","max-video-preview":"max-video-preview:-1"},"canonical":"https:\/\/www.eldiario.net\/portal\/2022\/04\/29\/estado-fallido\/","og_locale":"es_ES","og_type":"article","og_title":"Estado fallido - El Diario - Bolivia","og_description":"A punto de ser reemplazada por otro masista, la actual Defensora del Pueblo decidi\u00f3 denunciar por lo menos un hecho, de los cientos que hay, cometido por el Gobierno. Las estad\u00edsticas dicen que en los \u00faltimos diez a\u00f1os, las importaciones de dragas para explotaci\u00f3n minera pasaron de una a 900 toneladas por a\u00f1o. Por otro [&hellip;]","og_url":"https:\/\/www.eldiario.net\/portal\/2022\/04\/29\/estado-fallido\/","og_site_name":"El Diario - Bolivia","article_publisher":"https:\/\/www.facebook.com\/eldiario.bolivia\/","article_published_time":"2022-04-29T08:57:09+00:00","author":"Jeanette","twitter_card":"summary_large_image","twitter_creator":"@eldiario_net","twitter_site":"@eldiario_net","twitter_misc":{"Escrito por":"Jeanette","Tiempo de lectura":"5 minutos"},"schema":{"@context":"https:\/\/schema.org","@graph":[{"@type":"Article","@id":"https:\/\/www.eldiario.net\/portal\/2022\/04\/29\/estado-fallido\/#article","isPartOf":{"@id":"https:\/\/www.eldiario.net\/portal\/2022\/04\/29\/estado-fallido\/"},"author":{"name":"Jeanette","@id":"https:\/\/www.eldiario.net\/portal\/#\/schema\/person\/2c57cf2b7a7ae032e449e4c9b1019eac"},"headline":"Estado fallido","datePublished":"2022-04-29T08:57:09+00:00","mainEntityOfPage":{"@id":"https:\/\/www.eldiario.net\/portal\/2022\/04\/29\/estado-fallido\/"},"wordCount":996,"publisher":{"@id":"https:\/\/www.eldiario.net\/portal\/#organization"},"image":{"@id":"https:\/\/www.eldiario.net\/portal\/2022\/04\/29\/estado-fallido\/#primaryimage"},"thumbnailUrl":"","articleSection":["Econom\u00eda"],"inLanguage":"es"},{"@type":"WebPage","@id":"https:\/\/www.eldiario.net\/portal\/2022\/04\/29\/estado-fallido\/","url":"https:\/\/www.eldiario.net\/portal\/2022\/04\/29\/estado-fallido\/","name":"Estado fallido - El Diario - Bolivia","isPartOf":{"@id":"https:\/\/www.eldiario.net\/portal\/#website"},"primaryImageOfPage":{"@id":"https:\/\/www.eldiario.net\/portal\/2022\/04\/29\/estado-fallido\/#primaryimage"},"image":{"@id":"https:\/\/www.eldiario.net\/portal\/2022\/04\/29\/estado-fallido\/#primaryimage"},"thumbnailUrl":"","datePublished":"2022-04-29T08:57:09+00:00","breadcrumb":{"@id":"https:\/\/www.eldiario.net\/portal\/2022\/04\/29\/estado-fallido\/#breadcrumb"},"inLanguage":"es","potentialAction":[{"@type":"ReadAction","target":["https:\/\/www.eldiario.net\/portal\/2022\/04\/29\/estado-fallido\/"]}]},{"@type":"ImageObject","inLanguage":"es","@id":"https:\/\/www.eldiario.net\/portal\/2022\/04\/29\/estado-fallido\/#primaryimage","url":"","contentUrl":""},{"@type":"BreadcrumbList","@id":"https:\/\/www.eldiario.net\/portal\/2022\/04\/29\/estado-fallido\/#breadcrumb","itemListElement":[{"@type":"ListItem","position":1,"name":"Portada","item":"https:\/\/www.eldiario.net\/portal\/"},{"@type":"ListItem","position":2,"name":"Estado fallido"}]},{"@type":"WebSite","@id":"https:\/\/www.eldiario.net\/portal\/#website","url":"https:\/\/www.eldiario.net\/portal\/","name":"El Diario - Decano de la prensa nacional","description":"El Diario - Decano de la prensa nacional","publisher":{"@id":"https:\/\/www.eldiario.net\/portal\/#organization"},"potentialAction":[{"@type":"SearchAction","target":{"@type":"EntryPoint","urlTemplate":"https:\/\/www.eldiario.net\/portal\/?s={search_term_string}"},"query-input":{"@type":"PropertyValueSpecification","valueRequired":true,"valueName":"search_term_string"}}],"inLanguage":"es"},{"@type":"Organization","@id":"https:\/\/www.eldiario.net\/portal\/#organization","name":"El Diario - Decano de la prensa nacional","url":"https:\/\/www.eldiario.net\/portal\/","logo":{"@type":"ImageObject","inLanguage":"es","@id":"https:\/\/www.eldiario.net\/portal\/#\/schema\/logo\/image\/","url":"https:\/\/www.eldiario.net\/portal\/wp-content\/uploads\/2023\/07\/logo_ED.jpg","contentUrl":"https:\/\/www.eldiario.net\/portal\/wp-content\/uploads\/2023\/07\/logo_ED.jpg","width":272,"height":52,"caption":"El Diario - Decano de la prensa nacional"},"image":{"@id":"https:\/\/www.eldiario.net\/portal\/#\/schema\/logo\/image\/"},"sameAs":["https:\/\/www.facebook.com\/eldiario.bolivia\/","https:\/\/x.com\/eldiario_net"]},{"@type":"Person","@id":"https:\/\/www.eldiario.net\/portal\/#\/schema\/person\/2c57cf2b7a7ae032e449e4c9b1019eac","name":"Jeanette","image":{"@type":"ImageObject","inLanguage":"es","@id":"https:\/\/secure.gravatar.com\/avatar\/3ea2118a5f7dad2b7138b1187a6b7ee55f160b9968b66013c3a3ef39dd7e5798?s=96&d=mm&r=g","url":"https:\/\/secure.gravatar.com\/avatar\/3ea2118a5f7dad2b7138b1187a6b7ee55f160b9968b66013c3a3ef39dd7e5798?s=96&d=mm&r=g","contentUrl":"https:\/\/secure.gravatar.com\/avatar\/3ea2118a5f7dad2b7138b1187a6b7ee55f160b9968b66013c3a3ef39dd7e5798?s=96&d=mm&r=g","caption":"Jeanette"},"sameAs":["https:\/\/www.eldiario.net\/portal"],"url":"https:\/\/www.eldiario.net\/portal\/author\/jeanette\/"}]}},"_links":{"self":[{"href":"https:\/\/www.eldiario.net\/portal\/wp-json\/wp\/v2\/posts\/79891","targetHints":{"allow":["GET"]}}],"collection":[{"href":"https:\/\/www.eldiario.net\/portal\/wp-json\/wp\/v2\/posts"}],"about":[{"href":"https:\/\/www.eldiario.net\/portal\/wp-json\/wp\/v2\/types\/post"}],"author":[{"embeddable":true,"href":"https:\/\/www.eldiario.net\/portal\/wp-json\/wp\/v2\/users\/1"}],"replies":[{"embeddable":true,"href":"https:\/\/www.eldiario.net\/portal\/wp-json\/wp\/v2\/comments?post=79891"}],"version-history":[{"count":0,"href":"https:\/\/www.eldiario.net\/portal\/wp-json\/wp\/v2\/posts\/79891\/revisions"}],"wp:attachment":[{"href":"https:\/\/www.eldiario.net\/portal\/wp-json\/wp\/v2\/media?parent=79891"}],"wp:term":[{"taxonomy":"category","embeddable":true,"href":"https:\/\/www.eldiario.net\/portal\/wp-json\/wp\/v2\/categories?post=79891"},{"taxonomy":"post_tag","embeddable":true,"href":"https:\/\/www.eldiario.net\/portal\/wp-json\/wp\/v2\/tags?post=79891"}],"curies":[{"name":"wp","href":"https:\/\/api.w.org\/{rel}","templated":true}]}}