{"id":79790,"date":"2022-04-29T04:15:38","date_gmt":"2022-04-29T08:15:38","guid":{"rendered":"https:\/\/www.eldiario.net\/portal\/?p=79790"},"modified":"2022-04-29T04:15:38","modified_gmt":"2022-04-29T08:15:38","slug":"guabira-abre-la-fecha-12-con-un-lance-ante-el-urgido-nacional","status":"publish","type":"post","link":"https:\/\/www.eldiario.net\/portal\/2022\/04\/29\/guabira-abre-la-fecha-12-con-un-lance-ante-el-urgido-nacional\/","title":{"rendered":"Guabir\u00e1 abre la fecha 12 con un lance ante el urgido Nacional"},"content":{"rendered":"<p>Guabir\u00e1 abrir\u00e1 la d\u00e9cimo segunda fecha del torneo Apertura con el partido que jugar\u00e1 ante Nacional Potos\u00ed este viernes, desde las 15:00, en el estadio Gilberto Parada, de Montero, escenario que brinda la oportunidad al elenco local para abandonar el fondo de la tabla en el grupo \u201cA\u201d. Los rojos de Montero pueden dar el salto de la octava posici\u00f3n despu\u00e9s de siete fechas hundidos en su zona. El plantel, dirigido por el entrenador Mauricio Soria, sigue mostrando altibajos en su rendimiento, pero el objetivo es abandonar la \u00faltima posici\u00f3n para tomar un rumbo distinto en las restantes jornadas.<br \/>\nLos Diablos Rojos tendr\u00e1 la ausencia del delantero Kevin Mina, quien sigue con baja m\u00e9dica por la operaci\u00f3n en la nariz por la triple fractura de tabique en el partido contra Aurora. Sin el atacante ecuatoriano, Juan Godoy es la opci\u00f3n principal para completar la formaci\u00f3n.<\/p>\n","protected":false},"excerpt":{"rendered":"<p>Guabir\u00e1 abrir\u00e1 la d\u00e9cimo segunda fecha del torneo Apertura con el partido que jugar\u00e1 ante Nacional Potos\u00ed este viernes, desde las 15:00, en el estadio Gilberto Parada, de Montero, escenario que brinda la oportunidad al elenco local para abandonar el fondo de la tabla en el grupo \u201cA\u201d. Los rojos de Montero pueden dar el [&hellip;]<\/p>\n","protected":false},"author":1,"featured_media":79791,"comment_status":"closed","ping_status":"closed","sticky":false,"template":"","format":"standard","meta":{"_acf_changed":false,"footnotes":""},"categories":[6],"tags":[],"class_list":["post-79790","post","type-post","status-publish","format-standard","has-post-thumbnail","category-deportes"],"acf":{"antetitulo":""},"yoast_head":"<!-- This site is optimized with the Yoast SEO plugin v28.4 - https:\/\/yoast.com\/product\/yoast-seo-wordpress\/ -->\n<title>Guabir\u00e1 abre la fecha 12 con un lance ante el urgido Nacional - El Diario - Bolivia<\/title>\n<meta name=\"robots\" content=\"index, follow, max-snippet:-1, max-image-preview:large, max-video-preview:-1\" \/>\n<link rel=\"canonical\" href=\"https:\/\/www.eldiario.net\/portal\/2022\/04\/29\/guabira-abre-la-fecha-12-con-un-lance-ante-el-urgido-nacional\/\" \/>\n<meta property=\"og:locale\" content=\"es_ES\" \/>\n<meta property=\"og:type\" content=\"article\" \/>\n<meta property=\"og:title\" content=\"Guabir\u00e1 abre la fecha 12 con un lance ante el urgido Nacional - El Diario - Bolivia\" \/>\n<meta property=\"og:description\" content=\"Guabir\u00e1 abrir\u00e1 la d\u00e9cimo segunda fecha del torneo Apertura con el partido que jugar\u00e1 ante Nacional Potos\u00ed este viernes, desde las 15:00, en el estadio Gilberto Parada, de Montero, escenario que brinda la oportunidad al elenco local para abandonar el fondo de la tabla en el grupo \u201cA\u201d. Los rojos de Montero pueden dar el [&hellip;]\" \/>\n<meta property=\"og:url\" content=\"https:\/\/www.eldiario.net\/portal\/2022\/04\/29\/guabira-abre-la-fecha-12-con-un-lance-ante-el-urgido-nacional\/\" \/>\n<meta property=\"og:site_name\" content=\"El Diario - Bolivia\" \/>\n<meta property=\"article:publisher\" content=\"https:\/\/www.facebook.com\/eldiario.bolivia\/\" \/>\n<meta property=\"article:published_time\" content=\"2022-04-29T08:15:38+00:00\" \/>\n<meta name=\"author\" content=\"Jeanette\" \/>\n<meta name=\"twitter:card\" content=\"summary_large_image\" \/>\n<meta name=\"twitter:creator\" content=\"@eldiario_net\" \/>\n<meta name=\"twitter:site\" content=\"@eldiario_net\" \/>\n<meta name=\"twitter:label1\" content=\"Escrito por\" \/>\n\t<meta name=\"twitter:data1\" content=\"Jeanette\" \/>\n\t<meta name=\"twitter:label2\" content=\"Tiempo de lectura\" \/>\n\t<meta name=\"twitter:data2\" content=\"1 minuto\" \/>\n<script type=\"application\/ld+json\" class=\"yoast-schema-graph\">{\"@context\":\"https:\\\/\\\/schema.org\",\"@graph\":[{\"@type\":\"Article\",\"@id\":\"https:\\\/\\\/www.eldiario.net\\\/portal\\\/2022\\\/04\\\/29\\\/guabira-abre-la-fecha-12-con-un-lance-ante-el-urgido-nacional\\\/#article\",\"isPartOf\":{\"@id\":\"https:\\\/\\\/www.eldiario.net\\\/portal\\\/2022\\\/04\\\/29\\\/guabira-abre-la-fecha-12-con-un-lance-ante-el-urgido-nacional\\\/\"},\"author\":{\"name\":\"Jeanette\",\"@id\":\"https:\\\/\\\/www.eldiario.net\\\/portal\\\/#\\\/schema\\\/person\\\/2c57cf2b7a7ae032e449e4c9b1019eac\"},\"headline\":\"Guabir\u00e1 abre la fecha 12 con un lance ante el urgido Nacional\",\"datePublished\":\"2022-04-29T08:15:38+00:00\",\"mainEntityOfPage\":{\"@id\":\"https:\\\/\\\/www.eldiario.net\\\/portal\\\/2022\\\/04\\\/29\\\/guabira-abre-la-fecha-12-con-un-lance-ante-el-urgido-nacional\\\/\"},\"wordCount\":163,\"publisher\":{\"@id\":\"https:\\\/\\\/www.eldiario.net\\\/portal\\\/#organization\"},\"image\":{\"@id\":\"https:\\\/\\\/www.eldiario.net\\\/portal\\\/2022\\\/04\\\/29\\\/guabira-abre-la-fecha-12-con-un-lance-ante-el-urgido-nacional\\\/#primaryimage\"},\"thumbnailUrl\":\"\",\"articleSection\":[\"Deportes\"],\"inLanguage\":\"es\"},{\"@type\":\"WebPage\",\"@id\":\"https:\\\/\\\/www.eldiario.net\\\/portal\\\/2022\\\/04\\\/29\\\/guabira-abre-la-fecha-12-con-un-lance-ante-el-urgido-nacional\\\/\",\"url\":\"https:\\\/\\\/www.eldiario.net\\\/portal\\\/2022\\\/04\\\/29\\\/guabira-abre-la-fecha-12-con-un-lance-ante-el-urgido-nacional\\\/\",\"name\":\"Guabir\u00e1 abre la fecha 12 con un lance ante el urgido Nacional - El Diario - Bolivia\",\"isPartOf\":{\"@id\":\"https:\\\/\\\/www.eldiario.net\\\/portal\\\/#website\"},\"primaryImageOfPage\":{\"@id\":\"https:\\\/\\\/www.eldiario.net\\\/portal\\\/2022\\\/04\\\/29\\\/guabira-abre-la-fecha-12-con-un-lance-ante-el-urgido-nacional\\\/#primaryimage\"},\"image\":{\"@id\":\"https:\\\/\\\/www.eldiario.net\\\/portal\\\/2022\\\/04\\\/29\\\/guabira-abre-la-fecha-12-con-un-lance-ante-el-urgido-nacional\\\/#primaryimage\"},\"thumbnailUrl\":\"\",\"datePublished\":\"2022-04-29T08:15:38+00:00\",\"breadcrumb\":{\"@id\":\"https:\\\/\\\/www.eldiario.net\\\/portal\\\/2022\\\/04\\\/29\\\/guabira-abre-la-fecha-12-con-un-lance-ante-el-urgido-nacional\\\/#breadcrumb\"},\"inLanguage\":\"es\",\"potentialAction\":[{\"@type\":\"ReadAction\",\"target\":[\"https:\\\/\\\/www.eldiario.net\\\/portal\\\/2022\\\/04\\\/29\\\/guabira-abre-la-fecha-12-con-un-lance-ante-el-urgido-nacional\\\/\"]}]},{\"@type\":\"ImageObject\",\"inLanguage\":\"es\",\"@id\":\"https:\\\/\\\/www.eldiario.net\\\/portal\\\/2022\\\/04\\\/29\\\/guabira-abre-la-fecha-12-con-un-lance-ante-el-urgido-nacional\\\/#primaryimage\",\"url\":\"\",\"contentUrl\":\"\"},{\"@type\":\"BreadcrumbList\",\"@id\":\"https:\\\/\\\/www.eldiario.net\\\/portal\\\/2022\\\/04\\\/29\\\/guabira-abre-la-fecha-12-con-un-lance-ante-el-urgido-nacional\\\/#breadcrumb\",\"itemListElement\":[{\"@type\":\"ListItem\",\"position\":1,\"name\":\"Portada\",\"item\":\"https:\\\/\\\/www.eldiario.net\\\/portal\\\/\"},{\"@type\":\"ListItem\",\"position\":2,\"name\":\"Guabir\u00e1 abre la fecha 12 con un lance ante el urgido Nacional\"}]},{\"@type\":\"WebSite\",\"@id\":\"https:\\\/\\\/www.eldiario.net\\\/portal\\\/#website\",\"url\":\"https:\\\/\\\/www.eldiario.net\\\/portal\\\/\",\"name\":\"El Diario - Decano de la prensa nacional\",\"description\":\"El Diario - Decano de la prensa nacional\",\"publisher\":{\"@id\":\"https:\\\/\\\/www.eldiario.net\\\/portal\\\/#organization\"},\"potentialAction\":[{\"@type\":\"SearchAction\",\"target\":{\"@type\":\"EntryPoint\",\"urlTemplate\":\"https:\\\/\\\/www.eldiario.net\\\/portal\\\/?s={search_term_string}\"},\"query-input\":{\"@type\":\"PropertyValueSpecification\",\"valueRequired\":true,\"valueName\":\"search_term_string\"}}],\"inLanguage\":\"es\"},{\"@type\":\"Organization\",\"@id\":\"https:\\\/\\\/www.eldiario.net\\\/portal\\\/#organization\",\"name\":\"El Diario - Decano de la prensa nacional\",\"url\":\"https:\\\/\\\/www.eldiario.net\\\/portal\\\/\",\"logo\":{\"@type\":\"ImageObject\",\"inLanguage\":\"es\",\"@id\":\"https:\\\/\\\/www.eldiario.net\\\/portal\\\/#\\\/schema\\\/logo\\\/image\\\/\",\"url\":\"https:\\\/\\\/www.eldiario.net\\\/portal\\\/wp-content\\\/uploads\\\/2023\\\/07\\\/logo_ED.jpg\",\"contentUrl\":\"https:\\\/\\\/www.eldiario.net\\\/portal\\\/wp-content\\\/uploads\\\/2023\\\/07\\\/logo_ED.jpg\",\"width\":272,\"height\":52,\"caption\":\"El Diario - Decano de la prensa nacional\"},\"image\":{\"@id\":\"https:\\\/\\\/www.eldiario.net\\\/portal\\\/#\\\/schema\\\/logo\\\/image\\\/\"},\"sameAs\":[\"https:\\\/\\\/www.facebook.com\\\/eldiario.bolivia\\\/\",\"https:\\\/\\\/x.com\\\/eldiario_net\"]},{\"@type\":\"Person\",\"@id\":\"https:\\\/\\\/www.eldiario.net\\\/portal\\\/#\\\/schema\\\/person\\\/2c57cf2b7a7ae032e449e4c9b1019eac\",\"name\":\"Jeanette\",\"image\":{\"@type\":\"ImageObject\",\"inLanguage\":\"es\",\"@id\":\"https:\\\/\\\/secure.gravatar.com\\\/avatar\\\/3ea2118a5f7dad2b7138b1187a6b7ee55f160b9968b66013c3a3ef39dd7e5798?s=96&d=mm&r=g\",\"url\":\"https:\\\/\\\/secure.gravatar.com\\\/avatar\\\/3ea2118a5f7dad2b7138b1187a6b7ee55f160b9968b66013c3a3ef39dd7e5798?s=96&d=mm&r=g\",\"contentUrl\":\"https:\\\/\\\/secure.gravatar.com\\\/avatar\\\/3ea2118a5f7dad2b7138b1187a6b7ee55f160b9968b66013c3a3ef39dd7e5798?s=96&d=mm&r=g\",\"caption\":\"Jeanette\"},\"sameAs\":[\"https:\\\/\\\/www.eldiario.net\\\/portal\"],\"url\":\"https:\\\/\\\/www.eldiario.net\\\/portal\\\/author\\\/jeanette\\\/\"}]}<\/script>\n<!-- \/ Yoast SEO plugin. -->","yoast_head_json":{"title":"Guabir\u00e1 abre la fecha 12 con un lance ante el urgido Nacional - El Diario - Bolivia","robots":{"index":"index","follow":"follow","max-snippet":"max-snippet:-1","max-image-preview":"max-image-preview:large","max-video-preview":"max-video-preview:-1"},"canonical":"https:\/\/www.eldiario.net\/portal\/2022\/04\/29\/guabira-abre-la-fecha-12-con-un-lance-ante-el-urgido-nacional\/","og_locale":"es_ES","og_type":"article","og_title":"Guabir\u00e1 abre la fecha 12 con un lance ante el urgido Nacional - El Diario - Bolivia","og_description":"Guabir\u00e1 abrir\u00e1 la d\u00e9cimo segunda fecha del torneo Apertura con el partido que jugar\u00e1 ante Nacional Potos\u00ed este viernes, desde las 15:00, en el estadio Gilberto Parada, de Montero, escenario que brinda la oportunidad al elenco local para abandonar el fondo de la tabla en el grupo \u201cA\u201d. Los rojos de Montero pueden dar el [&hellip;]","og_url":"https:\/\/www.eldiario.net\/portal\/2022\/04\/29\/guabira-abre-la-fecha-12-con-un-lance-ante-el-urgido-nacional\/","og_site_name":"El Diario - Bolivia","article_publisher":"https:\/\/www.facebook.com\/eldiario.bolivia\/","article_published_time":"2022-04-29T08:15:38+00:00","author":"Jeanette","twitter_card":"summary_large_image","twitter_creator":"@eldiario_net","twitter_site":"@eldiario_net","twitter_misc":{"Escrito por":"Jeanette","Tiempo de lectura":"1 minuto"},"schema":{"@context":"https:\/\/schema.org","@graph":[{"@type":"Article","@id":"https:\/\/www.eldiario.net\/portal\/2022\/04\/29\/guabira-abre-la-fecha-12-con-un-lance-ante-el-urgido-nacional\/#article","isPartOf":{"@id":"https:\/\/www.eldiario.net\/portal\/2022\/04\/29\/guabira-abre-la-fecha-12-con-un-lance-ante-el-urgido-nacional\/"},"author":{"name":"Jeanette","@id":"https:\/\/www.eldiario.net\/portal\/#\/schema\/person\/2c57cf2b7a7ae032e449e4c9b1019eac"},"headline":"Guabir\u00e1 abre la fecha 12 con un lance ante el urgido Nacional","datePublished":"2022-04-29T08:15:38+00:00","mainEntityOfPage":{"@id":"https:\/\/www.eldiario.net\/portal\/2022\/04\/29\/guabira-abre-la-fecha-12-con-un-lance-ante-el-urgido-nacional\/"},"wordCount":163,"publisher":{"@id":"https:\/\/www.eldiario.net\/portal\/#organization"},"image":{"@id":"https:\/\/www.eldiario.net\/portal\/2022\/04\/29\/guabira-abre-la-fecha-12-con-un-lance-ante-el-urgido-nacional\/#primaryimage"},"thumbnailUrl":"","articleSection":["Deportes"],"inLanguage":"es"},{"@type":"WebPage","@id":"https:\/\/www.eldiario.net\/portal\/2022\/04\/29\/guabira-abre-la-fecha-12-con-un-lance-ante-el-urgido-nacional\/","url":"https:\/\/www.eldiario.net\/portal\/2022\/04\/29\/guabira-abre-la-fecha-12-con-un-lance-ante-el-urgido-nacional\/","name":"Guabir\u00e1 abre la fecha 12 con un lance ante el urgido Nacional - El Diario - Bolivia","isPartOf":{"@id":"https:\/\/www.eldiario.net\/portal\/#website"},"primaryImageOfPage":{"@id":"https:\/\/www.eldiario.net\/portal\/2022\/04\/29\/guabira-abre-la-fecha-12-con-un-lance-ante-el-urgido-nacional\/#primaryimage"},"image":{"@id":"https:\/\/www.eldiario.net\/portal\/2022\/04\/29\/guabira-abre-la-fecha-12-con-un-lance-ante-el-urgido-nacional\/#primaryimage"},"thumbnailUrl":"","datePublished":"2022-04-29T08:15:38+00:00","breadcrumb":{"@id":"https:\/\/www.eldiario.net\/portal\/2022\/04\/29\/guabira-abre-la-fecha-12-con-un-lance-ante-el-urgido-nacional\/#breadcrumb"},"inLanguage":"es","potentialAction":[{"@type":"ReadAction","target":["https:\/\/www.eldiario.net\/portal\/2022\/04\/29\/guabira-abre-la-fecha-12-con-un-lance-ante-el-urgido-nacional\/"]}]},{"@type":"ImageObject","inLanguage":"es","@id":"https:\/\/www.eldiario.net\/portal\/2022\/04\/29\/guabira-abre-la-fecha-12-con-un-lance-ante-el-urgido-nacional\/#primaryimage","url":"","contentUrl":""},{"@type":"BreadcrumbList","@id":"https:\/\/www.eldiario.net\/portal\/2022\/04\/29\/guabira-abre-la-fecha-12-con-un-lance-ante-el-urgido-nacional\/#breadcrumb","itemListElement":[{"@type":"ListItem","position":1,"name":"Portada","item":"https:\/\/www.eldiario.net\/portal\/"},{"@type":"ListItem","position":2,"name":"Guabir\u00e1 abre la fecha 12 con un lance ante el urgido Nacional"}]},{"@type":"WebSite","@id":"https:\/\/www.eldiario.net\/portal\/#website","url":"https:\/\/www.eldiario.net\/portal\/","name":"El Diario - Decano de la prensa nacional","description":"El Diario - Decano de la prensa nacional","publisher":{"@id":"https:\/\/www.eldiario.net\/portal\/#organization"},"potentialAction":[{"@type":"SearchAction","target":{"@type":"EntryPoint","urlTemplate":"https:\/\/www.eldiario.net\/portal\/?s={search_term_string}"},"query-input":{"@type":"PropertyValueSpecification","valueRequired":true,"valueName":"search_term_string"}}],"inLanguage":"es"},{"@type":"Organization","@id":"https:\/\/www.eldiario.net\/portal\/#organization","name":"El Diario - Decano de la prensa nacional","url":"https:\/\/www.eldiario.net\/portal\/","logo":{"@type":"ImageObject","inLanguage":"es","@id":"https:\/\/www.eldiario.net\/portal\/#\/schema\/logo\/image\/","url":"https:\/\/www.eldiario.net\/portal\/wp-content\/uploads\/2023\/07\/logo_ED.jpg","contentUrl":"https:\/\/www.eldiario.net\/portal\/wp-content\/uploads\/2023\/07\/logo_ED.jpg","width":272,"height":52,"caption":"El Diario - Decano de la prensa nacional"},"image":{"@id":"https:\/\/www.eldiario.net\/portal\/#\/schema\/logo\/image\/"},"sameAs":["https:\/\/www.facebook.com\/eldiario.bolivia\/","https:\/\/x.com\/eldiario_net"]},{"@type":"Person","@id":"https:\/\/www.eldiario.net\/portal\/#\/schema\/person\/2c57cf2b7a7ae032e449e4c9b1019eac","name":"Jeanette","image":{"@type":"ImageObject","inLanguage":"es","@id":"https:\/\/secure.gravatar.com\/avatar\/3ea2118a5f7dad2b7138b1187a6b7ee55f160b9968b66013c3a3ef39dd7e5798?s=96&d=mm&r=g","url":"https:\/\/secure.gravatar.com\/avatar\/3ea2118a5f7dad2b7138b1187a6b7ee55f160b9968b66013c3a3ef39dd7e5798?s=96&d=mm&r=g","contentUrl":"https:\/\/secure.gravatar.com\/avatar\/3ea2118a5f7dad2b7138b1187a6b7ee55f160b9968b66013c3a3ef39dd7e5798?s=96&d=mm&r=g","caption":"Jeanette"},"sameAs":["https:\/\/www.eldiario.net\/portal"],"url":"https:\/\/www.eldiario.net\/portal\/author\/jeanette\/"}]}},"_links":{"self":[{"href":"https:\/\/www.eldiario.net\/portal\/wp-json\/wp\/v2\/posts\/79790","targetHints":{"allow":["GET"]}}],"collection":[{"href":"https:\/\/www.eldiario.net\/portal\/wp-json\/wp\/v2\/posts"}],"about":[{"href":"https:\/\/www.eldiario.net\/portal\/wp-json\/wp\/v2\/types\/post"}],"author":[{"embeddable":true,"href":"https:\/\/www.eldiario.net\/portal\/wp-json\/wp\/v2\/users\/1"}],"replies":[{"embeddable":true,"href":"https:\/\/www.eldiario.net\/portal\/wp-json\/wp\/v2\/comments?post=79790"}],"version-history":[{"count":0,"href":"https:\/\/www.eldiario.net\/portal\/wp-json\/wp\/v2\/posts\/79790\/revisions"}],"wp:attachment":[{"href":"https:\/\/www.eldiario.net\/portal\/wp-json\/wp\/v2\/media?parent=79790"}],"wp:term":[{"taxonomy":"category","embeddable":true,"href":"https:\/\/www.eldiario.net\/portal\/wp-json\/wp\/v2\/categories?post=79790"},{"taxonomy":"post_tag","embeddable":true,"href":"https:\/\/www.eldiario.net\/portal\/wp-json\/wp\/v2\/tags?post=79790"}],"curies":[{"name":"wp","href":"https:\/\/api.w.org\/{rel}","templated":true}]}}