{"id":79787,"date":"2022-04-29T04:14:22","date_gmt":"2022-04-29T08:14:22","guid":{"rendered":"https:\/\/www.eldiario.net\/portal\/?p=79787"},"modified":"2022-04-29T04:14:22","modified_gmt":"2022-04-29T08:14:22","slug":"liverpool-asegura-a-klopp","status":"publish","type":"post","link":"https:\/\/www.eldiario.net\/portal\/2022\/04\/29\/liverpool-asegura-a-klopp\/","title":{"rendered":"Liverpool asegura a Klopp"},"content":{"rendered":"<p>El 9 de octubre de 2015, J\u00fcrgen Klopp se present\u00f3 como entrenador de un Liverpool en crisis y depresivo para el que los t\u00edtulos y jugar la Champions eran un privilegio. Y sin perder la sonrisa, el ex del Dortmund mand\u00f3 un claro mensaje. \u201cQuiero convertir a los dudosos en creyentes\u201d, afirm\u00f3 un t\u00e9cnico alem\u00e1n que se autoproclam\u00f3 The Normal One mientras promet\u00eda un \u201cf\u00fatbol a todo gas\u201d. Un lustro despu\u00e9s, Klopp es religi\u00f3n en Anfield despu\u00e9s de transformar a un hist\u00f3rico a la deriva en uno de los transatl\u00e1nticos m\u00e1s s\u00f3lidos de Europa. Un equipazo que asusta y que navega este curso rumbo a un p\u00f3ker de t\u00edtulos hist\u00f3rico en el que su l\u00edder renov\u00f3 hasta 2026. \u201cEsta ampliaci\u00f3n es diferente por el tiempo que llevo aqu\u00ed. Me pregunt\u00e9, \u00bfes correcto que siga? Y junto a mis dos asistentes, Pep Lijnders y Pete Krawietz, llegamos a la conclusi\u00f3n de que s\u00ed\u201d, apunt\u00f3 tras alargar dos a\u00f1os m\u00e1s un contrato que finalizaba en 2024. Descart\u00f3 su idea inicial de tomarse un a\u00f1o sab\u00e1tico cuando acabara su v\u00ednculo para pasar de la d\u00e9cada en Merseyside dando continuidad a un proyecto de autor. Su renovaci\u00f3n sienta las bases de futuro de un club al que cambi\u00f3 para siempre cuando sustituy\u00f3 a Brendan Rodgers en 2015. Entonces, el Pool era d\u00e9cimo y s\u00f3lo hab\u00eda celebrado una Copa de la Liga (2012) en ocho a\u00f1os. Klopp tard\u00f3 cuatro cursos y tres finales perdidas en levantar su primer trofeo&#8230; pero desde entonces no ha parado: conquist\u00f3 la sexta Champions red (2019) y termin\u00f3 con la maldici\u00f3n de 30 a\u00f1os sin Ligas ganando la Premier (2020). Adem\u00e1s, ha logrado la Supercopa de Europa (2019), el Mundial de Clubes (2019) y la Carabao Cup (2022). Y esta temporada puede sumar la FACup -disputan la final frente al Chelsea el 14 de mayo-, la Liga de Campeones -ganaron (2-0) al Villarreal en la ida de las semis- y la Premier -est\u00e1n a un punto del l\u00edder Manchester City a cinco jornadas del final-.<br \/>\nCon un 62,53% de triunfos, mejora a Dalglish (60,91%), Paisley (57,57%), Shankly (52,11%)&#8230; Tiene su plaza en el santuario red despu\u00e9s de transformar al equipo pieza a pieza. Ha invertido 621 millones de euros en Van Dijk (84), Alisson (62,5), Fabinho (45), Salah (42), Man\u00e9 (41)&#8230; solucionando sus problemas atr\u00e1s -claves en su \u00e9xito- y dando vuelo a unos aviones que juegan a un ritmo alt\u00edsimo y que pocos aguantan. Pero no s\u00f3lo corren y son verticales. Adem\u00e1s de sus r\u00e1pidas transiciones, tambi\u00e9n saben tocar, esperar&#8230;<\/p>\n<p>EL DATO<\/p>\n<p>30 A\u00f1os de sequ\u00eda rompi\u00f3 el Liverpool con Klopp como DT, al ganar en 2020 el t\u00edtulo de la Premier.<\/p>\n<p>2026 es el a\u00f1o en que finaliza el nuevo contrato de Klopp con el equipo ingl\u00e9s que ayer ampli\u00f3 el mismo.<\/p>\n<p><strong>MARCA<\/strong><\/p>\n","protected":false},"excerpt":{"rendered":"<p>El 9 de octubre de 2015, J\u00fcrgen Klopp se present\u00f3 como entrenador de un Liverpool en crisis y depresivo para el que los t\u00edtulos y jugar la Champions eran un privilegio. Y sin perder la sonrisa, el ex del Dortmund mand\u00f3 un claro mensaje. \u201cQuiero convertir a los dudosos en creyentes\u201d, afirm\u00f3 un t\u00e9cnico alem\u00e1n [&hellip;]<\/p>\n","protected":false},"author":1,"featured_media":79788,"comment_status":"closed","ping_status":"closed","sticky":false,"template":"","format":"standard","meta":{"_acf_changed":false,"footnotes":""},"categories":[6],"tags":[],"class_list":["post-79787","post","type-post","status-publish","format-standard","has-post-thumbnail","category-deportes"],"acf":{"antetitulo":""},"yoast_head":"<!-- This site is optimized with the Yoast SEO plugin v28.4 - https:\/\/yoast.com\/product\/yoast-seo-wordpress\/ -->\n<title>Liverpool asegura a Klopp - El Diario - Bolivia<\/title>\n<meta name=\"robots\" content=\"index, follow, max-snippet:-1, max-image-preview:large, max-video-preview:-1\" \/>\n<link rel=\"canonical\" href=\"https:\/\/www.eldiario.net\/portal\/2022\/04\/29\/liverpool-asegura-a-klopp\/\" \/>\n<meta property=\"og:locale\" content=\"es_ES\" \/>\n<meta property=\"og:type\" content=\"article\" \/>\n<meta property=\"og:title\" content=\"Liverpool asegura a Klopp - El Diario - Bolivia\" \/>\n<meta property=\"og:description\" content=\"El 9 de octubre de 2015, J\u00fcrgen Klopp se present\u00f3 como entrenador de un Liverpool en crisis y depresivo para el que los t\u00edtulos y jugar la Champions eran un privilegio. Y sin perder la sonrisa, el ex del Dortmund mand\u00f3 un claro mensaje. \u201cQuiero convertir a los dudosos en creyentes\u201d, afirm\u00f3 un t\u00e9cnico alem\u00e1n [&hellip;]\" \/>\n<meta property=\"og:url\" content=\"https:\/\/www.eldiario.net\/portal\/2022\/04\/29\/liverpool-asegura-a-klopp\/\" \/>\n<meta property=\"og:site_name\" content=\"El Diario - Bolivia\" \/>\n<meta property=\"article:publisher\" content=\"https:\/\/www.facebook.com\/eldiario.bolivia\/\" \/>\n<meta property=\"article:published_time\" content=\"2022-04-29T08:14:22+00:00\" \/>\n<meta name=\"author\" content=\"Jeanette\" \/>\n<meta name=\"twitter:card\" content=\"summary_large_image\" \/>\n<meta name=\"twitter:creator\" content=\"@eldiario_net\" \/>\n<meta name=\"twitter:site\" content=\"@eldiario_net\" \/>\n<meta name=\"twitter:label1\" content=\"Escrito por\" \/>\n\t<meta name=\"twitter:data1\" content=\"Jeanette\" \/>\n\t<meta name=\"twitter:label2\" content=\"Tiempo de lectura\" \/>\n\t<meta name=\"twitter:data2\" content=\"3 minutos\" \/>\n<script type=\"application\/ld+json\" class=\"yoast-schema-graph\">{\"@context\":\"https:\\\/\\\/schema.org\",\"@graph\":[{\"@type\":\"Article\",\"@id\":\"https:\\\/\\\/www.eldiario.net\\\/portal\\\/2022\\\/04\\\/29\\\/liverpool-asegura-a-klopp\\\/#article\",\"isPartOf\":{\"@id\":\"https:\\\/\\\/www.eldiario.net\\\/portal\\\/2022\\\/04\\\/29\\\/liverpool-asegura-a-klopp\\\/\"},\"author\":{\"name\":\"Jeanette\",\"@id\":\"https:\\\/\\\/www.eldiario.net\\\/portal\\\/#\\\/schema\\\/person\\\/2c57cf2b7a7ae032e449e4c9b1019eac\"},\"headline\":\"Liverpool asegura a Klopp\",\"datePublished\":\"2022-04-29T08:14:22+00:00\",\"mainEntityOfPage\":{\"@id\":\"https:\\\/\\\/www.eldiario.net\\\/portal\\\/2022\\\/04\\\/29\\\/liverpool-asegura-a-klopp\\\/\"},\"wordCount\":490,\"publisher\":{\"@id\":\"https:\\\/\\\/www.eldiario.net\\\/portal\\\/#organization\"},\"image\":{\"@id\":\"https:\\\/\\\/www.eldiario.net\\\/portal\\\/2022\\\/04\\\/29\\\/liverpool-asegura-a-klopp\\\/#primaryimage\"},\"thumbnailUrl\":\"\",\"articleSection\":[\"Deportes\"],\"inLanguage\":\"es\"},{\"@type\":\"WebPage\",\"@id\":\"https:\\\/\\\/www.eldiario.net\\\/portal\\\/2022\\\/04\\\/29\\\/liverpool-asegura-a-klopp\\\/\",\"url\":\"https:\\\/\\\/www.eldiario.net\\\/portal\\\/2022\\\/04\\\/29\\\/liverpool-asegura-a-klopp\\\/\",\"name\":\"Liverpool asegura a Klopp - El Diario - Bolivia\",\"isPartOf\":{\"@id\":\"https:\\\/\\\/www.eldiario.net\\\/portal\\\/#website\"},\"primaryImageOfPage\":{\"@id\":\"https:\\\/\\\/www.eldiario.net\\\/portal\\\/2022\\\/04\\\/29\\\/liverpool-asegura-a-klopp\\\/#primaryimage\"},\"image\":{\"@id\":\"https:\\\/\\\/www.eldiario.net\\\/portal\\\/2022\\\/04\\\/29\\\/liverpool-asegura-a-klopp\\\/#primaryimage\"},\"thumbnailUrl\":\"\",\"datePublished\":\"2022-04-29T08:14:22+00:00\",\"breadcrumb\":{\"@id\":\"https:\\\/\\\/www.eldiario.net\\\/portal\\\/2022\\\/04\\\/29\\\/liverpool-asegura-a-klopp\\\/#breadcrumb\"},\"inLanguage\":\"es\",\"potentialAction\":[{\"@type\":\"ReadAction\",\"target\":[\"https:\\\/\\\/www.eldiario.net\\\/portal\\\/2022\\\/04\\\/29\\\/liverpool-asegura-a-klopp\\\/\"]}]},{\"@type\":\"ImageObject\",\"inLanguage\":\"es\",\"@id\":\"https:\\\/\\\/www.eldiario.net\\\/portal\\\/2022\\\/04\\\/29\\\/liverpool-asegura-a-klopp\\\/#primaryimage\",\"url\":\"\",\"contentUrl\":\"\"},{\"@type\":\"BreadcrumbList\",\"@id\":\"https:\\\/\\\/www.eldiario.net\\\/portal\\\/2022\\\/04\\\/29\\\/liverpool-asegura-a-klopp\\\/#breadcrumb\",\"itemListElement\":[{\"@type\":\"ListItem\",\"position\":1,\"name\":\"Portada\",\"item\":\"https:\\\/\\\/www.eldiario.net\\\/portal\\\/\"},{\"@type\":\"ListItem\",\"position\":2,\"name\":\"Liverpool asegura a Klopp\"}]},{\"@type\":\"WebSite\",\"@id\":\"https:\\\/\\\/www.eldiario.net\\\/portal\\\/#website\",\"url\":\"https:\\\/\\\/www.eldiario.net\\\/portal\\\/\",\"name\":\"El Diario - Decano de la prensa nacional\",\"description\":\"El Diario - Decano de la prensa nacional\",\"publisher\":{\"@id\":\"https:\\\/\\\/www.eldiario.net\\\/portal\\\/#organization\"},\"potentialAction\":[{\"@type\":\"SearchAction\",\"target\":{\"@type\":\"EntryPoint\",\"urlTemplate\":\"https:\\\/\\\/www.eldiario.net\\\/portal\\\/?s={search_term_string}\"},\"query-input\":{\"@type\":\"PropertyValueSpecification\",\"valueRequired\":true,\"valueName\":\"search_term_string\"}}],\"inLanguage\":\"es\"},{\"@type\":\"Organization\",\"@id\":\"https:\\\/\\\/www.eldiario.net\\\/portal\\\/#organization\",\"name\":\"El Diario - Decano de la prensa nacional\",\"url\":\"https:\\\/\\\/www.eldiario.net\\\/portal\\\/\",\"logo\":{\"@type\":\"ImageObject\",\"inLanguage\":\"es\",\"@id\":\"https:\\\/\\\/www.eldiario.net\\\/portal\\\/#\\\/schema\\\/logo\\\/image\\\/\",\"url\":\"https:\\\/\\\/www.eldiario.net\\\/portal\\\/wp-content\\\/uploads\\\/2023\\\/07\\\/logo_ED.jpg\",\"contentUrl\":\"https:\\\/\\\/www.eldiario.net\\\/portal\\\/wp-content\\\/uploads\\\/2023\\\/07\\\/logo_ED.jpg\",\"width\":272,\"height\":52,\"caption\":\"El Diario - Decano de la prensa nacional\"},\"image\":{\"@id\":\"https:\\\/\\\/www.eldiario.net\\\/portal\\\/#\\\/schema\\\/logo\\\/image\\\/\"},\"sameAs\":[\"https:\\\/\\\/www.facebook.com\\\/eldiario.bolivia\\\/\",\"https:\\\/\\\/x.com\\\/eldiario_net\"]},{\"@type\":\"Person\",\"@id\":\"https:\\\/\\\/www.eldiario.net\\\/portal\\\/#\\\/schema\\\/person\\\/2c57cf2b7a7ae032e449e4c9b1019eac\",\"name\":\"Jeanette\",\"image\":{\"@type\":\"ImageObject\",\"inLanguage\":\"es\",\"@id\":\"https:\\\/\\\/secure.gravatar.com\\\/avatar\\\/3ea2118a5f7dad2b7138b1187a6b7ee55f160b9968b66013c3a3ef39dd7e5798?s=96&d=mm&r=g\",\"url\":\"https:\\\/\\\/secure.gravatar.com\\\/avatar\\\/3ea2118a5f7dad2b7138b1187a6b7ee55f160b9968b66013c3a3ef39dd7e5798?s=96&d=mm&r=g\",\"contentUrl\":\"https:\\\/\\\/secure.gravatar.com\\\/avatar\\\/3ea2118a5f7dad2b7138b1187a6b7ee55f160b9968b66013c3a3ef39dd7e5798?s=96&d=mm&r=g\",\"caption\":\"Jeanette\"},\"sameAs\":[\"https:\\\/\\\/www.eldiario.net\\\/portal\"],\"url\":\"https:\\\/\\\/www.eldiario.net\\\/portal\\\/author\\\/jeanette\\\/\"}]}<\/script>\n<!-- \/ Yoast SEO plugin. -->","yoast_head_json":{"title":"Liverpool asegura a Klopp - El Diario - Bolivia","robots":{"index":"index","follow":"follow","max-snippet":"max-snippet:-1","max-image-preview":"max-image-preview:large","max-video-preview":"max-video-preview:-1"},"canonical":"https:\/\/www.eldiario.net\/portal\/2022\/04\/29\/liverpool-asegura-a-klopp\/","og_locale":"es_ES","og_type":"article","og_title":"Liverpool asegura a Klopp - El Diario - Bolivia","og_description":"El 9 de octubre de 2015, J\u00fcrgen Klopp se present\u00f3 como entrenador de un Liverpool en crisis y depresivo para el que los t\u00edtulos y jugar la Champions eran un privilegio. Y sin perder la sonrisa, el ex del Dortmund mand\u00f3 un claro mensaje. \u201cQuiero convertir a los dudosos en creyentes\u201d, afirm\u00f3 un t\u00e9cnico alem\u00e1n [&hellip;]","og_url":"https:\/\/www.eldiario.net\/portal\/2022\/04\/29\/liverpool-asegura-a-klopp\/","og_site_name":"El Diario - Bolivia","article_publisher":"https:\/\/www.facebook.com\/eldiario.bolivia\/","article_published_time":"2022-04-29T08:14:22+00:00","author":"Jeanette","twitter_card":"summary_large_image","twitter_creator":"@eldiario_net","twitter_site":"@eldiario_net","twitter_misc":{"Escrito por":"Jeanette","Tiempo de lectura":"3 minutos"},"schema":{"@context":"https:\/\/schema.org","@graph":[{"@type":"Article","@id":"https:\/\/www.eldiario.net\/portal\/2022\/04\/29\/liverpool-asegura-a-klopp\/#article","isPartOf":{"@id":"https:\/\/www.eldiario.net\/portal\/2022\/04\/29\/liverpool-asegura-a-klopp\/"},"author":{"name":"Jeanette","@id":"https:\/\/www.eldiario.net\/portal\/#\/schema\/person\/2c57cf2b7a7ae032e449e4c9b1019eac"},"headline":"Liverpool asegura a Klopp","datePublished":"2022-04-29T08:14:22+00:00","mainEntityOfPage":{"@id":"https:\/\/www.eldiario.net\/portal\/2022\/04\/29\/liverpool-asegura-a-klopp\/"},"wordCount":490,"publisher":{"@id":"https:\/\/www.eldiario.net\/portal\/#organization"},"image":{"@id":"https:\/\/www.eldiario.net\/portal\/2022\/04\/29\/liverpool-asegura-a-klopp\/#primaryimage"},"thumbnailUrl":"","articleSection":["Deportes"],"inLanguage":"es"},{"@type":"WebPage","@id":"https:\/\/www.eldiario.net\/portal\/2022\/04\/29\/liverpool-asegura-a-klopp\/","url":"https:\/\/www.eldiario.net\/portal\/2022\/04\/29\/liverpool-asegura-a-klopp\/","name":"Liverpool asegura a Klopp - El Diario - Bolivia","isPartOf":{"@id":"https:\/\/www.eldiario.net\/portal\/#website"},"primaryImageOfPage":{"@id":"https:\/\/www.eldiario.net\/portal\/2022\/04\/29\/liverpool-asegura-a-klopp\/#primaryimage"},"image":{"@id":"https:\/\/www.eldiario.net\/portal\/2022\/04\/29\/liverpool-asegura-a-klopp\/#primaryimage"},"thumbnailUrl":"","datePublished":"2022-04-29T08:14:22+00:00","breadcrumb":{"@id":"https:\/\/www.eldiario.net\/portal\/2022\/04\/29\/liverpool-asegura-a-klopp\/#breadcrumb"},"inLanguage":"es","potentialAction":[{"@type":"ReadAction","target":["https:\/\/www.eldiario.net\/portal\/2022\/04\/29\/liverpool-asegura-a-klopp\/"]}]},{"@type":"ImageObject","inLanguage":"es","@id":"https:\/\/www.eldiario.net\/portal\/2022\/04\/29\/liverpool-asegura-a-klopp\/#primaryimage","url":"","contentUrl":""},{"@type":"BreadcrumbList","@id":"https:\/\/www.eldiario.net\/portal\/2022\/04\/29\/liverpool-asegura-a-klopp\/#breadcrumb","itemListElement":[{"@type":"ListItem","position":1,"name":"Portada","item":"https:\/\/www.eldiario.net\/portal\/"},{"@type":"ListItem","position":2,"name":"Liverpool asegura a Klopp"}]},{"@type":"WebSite","@id":"https:\/\/www.eldiario.net\/portal\/#website","url":"https:\/\/www.eldiario.net\/portal\/","name":"El Diario - Decano de la prensa nacional","description":"El Diario - Decano de la prensa nacional","publisher":{"@id":"https:\/\/www.eldiario.net\/portal\/#organization"},"potentialAction":[{"@type":"SearchAction","target":{"@type":"EntryPoint","urlTemplate":"https:\/\/www.eldiario.net\/portal\/?s={search_term_string}"},"query-input":{"@type":"PropertyValueSpecification","valueRequired":true,"valueName":"search_term_string"}}],"inLanguage":"es"},{"@type":"Organization","@id":"https:\/\/www.eldiario.net\/portal\/#organization","name":"El Diario - Decano de la prensa nacional","url":"https:\/\/www.eldiario.net\/portal\/","logo":{"@type":"ImageObject","inLanguage":"es","@id":"https:\/\/www.eldiario.net\/portal\/#\/schema\/logo\/image\/","url":"https:\/\/www.eldiario.net\/portal\/wp-content\/uploads\/2023\/07\/logo_ED.jpg","contentUrl":"https:\/\/www.eldiario.net\/portal\/wp-content\/uploads\/2023\/07\/logo_ED.jpg","width":272,"height":52,"caption":"El Diario - Decano de la prensa nacional"},"image":{"@id":"https:\/\/www.eldiario.net\/portal\/#\/schema\/logo\/image\/"},"sameAs":["https:\/\/www.facebook.com\/eldiario.bolivia\/","https:\/\/x.com\/eldiario_net"]},{"@type":"Person","@id":"https:\/\/www.eldiario.net\/portal\/#\/schema\/person\/2c57cf2b7a7ae032e449e4c9b1019eac","name":"Jeanette","image":{"@type":"ImageObject","inLanguage":"es","@id":"https:\/\/secure.gravatar.com\/avatar\/3ea2118a5f7dad2b7138b1187a6b7ee55f160b9968b66013c3a3ef39dd7e5798?s=96&d=mm&r=g","url":"https:\/\/secure.gravatar.com\/avatar\/3ea2118a5f7dad2b7138b1187a6b7ee55f160b9968b66013c3a3ef39dd7e5798?s=96&d=mm&r=g","contentUrl":"https:\/\/secure.gravatar.com\/avatar\/3ea2118a5f7dad2b7138b1187a6b7ee55f160b9968b66013c3a3ef39dd7e5798?s=96&d=mm&r=g","caption":"Jeanette"},"sameAs":["https:\/\/www.eldiario.net\/portal"],"url":"https:\/\/www.eldiario.net\/portal\/author\/jeanette\/"}]}},"_links":{"self":[{"href":"https:\/\/www.eldiario.net\/portal\/wp-json\/wp\/v2\/posts\/79787","targetHints":{"allow":["GET"]}}],"collection":[{"href":"https:\/\/www.eldiario.net\/portal\/wp-json\/wp\/v2\/posts"}],"about":[{"href":"https:\/\/www.eldiario.net\/portal\/wp-json\/wp\/v2\/types\/post"}],"author":[{"embeddable":true,"href":"https:\/\/www.eldiario.net\/portal\/wp-json\/wp\/v2\/users\/1"}],"replies":[{"embeddable":true,"href":"https:\/\/www.eldiario.net\/portal\/wp-json\/wp\/v2\/comments?post=79787"}],"version-history":[{"count":0,"href":"https:\/\/www.eldiario.net\/portal\/wp-json\/wp\/v2\/posts\/79787\/revisions"}],"wp:attachment":[{"href":"https:\/\/www.eldiario.net\/portal\/wp-json\/wp\/v2\/media?parent=79787"}],"wp:term":[{"taxonomy":"category","embeddable":true,"href":"https:\/\/www.eldiario.net\/portal\/wp-json\/wp\/v2\/categories?post=79787"},{"taxonomy":"post_tag","embeddable":true,"href":"https:\/\/www.eldiario.net\/portal\/wp-json\/wp\/v2\/tags?post=79787"}],"curies":[{"name":"wp","href":"https:\/\/api.w.org\/{rel}","templated":true}]}}