{"id":79773,"date":"2022-04-28T10:38:37","date_gmt":"2022-04-28T14:38:37","guid":{"rendered":"https:\/\/www.eldiario.net\/portal\/?p=79773"},"modified":"2022-04-28T10:38:37","modified_gmt":"2022-04-28T14:38:37","slug":"organizan-accion-ciudadana-la-paz-y-tu-frente-al-cambio-climatico","status":"publish","type":"post","link":"https:\/\/www.eldiario.net\/portal\/2022\/04\/28\/organizan-accion-ciudadana-la-paz-y-tu-frente-al-cambio-climatico\/","title":{"rendered":"Organizan acci\u00f3n ciudadana \u201cLa Paz y t\u00fa frente al cambio clim\u00e1tico\u201d"},"content":{"rendered":"<p>La Iniciativa LAIF (Facilidad de Inversi\u00f3n para Am\u00e9rica Latina) del Banco de Desarrollo de Am\u00e9rica Latina (CAF) promueve la acci\u00f3n ciudadana \u201cTu ciudad y t\u00fa frente al cambio clim\u00e1tico\u201d en seis diferentes ciudades de Argentina, Brasil, Colombia, Ecuador, Per\u00fa y Bolivia, estas actividades se llevan a cabo con el apoyo de las alcald\u00edas locales.<\/p>\n<p>En el caso de Bolivia, la ciudad de La Paz ser\u00e1 sede del evento entre el viernes 29 y s\u00e1bado 30 de abril, el mismo se desarrollar\u00e1 en la calle 15 de Calacoto en El Bosque Boulevard. Se invita a los ciudadanos a participar, plasmando sus mensajes de \u00bfc\u00f3mo se imaginan la ciudad de La Paz en 2030?, a fin de lograr que los participantes puedan proponer cambios que le gustar\u00eda realizar para poder hacerla m\u00e1s sostenible, seg\u00fan sus organizadores.<\/p>\n<p>El objetivo de esta acci\u00f3n ciudadana es generar un espacio de reflexi\u00f3n a la poblaci\u00f3n sobre la ciudad en la que viven y su relaci\u00f3n con el medio ambiente bajo la premisa \u201cTu ciudad y t\u00fa frente al cambio clim\u00e1tico\u201d. En esta actividad se tiene como protagonista la obra de la artista pace\u00f1a Diana Cabrera Miranda, y se realiza con el apoyo de la Secretaria Municipal de Gesti\u00f3n Ambiental y Energ\u00edas Renovables del Gobierno Aut\u00f3nomo Municipal de La Paz.<\/p>\n<p>La acci\u00f3n est\u00e1 enmarcada dentro de la iniciativa LAIF sobre Ciudades y Cambio Clim\u00e1tico que tiene como objetivo promover el desarrollo sostenible, bajo en carbono y resiliente al cambio clim\u00e1tico en ciudades de Am\u00e9rica Latina.<\/p>\n<p>Esta iniciativa internacional cuenta con financiamiento de la Uni\u00f3n Europea e implementada por la Agencia Francesa de Desarrollo (AFD) y el Banco de Desarrollo de Am\u00e9rica Latina (CAF) y se centra en proyectos de prevenci\u00f3n, mitigaci\u00f3n y adaptaci\u00f3n al cambio clim\u00e1tico en ciudades de Argentina, Bolivia, Brasil, Colombia, Ecuador y Per\u00fa para sensibilizar y elevar el conocimiento en la regi\u00f3n sobre cuestiones clim\u00e1ticas, as\u00ed como reforzar las capacidades de cara a la implementaci\u00f3n m\u00e1s efectiva de pol\u00edticas p\u00fablicas.<\/p>\n<p><img loading=\"lazy\" decoding=\"async\" class=\"aligncenter wp-image-79775 size-large\" src=\"https:\/\/www.eldiario.net\/portal\/wp-content\/uploads\/2022\/04\/FOTO3-1024x768.jpg\" alt=\"\" width=\"1024\" height=\"768\" \/><\/p>\n<p><img loading=\"lazy\" decoding=\"async\" class=\"aligncenter wp-image-79774 size-large\" src=\"https:\/\/www.eldiario.net\/portal\/wp-content\/uploads\/2022\/04\/FOTO-2-768x1024.jpg\" alt=\"\" width=\"768\" height=\"1024\" \/><\/p>\n","protected":false},"excerpt":{"rendered":"<p>La Iniciativa LAIF (Facilidad de Inversi\u00f3n para Am\u00e9rica Latina) del Banco de Desarrollo de Am\u00e9rica Latina (CAF) promueve la acci\u00f3n ciudadana \u201cTu ciudad y t\u00fa frente al cambio clim\u00e1tico\u201d en seis diferentes ciudades de Argentina, Brasil, Colombia, Ecuador, Per\u00fa y Bolivia, estas actividades se llevan a cabo con el apoyo de las alcald\u00edas locales. En [&hellip;]<\/p>\n","protected":false},"author":2,"featured_media":79776,"comment_status":"closed","ping_status":"closed","sticky":false,"template":"","format":"standard","meta":{"_acf_changed":false,"footnotes":""},"categories":[12,39],"tags":[],"class_list":["post-79773","post","type-post","status-publish","format-standard","has-post-thumbnail","category-nacional","category-sociedad"],"acf":{"antetitulo":""},"yoast_head":"<!-- This site is optimized with the Yoast SEO plugin v28.4 - https:\/\/yoast.com\/product\/yoast-seo-wordpress\/ -->\n<title>Organizan acci\u00f3n ciudadana \u201cLa Paz y t\u00fa frente al cambio clim\u00e1tico\u201d - El Diario - Bolivia<\/title>\n<meta name=\"robots\" content=\"index, follow, max-snippet:-1, max-image-preview:large, max-video-preview:-1\" \/>\n<link rel=\"canonical\" href=\"https:\/\/www.eldiario.net\/portal\/2022\/04\/28\/organizan-accion-ciudadana-la-paz-y-tu-frente-al-cambio-climatico\/\" \/>\n<meta property=\"og:locale\" content=\"es_ES\" \/>\n<meta property=\"og:type\" content=\"article\" \/>\n<meta property=\"og:title\" content=\"Organizan acci\u00f3n ciudadana \u201cLa Paz y t\u00fa frente al cambio clim\u00e1tico\u201d - El Diario - Bolivia\" \/>\n<meta property=\"og:description\" content=\"La Iniciativa LAIF (Facilidad de Inversi\u00f3n para Am\u00e9rica Latina) del Banco de Desarrollo de Am\u00e9rica Latina (CAF) promueve la acci\u00f3n ciudadana \u201cTu ciudad y t\u00fa frente al cambio clim\u00e1tico\u201d en seis diferentes ciudades de Argentina, Brasil, Colombia, Ecuador, Per\u00fa y Bolivia, estas actividades se llevan a cabo con el apoyo de las alcald\u00edas locales. En [&hellip;]\" \/>\n<meta property=\"og:url\" content=\"https:\/\/www.eldiario.net\/portal\/2022\/04\/28\/organizan-accion-ciudadana-la-paz-y-tu-frente-al-cambio-climatico\/\" \/>\n<meta property=\"og:site_name\" content=\"El Diario - Bolivia\" \/>\n<meta property=\"article:publisher\" content=\"https:\/\/www.facebook.com\/eldiario.bolivia\/\" \/>\n<meta property=\"article:published_time\" content=\"2022-04-28T14:38:37+00:00\" \/>\n<meta name=\"author\" content=\"luis Camacho\" \/>\n<meta name=\"twitter:card\" content=\"summary_large_image\" \/>\n<meta name=\"twitter:creator\" content=\"@eldiario_net\" \/>\n<meta name=\"twitter:site\" content=\"@eldiario_net\" \/>\n<meta name=\"twitter:label1\" content=\"Escrito por\" \/>\n\t<meta name=\"twitter:data1\" content=\"luis Camacho\" \/>\n\t<meta name=\"twitter:label2\" content=\"Tiempo de lectura\" \/>\n\t<meta name=\"twitter:data2\" content=\"2 minutos\" \/>\n<script type=\"application\/ld+json\" class=\"yoast-schema-graph\">{\"@context\":\"https:\\\/\\\/schema.org\",\"@graph\":[{\"@type\":\"Article\",\"@id\":\"https:\\\/\\\/www.eldiario.net\\\/portal\\\/2022\\\/04\\\/28\\\/organizan-accion-ciudadana-la-paz-y-tu-frente-al-cambio-climatico\\\/#article\",\"isPartOf\":{\"@id\":\"https:\\\/\\\/www.eldiario.net\\\/portal\\\/2022\\\/04\\\/28\\\/organizan-accion-ciudadana-la-paz-y-tu-frente-al-cambio-climatico\\\/\"},\"author\":{\"name\":\"luis Camacho\",\"@id\":\"https:\\\/\\\/www.eldiario.net\\\/portal\\\/#\\\/schema\\\/person\\\/c1a5d38e458b10c8ebd62f4189b82bbc\"},\"headline\":\"Organizan acci\u00f3n ciudadana \u201cLa Paz y t\u00fa frente al cambio clim\u00e1tico\u201d\",\"datePublished\":\"2022-04-28T14:38:37+00:00\",\"mainEntityOfPage\":{\"@id\":\"https:\\\/\\\/www.eldiario.net\\\/portal\\\/2022\\\/04\\\/28\\\/organizan-accion-ciudadana-la-paz-y-tu-frente-al-cambio-climatico\\\/\"},\"wordCount\":371,\"publisher\":{\"@id\":\"https:\\\/\\\/www.eldiario.net\\\/portal\\\/#organization\"},\"image\":{\"@id\":\"https:\\\/\\\/www.eldiario.net\\\/portal\\\/2022\\\/04\\\/28\\\/organizan-accion-ciudadana-la-paz-y-tu-frente-al-cambio-climatico\\\/#primaryimage\"},\"thumbnailUrl\":\"\",\"articleSection\":[\"Nacional\",\"Sociedad - Seguridad\"],\"inLanguage\":\"es\"},{\"@type\":\"WebPage\",\"@id\":\"https:\\\/\\\/www.eldiario.net\\\/portal\\\/2022\\\/04\\\/28\\\/organizan-accion-ciudadana-la-paz-y-tu-frente-al-cambio-climatico\\\/\",\"url\":\"https:\\\/\\\/www.eldiario.net\\\/portal\\\/2022\\\/04\\\/28\\\/organizan-accion-ciudadana-la-paz-y-tu-frente-al-cambio-climatico\\\/\",\"name\":\"Organizan acci\u00f3n ciudadana \u201cLa Paz y t\u00fa frente al cambio clim\u00e1tico\u201d - El Diario - Bolivia\",\"isPartOf\":{\"@id\":\"https:\\\/\\\/www.eldiario.net\\\/portal\\\/#website\"},\"primaryImageOfPage\":{\"@id\":\"https:\\\/\\\/www.eldiario.net\\\/portal\\\/2022\\\/04\\\/28\\\/organizan-accion-ciudadana-la-paz-y-tu-frente-al-cambio-climatico\\\/#primaryimage\"},\"image\":{\"@id\":\"https:\\\/\\\/www.eldiario.net\\\/portal\\\/2022\\\/04\\\/28\\\/organizan-accion-ciudadana-la-paz-y-tu-frente-al-cambio-climatico\\\/#primaryimage\"},\"thumbnailUrl\":\"\",\"datePublished\":\"2022-04-28T14:38:37+00:00\",\"breadcrumb\":{\"@id\":\"https:\\\/\\\/www.eldiario.net\\\/portal\\\/2022\\\/04\\\/28\\\/organizan-accion-ciudadana-la-paz-y-tu-frente-al-cambio-climatico\\\/#breadcrumb\"},\"inLanguage\":\"es\",\"potentialAction\":[{\"@type\":\"ReadAction\",\"target\":[\"https:\\\/\\\/www.eldiario.net\\\/portal\\\/2022\\\/04\\\/28\\\/organizan-accion-ciudadana-la-paz-y-tu-frente-al-cambio-climatico\\\/\"]}]},{\"@type\":\"ImageObject\",\"inLanguage\":\"es\",\"@id\":\"https:\\\/\\\/www.eldiario.net\\\/portal\\\/2022\\\/04\\\/28\\\/organizan-accion-ciudadana-la-paz-y-tu-frente-al-cambio-climatico\\\/#primaryimage\",\"url\":\"\",\"contentUrl\":\"\"},{\"@type\":\"BreadcrumbList\",\"@id\":\"https:\\\/\\\/www.eldiario.net\\\/portal\\\/2022\\\/04\\\/28\\\/organizan-accion-ciudadana-la-paz-y-tu-frente-al-cambio-climatico\\\/#breadcrumb\",\"itemListElement\":[{\"@type\":\"ListItem\",\"position\":1,\"name\":\"Portada\",\"item\":\"https:\\\/\\\/www.eldiario.net\\\/portal\\\/\"},{\"@type\":\"ListItem\",\"position\":2,\"name\":\"Organizan acci\u00f3n ciudadana \u201cLa Paz y t\u00fa frente al cambio clim\u00e1tico\u201d\"}]},{\"@type\":\"WebSite\",\"@id\":\"https:\\\/\\\/www.eldiario.net\\\/portal\\\/#website\",\"url\":\"https:\\\/\\\/www.eldiario.net\\\/portal\\\/\",\"name\":\"El Diario - Decano de la prensa nacional\",\"description\":\"El Diario - Decano de la prensa nacional\",\"publisher\":{\"@id\":\"https:\\\/\\\/www.eldiario.net\\\/portal\\\/#organization\"},\"potentialAction\":[{\"@type\":\"SearchAction\",\"target\":{\"@type\":\"EntryPoint\",\"urlTemplate\":\"https:\\\/\\\/www.eldiario.net\\\/portal\\\/?s={search_term_string}\"},\"query-input\":{\"@type\":\"PropertyValueSpecification\",\"valueRequired\":true,\"valueName\":\"search_term_string\"}}],\"inLanguage\":\"es\"},{\"@type\":\"Organization\",\"@id\":\"https:\\\/\\\/www.eldiario.net\\\/portal\\\/#organization\",\"name\":\"El Diario - Decano de la prensa nacional\",\"url\":\"https:\\\/\\\/www.eldiario.net\\\/portal\\\/\",\"logo\":{\"@type\":\"ImageObject\",\"inLanguage\":\"es\",\"@id\":\"https:\\\/\\\/www.eldiario.net\\\/portal\\\/#\\\/schema\\\/logo\\\/image\\\/\",\"url\":\"https:\\\/\\\/www.eldiario.net\\\/portal\\\/wp-content\\\/uploads\\\/2023\\\/07\\\/logo_ED.jpg\",\"contentUrl\":\"https:\\\/\\\/www.eldiario.net\\\/portal\\\/wp-content\\\/uploads\\\/2023\\\/07\\\/logo_ED.jpg\",\"width\":272,\"height\":52,\"caption\":\"El Diario - Decano de la prensa nacional\"},\"image\":{\"@id\":\"https:\\\/\\\/www.eldiario.net\\\/portal\\\/#\\\/schema\\\/logo\\\/image\\\/\"},\"sameAs\":[\"https:\\\/\\\/www.facebook.com\\\/eldiario.bolivia\\\/\",\"https:\\\/\\\/x.com\\\/eldiario_net\"]},{\"@type\":\"Person\",\"@id\":\"https:\\\/\\\/www.eldiario.net\\\/portal\\\/#\\\/schema\\\/person\\\/c1a5d38e458b10c8ebd62f4189b82bbc\",\"name\":\"luis Camacho\",\"image\":{\"@type\":\"ImageObject\",\"inLanguage\":\"es\",\"@id\":\"https:\\\/\\\/secure.gravatar.com\\\/avatar\\\/69ecb836b3826d5a2501bf06ab2a2f2c8ab211cc846758f395df21684cb38313?s=96&d=mm&r=g\",\"url\":\"https:\\\/\\\/secure.gravatar.com\\\/avatar\\\/69ecb836b3826d5a2501bf06ab2a2f2c8ab211cc846758f395df21684cb38313?s=96&d=mm&r=g\",\"contentUrl\":\"https:\\\/\\\/secure.gravatar.com\\\/avatar\\\/69ecb836b3826d5a2501bf06ab2a2f2c8ab211cc846758f395df21684cb38313?s=96&d=mm&r=g\",\"caption\":\"luis Camacho\"},\"url\":\"https:\\\/\\\/www.eldiario.net\\\/portal\\\/author\\\/luis\\\/\"}]}<\/script>\n<!-- \/ Yoast SEO plugin. -->","yoast_head_json":{"title":"Organizan acci\u00f3n ciudadana \u201cLa Paz y t\u00fa frente al cambio clim\u00e1tico\u201d - El Diario - Bolivia","robots":{"index":"index","follow":"follow","max-snippet":"max-snippet:-1","max-image-preview":"max-image-preview:large","max-video-preview":"max-video-preview:-1"},"canonical":"https:\/\/www.eldiario.net\/portal\/2022\/04\/28\/organizan-accion-ciudadana-la-paz-y-tu-frente-al-cambio-climatico\/","og_locale":"es_ES","og_type":"article","og_title":"Organizan acci\u00f3n ciudadana \u201cLa Paz y t\u00fa frente al cambio clim\u00e1tico\u201d - El Diario - Bolivia","og_description":"La Iniciativa LAIF (Facilidad de Inversi\u00f3n para Am\u00e9rica Latina) del Banco de Desarrollo de Am\u00e9rica Latina (CAF) promueve la acci\u00f3n ciudadana \u201cTu ciudad y t\u00fa frente al cambio clim\u00e1tico\u201d en seis diferentes ciudades de Argentina, Brasil, Colombia, Ecuador, Per\u00fa y Bolivia, estas actividades se llevan a cabo con el apoyo de las alcald\u00edas locales. En [&hellip;]","og_url":"https:\/\/www.eldiario.net\/portal\/2022\/04\/28\/organizan-accion-ciudadana-la-paz-y-tu-frente-al-cambio-climatico\/","og_site_name":"El Diario - Bolivia","article_publisher":"https:\/\/www.facebook.com\/eldiario.bolivia\/","article_published_time":"2022-04-28T14:38:37+00:00","author":"luis Camacho","twitter_card":"summary_large_image","twitter_creator":"@eldiario_net","twitter_site":"@eldiario_net","twitter_misc":{"Escrito por":"luis Camacho","Tiempo de lectura":"2 minutos"},"schema":{"@context":"https:\/\/schema.org","@graph":[{"@type":"Article","@id":"https:\/\/www.eldiario.net\/portal\/2022\/04\/28\/organizan-accion-ciudadana-la-paz-y-tu-frente-al-cambio-climatico\/#article","isPartOf":{"@id":"https:\/\/www.eldiario.net\/portal\/2022\/04\/28\/organizan-accion-ciudadana-la-paz-y-tu-frente-al-cambio-climatico\/"},"author":{"name":"luis Camacho","@id":"https:\/\/www.eldiario.net\/portal\/#\/schema\/person\/c1a5d38e458b10c8ebd62f4189b82bbc"},"headline":"Organizan acci\u00f3n ciudadana \u201cLa Paz y t\u00fa frente al cambio clim\u00e1tico\u201d","datePublished":"2022-04-28T14:38:37+00:00","mainEntityOfPage":{"@id":"https:\/\/www.eldiario.net\/portal\/2022\/04\/28\/organizan-accion-ciudadana-la-paz-y-tu-frente-al-cambio-climatico\/"},"wordCount":371,"publisher":{"@id":"https:\/\/www.eldiario.net\/portal\/#organization"},"image":{"@id":"https:\/\/www.eldiario.net\/portal\/2022\/04\/28\/organizan-accion-ciudadana-la-paz-y-tu-frente-al-cambio-climatico\/#primaryimage"},"thumbnailUrl":"","articleSection":["Nacional","Sociedad - Seguridad"],"inLanguage":"es"},{"@type":"WebPage","@id":"https:\/\/www.eldiario.net\/portal\/2022\/04\/28\/organizan-accion-ciudadana-la-paz-y-tu-frente-al-cambio-climatico\/","url":"https:\/\/www.eldiario.net\/portal\/2022\/04\/28\/organizan-accion-ciudadana-la-paz-y-tu-frente-al-cambio-climatico\/","name":"Organizan acci\u00f3n ciudadana \u201cLa Paz y t\u00fa frente al cambio clim\u00e1tico\u201d - El Diario - Bolivia","isPartOf":{"@id":"https:\/\/www.eldiario.net\/portal\/#website"},"primaryImageOfPage":{"@id":"https:\/\/www.eldiario.net\/portal\/2022\/04\/28\/organizan-accion-ciudadana-la-paz-y-tu-frente-al-cambio-climatico\/#primaryimage"},"image":{"@id":"https:\/\/www.eldiario.net\/portal\/2022\/04\/28\/organizan-accion-ciudadana-la-paz-y-tu-frente-al-cambio-climatico\/#primaryimage"},"thumbnailUrl":"","datePublished":"2022-04-28T14:38:37+00:00","breadcrumb":{"@id":"https:\/\/www.eldiario.net\/portal\/2022\/04\/28\/organizan-accion-ciudadana-la-paz-y-tu-frente-al-cambio-climatico\/#breadcrumb"},"inLanguage":"es","potentialAction":[{"@type":"ReadAction","target":["https:\/\/www.eldiario.net\/portal\/2022\/04\/28\/organizan-accion-ciudadana-la-paz-y-tu-frente-al-cambio-climatico\/"]}]},{"@type":"ImageObject","inLanguage":"es","@id":"https:\/\/www.eldiario.net\/portal\/2022\/04\/28\/organizan-accion-ciudadana-la-paz-y-tu-frente-al-cambio-climatico\/#primaryimage","url":"","contentUrl":""},{"@type":"BreadcrumbList","@id":"https:\/\/www.eldiario.net\/portal\/2022\/04\/28\/organizan-accion-ciudadana-la-paz-y-tu-frente-al-cambio-climatico\/#breadcrumb","itemListElement":[{"@type":"ListItem","position":1,"name":"Portada","item":"https:\/\/www.eldiario.net\/portal\/"},{"@type":"ListItem","position":2,"name":"Organizan acci\u00f3n ciudadana \u201cLa Paz y t\u00fa frente al cambio clim\u00e1tico\u201d"}]},{"@type":"WebSite","@id":"https:\/\/www.eldiario.net\/portal\/#website","url":"https:\/\/www.eldiario.net\/portal\/","name":"El Diario - Decano de la prensa nacional","description":"El Diario - Decano de la prensa nacional","publisher":{"@id":"https:\/\/www.eldiario.net\/portal\/#organization"},"potentialAction":[{"@type":"SearchAction","target":{"@type":"EntryPoint","urlTemplate":"https:\/\/www.eldiario.net\/portal\/?s={search_term_string}"},"query-input":{"@type":"PropertyValueSpecification","valueRequired":true,"valueName":"search_term_string"}}],"inLanguage":"es"},{"@type":"Organization","@id":"https:\/\/www.eldiario.net\/portal\/#organization","name":"El Diario - Decano de la prensa nacional","url":"https:\/\/www.eldiario.net\/portal\/","logo":{"@type":"ImageObject","inLanguage":"es","@id":"https:\/\/www.eldiario.net\/portal\/#\/schema\/logo\/image\/","url":"https:\/\/www.eldiario.net\/portal\/wp-content\/uploads\/2023\/07\/logo_ED.jpg","contentUrl":"https:\/\/www.eldiario.net\/portal\/wp-content\/uploads\/2023\/07\/logo_ED.jpg","width":272,"height":52,"caption":"El Diario - Decano de la prensa nacional"},"image":{"@id":"https:\/\/www.eldiario.net\/portal\/#\/schema\/logo\/image\/"},"sameAs":["https:\/\/www.facebook.com\/eldiario.bolivia\/","https:\/\/x.com\/eldiario_net"]},{"@type":"Person","@id":"https:\/\/www.eldiario.net\/portal\/#\/schema\/person\/c1a5d38e458b10c8ebd62f4189b82bbc","name":"luis Camacho","image":{"@type":"ImageObject","inLanguage":"es","@id":"https:\/\/secure.gravatar.com\/avatar\/69ecb836b3826d5a2501bf06ab2a2f2c8ab211cc846758f395df21684cb38313?s=96&d=mm&r=g","url":"https:\/\/secure.gravatar.com\/avatar\/69ecb836b3826d5a2501bf06ab2a2f2c8ab211cc846758f395df21684cb38313?s=96&d=mm&r=g","contentUrl":"https:\/\/secure.gravatar.com\/avatar\/69ecb836b3826d5a2501bf06ab2a2f2c8ab211cc846758f395df21684cb38313?s=96&d=mm&r=g","caption":"luis Camacho"},"url":"https:\/\/www.eldiario.net\/portal\/author\/luis\/"}]}},"_links":{"self":[{"href":"https:\/\/www.eldiario.net\/portal\/wp-json\/wp\/v2\/posts\/79773","targetHints":{"allow":["GET"]}}],"collection":[{"href":"https:\/\/www.eldiario.net\/portal\/wp-json\/wp\/v2\/posts"}],"about":[{"href":"https:\/\/www.eldiario.net\/portal\/wp-json\/wp\/v2\/types\/post"}],"author":[{"embeddable":true,"href":"https:\/\/www.eldiario.net\/portal\/wp-json\/wp\/v2\/users\/2"}],"replies":[{"embeddable":true,"href":"https:\/\/www.eldiario.net\/portal\/wp-json\/wp\/v2\/comments?post=79773"}],"version-history":[{"count":0,"href":"https:\/\/www.eldiario.net\/portal\/wp-json\/wp\/v2\/posts\/79773\/revisions"}],"wp:attachment":[{"href":"https:\/\/www.eldiario.net\/portal\/wp-json\/wp\/v2\/media?parent=79773"}],"wp:term":[{"taxonomy":"category","embeddable":true,"href":"https:\/\/www.eldiario.net\/portal\/wp-json\/wp\/v2\/categories?post=79773"},{"taxonomy":"post_tag","embeddable":true,"href":"https:\/\/www.eldiario.net\/portal\/wp-json\/wp\/v2\/tags?post=79773"}],"curies":[{"name":"wp","href":"https:\/\/api.w.org\/{rel}","templated":true}]}}