{"id":79763,"date":"2022-04-28T05:06:28","date_gmt":"2022-04-28T09:06:28","guid":{"rendered":"https:\/\/www.eldiario.net\/portal\/?p=79763"},"modified":"2022-04-28T05:06:28","modified_gmt":"2022-04-28T09:06:28","slug":"gobierno-y-cob-fijan-aumento-salarial-de-3-al-basico-y-4-al-minimo-nacional","status":"publish","type":"post","link":"https:\/\/www.eldiario.net\/portal\/2022\/04\/28\/gobierno-y-cob-fijan-aumento-salarial-de-3-al-basico-y-4-al-minimo-nacional\/","title":{"rendered":"Gobierno y COB fijan aumento salarial  de 3% al b\u00e1sico y 4% al m\u00ednimo nacional"},"content":{"rendered":"<p class=\"v1MsoNormal\"><span lang=\"ES\">A pesar de los argumentos expresados por el empresariado nacional, el Gobierno junto a su aliado la Central Obrera Boliviana decidi\u00f3 fijar un incremento de 3% al salario b\u00e1sico y 4% al m\u00ednimo nacional. Al respecto, el presidente de la Federaci\u00f3n de Empresarios Privados de Tarija, Marcelo Romero, dijo que reciben la noticia como un atentado al trabajo estable, digno y sostenido.<\/span><\/p>\n<p class=\"v1MsoNormal\"><span lang=\"ES\">Lament\u00f3 que autoridades y dirigentes no sepan valorar a la empresa, ya que la decisi\u00f3n asumida con respecto al aumento salarial, muestra que el sector emprendedor no est\u00e1 dentro las prioridades del Gobierno.<\/span><\/p>\n<p class=\"v1MsoNormal\"><span lang=\"ES\">Asegur\u00f3 que la gente apuesta por la econom\u00eda del pa\u00eds con su emprendimiento, ya que paga impuestos y genera empleo, y lo \u00fanico que hace este tipo de medidas es que las empresas se contraigan para sobrevivir.<\/span><\/p>\n<p class=\"v1MsoNormal\"><span lang=\"ES\">Se\u00f1al\u00f3 que ya con el 1% la situaci\u00f3n se perfilaba complicada, pero con la decisi\u00f3n de subir el porcentaje, lo \u00fanico que se conseguir\u00e1 es aumentar el desempleo y reducir el empleo formal.<\/span><\/p>\n<p class=\"v1MsoNormal\"><span lang=\"ES\">Por ejemplo, Tarija se encuentra con altos \u00edndices de pobreza, y la medida no toma en cuenta esta situaci\u00f3n, sino que mide con la misma vara a todas las regiones, lo que provocar\u00e1 que la situaci\u00f3n econ\u00f3mica de la regi\u00f3n se complique a\u00fan mayor.<\/span><\/p>\n<p class=\"v1MsoNormal\"><span lang=\"ES\">Record\u00f3 que el contrabando provoca cierre de empresas en la regi\u00f3n y la inversi\u00f3n p\u00fablica casi est\u00e1 en cero, y por ello sostiene que la decisi\u00f3n asumida por el Gobierno y la COB s\u00f3lo causar\u00e1 mayor desempleo y reducir\u00e1 la creaci\u00f3n de mayores emprendimientos.<\/span><\/p>\n<p class=\"v1MsoNormal\"><span lang=\"ES\">Como se recordar\u00e1 la COB solicit\u00f3 un aumento salarial de 7% al b\u00e1sico y 10% al m\u00ednimo. En las reuniones realizadas entre dirigentes y el ministro de Econom\u00eda, Marcelo Montenegro, se plante\u00f3 un aumento de 0,5% al b\u00e1sico y 1% al m\u00ednimo, que fue rechazado, y el martes se subi\u00f3 a 1,5% a ambos, que tambi\u00e9n fue rechazado.<\/span><\/p>\n<p class=\"v1MsoNormal\"><span lang=\"ES\">Los dirigentes d la COB acudieron al presidente Luis Arce, y despu\u00e9s de varias horas de debate, la noche de ayer el Jefe de Estado anunci\u00f3 que se lleg\u00f3 a un acuerdo de 3% al b\u00e1sico y 4% al m\u00ednimo nacional.<\/span><\/p>\n<p class=\"v1MsoNormal\"><span lang=\"ES\">Los empresarios indicaron que por cada punto de incremento el gasto para el sector privado representar\u00e1 53 millones de d\u00f3lares, y con el retroactivo la cifra se eleva a m\u00e1s, por lo que deber\u00e1n buscar financiamiento.<\/span><\/p>\n<p class=\"v1MsoNormal\"><span lang=\"ES\">En pasado lunes, el sector empresarial se\u00f1al\u00f3 que no est\u00e1n de acuerdo con un aumento salarial, debido a que no salen de la crisis, pero aseguraron que son respetuosos de la ley.<\/span><\/p>\n<p class=\"v1MsoNormal\"><span lang=\"ES\">El asesor de la C\u00e1mara Nacional de Industrias, Hugo Siles, en su presentaci\u00f3n del aumento salarial, dijo que no s\u00f3lo suben costos para el sector privado, sino que tambi\u00e9n para el Gobierno, ya que, por cada punto porcentual, el presupuesto p\u00fablico se incrementar\u00eda 55 millones de d\u00f3lares, que bien podr\u00eda destinarse a la construcci\u00f3n de un hospital de tercer nivel o a 55 establecimientos educativos.<\/span><\/p>\n<p class=\"v1MsoNormal\"><span lang=\"ES\">\u00a0<\/span><\/p>\n<p class=\"v1MsoNormal\"><span lang=\"ES\">MOMENTO DIFICIL<\/span><\/p>\n<p class=\"v1MsoNormal\"><span lang=\"ES\">El past presidente de la C\u00e1mara Nacional de Comercio (CNC), Rolando Kempff, record\u00f3 que la econom\u00eda pasa todav\u00eda por un momento dif\u00edcil, ya que la reactivaci\u00f3n est\u00e1 complicada, y ahora m\u00e1s con la invasi\u00f3n de Rusia a Ucrania, que provoc\u00f3 una crisis alimentaria y energ\u00e9tica.<\/span><\/p>\n<p class=\"v1MsoNormal\"><span lang=\"ES\">Explic\u00f3 que, por cada punto de incremento del salario, esto implicar\u00e1 una carga econ\u00f3mica para los empresarios de alrededor de 53 millones de d\u00f3lares, y como se recordar\u00e1 es retroactivo a enero, lo que provocar\u00e1 dificultades para el sector privado, que tendr\u00e1 que financiarse para pagar el monto acumulado.<\/span><\/p>\n<p class=\"v1MsoNormal\"><span lang=\"ES\">Reitero que para los empresarios es importante el di\u00e1logo con todos los sectores, ya que la carga laboral es alta, y el salario m\u00ednimo nacional es uno de los m\u00e1s altos de la regi\u00f3n, y es por ello que demanda equilibrio.<\/span><\/p>\n<p class=\"v1MsoNormal\"><span lang=\"ES\">Esperemos que el di\u00e1logo iniciado con la Confederaci\u00f3n de Empresarios Privados de Bolivia, el pasado lunes, contin\u00fae y se hable de estos temas, como la presi\u00f3n laboral.<\/span><\/p>\n<p class=\"v1MsoNormal\"><span lang=\"ES\">Por su parte, el nuevo presidente de la CNC, Mario Paredes, dijo que apoyan las decisiones cuando son acuerdos razonables, y esperemos que se alcance este nivel en las conversaciones entre los trabajadores y el Gobierno.<\/span><\/p>\n<p class=\"v1MsoNormal\"><span lang=\"ES\">\u00a0<\/span><\/p>\n","protected":false},"excerpt":{"rendered":"<p>A pesar de los argumentos expresados por el empresariado nacional, el Gobierno junto a su aliado la Central Obrera Boliviana decidi\u00f3 fijar un incremento de 3% al salario b\u00e1sico y 4% al m\u00ednimo nacional. Al respecto, el presidente de la Federaci\u00f3n de Empresarios Privados de Tarija, Marcelo Romero, dijo que reciben la noticia como un [&hellip;]<\/p>\n","protected":false},"author":1,"featured_media":79764,"comment_status":"closed","ping_status":"closed","sticky":false,"template":"","format":"standard","meta":{"_acf_changed":false,"footnotes":""},"categories":[17],"tags":[],"class_list":["post-79763","post","type-post","status-publish","format-standard","has-post-thumbnail","category-principal"],"acf":{"antetitulo":""},"yoast_head":"<!-- This site is optimized with the Yoast SEO plugin v28.4 - https:\/\/yoast.com\/product\/yoast-seo-wordpress\/ -->\n<title>Gobierno y COB fijan aumento salarial de 3% al b\u00e1sico y 4% al m\u00ednimo nacional - El Diario - Bolivia<\/title>\n<meta name=\"robots\" content=\"index, follow, max-snippet:-1, max-image-preview:large, max-video-preview:-1\" \/>\n<link rel=\"canonical\" href=\"https:\/\/www.eldiario.net\/portal\/2022\/04\/28\/gobierno-y-cob-fijan-aumento-salarial-de-3-al-basico-y-4-al-minimo-nacional\/\" \/>\n<meta property=\"og:locale\" content=\"es_ES\" \/>\n<meta property=\"og:type\" content=\"article\" \/>\n<meta property=\"og:title\" content=\"Gobierno y COB fijan aumento salarial de 3% al b\u00e1sico y 4% al m\u00ednimo nacional - El Diario - Bolivia\" \/>\n<meta property=\"og:description\" content=\"A pesar de los argumentos expresados por el empresariado nacional, el Gobierno junto a su aliado la Central Obrera Boliviana decidi\u00f3 fijar un incremento de 3% al salario b\u00e1sico y 4% al m\u00ednimo nacional. Al respecto, el presidente de la Federaci\u00f3n de Empresarios Privados de Tarija, Marcelo Romero, dijo que reciben la noticia como un [&hellip;]\" \/>\n<meta property=\"og:url\" content=\"https:\/\/www.eldiario.net\/portal\/2022\/04\/28\/gobierno-y-cob-fijan-aumento-salarial-de-3-al-basico-y-4-al-minimo-nacional\/\" \/>\n<meta property=\"og:site_name\" content=\"El Diario - Bolivia\" \/>\n<meta property=\"article:publisher\" content=\"https:\/\/www.facebook.com\/eldiario.bolivia\/\" \/>\n<meta property=\"article:published_time\" content=\"2022-04-28T09:06:28+00:00\" \/>\n<meta name=\"author\" content=\"Jeanette\" \/>\n<meta name=\"twitter:card\" content=\"summary_large_image\" \/>\n<meta name=\"twitter:creator\" content=\"@eldiario_net\" \/>\n<meta name=\"twitter:site\" content=\"@eldiario_net\" \/>\n<meta name=\"twitter:label1\" content=\"Escrito por\" \/>\n\t<meta name=\"twitter:data1\" content=\"Jeanette\" \/>\n\t<meta name=\"twitter:label2\" content=\"Tiempo de lectura\" \/>\n\t<meta name=\"twitter:data2\" content=\"4 minutos\" \/>\n<script type=\"application\/ld+json\" class=\"yoast-schema-graph\">{\"@context\":\"https:\\\/\\\/schema.org\",\"@graph\":[{\"@type\":\"Article\",\"@id\":\"https:\\\/\\\/www.eldiario.net\\\/portal\\\/2022\\\/04\\\/28\\\/gobierno-y-cob-fijan-aumento-salarial-de-3-al-basico-y-4-al-minimo-nacional\\\/#article\",\"isPartOf\":{\"@id\":\"https:\\\/\\\/www.eldiario.net\\\/portal\\\/2022\\\/04\\\/28\\\/gobierno-y-cob-fijan-aumento-salarial-de-3-al-basico-y-4-al-minimo-nacional\\\/\"},\"author\":{\"name\":\"Jeanette\",\"@id\":\"https:\\\/\\\/www.eldiario.net\\\/portal\\\/#\\\/schema\\\/person\\\/2c57cf2b7a7ae032e449e4c9b1019eac\"},\"headline\":\"Gobierno y COB fijan aumento salarial de 3% al b\u00e1sico y 4% al m\u00ednimo nacional\",\"datePublished\":\"2022-04-28T09:06:28+00:00\",\"mainEntityOfPage\":{\"@id\":\"https:\\\/\\\/www.eldiario.net\\\/portal\\\/2022\\\/04\\\/28\\\/gobierno-y-cob-fijan-aumento-salarial-de-3-al-basico-y-4-al-minimo-nacional\\\/\"},\"wordCount\":747,\"publisher\":{\"@id\":\"https:\\\/\\\/www.eldiario.net\\\/portal\\\/#organization\"},\"image\":{\"@id\":\"https:\\\/\\\/www.eldiario.net\\\/portal\\\/2022\\\/04\\\/28\\\/gobierno-y-cob-fijan-aumento-salarial-de-3-al-basico-y-4-al-minimo-nacional\\\/#primaryimage\"},\"thumbnailUrl\":\"\",\"articleSection\":[\"Principal\"],\"inLanguage\":\"es\"},{\"@type\":\"WebPage\",\"@id\":\"https:\\\/\\\/www.eldiario.net\\\/portal\\\/2022\\\/04\\\/28\\\/gobierno-y-cob-fijan-aumento-salarial-de-3-al-basico-y-4-al-minimo-nacional\\\/\",\"url\":\"https:\\\/\\\/www.eldiario.net\\\/portal\\\/2022\\\/04\\\/28\\\/gobierno-y-cob-fijan-aumento-salarial-de-3-al-basico-y-4-al-minimo-nacional\\\/\",\"name\":\"Gobierno y COB fijan aumento salarial de 3% al b\u00e1sico y 4% al m\u00ednimo nacional - El Diario - Bolivia\",\"isPartOf\":{\"@id\":\"https:\\\/\\\/www.eldiario.net\\\/portal\\\/#website\"},\"primaryImageOfPage\":{\"@id\":\"https:\\\/\\\/www.eldiario.net\\\/portal\\\/2022\\\/04\\\/28\\\/gobierno-y-cob-fijan-aumento-salarial-de-3-al-basico-y-4-al-minimo-nacional\\\/#primaryimage\"},\"image\":{\"@id\":\"https:\\\/\\\/www.eldiario.net\\\/portal\\\/2022\\\/04\\\/28\\\/gobierno-y-cob-fijan-aumento-salarial-de-3-al-basico-y-4-al-minimo-nacional\\\/#primaryimage\"},\"thumbnailUrl\":\"\",\"datePublished\":\"2022-04-28T09:06:28+00:00\",\"breadcrumb\":{\"@id\":\"https:\\\/\\\/www.eldiario.net\\\/portal\\\/2022\\\/04\\\/28\\\/gobierno-y-cob-fijan-aumento-salarial-de-3-al-basico-y-4-al-minimo-nacional\\\/#breadcrumb\"},\"inLanguage\":\"es\",\"potentialAction\":[{\"@type\":\"ReadAction\",\"target\":[\"https:\\\/\\\/www.eldiario.net\\\/portal\\\/2022\\\/04\\\/28\\\/gobierno-y-cob-fijan-aumento-salarial-de-3-al-basico-y-4-al-minimo-nacional\\\/\"]}]},{\"@type\":\"ImageObject\",\"inLanguage\":\"es\",\"@id\":\"https:\\\/\\\/www.eldiario.net\\\/portal\\\/2022\\\/04\\\/28\\\/gobierno-y-cob-fijan-aumento-salarial-de-3-al-basico-y-4-al-minimo-nacional\\\/#primaryimage\",\"url\":\"\",\"contentUrl\":\"\"},{\"@type\":\"BreadcrumbList\",\"@id\":\"https:\\\/\\\/www.eldiario.net\\\/portal\\\/2022\\\/04\\\/28\\\/gobierno-y-cob-fijan-aumento-salarial-de-3-al-basico-y-4-al-minimo-nacional\\\/#breadcrumb\",\"itemListElement\":[{\"@type\":\"ListItem\",\"position\":1,\"name\":\"Portada\",\"item\":\"https:\\\/\\\/www.eldiario.net\\\/portal\\\/\"},{\"@type\":\"ListItem\",\"position\":2,\"name\":\"Gobierno y COB fijan aumento salarial de 3% al b\u00e1sico y 4% al m\u00ednimo nacional\"}]},{\"@type\":\"WebSite\",\"@id\":\"https:\\\/\\\/www.eldiario.net\\\/portal\\\/#website\",\"url\":\"https:\\\/\\\/www.eldiario.net\\\/portal\\\/\",\"name\":\"El Diario - Decano de la prensa nacional\",\"description\":\"El Diario - Decano de la prensa nacional\",\"publisher\":{\"@id\":\"https:\\\/\\\/www.eldiario.net\\\/portal\\\/#organization\"},\"potentialAction\":[{\"@type\":\"SearchAction\",\"target\":{\"@type\":\"EntryPoint\",\"urlTemplate\":\"https:\\\/\\\/www.eldiario.net\\\/portal\\\/?s={search_term_string}\"},\"query-input\":{\"@type\":\"PropertyValueSpecification\",\"valueRequired\":true,\"valueName\":\"search_term_string\"}}],\"inLanguage\":\"es\"},{\"@type\":\"Organization\",\"@id\":\"https:\\\/\\\/www.eldiario.net\\\/portal\\\/#organization\",\"name\":\"El Diario - Decano de la prensa nacional\",\"url\":\"https:\\\/\\\/www.eldiario.net\\\/portal\\\/\",\"logo\":{\"@type\":\"ImageObject\",\"inLanguage\":\"es\",\"@id\":\"https:\\\/\\\/www.eldiario.net\\\/portal\\\/#\\\/schema\\\/logo\\\/image\\\/\",\"url\":\"https:\\\/\\\/www.eldiario.net\\\/portal\\\/wp-content\\\/uploads\\\/2023\\\/07\\\/logo_ED.jpg\",\"contentUrl\":\"https:\\\/\\\/www.eldiario.net\\\/portal\\\/wp-content\\\/uploads\\\/2023\\\/07\\\/logo_ED.jpg\",\"width\":272,\"height\":52,\"caption\":\"El Diario - Decano de la prensa nacional\"},\"image\":{\"@id\":\"https:\\\/\\\/www.eldiario.net\\\/portal\\\/#\\\/schema\\\/logo\\\/image\\\/\"},\"sameAs\":[\"https:\\\/\\\/www.facebook.com\\\/eldiario.bolivia\\\/\",\"https:\\\/\\\/x.com\\\/eldiario_net\"]},{\"@type\":\"Person\",\"@id\":\"https:\\\/\\\/www.eldiario.net\\\/portal\\\/#\\\/schema\\\/person\\\/2c57cf2b7a7ae032e449e4c9b1019eac\",\"name\":\"Jeanette\",\"image\":{\"@type\":\"ImageObject\",\"inLanguage\":\"es\",\"@id\":\"https:\\\/\\\/secure.gravatar.com\\\/avatar\\\/3ea2118a5f7dad2b7138b1187a6b7ee55f160b9968b66013c3a3ef39dd7e5798?s=96&d=mm&r=g\",\"url\":\"https:\\\/\\\/secure.gravatar.com\\\/avatar\\\/3ea2118a5f7dad2b7138b1187a6b7ee55f160b9968b66013c3a3ef39dd7e5798?s=96&d=mm&r=g\",\"contentUrl\":\"https:\\\/\\\/secure.gravatar.com\\\/avatar\\\/3ea2118a5f7dad2b7138b1187a6b7ee55f160b9968b66013c3a3ef39dd7e5798?s=96&d=mm&r=g\",\"caption\":\"Jeanette\"},\"sameAs\":[\"https:\\\/\\\/www.eldiario.net\\\/portal\"],\"url\":\"https:\\\/\\\/www.eldiario.net\\\/portal\\\/author\\\/jeanette\\\/\"}]}<\/script>\n<!-- \/ Yoast SEO plugin. -->","yoast_head_json":{"title":"Gobierno y COB fijan aumento salarial de 3% al b\u00e1sico y 4% al m\u00ednimo nacional - El Diario - Bolivia","robots":{"index":"index","follow":"follow","max-snippet":"max-snippet:-1","max-image-preview":"max-image-preview:large","max-video-preview":"max-video-preview:-1"},"canonical":"https:\/\/www.eldiario.net\/portal\/2022\/04\/28\/gobierno-y-cob-fijan-aumento-salarial-de-3-al-basico-y-4-al-minimo-nacional\/","og_locale":"es_ES","og_type":"article","og_title":"Gobierno y COB fijan aumento salarial de 3% al b\u00e1sico y 4% al m\u00ednimo nacional - El Diario - Bolivia","og_description":"A pesar de los argumentos expresados por el empresariado nacional, el Gobierno junto a su aliado la Central Obrera Boliviana decidi\u00f3 fijar un incremento de 3% al salario b\u00e1sico y 4% al m\u00ednimo nacional. Al respecto, el presidente de la Federaci\u00f3n de Empresarios Privados de Tarija, Marcelo Romero, dijo que reciben la noticia como un [&hellip;]","og_url":"https:\/\/www.eldiario.net\/portal\/2022\/04\/28\/gobierno-y-cob-fijan-aumento-salarial-de-3-al-basico-y-4-al-minimo-nacional\/","og_site_name":"El Diario - Bolivia","article_publisher":"https:\/\/www.facebook.com\/eldiario.bolivia\/","article_published_time":"2022-04-28T09:06:28+00:00","author":"Jeanette","twitter_card":"summary_large_image","twitter_creator":"@eldiario_net","twitter_site":"@eldiario_net","twitter_misc":{"Escrito por":"Jeanette","Tiempo de lectura":"4 minutos"},"schema":{"@context":"https:\/\/schema.org","@graph":[{"@type":"Article","@id":"https:\/\/www.eldiario.net\/portal\/2022\/04\/28\/gobierno-y-cob-fijan-aumento-salarial-de-3-al-basico-y-4-al-minimo-nacional\/#article","isPartOf":{"@id":"https:\/\/www.eldiario.net\/portal\/2022\/04\/28\/gobierno-y-cob-fijan-aumento-salarial-de-3-al-basico-y-4-al-minimo-nacional\/"},"author":{"name":"Jeanette","@id":"https:\/\/www.eldiario.net\/portal\/#\/schema\/person\/2c57cf2b7a7ae032e449e4c9b1019eac"},"headline":"Gobierno y COB fijan aumento salarial de 3% al b\u00e1sico y 4% al m\u00ednimo nacional","datePublished":"2022-04-28T09:06:28+00:00","mainEntityOfPage":{"@id":"https:\/\/www.eldiario.net\/portal\/2022\/04\/28\/gobierno-y-cob-fijan-aumento-salarial-de-3-al-basico-y-4-al-minimo-nacional\/"},"wordCount":747,"publisher":{"@id":"https:\/\/www.eldiario.net\/portal\/#organization"},"image":{"@id":"https:\/\/www.eldiario.net\/portal\/2022\/04\/28\/gobierno-y-cob-fijan-aumento-salarial-de-3-al-basico-y-4-al-minimo-nacional\/#primaryimage"},"thumbnailUrl":"","articleSection":["Principal"],"inLanguage":"es"},{"@type":"WebPage","@id":"https:\/\/www.eldiario.net\/portal\/2022\/04\/28\/gobierno-y-cob-fijan-aumento-salarial-de-3-al-basico-y-4-al-minimo-nacional\/","url":"https:\/\/www.eldiario.net\/portal\/2022\/04\/28\/gobierno-y-cob-fijan-aumento-salarial-de-3-al-basico-y-4-al-minimo-nacional\/","name":"Gobierno y COB fijan aumento salarial de 3% al b\u00e1sico y 4% al m\u00ednimo nacional - El Diario - Bolivia","isPartOf":{"@id":"https:\/\/www.eldiario.net\/portal\/#website"},"primaryImageOfPage":{"@id":"https:\/\/www.eldiario.net\/portal\/2022\/04\/28\/gobierno-y-cob-fijan-aumento-salarial-de-3-al-basico-y-4-al-minimo-nacional\/#primaryimage"},"image":{"@id":"https:\/\/www.eldiario.net\/portal\/2022\/04\/28\/gobierno-y-cob-fijan-aumento-salarial-de-3-al-basico-y-4-al-minimo-nacional\/#primaryimage"},"thumbnailUrl":"","datePublished":"2022-04-28T09:06:28+00:00","breadcrumb":{"@id":"https:\/\/www.eldiario.net\/portal\/2022\/04\/28\/gobierno-y-cob-fijan-aumento-salarial-de-3-al-basico-y-4-al-minimo-nacional\/#breadcrumb"},"inLanguage":"es","potentialAction":[{"@type":"ReadAction","target":["https:\/\/www.eldiario.net\/portal\/2022\/04\/28\/gobierno-y-cob-fijan-aumento-salarial-de-3-al-basico-y-4-al-minimo-nacional\/"]}]},{"@type":"ImageObject","inLanguage":"es","@id":"https:\/\/www.eldiario.net\/portal\/2022\/04\/28\/gobierno-y-cob-fijan-aumento-salarial-de-3-al-basico-y-4-al-minimo-nacional\/#primaryimage","url":"","contentUrl":""},{"@type":"BreadcrumbList","@id":"https:\/\/www.eldiario.net\/portal\/2022\/04\/28\/gobierno-y-cob-fijan-aumento-salarial-de-3-al-basico-y-4-al-minimo-nacional\/#breadcrumb","itemListElement":[{"@type":"ListItem","position":1,"name":"Portada","item":"https:\/\/www.eldiario.net\/portal\/"},{"@type":"ListItem","position":2,"name":"Gobierno y COB fijan aumento salarial de 3% al b\u00e1sico y 4% al m\u00ednimo nacional"}]},{"@type":"WebSite","@id":"https:\/\/www.eldiario.net\/portal\/#website","url":"https:\/\/www.eldiario.net\/portal\/","name":"El Diario - Decano de la prensa nacional","description":"El Diario - Decano de la prensa nacional","publisher":{"@id":"https:\/\/www.eldiario.net\/portal\/#organization"},"potentialAction":[{"@type":"SearchAction","target":{"@type":"EntryPoint","urlTemplate":"https:\/\/www.eldiario.net\/portal\/?s={search_term_string}"},"query-input":{"@type":"PropertyValueSpecification","valueRequired":true,"valueName":"search_term_string"}}],"inLanguage":"es"},{"@type":"Organization","@id":"https:\/\/www.eldiario.net\/portal\/#organization","name":"El Diario - Decano de la prensa nacional","url":"https:\/\/www.eldiario.net\/portal\/","logo":{"@type":"ImageObject","inLanguage":"es","@id":"https:\/\/www.eldiario.net\/portal\/#\/schema\/logo\/image\/","url":"https:\/\/www.eldiario.net\/portal\/wp-content\/uploads\/2023\/07\/logo_ED.jpg","contentUrl":"https:\/\/www.eldiario.net\/portal\/wp-content\/uploads\/2023\/07\/logo_ED.jpg","width":272,"height":52,"caption":"El Diario - Decano de la prensa nacional"},"image":{"@id":"https:\/\/www.eldiario.net\/portal\/#\/schema\/logo\/image\/"},"sameAs":["https:\/\/www.facebook.com\/eldiario.bolivia\/","https:\/\/x.com\/eldiario_net"]},{"@type":"Person","@id":"https:\/\/www.eldiario.net\/portal\/#\/schema\/person\/2c57cf2b7a7ae032e449e4c9b1019eac","name":"Jeanette","image":{"@type":"ImageObject","inLanguage":"es","@id":"https:\/\/secure.gravatar.com\/avatar\/3ea2118a5f7dad2b7138b1187a6b7ee55f160b9968b66013c3a3ef39dd7e5798?s=96&d=mm&r=g","url":"https:\/\/secure.gravatar.com\/avatar\/3ea2118a5f7dad2b7138b1187a6b7ee55f160b9968b66013c3a3ef39dd7e5798?s=96&d=mm&r=g","contentUrl":"https:\/\/secure.gravatar.com\/avatar\/3ea2118a5f7dad2b7138b1187a6b7ee55f160b9968b66013c3a3ef39dd7e5798?s=96&d=mm&r=g","caption":"Jeanette"},"sameAs":["https:\/\/www.eldiario.net\/portal"],"url":"https:\/\/www.eldiario.net\/portal\/author\/jeanette\/"}]}},"_links":{"self":[{"href":"https:\/\/www.eldiario.net\/portal\/wp-json\/wp\/v2\/posts\/79763","targetHints":{"allow":["GET"]}}],"collection":[{"href":"https:\/\/www.eldiario.net\/portal\/wp-json\/wp\/v2\/posts"}],"about":[{"href":"https:\/\/www.eldiario.net\/portal\/wp-json\/wp\/v2\/types\/post"}],"author":[{"embeddable":true,"href":"https:\/\/www.eldiario.net\/portal\/wp-json\/wp\/v2\/users\/1"}],"replies":[{"embeddable":true,"href":"https:\/\/www.eldiario.net\/portal\/wp-json\/wp\/v2\/comments?post=79763"}],"version-history":[{"count":0,"href":"https:\/\/www.eldiario.net\/portal\/wp-json\/wp\/v2\/posts\/79763\/revisions"}],"wp:attachment":[{"href":"https:\/\/www.eldiario.net\/portal\/wp-json\/wp\/v2\/media?parent=79763"}],"wp:term":[{"taxonomy":"category","embeddable":true,"href":"https:\/\/www.eldiario.net\/portal\/wp-json\/wp\/v2\/categories?post=79763"},{"taxonomy":"post_tag","embeddable":true,"href":"https:\/\/www.eldiario.net\/portal\/wp-json\/wp\/v2\/tags?post=79763"}],"curies":[{"name":"wp","href":"https:\/\/api.w.org\/{rel}","templated":true}]}}