{"id":79760,"date":"2022-04-28T05:04:43","date_gmt":"2022-04-28T09:04:43","guid":{"rendered":"https:\/\/www.eldiario.net\/portal\/?p=79760"},"modified":"2022-04-28T05:04:43","modified_gmt":"2022-04-28T09:04:43","slug":"periodistas-reclaman-defensa-legal-frente-a-agresiones-en-linea","status":"publish","type":"post","link":"https:\/\/www.eldiario.net\/portal\/2022\/04\/28\/periodistas-reclaman-defensa-legal-frente-a-agresiones-en-linea\/","title":{"rendered":"Periodistas reclaman defensa  legal frente a agresiones en l\u00ednea"},"content":{"rendered":"<p class=\"v1MsoNormal\"><span lang=\"ES\">Defensa legal, acci\u00f3n policial inmediata para recibir denuncias y vigilancia son los pedidos de los periodistas que sufrieron agresiones en Redes Sociales y fueron consultados por la Unidad de Monitoreo de la Asociaci\u00f3n Nacional de la Prensa (ANP).<\/span><\/p>\n<p class=\"v1MsoNormal\"><span lang=\"ES\">Las acciones de acoso y hostilidad de desconocidos contra periodistas independientes y l\u00edderes de opini\u00f3n en cuentas de Facebook y Twitter, son frecuentes y por ello la ANP, con apoyo de Derechos Digitales, consult\u00f3 sobre los impactos de estas acciones hasta ahora sumidas en impunidad.<\/span><\/p>\n<p class=\"v1MsoNormal\"><span lang=\"ES\">La periodista del programa de radio en l\u00ednea Cabildeo, Zulema Alanes, fue v\u00edctima de campa\u00f1as de acoso y estigmatizaci\u00f3n que derivaron en la interrupci\u00f3n de su trabajo. Frente a los ataques contra su labor informativa, la comunicadora reclam\u00f3 apoyo legal para denunciar e iniciar procesos contra responsables de impedir su trabajo.<\/span><\/p>\n<p class=\"v1MsoNormal\"><span lang=\"ES\">La petici\u00f3n fue apoyada por el director del programa de radio \u201cEncontrados\u201d, Gonzalo Rivera, que reclam\u00f3 la asistencia de abogados y vigilancia policial para su familia y hogar.<\/span><\/p>\n<p class=\"v1MsoNormal\"><span lang=\"ES\">Seg\u00fan la periodista y presentadora de televisi\u00f3n Mariel Rivero la oficina policial que recibe quejas por \u201cciberdelitos\u201d tiene procedimientos lentos y sugiri\u00f3 que, adem\u00e1s de reducir los pasos burocr\u00e1ticos, se formen alianzas con empresas de inform\u00e1tica con el prop\u00f3sito de identificar y procesar a los agresores an\u00f3nimos.<\/span><\/p>\n<p class=\"v1MsoNormal\"><span lang=\"ES\">Frente a las agresiones desde cuentas que no identifican al usuario verdadero, el abogado Franco Albarrac\u00edn pidi\u00f3 \u201cacciones del Gobierno para desarticular y\/o investigar p\u00e1ginas que amenazan a defensores de Derechos Humanos\u201d. Sugiri\u00f3 pol\u00edticas de apoyo a defensores de los derechos ciudadanos que sufren agresiones y campa\u00f1as de desprestigio en las Redes Sociales.<\/span><\/p>\n<p class=\"v1MsoNormal\"><span lang=\"ES\">El periodista y analista de temas econ\u00f3micos y sociales, Humberto Vacaflor, consider\u00f3 que en medio de los ataques al trabajo period\u00edstico debe defenderse la vigencia de los derechos establecidos en la Ley de Imprenta, \u201centre ellos el fuero para llevar los procesos a periodistas ante un Tribunal de Imprenta, en lugar de los tribunales de justicia ordinaria\u201d.<\/span><\/p>\n<p class=\"v1MsoNormal\"><span lang=\"ES\">El analista en temas inform\u00e1ticos y procesos electorales, Edgar Villegas, sufri\u00f3 agresiones verbales, mientras la periodista y presentadora de noticias Mariel Rivero denunci\u00f3 acoso en l\u00ednea.<\/span><\/p>\n<p class=\"v1MsoNormal\"><span lang=\"ES\">Por sus opiniones, el economista e investigador social, Roberto Laserna, recibi\u00f3 \u201cinsultos y provocaciones\u201d, y el activista medioambiental, Jaime Ponce Blanco, sufri\u00f3 amenazas, agresiones verbales y denuncias por cuestionar pol\u00edticas que afectan a la naturaleza.<\/span><\/p>\n<p class=\"v1MsoNormal\"><span lang=\"ES\">Ante la consulta, el periodista y abogado que conduce el noticiero Notivisi\u00f3n Meridiano, en la ciudad de Cochabamba, Diego Viamont Ch\u00e1vez, report\u00f3 que sus opiniones sobre temas pol\u00edticos provocaron \u201cinsultos\u201d como respuesta. (ANP)<\/span><\/p>\n<p class=\"v1MsoNormal\">\n<p class=\"v1MsoNormal\"><span lang=\"ES\">PIE DE FOTO:<\/span><\/p>\n<p class=\"v1MsoNormal\"><span lang=\"ES\">PERIODISTAS REALIZAN COBERTURA INFORMATIVA EN LA CIUDAD DE LA PAZ.<\/span><\/p>\n","protected":false},"excerpt":{"rendered":"<p>Defensa legal, acci\u00f3n policial inmediata para recibir denuncias y vigilancia son los pedidos de los periodistas que sufrieron agresiones en Redes Sociales y fueron consultados por la Unidad de Monitoreo de la Asociaci\u00f3n Nacional de la Prensa (ANP). Las acciones de acoso y hostilidad de desconocidos contra periodistas independientes y l\u00edderes de opini\u00f3n en cuentas [&hellip;]<\/p>\n","protected":false},"author":1,"featured_media":79761,"comment_status":"closed","ping_status":"closed","sticky":false,"template":"","format":"standard","meta":{"_acf_changed":false,"footnotes":""},"categories":[15],"tags":[],"class_list":["post-79760","post","type-post","status-publish","format-standard","has-post-thumbnail","category-portada"],"acf":{"antetitulo":""},"yoast_head":"<!-- This site is optimized with the Yoast SEO plugin v28.4 - https:\/\/yoast.com\/product\/yoast-seo-wordpress\/ -->\n<title>Periodistas reclaman defensa legal frente a agresiones en l\u00ednea - El Diario - Bolivia<\/title>\n<meta name=\"robots\" content=\"index, follow, max-snippet:-1, max-image-preview:large, max-video-preview:-1\" \/>\n<link rel=\"canonical\" href=\"https:\/\/www.eldiario.net\/portal\/2022\/04\/28\/periodistas-reclaman-defensa-legal-frente-a-agresiones-en-linea\/\" \/>\n<meta property=\"og:locale\" content=\"es_ES\" \/>\n<meta property=\"og:type\" content=\"article\" \/>\n<meta property=\"og:title\" content=\"Periodistas reclaman defensa legal frente a agresiones en l\u00ednea - El Diario - Bolivia\" \/>\n<meta property=\"og:description\" content=\"Defensa legal, acci\u00f3n policial inmediata para recibir denuncias y vigilancia son los pedidos de los periodistas que sufrieron agresiones en Redes Sociales y fueron consultados por la Unidad de Monitoreo de la Asociaci\u00f3n Nacional de la Prensa (ANP). Las acciones de acoso y hostilidad de desconocidos contra periodistas independientes y l\u00edderes de opini\u00f3n en cuentas [&hellip;]\" \/>\n<meta property=\"og:url\" content=\"https:\/\/www.eldiario.net\/portal\/2022\/04\/28\/periodistas-reclaman-defensa-legal-frente-a-agresiones-en-linea\/\" \/>\n<meta property=\"og:site_name\" content=\"El Diario - Bolivia\" \/>\n<meta property=\"article:publisher\" content=\"https:\/\/www.facebook.com\/eldiario.bolivia\/\" \/>\n<meta property=\"article:published_time\" content=\"2022-04-28T09:04:43+00:00\" \/>\n<meta name=\"author\" content=\"Jeanette\" \/>\n<meta name=\"twitter:card\" content=\"summary_large_image\" \/>\n<meta name=\"twitter:creator\" content=\"@eldiario_net\" \/>\n<meta name=\"twitter:site\" content=\"@eldiario_net\" \/>\n<meta name=\"twitter:label1\" content=\"Escrito por\" \/>\n\t<meta name=\"twitter:data1\" content=\"Jeanette\" \/>\n\t<meta name=\"twitter:label2\" content=\"Tiempo de lectura\" \/>\n\t<meta name=\"twitter:data2\" content=\"2 minutos\" \/>\n<script type=\"application\/ld+json\" class=\"yoast-schema-graph\">{\"@context\":\"https:\\\/\\\/schema.org\",\"@graph\":[{\"@type\":\"Article\",\"@id\":\"https:\\\/\\\/www.eldiario.net\\\/portal\\\/2022\\\/04\\\/28\\\/periodistas-reclaman-defensa-legal-frente-a-agresiones-en-linea\\\/#article\",\"isPartOf\":{\"@id\":\"https:\\\/\\\/www.eldiario.net\\\/portal\\\/2022\\\/04\\\/28\\\/periodistas-reclaman-defensa-legal-frente-a-agresiones-en-linea\\\/\"},\"author\":{\"name\":\"Jeanette\",\"@id\":\"https:\\\/\\\/www.eldiario.net\\\/portal\\\/#\\\/schema\\\/person\\\/2c57cf2b7a7ae032e449e4c9b1019eac\"},\"headline\":\"Periodistas reclaman defensa legal frente a agresiones en l\u00ednea\",\"datePublished\":\"2022-04-28T09:04:43+00:00\",\"mainEntityOfPage\":{\"@id\":\"https:\\\/\\\/www.eldiario.net\\\/portal\\\/2022\\\/04\\\/28\\\/periodistas-reclaman-defensa-legal-frente-a-agresiones-en-linea\\\/\"},\"wordCount\":466,\"publisher\":{\"@id\":\"https:\\\/\\\/www.eldiario.net\\\/portal\\\/#organization\"},\"image\":{\"@id\":\"https:\\\/\\\/www.eldiario.net\\\/portal\\\/2022\\\/04\\\/28\\\/periodistas-reclaman-defensa-legal-frente-a-agresiones-en-linea\\\/#primaryimage\"},\"thumbnailUrl\":\"\",\"articleSection\":[\"Portada\"],\"inLanguage\":\"es\"},{\"@type\":\"WebPage\",\"@id\":\"https:\\\/\\\/www.eldiario.net\\\/portal\\\/2022\\\/04\\\/28\\\/periodistas-reclaman-defensa-legal-frente-a-agresiones-en-linea\\\/\",\"url\":\"https:\\\/\\\/www.eldiario.net\\\/portal\\\/2022\\\/04\\\/28\\\/periodistas-reclaman-defensa-legal-frente-a-agresiones-en-linea\\\/\",\"name\":\"Periodistas reclaman defensa legal frente a agresiones en l\u00ednea - El Diario - Bolivia\",\"isPartOf\":{\"@id\":\"https:\\\/\\\/www.eldiario.net\\\/portal\\\/#website\"},\"primaryImageOfPage\":{\"@id\":\"https:\\\/\\\/www.eldiario.net\\\/portal\\\/2022\\\/04\\\/28\\\/periodistas-reclaman-defensa-legal-frente-a-agresiones-en-linea\\\/#primaryimage\"},\"image\":{\"@id\":\"https:\\\/\\\/www.eldiario.net\\\/portal\\\/2022\\\/04\\\/28\\\/periodistas-reclaman-defensa-legal-frente-a-agresiones-en-linea\\\/#primaryimage\"},\"thumbnailUrl\":\"\",\"datePublished\":\"2022-04-28T09:04:43+00:00\",\"breadcrumb\":{\"@id\":\"https:\\\/\\\/www.eldiario.net\\\/portal\\\/2022\\\/04\\\/28\\\/periodistas-reclaman-defensa-legal-frente-a-agresiones-en-linea\\\/#breadcrumb\"},\"inLanguage\":\"es\",\"potentialAction\":[{\"@type\":\"ReadAction\",\"target\":[\"https:\\\/\\\/www.eldiario.net\\\/portal\\\/2022\\\/04\\\/28\\\/periodistas-reclaman-defensa-legal-frente-a-agresiones-en-linea\\\/\"]}]},{\"@type\":\"ImageObject\",\"inLanguage\":\"es\",\"@id\":\"https:\\\/\\\/www.eldiario.net\\\/portal\\\/2022\\\/04\\\/28\\\/periodistas-reclaman-defensa-legal-frente-a-agresiones-en-linea\\\/#primaryimage\",\"url\":\"\",\"contentUrl\":\"\"},{\"@type\":\"BreadcrumbList\",\"@id\":\"https:\\\/\\\/www.eldiario.net\\\/portal\\\/2022\\\/04\\\/28\\\/periodistas-reclaman-defensa-legal-frente-a-agresiones-en-linea\\\/#breadcrumb\",\"itemListElement\":[{\"@type\":\"ListItem\",\"position\":1,\"name\":\"Portada\",\"item\":\"https:\\\/\\\/www.eldiario.net\\\/portal\\\/\"},{\"@type\":\"ListItem\",\"position\":2,\"name\":\"Periodistas reclaman defensa legal frente a agresiones en l\u00ednea\"}]},{\"@type\":\"WebSite\",\"@id\":\"https:\\\/\\\/www.eldiario.net\\\/portal\\\/#website\",\"url\":\"https:\\\/\\\/www.eldiario.net\\\/portal\\\/\",\"name\":\"El Diario - Decano de la prensa nacional\",\"description\":\"El Diario - Decano de la prensa nacional\",\"publisher\":{\"@id\":\"https:\\\/\\\/www.eldiario.net\\\/portal\\\/#organization\"},\"potentialAction\":[{\"@type\":\"SearchAction\",\"target\":{\"@type\":\"EntryPoint\",\"urlTemplate\":\"https:\\\/\\\/www.eldiario.net\\\/portal\\\/?s={search_term_string}\"},\"query-input\":{\"@type\":\"PropertyValueSpecification\",\"valueRequired\":true,\"valueName\":\"search_term_string\"}}],\"inLanguage\":\"es\"},{\"@type\":\"Organization\",\"@id\":\"https:\\\/\\\/www.eldiario.net\\\/portal\\\/#organization\",\"name\":\"El Diario - Decano de la prensa nacional\",\"url\":\"https:\\\/\\\/www.eldiario.net\\\/portal\\\/\",\"logo\":{\"@type\":\"ImageObject\",\"inLanguage\":\"es\",\"@id\":\"https:\\\/\\\/www.eldiario.net\\\/portal\\\/#\\\/schema\\\/logo\\\/image\\\/\",\"url\":\"https:\\\/\\\/www.eldiario.net\\\/portal\\\/wp-content\\\/uploads\\\/2023\\\/07\\\/logo_ED.jpg\",\"contentUrl\":\"https:\\\/\\\/www.eldiario.net\\\/portal\\\/wp-content\\\/uploads\\\/2023\\\/07\\\/logo_ED.jpg\",\"width\":272,\"height\":52,\"caption\":\"El Diario - Decano de la prensa nacional\"},\"image\":{\"@id\":\"https:\\\/\\\/www.eldiario.net\\\/portal\\\/#\\\/schema\\\/logo\\\/image\\\/\"},\"sameAs\":[\"https:\\\/\\\/www.facebook.com\\\/eldiario.bolivia\\\/\",\"https:\\\/\\\/x.com\\\/eldiario_net\"]},{\"@type\":\"Person\",\"@id\":\"https:\\\/\\\/www.eldiario.net\\\/portal\\\/#\\\/schema\\\/person\\\/2c57cf2b7a7ae032e449e4c9b1019eac\",\"name\":\"Jeanette\",\"image\":{\"@type\":\"ImageObject\",\"inLanguage\":\"es\",\"@id\":\"https:\\\/\\\/secure.gravatar.com\\\/avatar\\\/3ea2118a5f7dad2b7138b1187a6b7ee55f160b9968b66013c3a3ef39dd7e5798?s=96&d=mm&r=g\",\"url\":\"https:\\\/\\\/secure.gravatar.com\\\/avatar\\\/3ea2118a5f7dad2b7138b1187a6b7ee55f160b9968b66013c3a3ef39dd7e5798?s=96&d=mm&r=g\",\"contentUrl\":\"https:\\\/\\\/secure.gravatar.com\\\/avatar\\\/3ea2118a5f7dad2b7138b1187a6b7ee55f160b9968b66013c3a3ef39dd7e5798?s=96&d=mm&r=g\",\"caption\":\"Jeanette\"},\"sameAs\":[\"https:\\\/\\\/www.eldiario.net\\\/portal\"],\"url\":\"https:\\\/\\\/www.eldiario.net\\\/portal\\\/author\\\/jeanette\\\/\"}]}<\/script>\n<!-- \/ Yoast SEO plugin. -->","yoast_head_json":{"title":"Periodistas reclaman defensa legal frente a agresiones en l\u00ednea - El Diario - Bolivia","robots":{"index":"index","follow":"follow","max-snippet":"max-snippet:-1","max-image-preview":"max-image-preview:large","max-video-preview":"max-video-preview:-1"},"canonical":"https:\/\/www.eldiario.net\/portal\/2022\/04\/28\/periodistas-reclaman-defensa-legal-frente-a-agresiones-en-linea\/","og_locale":"es_ES","og_type":"article","og_title":"Periodistas reclaman defensa legal frente a agresiones en l\u00ednea - El Diario - Bolivia","og_description":"Defensa legal, acci\u00f3n policial inmediata para recibir denuncias y vigilancia son los pedidos de los periodistas que sufrieron agresiones en Redes Sociales y fueron consultados por la Unidad de Monitoreo de la Asociaci\u00f3n Nacional de la Prensa (ANP). Las acciones de acoso y hostilidad de desconocidos contra periodistas independientes y l\u00edderes de opini\u00f3n en cuentas [&hellip;]","og_url":"https:\/\/www.eldiario.net\/portal\/2022\/04\/28\/periodistas-reclaman-defensa-legal-frente-a-agresiones-en-linea\/","og_site_name":"El Diario - Bolivia","article_publisher":"https:\/\/www.facebook.com\/eldiario.bolivia\/","article_published_time":"2022-04-28T09:04:43+00:00","author":"Jeanette","twitter_card":"summary_large_image","twitter_creator":"@eldiario_net","twitter_site":"@eldiario_net","twitter_misc":{"Escrito por":"Jeanette","Tiempo de lectura":"2 minutos"},"schema":{"@context":"https:\/\/schema.org","@graph":[{"@type":"Article","@id":"https:\/\/www.eldiario.net\/portal\/2022\/04\/28\/periodistas-reclaman-defensa-legal-frente-a-agresiones-en-linea\/#article","isPartOf":{"@id":"https:\/\/www.eldiario.net\/portal\/2022\/04\/28\/periodistas-reclaman-defensa-legal-frente-a-agresiones-en-linea\/"},"author":{"name":"Jeanette","@id":"https:\/\/www.eldiario.net\/portal\/#\/schema\/person\/2c57cf2b7a7ae032e449e4c9b1019eac"},"headline":"Periodistas reclaman defensa legal frente a agresiones en l\u00ednea","datePublished":"2022-04-28T09:04:43+00:00","mainEntityOfPage":{"@id":"https:\/\/www.eldiario.net\/portal\/2022\/04\/28\/periodistas-reclaman-defensa-legal-frente-a-agresiones-en-linea\/"},"wordCount":466,"publisher":{"@id":"https:\/\/www.eldiario.net\/portal\/#organization"},"image":{"@id":"https:\/\/www.eldiario.net\/portal\/2022\/04\/28\/periodistas-reclaman-defensa-legal-frente-a-agresiones-en-linea\/#primaryimage"},"thumbnailUrl":"","articleSection":["Portada"],"inLanguage":"es"},{"@type":"WebPage","@id":"https:\/\/www.eldiario.net\/portal\/2022\/04\/28\/periodistas-reclaman-defensa-legal-frente-a-agresiones-en-linea\/","url":"https:\/\/www.eldiario.net\/portal\/2022\/04\/28\/periodistas-reclaman-defensa-legal-frente-a-agresiones-en-linea\/","name":"Periodistas reclaman defensa legal frente a agresiones en l\u00ednea - El Diario - Bolivia","isPartOf":{"@id":"https:\/\/www.eldiario.net\/portal\/#website"},"primaryImageOfPage":{"@id":"https:\/\/www.eldiario.net\/portal\/2022\/04\/28\/periodistas-reclaman-defensa-legal-frente-a-agresiones-en-linea\/#primaryimage"},"image":{"@id":"https:\/\/www.eldiario.net\/portal\/2022\/04\/28\/periodistas-reclaman-defensa-legal-frente-a-agresiones-en-linea\/#primaryimage"},"thumbnailUrl":"","datePublished":"2022-04-28T09:04:43+00:00","breadcrumb":{"@id":"https:\/\/www.eldiario.net\/portal\/2022\/04\/28\/periodistas-reclaman-defensa-legal-frente-a-agresiones-en-linea\/#breadcrumb"},"inLanguage":"es","potentialAction":[{"@type":"ReadAction","target":["https:\/\/www.eldiario.net\/portal\/2022\/04\/28\/periodistas-reclaman-defensa-legal-frente-a-agresiones-en-linea\/"]}]},{"@type":"ImageObject","inLanguage":"es","@id":"https:\/\/www.eldiario.net\/portal\/2022\/04\/28\/periodistas-reclaman-defensa-legal-frente-a-agresiones-en-linea\/#primaryimage","url":"","contentUrl":""},{"@type":"BreadcrumbList","@id":"https:\/\/www.eldiario.net\/portal\/2022\/04\/28\/periodistas-reclaman-defensa-legal-frente-a-agresiones-en-linea\/#breadcrumb","itemListElement":[{"@type":"ListItem","position":1,"name":"Portada","item":"https:\/\/www.eldiario.net\/portal\/"},{"@type":"ListItem","position":2,"name":"Periodistas reclaman defensa legal frente a agresiones en l\u00ednea"}]},{"@type":"WebSite","@id":"https:\/\/www.eldiario.net\/portal\/#website","url":"https:\/\/www.eldiario.net\/portal\/","name":"El Diario - Decano de la prensa nacional","description":"El Diario - Decano de la prensa nacional","publisher":{"@id":"https:\/\/www.eldiario.net\/portal\/#organization"},"potentialAction":[{"@type":"SearchAction","target":{"@type":"EntryPoint","urlTemplate":"https:\/\/www.eldiario.net\/portal\/?s={search_term_string}"},"query-input":{"@type":"PropertyValueSpecification","valueRequired":true,"valueName":"search_term_string"}}],"inLanguage":"es"},{"@type":"Organization","@id":"https:\/\/www.eldiario.net\/portal\/#organization","name":"El Diario - Decano de la prensa nacional","url":"https:\/\/www.eldiario.net\/portal\/","logo":{"@type":"ImageObject","inLanguage":"es","@id":"https:\/\/www.eldiario.net\/portal\/#\/schema\/logo\/image\/","url":"https:\/\/www.eldiario.net\/portal\/wp-content\/uploads\/2023\/07\/logo_ED.jpg","contentUrl":"https:\/\/www.eldiario.net\/portal\/wp-content\/uploads\/2023\/07\/logo_ED.jpg","width":272,"height":52,"caption":"El Diario - Decano de la prensa nacional"},"image":{"@id":"https:\/\/www.eldiario.net\/portal\/#\/schema\/logo\/image\/"},"sameAs":["https:\/\/www.facebook.com\/eldiario.bolivia\/","https:\/\/x.com\/eldiario_net"]},{"@type":"Person","@id":"https:\/\/www.eldiario.net\/portal\/#\/schema\/person\/2c57cf2b7a7ae032e449e4c9b1019eac","name":"Jeanette","image":{"@type":"ImageObject","inLanguage":"es","@id":"https:\/\/secure.gravatar.com\/avatar\/3ea2118a5f7dad2b7138b1187a6b7ee55f160b9968b66013c3a3ef39dd7e5798?s=96&d=mm&r=g","url":"https:\/\/secure.gravatar.com\/avatar\/3ea2118a5f7dad2b7138b1187a6b7ee55f160b9968b66013c3a3ef39dd7e5798?s=96&d=mm&r=g","contentUrl":"https:\/\/secure.gravatar.com\/avatar\/3ea2118a5f7dad2b7138b1187a6b7ee55f160b9968b66013c3a3ef39dd7e5798?s=96&d=mm&r=g","caption":"Jeanette"},"sameAs":["https:\/\/www.eldiario.net\/portal"],"url":"https:\/\/www.eldiario.net\/portal\/author\/jeanette\/"}]}},"_links":{"self":[{"href":"https:\/\/www.eldiario.net\/portal\/wp-json\/wp\/v2\/posts\/79760","targetHints":{"allow":["GET"]}}],"collection":[{"href":"https:\/\/www.eldiario.net\/portal\/wp-json\/wp\/v2\/posts"}],"about":[{"href":"https:\/\/www.eldiario.net\/portal\/wp-json\/wp\/v2\/types\/post"}],"author":[{"embeddable":true,"href":"https:\/\/www.eldiario.net\/portal\/wp-json\/wp\/v2\/users\/1"}],"replies":[{"embeddable":true,"href":"https:\/\/www.eldiario.net\/portal\/wp-json\/wp\/v2\/comments?post=79760"}],"version-history":[{"count":0,"href":"https:\/\/www.eldiario.net\/portal\/wp-json\/wp\/v2\/posts\/79760\/revisions"}],"wp:attachment":[{"href":"https:\/\/www.eldiario.net\/portal\/wp-json\/wp\/v2\/media?parent=79760"}],"wp:term":[{"taxonomy":"category","embeddable":true,"href":"https:\/\/www.eldiario.net\/portal\/wp-json\/wp\/v2\/categories?post=79760"},{"taxonomy":"post_tag","embeddable":true,"href":"https:\/\/www.eldiario.net\/portal\/wp-json\/wp\/v2\/tags?post=79760"}],"curies":[{"name":"wp","href":"https:\/\/api.w.org\/{rel}","templated":true}]}}