{"id":79757,"date":"2022-04-28T05:02:10","date_gmt":"2022-04-28T09:02:10","guid":{"rendered":"https:\/\/www.eldiario.net\/portal\/?p=79757"},"modified":"2022-04-28T05:02:10","modified_gmt":"2022-04-28T09:02:10","slug":"cepal-estima-un-crecimiento-de-35-para-bolivia-en-2022","status":"publish","type":"post","link":"https:\/\/www.eldiario.net\/portal\/2022\/04\/28\/cepal-estima-un-crecimiento-de-35-para-bolivia-en-2022\/","title":{"rendered":"Cepal estima un crecimiento  de 3,5% para Bolivia en 2022"},"content":{"rendered":"<p class=\"v1MsoNormal\"><span lang=\"ES\">La Comisi\u00f3n Econ\u00f3mica para Am\u00e9rica latina y el Caribe (Cepal) proyecta un crecimiento de 3,5% para la econom\u00eda boliviana para la presente gesti\u00f3n, y la cifra se suma a las estimaciones del Banco Mundial y del Fondo Monetario Internacional, que no subir\u00e1 m\u00e1s de 4%, mientras el Gobierno asegura un 5,1% para este 2022.<\/span><\/p>\n<p class=\"v1MsoNormal\"><span lang=\"ES\">La Cepal se\u00f1ala que Venezuela ser\u00e1 el pa\u00eds Sudamericano que m\u00e1s crecer\u00e1 este 2022, con 5%, seguido de Colombia con 4,8%, mientras que Paraguay y Brasil registrar\u00e1n 0,7% y 0,4%, Argentina 3%, Chile 1,5%, Ecuador 2,7%, Per\u00fa 2,5%, Uruguay 3,9 y Bolivia 3,5%.<\/span><\/p>\n<p class=\"v1MsoNormal\"><span lang=\"ES\">La Cepal entreg\u00f3 ayer nuevas proyecciones econ\u00f3micas para los pa\u00edses de la regi\u00f3n. El menor crecimiento esperado se ver\u00e1 acompa\u00f1ado por una mayor inflaci\u00f3n y una lenta recuperaci\u00f3n del empleo.<\/span><\/p>\n<p class=\"v1MsoNormal\"><span lang=\"ES\">Las econom\u00edas de Am\u00e9rica Latina y el Caribe enfrentan una coyuntura compleja en el 2022, debido al conflicto b\u00e9lico entre Rusia y Ucrania, que abri\u00f3 una nueva fuente de incertidumbre para la econom\u00eda mundial y est\u00e1 afectando negativamente el crecimiento global, estimado en 3,3%, un punto porcentual menos de lo que se proyectaba antes del inicio de las hostilidades.<\/span><\/p>\n<p class=\"v1MsoNormal\"><span lang=\"ES\">Seg\u00fan nuevas estimaciones, en el actual contexto donde el conflicto de Ucrania ha agudizado los problemas inflacionarios, aumentado la volatilidad y costos financieros, se prev\u00e9 un crecimiento promedio de 1,8% para la regi\u00f3n. Las econom\u00edas de Am\u00e9rica del Sur crecer\u00e1n 1,5%, las de Am\u00e9rica Central m\u00e1s M\u00e9xico un 2,3%, mientras que las del Caribe crecer\u00edan un 4,7% (excluyendo Guyana).<\/span><\/p>\n<p class=\"v1MsoNormal\"><span lang=\"ES\">Las nuevas cifras fueron entregadas por el Secretario Ejecutivo Interino del organismo, Mario Cimoli, a los embajadores del Grupo de Pa\u00edses de Am\u00e9rica Latina y el Caribe (GRULAC, por sus siglas en ingl\u00e9s), durante la reuni\u00f3n que sostuvieron este mi\u00e9rcoles en la sede de las Naciones Unidas, en Nueva York.<\/span><\/p>\n<p class=\"v1MsoNormal\"><span lang=\"ES\">De acuerdo con la Cepal, tambi\u00e9n se espera que la din\u00e1mica del comercio mundial se vea negativamente afectada por el conflicto b\u00e9lico, lo que provocar\u00eda una disminuci\u00f3n de la demanda externa de Am\u00e9rica Latina y el Caribe.<\/span><\/p>\n<p class=\"v1MsoNormal\"><span lang=\"ES\">Los principales socios comerciales de la regi\u00f3n, Estados Unidos (EEUU), China y la Uni\u00f3n Europea (UE), ver\u00e1n tasas de crecimiento menores a las esperadas con anterioridad al conflicto.<\/span><\/p>\n<p class=\"v1MsoNormal\"><span lang=\"ES\">En el caso de EEUU, el crecimiento ser\u00eda de un 2,8% (1,2 puntos porcentuales por debajo de lo proyectado previo al conflicto). Para China se proyecta un crecimiento de 5% (0,7 puntos porcentuales menos que previo a las hostilidades) y para la UE se espera un crecimiento del 2,8% (1,4 puntos porcentuales menos de lo esperado antes del conflicto).<\/span><\/p>\n<p class=\"v1MsoNormal\"><span lang=\"ES\">La guerra en Ucrania tambi\u00e9n provoc\u00f3 un aumento de precios de los productos b\u00e1sicos (commodities), principalmente de los hidrocarburos, algunos metales, alimentos, y fertilizantes.<\/span><\/p>\n<p class=\"v1MsoNormal\"><span lang=\"ES\">Este aumento de precios se suma a las alzas de costos observadas debido a disrupciones en las cadenas de suministros y a la exacerbaci\u00f3n de las interrupciones del transporte mar\u00edtimo. Estas alzas han redundado en un impulso de la inflaci\u00f3n a nivel mundial, que en algunos pa\u00edses ha alcanzado m\u00e1ximos hist\u00f3ricos en 2022. Ante la persistencia y aumento de la inflaci\u00f3n se esperan mayores alzas en las tasas de inter\u00e9s de los pa\u00edses desarrollados.<\/span><\/p>\n<p><a href=\"https:\/\/www.eldiario.net\/portal\/wp-content\/uploads\/2022\/04\/cepal.jpg\"><img loading=\"lazy\" decoding=\"async\" class=\"aligncenter size-full wp-image-79758\" src=\"https:\/\/www.eldiario.net\/portal\/wp-content\/uploads\/2022\/04\/cepal.jpg\" alt=\"\" width=\"1325\" height=\"1260\" \/><\/a><\/p>\n<p class=\"v1MsoNormal\"><span lang=\"ES\">\u00a0<\/span><\/p>\n","protected":false},"excerpt":{"rendered":"<p>La Comisi\u00f3n Econ\u00f3mica para Am\u00e9rica latina y el Caribe (Cepal) proyecta un crecimiento de 3,5% para la econom\u00eda boliviana para la presente gesti\u00f3n, y la cifra se suma a las estimaciones del Banco Mundial y del Fondo Monetario Internacional, que no subir\u00e1 m\u00e1s de 4%, mientras el Gobierno asegura un 5,1% para este 2022. La [&hellip;]<\/p>\n","protected":false},"author":1,"featured_media":79758,"comment_status":"closed","ping_status":"closed","sticky":false,"template":"","format":"standard","meta":{"_acf_changed":false,"footnotes":""},"categories":[15],"tags":[],"class_list":["post-79757","post","type-post","status-publish","format-standard","has-post-thumbnail","category-portada"],"acf":{"antetitulo":""},"yoast_head":"<!-- This site is optimized with the Yoast SEO plugin v28.4 - https:\/\/yoast.com\/product\/yoast-seo-wordpress\/ -->\n<title>Cepal estima un crecimiento de 3,5% para Bolivia en 2022 - El Diario - Bolivia<\/title>\n<meta name=\"robots\" content=\"index, follow, max-snippet:-1, max-image-preview:large, max-video-preview:-1\" \/>\n<link rel=\"canonical\" href=\"https:\/\/www.eldiario.net\/portal\/2022\/04\/28\/cepal-estima-un-crecimiento-de-35-para-bolivia-en-2022\/\" \/>\n<meta property=\"og:locale\" content=\"es_ES\" \/>\n<meta property=\"og:type\" content=\"article\" \/>\n<meta property=\"og:title\" content=\"Cepal estima un crecimiento de 3,5% para Bolivia en 2022 - El Diario - Bolivia\" \/>\n<meta property=\"og:description\" content=\"La Comisi\u00f3n Econ\u00f3mica para Am\u00e9rica latina y el Caribe (Cepal) proyecta un crecimiento de 3,5% para la econom\u00eda boliviana para la presente gesti\u00f3n, y la cifra se suma a las estimaciones del Banco Mundial y del Fondo Monetario Internacional, que no subir\u00e1 m\u00e1s de 4%, mientras el Gobierno asegura un 5,1% para este 2022. La [&hellip;]\" \/>\n<meta property=\"og:url\" content=\"https:\/\/www.eldiario.net\/portal\/2022\/04\/28\/cepal-estima-un-crecimiento-de-35-para-bolivia-en-2022\/\" \/>\n<meta property=\"og:site_name\" content=\"El Diario - Bolivia\" \/>\n<meta property=\"article:publisher\" content=\"https:\/\/www.facebook.com\/eldiario.bolivia\/\" \/>\n<meta property=\"article:published_time\" content=\"2022-04-28T09:02:10+00:00\" \/>\n<meta name=\"author\" content=\"Jeanette\" \/>\n<meta name=\"twitter:card\" content=\"summary_large_image\" \/>\n<meta name=\"twitter:creator\" content=\"@eldiario_net\" \/>\n<meta name=\"twitter:site\" content=\"@eldiario_net\" \/>\n<meta name=\"twitter:label1\" content=\"Escrito por\" \/>\n\t<meta name=\"twitter:data1\" content=\"Jeanette\" \/>\n\t<meta name=\"twitter:label2\" content=\"Tiempo de lectura\" \/>\n\t<meta name=\"twitter:data2\" content=\"3 minutos\" \/>\n<script type=\"application\/ld+json\" class=\"yoast-schema-graph\">{\"@context\":\"https:\\\/\\\/schema.org\",\"@graph\":[{\"@type\":\"Article\",\"@id\":\"https:\\\/\\\/www.eldiario.net\\\/portal\\\/2022\\\/04\\\/28\\\/cepal-estima-un-crecimiento-de-35-para-bolivia-en-2022\\\/#article\",\"isPartOf\":{\"@id\":\"https:\\\/\\\/www.eldiario.net\\\/portal\\\/2022\\\/04\\\/28\\\/cepal-estima-un-crecimiento-de-35-para-bolivia-en-2022\\\/\"},\"author\":{\"name\":\"Jeanette\",\"@id\":\"https:\\\/\\\/www.eldiario.net\\\/portal\\\/#\\\/schema\\\/person\\\/2c57cf2b7a7ae032e449e4c9b1019eac\"},\"headline\":\"Cepal estima un crecimiento de 3,5% para Bolivia en 2022\",\"datePublished\":\"2022-04-28T09:02:10+00:00\",\"mainEntityOfPage\":{\"@id\":\"https:\\\/\\\/www.eldiario.net\\\/portal\\\/2022\\\/04\\\/28\\\/cepal-estima-un-crecimiento-de-35-para-bolivia-en-2022\\\/\"},\"wordCount\":552,\"publisher\":{\"@id\":\"https:\\\/\\\/www.eldiario.net\\\/portal\\\/#organization\"},\"image\":{\"@id\":\"https:\\\/\\\/www.eldiario.net\\\/portal\\\/2022\\\/04\\\/28\\\/cepal-estima-un-crecimiento-de-35-para-bolivia-en-2022\\\/#primaryimage\"},\"thumbnailUrl\":\"\",\"articleSection\":[\"Portada\"],\"inLanguage\":\"es\"},{\"@type\":\"WebPage\",\"@id\":\"https:\\\/\\\/www.eldiario.net\\\/portal\\\/2022\\\/04\\\/28\\\/cepal-estima-un-crecimiento-de-35-para-bolivia-en-2022\\\/\",\"url\":\"https:\\\/\\\/www.eldiario.net\\\/portal\\\/2022\\\/04\\\/28\\\/cepal-estima-un-crecimiento-de-35-para-bolivia-en-2022\\\/\",\"name\":\"Cepal estima un crecimiento de 3,5% para Bolivia en 2022 - El Diario - Bolivia\",\"isPartOf\":{\"@id\":\"https:\\\/\\\/www.eldiario.net\\\/portal\\\/#website\"},\"primaryImageOfPage\":{\"@id\":\"https:\\\/\\\/www.eldiario.net\\\/portal\\\/2022\\\/04\\\/28\\\/cepal-estima-un-crecimiento-de-35-para-bolivia-en-2022\\\/#primaryimage\"},\"image\":{\"@id\":\"https:\\\/\\\/www.eldiario.net\\\/portal\\\/2022\\\/04\\\/28\\\/cepal-estima-un-crecimiento-de-35-para-bolivia-en-2022\\\/#primaryimage\"},\"thumbnailUrl\":\"\",\"datePublished\":\"2022-04-28T09:02:10+00:00\",\"breadcrumb\":{\"@id\":\"https:\\\/\\\/www.eldiario.net\\\/portal\\\/2022\\\/04\\\/28\\\/cepal-estima-un-crecimiento-de-35-para-bolivia-en-2022\\\/#breadcrumb\"},\"inLanguage\":\"es\",\"potentialAction\":[{\"@type\":\"ReadAction\",\"target\":[\"https:\\\/\\\/www.eldiario.net\\\/portal\\\/2022\\\/04\\\/28\\\/cepal-estima-un-crecimiento-de-35-para-bolivia-en-2022\\\/\"]}]},{\"@type\":\"ImageObject\",\"inLanguage\":\"es\",\"@id\":\"https:\\\/\\\/www.eldiario.net\\\/portal\\\/2022\\\/04\\\/28\\\/cepal-estima-un-crecimiento-de-35-para-bolivia-en-2022\\\/#primaryimage\",\"url\":\"\",\"contentUrl\":\"\"},{\"@type\":\"BreadcrumbList\",\"@id\":\"https:\\\/\\\/www.eldiario.net\\\/portal\\\/2022\\\/04\\\/28\\\/cepal-estima-un-crecimiento-de-35-para-bolivia-en-2022\\\/#breadcrumb\",\"itemListElement\":[{\"@type\":\"ListItem\",\"position\":1,\"name\":\"Portada\",\"item\":\"https:\\\/\\\/www.eldiario.net\\\/portal\\\/\"},{\"@type\":\"ListItem\",\"position\":2,\"name\":\"Cepal estima un crecimiento de 3,5% para Bolivia en 2022\"}]},{\"@type\":\"WebSite\",\"@id\":\"https:\\\/\\\/www.eldiario.net\\\/portal\\\/#website\",\"url\":\"https:\\\/\\\/www.eldiario.net\\\/portal\\\/\",\"name\":\"El Diario - Decano de la prensa nacional\",\"description\":\"El Diario - Decano de la prensa nacional\",\"publisher\":{\"@id\":\"https:\\\/\\\/www.eldiario.net\\\/portal\\\/#organization\"},\"potentialAction\":[{\"@type\":\"SearchAction\",\"target\":{\"@type\":\"EntryPoint\",\"urlTemplate\":\"https:\\\/\\\/www.eldiario.net\\\/portal\\\/?s={search_term_string}\"},\"query-input\":{\"@type\":\"PropertyValueSpecification\",\"valueRequired\":true,\"valueName\":\"search_term_string\"}}],\"inLanguage\":\"es\"},{\"@type\":\"Organization\",\"@id\":\"https:\\\/\\\/www.eldiario.net\\\/portal\\\/#organization\",\"name\":\"El Diario - Decano de la prensa nacional\",\"url\":\"https:\\\/\\\/www.eldiario.net\\\/portal\\\/\",\"logo\":{\"@type\":\"ImageObject\",\"inLanguage\":\"es\",\"@id\":\"https:\\\/\\\/www.eldiario.net\\\/portal\\\/#\\\/schema\\\/logo\\\/image\\\/\",\"url\":\"https:\\\/\\\/www.eldiario.net\\\/portal\\\/wp-content\\\/uploads\\\/2023\\\/07\\\/logo_ED.jpg\",\"contentUrl\":\"https:\\\/\\\/www.eldiario.net\\\/portal\\\/wp-content\\\/uploads\\\/2023\\\/07\\\/logo_ED.jpg\",\"width\":272,\"height\":52,\"caption\":\"El Diario - Decano de la prensa nacional\"},\"image\":{\"@id\":\"https:\\\/\\\/www.eldiario.net\\\/portal\\\/#\\\/schema\\\/logo\\\/image\\\/\"},\"sameAs\":[\"https:\\\/\\\/www.facebook.com\\\/eldiario.bolivia\\\/\",\"https:\\\/\\\/x.com\\\/eldiario_net\"]},{\"@type\":\"Person\",\"@id\":\"https:\\\/\\\/www.eldiario.net\\\/portal\\\/#\\\/schema\\\/person\\\/2c57cf2b7a7ae032e449e4c9b1019eac\",\"name\":\"Jeanette\",\"image\":{\"@type\":\"ImageObject\",\"inLanguage\":\"es\",\"@id\":\"https:\\\/\\\/secure.gravatar.com\\\/avatar\\\/3ea2118a5f7dad2b7138b1187a6b7ee55f160b9968b66013c3a3ef39dd7e5798?s=96&d=mm&r=g\",\"url\":\"https:\\\/\\\/secure.gravatar.com\\\/avatar\\\/3ea2118a5f7dad2b7138b1187a6b7ee55f160b9968b66013c3a3ef39dd7e5798?s=96&d=mm&r=g\",\"contentUrl\":\"https:\\\/\\\/secure.gravatar.com\\\/avatar\\\/3ea2118a5f7dad2b7138b1187a6b7ee55f160b9968b66013c3a3ef39dd7e5798?s=96&d=mm&r=g\",\"caption\":\"Jeanette\"},\"sameAs\":[\"https:\\\/\\\/www.eldiario.net\\\/portal\"],\"url\":\"https:\\\/\\\/www.eldiario.net\\\/portal\\\/author\\\/jeanette\\\/\"}]}<\/script>\n<!-- \/ Yoast SEO plugin. -->","yoast_head_json":{"title":"Cepal estima un crecimiento de 3,5% para Bolivia en 2022 - El Diario - Bolivia","robots":{"index":"index","follow":"follow","max-snippet":"max-snippet:-1","max-image-preview":"max-image-preview:large","max-video-preview":"max-video-preview:-1"},"canonical":"https:\/\/www.eldiario.net\/portal\/2022\/04\/28\/cepal-estima-un-crecimiento-de-35-para-bolivia-en-2022\/","og_locale":"es_ES","og_type":"article","og_title":"Cepal estima un crecimiento de 3,5% para Bolivia en 2022 - El Diario - Bolivia","og_description":"La Comisi\u00f3n Econ\u00f3mica para Am\u00e9rica latina y el Caribe (Cepal) proyecta un crecimiento de 3,5% para la econom\u00eda boliviana para la presente gesti\u00f3n, y la cifra se suma a las estimaciones del Banco Mundial y del Fondo Monetario Internacional, que no subir\u00e1 m\u00e1s de 4%, mientras el Gobierno asegura un 5,1% para este 2022. La [&hellip;]","og_url":"https:\/\/www.eldiario.net\/portal\/2022\/04\/28\/cepal-estima-un-crecimiento-de-35-para-bolivia-en-2022\/","og_site_name":"El Diario - Bolivia","article_publisher":"https:\/\/www.facebook.com\/eldiario.bolivia\/","article_published_time":"2022-04-28T09:02:10+00:00","author":"Jeanette","twitter_card":"summary_large_image","twitter_creator":"@eldiario_net","twitter_site":"@eldiario_net","twitter_misc":{"Escrito por":"Jeanette","Tiempo de lectura":"3 minutos"},"schema":{"@context":"https:\/\/schema.org","@graph":[{"@type":"Article","@id":"https:\/\/www.eldiario.net\/portal\/2022\/04\/28\/cepal-estima-un-crecimiento-de-35-para-bolivia-en-2022\/#article","isPartOf":{"@id":"https:\/\/www.eldiario.net\/portal\/2022\/04\/28\/cepal-estima-un-crecimiento-de-35-para-bolivia-en-2022\/"},"author":{"name":"Jeanette","@id":"https:\/\/www.eldiario.net\/portal\/#\/schema\/person\/2c57cf2b7a7ae032e449e4c9b1019eac"},"headline":"Cepal estima un crecimiento de 3,5% para Bolivia en 2022","datePublished":"2022-04-28T09:02:10+00:00","mainEntityOfPage":{"@id":"https:\/\/www.eldiario.net\/portal\/2022\/04\/28\/cepal-estima-un-crecimiento-de-35-para-bolivia-en-2022\/"},"wordCount":552,"publisher":{"@id":"https:\/\/www.eldiario.net\/portal\/#organization"},"image":{"@id":"https:\/\/www.eldiario.net\/portal\/2022\/04\/28\/cepal-estima-un-crecimiento-de-35-para-bolivia-en-2022\/#primaryimage"},"thumbnailUrl":"","articleSection":["Portada"],"inLanguage":"es"},{"@type":"WebPage","@id":"https:\/\/www.eldiario.net\/portal\/2022\/04\/28\/cepal-estima-un-crecimiento-de-35-para-bolivia-en-2022\/","url":"https:\/\/www.eldiario.net\/portal\/2022\/04\/28\/cepal-estima-un-crecimiento-de-35-para-bolivia-en-2022\/","name":"Cepal estima un crecimiento de 3,5% para Bolivia en 2022 - El Diario - Bolivia","isPartOf":{"@id":"https:\/\/www.eldiario.net\/portal\/#website"},"primaryImageOfPage":{"@id":"https:\/\/www.eldiario.net\/portal\/2022\/04\/28\/cepal-estima-un-crecimiento-de-35-para-bolivia-en-2022\/#primaryimage"},"image":{"@id":"https:\/\/www.eldiario.net\/portal\/2022\/04\/28\/cepal-estima-un-crecimiento-de-35-para-bolivia-en-2022\/#primaryimage"},"thumbnailUrl":"","datePublished":"2022-04-28T09:02:10+00:00","breadcrumb":{"@id":"https:\/\/www.eldiario.net\/portal\/2022\/04\/28\/cepal-estima-un-crecimiento-de-35-para-bolivia-en-2022\/#breadcrumb"},"inLanguage":"es","potentialAction":[{"@type":"ReadAction","target":["https:\/\/www.eldiario.net\/portal\/2022\/04\/28\/cepal-estima-un-crecimiento-de-35-para-bolivia-en-2022\/"]}]},{"@type":"ImageObject","inLanguage":"es","@id":"https:\/\/www.eldiario.net\/portal\/2022\/04\/28\/cepal-estima-un-crecimiento-de-35-para-bolivia-en-2022\/#primaryimage","url":"","contentUrl":""},{"@type":"BreadcrumbList","@id":"https:\/\/www.eldiario.net\/portal\/2022\/04\/28\/cepal-estima-un-crecimiento-de-35-para-bolivia-en-2022\/#breadcrumb","itemListElement":[{"@type":"ListItem","position":1,"name":"Portada","item":"https:\/\/www.eldiario.net\/portal\/"},{"@type":"ListItem","position":2,"name":"Cepal estima un crecimiento de 3,5% para Bolivia en 2022"}]},{"@type":"WebSite","@id":"https:\/\/www.eldiario.net\/portal\/#website","url":"https:\/\/www.eldiario.net\/portal\/","name":"El Diario - Decano de la prensa nacional","description":"El Diario - Decano de la prensa nacional","publisher":{"@id":"https:\/\/www.eldiario.net\/portal\/#organization"},"potentialAction":[{"@type":"SearchAction","target":{"@type":"EntryPoint","urlTemplate":"https:\/\/www.eldiario.net\/portal\/?s={search_term_string}"},"query-input":{"@type":"PropertyValueSpecification","valueRequired":true,"valueName":"search_term_string"}}],"inLanguage":"es"},{"@type":"Organization","@id":"https:\/\/www.eldiario.net\/portal\/#organization","name":"El Diario - Decano de la prensa nacional","url":"https:\/\/www.eldiario.net\/portal\/","logo":{"@type":"ImageObject","inLanguage":"es","@id":"https:\/\/www.eldiario.net\/portal\/#\/schema\/logo\/image\/","url":"https:\/\/www.eldiario.net\/portal\/wp-content\/uploads\/2023\/07\/logo_ED.jpg","contentUrl":"https:\/\/www.eldiario.net\/portal\/wp-content\/uploads\/2023\/07\/logo_ED.jpg","width":272,"height":52,"caption":"El Diario - Decano de la prensa nacional"},"image":{"@id":"https:\/\/www.eldiario.net\/portal\/#\/schema\/logo\/image\/"},"sameAs":["https:\/\/www.facebook.com\/eldiario.bolivia\/","https:\/\/x.com\/eldiario_net"]},{"@type":"Person","@id":"https:\/\/www.eldiario.net\/portal\/#\/schema\/person\/2c57cf2b7a7ae032e449e4c9b1019eac","name":"Jeanette","image":{"@type":"ImageObject","inLanguage":"es","@id":"https:\/\/secure.gravatar.com\/avatar\/3ea2118a5f7dad2b7138b1187a6b7ee55f160b9968b66013c3a3ef39dd7e5798?s=96&d=mm&r=g","url":"https:\/\/secure.gravatar.com\/avatar\/3ea2118a5f7dad2b7138b1187a6b7ee55f160b9968b66013c3a3ef39dd7e5798?s=96&d=mm&r=g","contentUrl":"https:\/\/secure.gravatar.com\/avatar\/3ea2118a5f7dad2b7138b1187a6b7ee55f160b9968b66013c3a3ef39dd7e5798?s=96&d=mm&r=g","caption":"Jeanette"},"sameAs":["https:\/\/www.eldiario.net\/portal"],"url":"https:\/\/www.eldiario.net\/portal\/author\/jeanette\/"}]}},"_links":{"self":[{"href":"https:\/\/www.eldiario.net\/portal\/wp-json\/wp\/v2\/posts\/79757","targetHints":{"allow":["GET"]}}],"collection":[{"href":"https:\/\/www.eldiario.net\/portal\/wp-json\/wp\/v2\/posts"}],"about":[{"href":"https:\/\/www.eldiario.net\/portal\/wp-json\/wp\/v2\/types\/post"}],"author":[{"embeddable":true,"href":"https:\/\/www.eldiario.net\/portal\/wp-json\/wp\/v2\/users\/1"}],"replies":[{"embeddable":true,"href":"https:\/\/www.eldiario.net\/portal\/wp-json\/wp\/v2\/comments?post=79757"}],"version-history":[{"count":0,"href":"https:\/\/www.eldiario.net\/portal\/wp-json\/wp\/v2\/posts\/79757\/revisions"}],"wp:attachment":[{"href":"https:\/\/www.eldiario.net\/portal\/wp-json\/wp\/v2\/media?parent=79757"}],"wp:term":[{"taxonomy":"category","embeddable":true,"href":"https:\/\/www.eldiario.net\/portal\/wp-json\/wp\/v2\/categories?post=79757"},{"taxonomy":"post_tag","embeddable":true,"href":"https:\/\/www.eldiario.net\/portal\/wp-json\/wp\/v2\/tags?post=79757"}],"curies":[{"name":"wp","href":"https:\/\/api.w.org\/{rel}","templated":true}]}}