{"id":79754,"date":"2022-04-28T05:00:39","date_gmt":"2022-04-28T09:00:39","guid":{"rendered":"https:\/\/www.eldiario.net\/portal\/?p=79754"},"modified":"2022-04-28T05:00:39","modified_gmt":"2022-04-28T09:00:39","slug":"trabajadores-de-salud-acatan-paro-de-72-horas","status":"publish","type":"post","link":"https:\/\/www.eldiario.net\/portal\/2022\/04\/28\/trabajadores-de-salud-acatan-paro-de-72-horas\/","title":{"rendered":"Trabajadores de salud   acatan paro de 72 horas"},"content":{"rendered":"<p class=\"v1MsoNormal\"><span lang=\"ES\">Los hospitales p\u00fablicos del pa\u00eds amanecieron con las puertas cerradas ayer, debido a que los trabajadores de salud ingresaron en un paro de 72 horas, exigiendo atenci\u00f3n a sus demandas, entre ellas un incremento salarial del 10%.<\/span><\/p>\n<p class=\"v1MsoNormal\"><span lang=\"ES\">\u201cPedimos un incremento salarial del 10%, tanto en el salario b\u00e1sico como en el m\u00ednimo nacional\u201d, afirm\u00f3 el secretario Ejecutivo Departamental de los trabajadores de salud, Robert Hurtado.<\/span><\/p>\n<p class=\"v1MsoNormal\"><span lang=\"ES\">El dirigente del sector reclam\u00f3 la falta de respuesta por parte de las autoridades y record\u00f3 que su sector fue uno de los m\u00e1s expuestos durante la pandemia por el coronavirus.<\/span><\/p>\n<p class=\"v1MsoNormal\"><span lang=\"ES\">\u201cNo hemos tenido respuesta en lo que significa la dotaci\u00f3n de \u00edtems y el ingreso a la Ley General del Trabajo\u201d, indic\u00f3. La \u00faltima reuni\u00f3n que tuvo el sector con el Ministerio de salud fue el pasado 12 de abril, sin lograr un acuerdo.<\/span><\/p>\n<p class=\"v1MsoNormal\"><span lang=\"ES\">En tanto, en la v\u00edspera, el ministro de Salud, Jeyson Auza inform\u00f3 que su despacho tom\u00f3 la decisi\u00f3n de respetar los beneficios contemplados en el Decreto Supremo 28909, como las seis horas laborales para el sector salud, aunque no hizo referencia a la demanda de incremento salarial ni la incorporaci\u00f3n del sector a la Ley General del Trabajo.<\/span><\/p>\n<p class=\"v1MsoNormal\"><span lang=\"ES\">\u201cEn cuanto a los trabajadores en salud p\u00fablica, en lo que se refiere a la jornada laboral, escalaf\u00f3n, libre afiliaci\u00f3n, asignaci\u00f3n racional de \u00edtems tanto para profesionales en salud como para trabajadores en salud, vamos a respetar lo establecido en el Decreto Supremo 28909\u201d, agreg\u00f3 el Ministro, inform\u00f3 talcual.bo<\/span><\/p>\n<p class=\"v1MsoNormal\"><span lang=\"ES\">La autoridad gubernamental consider\u00f3 que con esas determinaciones se han superado los obst\u00e1culos para continuar en las mesas de di\u00e1logo y que ya no existen motivos de ninguna naturaleza para la movilizaci\u00f3n de los trabajadores en salud.<\/span><\/p>\n<p class=\"v1MsoNormal\"><span lang=\"ES\">\u00a0<\/span><\/p>\n","protected":false},"excerpt":{"rendered":"<p>Los hospitales p\u00fablicos del pa\u00eds amanecieron con las puertas cerradas ayer, debido a que los trabajadores de salud ingresaron en un paro de 72 horas, exigiendo atenci\u00f3n a sus demandas, entre ellas un incremento salarial del 10%. \u201cPedimos un incremento salarial del 10%, tanto en el salario b\u00e1sico como en el m\u00ednimo nacional\u201d, afirm\u00f3 el [&hellip;]<\/p>\n","protected":false},"author":1,"featured_media":79755,"comment_status":"closed","ping_status":"closed","sticky":false,"template":"","format":"standard","meta":{"_acf_changed":false,"footnotes":""},"categories":[15],"tags":[],"class_list":["post-79754","post","type-post","status-publish","format-standard","has-post-thumbnail","category-portada"],"acf":{"antetitulo":""},"yoast_head":"<!-- This site is optimized with the Yoast SEO plugin v28.4 - https:\/\/yoast.com\/product\/yoast-seo-wordpress\/ -->\n<title>Trabajadores de salud  acatan paro de 72 horas - El Diario - Bolivia<\/title>\n<meta name=\"robots\" content=\"index, follow, max-snippet:-1, max-image-preview:large, max-video-preview:-1\" \/>\n<link rel=\"canonical\" href=\"https:\/\/www.eldiario.net\/portal\/2022\/04\/28\/trabajadores-de-salud-acatan-paro-de-72-horas\/\" \/>\n<meta property=\"og:locale\" content=\"es_ES\" \/>\n<meta property=\"og:type\" content=\"article\" \/>\n<meta property=\"og:title\" content=\"Trabajadores de salud  acatan paro de 72 horas - El Diario - Bolivia\" \/>\n<meta property=\"og:description\" content=\"Los hospitales p\u00fablicos del pa\u00eds amanecieron con las puertas cerradas ayer, debido a que los trabajadores de salud ingresaron en un paro de 72 horas, exigiendo atenci\u00f3n a sus demandas, entre ellas un incremento salarial del 10%. \u201cPedimos un incremento salarial del 10%, tanto en el salario b\u00e1sico como en el m\u00ednimo nacional\u201d, afirm\u00f3 el [&hellip;]\" \/>\n<meta property=\"og:url\" content=\"https:\/\/www.eldiario.net\/portal\/2022\/04\/28\/trabajadores-de-salud-acatan-paro-de-72-horas\/\" \/>\n<meta property=\"og:site_name\" content=\"El Diario - Bolivia\" \/>\n<meta property=\"article:publisher\" content=\"https:\/\/www.facebook.com\/eldiario.bolivia\/\" \/>\n<meta property=\"article:published_time\" content=\"2022-04-28T09:00:39+00:00\" \/>\n<meta property=\"og:image\" content=\"https:\/\/www.eldiario.net\/portal\/wp-content\/uploads\/2022\/04\/Salud.jpg\" \/>\n\t<meta property=\"og:image:width\" content=\"1280\" \/>\n\t<meta property=\"og:image:height\" content=\"853\" \/>\n\t<meta property=\"og:image:type\" content=\"image\/jpeg\" \/>\n<meta name=\"author\" content=\"Jeanette\" \/>\n<meta name=\"twitter:card\" content=\"summary_large_image\" \/>\n<meta name=\"twitter:creator\" content=\"@eldiario_net\" \/>\n<meta name=\"twitter:site\" content=\"@eldiario_net\" \/>\n<meta name=\"twitter:label1\" content=\"Escrito por\" \/>\n\t<meta name=\"twitter:data1\" content=\"Jeanette\" \/>\n\t<meta name=\"twitter:label2\" content=\"Tiempo de lectura\" \/>\n\t<meta name=\"twitter:data2\" content=\"2 minutos\" \/>\n<script type=\"application\/ld+json\" class=\"yoast-schema-graph\">{\"@context\":\"https:\\\/\\\/schema.org\",\"@graph\":[{\"@type\":\"Article\",\"@id\":\"https:\\\/\\\/www.eldiario.net\\\/portal\\\/2022\\\/04\\\/28\\\/trabajadores-de-salud-acatan-paro-de-72-horas\\\/#article\",\"isPartOf\":{\"@id\":\"https:\\\/\\\/www.eldiario.net\\\/portal\\\/2022\\\/04\\\/28\\\/trabajadores-de-salud-acatan-paro-de-72-horas\\\/\"},\"author\":{\"name\":\"Jeanette\",\"@id\":\"https:\\\/\\\/www.eldiario.net\\\/portal\\\/#\\\/schema\\\/person\\\/2c57cf2b7a7ae032e449e4c9b1019eac\"},\"headline\":\"Trabajadores de salud acatan paro de 72 horas\",\"datePublished\":\"2022-04-28T09:00:39+00:00\",\"mainEntityOfPage\":{\"@id\":\"https:\\\/\\\/www.eldiario.net\\\/portal\\\/2022\\\/04\\\/28\\\/trabajadores-de-salud-acatan-paro-de-72-horas\\\/\"},\"wordCount\":304,\"publisher\":{\"@id\":\"https:\\\/\\\/www.eldiario.net\\\/portal\\\/#organization\"},\"image\":{\"@id\":\"https:\\\/\\\/www.eldiario.net\\\/portal\\\/2022\\\/04\\\/28\\\/trabajadores-de-salud-acatan-paro-de-72-horas\\\/#primaryimage\"},\"thumbnailUrl\":\"https:\\\/\\\/www.eldiario.net\\\/portal\\\/wp-content\\\/uploads\\\/2022\\\/04\\\/Salud.jpg\",\"articleSection\":[\"Portada\"],\"inLanguage\":\"es\"},{\"@type\":\"WebPage\",\"@id\":\"https:\\\/\\\/www.eldiario.net\\\/portal\\\/2022\\\/04\\\/28\\\/trabajadores-de-salud-acatan-paro-de-72-horas\\\/\",\"url\":\"https:\\\/\\\/www.eldiario.net\\\/portal\\\/2022\\\/04\\\/28\\\/trabajadores-de-salud-acatan-paro-de-72-horas\\\/\",\"name\":\"Trabajadores de salud acatan paro de 72 horas - El Diario - Bolivia\",\"isPartOf\":{\"@id\":\"https:\\\/\\\/www.eldiario.net\\\/portal\\\/#website\"},\"primaryImageOfPage\":{\"@id\":\"https:\\\/\\\/www.eldiario.net\\\/portal\\\/2022\\\/04\\\/28\\\/trabajadores-de-salud-acatan-paro-de-72-horas\\\/#primaryimage\"},\"image\":{\"@id\":\"https:\\\/\\\/www.eldiario.net\\\/portal\\\/2022\\\/04\\\/28\\\/trabajadores-de-salud-acatan-paro-de-72-horas\\\/#primaryimage\"},\"thumbnailUrl\":\"https:\\\/\\\/www.eldiario.net\\\/portal\\\/wp-content\\\/uploads\\\/2022\\\/04\\\/Salud.jpg\",\"datePublished\":\"2022-04-28T09:00:39+00:00\",\"breadcrumb\":{\"@id\":\"https:\\\/\\\/www.eldiario.net\\\/portal\\\/2022\\\/04\\\/28\\\/trabajadores-de-salud-acatan-paro-de-72-horas\\\/#breadcrumb\"},\"inLanguage\":\"es\",\"potentialAction\":[{\"@type\":\"ReadAction\",\"target\":[\"https:\\\/\\\/www.eldiario.net\\\/portal\\\/2022\\\/04\\\/28\\\/trabajadores-de-salud-acatan-paro-de-72-horas\\\/\"]}]},{\"@type\":\"ImageObject\",\"inLanguage\":\"es\",\"@id\":\"https:\\\/\\\/www.eldiario.net\\\/portal\\\/2022\\\/04\\\/28\\\/trabajadores-de-salud-acatan-paro-de-72-horas\\\/#primaryimage\",\"url\":\"https:\\\/\\\/www.eldiario.net\\\/portal\\\/wp-content\\\/uploads\\\/2022\\\/04\\\/Salud.jpg\",\"contentUrl\":\"https:\\\/\\\/www.eldiario.net\\\/portal\\\/wp-content\\\/uploads\\\/2022\\\/04\\\/Salud.jpg\",\"width\":1280,\"height\":853,\"caption\":\"Los trabajadores en salud del pa\u00eds acatan desde ayer un paro de 72 horas. Foto: EL DIARIO-archivo\"},{\"@type\":\"BreadcrumbList\",\"@id\":\"https:\\\/\\\/www.eldiario.net\\\/portal\\\/2022\\\/04\\\/28\\\/trabajadores-de-salud-acatan-paro-de-72-horas\\\/#breadcrumb\",\"itemListElement\":[{\"@type\":\"ListItem\",\"position\":1,\"name\":\"Portada\",\"item\":\"https:\\\/\\\/www.eldiario.net\\\/portal\\\/\"},{\"@type\":\"ListItem\",\"position\":2,\"name\":\"Trabajadores de salud acatan paro de 72 horas\"}]},{\"@type\":\"WebSite\",\"@id\":\"https:\\\/\\\/www.eldiario.net\\\/portal\\\/#website\",\"url\":\"https:\\\/\\\/www.eldiario.net\\\/portal\\\/\",\"name\":\"El Diario - Decano de la prensa nacional\",\"description\":\"El Diario - Decano de la prensa nacional\",\"publisher\":{\"@id\":\"https:\\\/\\\/www.eldiario.net\\\/portal\\\/#organization\"},\"potentialAction\":[{\"@type\":\"SearchAction\",\"target\":{\"@type\":\"EntryPoint\",\"urlTemplate\":\"https:\\\/\\\/www.eldiario.net\\\/portal\\\/?s={search_term_string}\"},\"query-input\":{\"@type\":\"PropertyValueSpecification\",\"valueRequired\":true,\"valueName\":\"search_term_string\"}}],\"inLanguage\":\"es\"},{\"@type\":\"Organization\",\"@id\":\"https:\\\/\\\/www.eldiario.net\\\/portal\\\/#organization\",\"name\":\"El Diario - Decano de la prensa nacional\",\"url\":\"https:\\\/\\\/www.eldiario.net\\\/portal\\\/\",\"logo\":{\"@type\":\"ImageObject\",\"inLanguage\":\"es\",\"@id\":\"https:\\\/\\\/www.eldiario.net\\\/portal\\\/#\\\/schema\\\/logo\\\/image\\\/\",\"url\":\"https:\\\/\\\/www.eldiario.net\\\/portal\\\/wp-content\\\/uploads\\\/2023\\\/07\\\/logo_ED.jpg\",\"contentUrl\":\"https:\\\/\\\/www.eldiario.net\\\/portal\\\/wp-content\\\/uploads\\\/2023\\\/07\\\/logo_ED.jpg\",\"width\":272,\"height\":52,\"caption\":\"El Diario - Decano de la prensa nacional\"},\"image\":{\"@id\":\"https:\\\/\\\/www.eldiario.net\\\/portal\\\/#\\\/schema\\\/logo\\\/image\\\/\"},\"sameAs\":[\"https:\\\/\\\/www.facebook.com\\\/eldiario.bolivia\\\/\",\"https:\\\/\\\/x.com\\\/eldiario_net\"]},{\"@type\":\"Person\",\"@id\":\"https:\\\/\\\/www.eldiario.net\\\/portal\\\/#\\\/schema\\\/person\\\/2c57cf2b7a7ae032e449e4c9b1019eac\",\"name\":\"Jeanette\",\"image\":{\"@type\":\"ImageObject\",\"inLanguage\":\"es\",\"@id\":\"https:\\\/\\\/secure.gravatar.com\\\/avatar\\\/3ea2118a5f7dad2b7138b1187a6b7ee55f160b9968b66013c3a3ef39dd7e5798?s=96&d=mm&r=g\",\"url\":\"https:\\\/\\\/secure.gravatar.com\\\/avatar\\\/3ea2118a5f7dad2b7138b1187a6b7ee55f160b9968b66013c3a3ef39dd7e5798?s=96&d=mm&r=g\",\"contentUrl\":\"https:\\\/\\\/secure.gravatar.com\\\/avatar\\\/3ea2118a5f7dad2b7138b1187a6b7ee55f160b9968b66013c3a3ef39dd7e5798?s=96&d=mm&r=g\",\"caption\":\"Jeanette\"},\"sameAs\":[\"https:\\\/\\\/www.eldiario.net\\\/portal\"],\"url\":\"https:\\\/\\\/www.eldiario.net\\\/portal\\\/author\\\/jeanette\\\/\"}]}<\/script>\n<!-- \/ Yoast SEO plugin. -->","yoast_head_json":{"title":"Trabajadores de salud  acatan paro de 72 horas - El Diario - Bolivia","robots":{"index":"index","follow":"follow","max-snippet":"max-snippet:-1","max-image-preview":"max-image-preview:large","max-video-preview":"max-video-preview:-1"},"canonical":"https:\/\/www.eldiario.net\/portal\/2022\/04\/28\/trabajadores-de-salud-acatan-paro-de-72-horas\/","og_locale":"es_ES","og_type":"article","og_title":"Trabajadores de salud  acatan paro de 72 horas - El Diario - Bolivia","og_description":"Los hospitales p\u00fablicos del pa\u00eds amanecieron con las puertas cerradas ayer, debido a que los trabajadores de salud ingresaron en un paro de 72 horas, exigiendo atenci\u00f3n a sus demandas, entre ellas un incremento salarial del 10%. \u201cPedimos un incremento salarial del 10%, tanto en el salario b\u00e1sico como en el m\u00ednimo nacional\u201d, afirm\u00f3 el [&hellip;]","og_url":"https:\/\/www.eldiario.net\/portal\/2022\/04\/28\/trabajadores-de-salud-acatan-paro-de-72-horas\/","og_site_name":"El Diario - Bolivia","article_publisher":"https:\/\/www.facebook.com\/eldiario.bolivia\/","article_published_time":"2022-04-28T09:00:39+00:00","og_image":[{"width":1280,"height":853,"url":"https:\/\/www.eldiario.net\/portal\/wp-content\/uploads\/2022\/04\/Salud.jpg","type":"image\/jpeg"}],"author":"Jeanette","twitter_card":"summary_large_image","twitter_creator":"@eldiario_net","twitter_site":"@eldiario_net","twitter_misc":{"Escrito por":"Jeanette","Tiempo de lectura":"2 minutos"},"schema":{"@context":"https:\/\/schema.org","@graph":[{"@type":"Article","@id":"https:\/\/www.eldiario.net\/portal\/2022\/04\/28\/trabajadores-de-salud-acatan-paro-de-72-horas\/#article","isPartOf":{"@id":"https:\/\/www.eldiario.net\/portal\/2022\/04\/28\/trabajadores-de-salud-acatan-paro-de-72-horas\/"},"author":{"name":"Jeanette","@id":"https:\/\/www.eldiario.net\/portal\/#\/schema\/person\/2c57cf2b7a7ae032e449e4c9b1019eac"},"headline":"Trabajadores de salud acatan paro de 72 horas","datePublished":"2022-04-28T09:00:39+00:00","mainEntityOfPage":{"@id":"https:\/\/www.eldiario.net\/portal\/2022\/04\/28\/trabajadores-de-salud-acatan-paro-de-72-horas\/"},"wordCount":304,"publisher":{"@id":"https:\/\/www.eldiario.net\/portal\/#organization"},"image":{"@id":"https:\/\/www.eldiario.net\/portal\/2022\/04\/28\/trabajadores-de-salud-acatan-paro-de-72-horas\/#primaryimage"},"thumbnailUrl":"https:\/\/www.eldiario.net\/portal\/wp-content\/uploads\/2022\/04\/Salud.jpg","articleSection":["Portada"],"inLanguage":"es"},{"@type":"WebPage","@id":"https:\/\/www.eldiario.net\/portal\/2022\/04\/28\/trabajadores-de-salud-acatan-paro-de-72-horas\/","url":"https:\/\/www.eldiario.net\/portal\/2022\/04\/28\/trabajadores-de-salud-acatan-paro-de-72-horas\/","name":"Trabajadores de salud acatan paro de 72 horas - El Diario - Bolivia","isPartOf":{"@id":"https:\/\/www.eldiario.net\/portal\/#website"},"primaryImageOfPage":{"@id":"https:\/\/www.eldiario.net\/portal\/2022\/04\/28\/trabajadores-de-salud-acatan-paro-de-72-horas\/#primaryimage"},"image":{"@id":"https:\/\/www.eldiario.net\/portal\/2022\/04\/28\/trabajadores-de-salud-acatan-paro-de-72-horas\/#primaryimage"},"thumbnailUrl":"https:\/\/www.eldiario.net\/portal\/wp-content\/uploads\/2022\/04\/Salud.jpg","datePublished":"2022-04-28T09:00:39+00:00","breadcrumb":{"@id":"https:\/\/www.eldiario.net\/portal\/2022\/04\/28\/trabajadores-de-salud-acatan-paro-de-72-horas\/#breadcrumb"},"inLanguage":"es","potentialAction":[{"@type":"ReadAction","target":["https:\/\/www.eldiario.net\/portal\/2022\/04\/28\/trabajadores-de-salud-acatan-paro-de-72-horas\/"]}]},{"@type":"ImageObject","inLanguage":"es","@id":"https:\/\/www.eldiario.net\/portal\/2022\/04\/28\/trabajadores-de-salud-acatan-paro-de-72-horas\/#primaryimage","url":"https:\/\/www.eldiario.net\/portal\/wp-content\/uploads\/2022\/04\/Salud.jpg","contentUrl":"https:\/\/www.eldiario.net\/portal\/wp-content\/uploads\/2022\/04\/Salud.jpg","width":1280,"height":853,"caption":"Los trabajadores en salud del pa\u00eds acatan desde ayer un paro de 72 horas. Foto: EL DIARIO-archivo"},{"@type":"BreadcrumbList","@id":"https:\/\/www.eldiario.net\/portal\/2022\/04\/28\/trabajadores-de-salud-acatan-paro-de-72-horas\/#breadcrumb","itemListElement":[{"@type":"ListItem","position":1,"name":"Portada","item":"https:\/\/www.eldiario.net\/portal\/"},{"@type":"ListItem","position":2,"name":"Trabajadores de salud acatan paro de 72 horas"}]},{"@type":"WebSite","@id":"https:\/\/www.eldiario.net\/portal\/#website","url":"https:\/\/www.eldiario.net\/portal\/","name":"El Diario - Decano de la prensa nacional","description":"El Diario - Decano de la prensa nacional","publisher":{"@id":"https:\/\/www.eldiario.net\/portal\/#organization"},"potentialAction":[{"@type":"SearchAction","target":{"@type":"EntryPoint","urlTemplate":"https:\/\/www.eldiario.net\/portal\/?s={search_term_string}"},"query-input":{"@type":"PropertyValueSpecification","valueRequired":true,"valueName":"search_term_string"}}],"inLanguage":"es"},{"@type":"Organization","@id":"https:\/\/www.eldiario.net\/portal\/#organization","name":"El Diario - Decano de la prensa nacional","url":"https:\/\/www.eldiario.net\/portal\/","logo":{"@type":"ImageObject","inLanguage":"es","@id":"https:\/\/www.eldiario.net\/portal\/#\/schema\/logo\/image\/","url":"https:\/\/www.eldiario.net\/portal\/wp-content\/uploads\/2023\/07\/logo_ED.jpg","contentUrl":"https:\/\/www.eldiario.net\/portal\/wp-content\/uploads\/2023\/07\/logo_ED.jpg","width":272,"height":52,"caption":"El Diario - Decano de la prensa nacional"},"image":{"@id":"https:\/\/www.eldiario.net\/portal\/#\/schema\/logo\/image\/"},"sameAs":["https:\/\/www.facebook.com\/eldiario.bolivia\/","https:\/\/x.com\/eldiario_net"]},{"@type":"Person","@id":"https:\/\/www.eldiario.net\/portal\/#\/schema\/person\/2c57cf2b7a7ae032e449e4c9b1019eac","name":"Jeanette","image":{"@type":"ImageObject","inLanguage":"es","@id":"https:\/\/secure.gravatar.com\/avatar\/3ea2118a5f7dad2b7138b1187a6b7ee55f160b9968b66013c3a3ef39dd7e5798?s=96&d=mm&r=g","url":"https:\/\/secure.gravatar.com\/avatar\/3ea2118a5f7dad2b7138b1187a6b7ee55f160b9968b66013c3a3ef39dd7e5798?s=96&d=mm&r=g","contentUrl":"https:\/\/secure.gravatar.com\/avatar\/3ea2118a5f7dad2b7138b1187a6b7ee55f160b9968b66013c3a3ef39dd7e5798?s=96&d=mm&r=g","caption":"Jeanette"},"sameAs":["https:\/\/www.eldiario.net\/portal"],"url":"https:\/\/www.eldiario.net\/portal\/author\/jeanette\/"}]}},"_links":{"self":[{"href":"https:\/\/www.eldiario.net\/portal\/wp-json\/wp\/v2\/posts\/79754","targetHints":{"allow":["GET"]}}],"collection":[{"href":"https:\/\/www.eldiario.net\/portal\/wp-json\/wp\/v2\/posts"}],"about":[{"href":"https:\/\/www.eldiario.net\/portal\/wp-json\/wp\/v2\/types\/post"}],"author":[{"embeddable":true,"href":"https:\/\/www.eldiario.net\/portal\/wp-json\/wp\/v2\/users\/1"}],"replies":[{"embeddable":true,"href":"https:\/\/www.eldiario.net\/portal\/wp-json\/wp\/v2\/comments?post=79754"}],"version-history":[{"count":0,"href":"https:\/\/www.eldiario.net\/portal\/wp-json\/wp\/v2\/posts\/79754\/revisions"}],"wp:featuredmedia":[{"embeddable":true,"href":"https:\/\/www.eldiario.net\/portal\/wp-json\/wp\/v2\/media\/79755"}],"wp:attachment":[{"href":"https:\/\/www.eldiario.net\/portal\/wp-json\/wp\/v2\/media?parent=79754"}],"wp:term":[{"taxonomy":"category","embeddable":true,"href":"https:\/\/www.eldiario.net\/portal\/wp-json\/wp\/v2\/categories?post=79754"},{"taxonomy":"post_tag","embeddable":true,"href":"https:\/\/www.eldiario.net\/portal\/wp-json\/wp\/v2\/tags?post=79754"}],"curies":[{"name":"wp","href":"https:\/\/api.w.org\/{rel}","templated":true}]}}