{"id":79751,"date":"2022-04-28T04:59:34","date_gmt":"2022-04-28T08:59:34","guid":{"rendered":"https:\/\/www.eldiario.net\/portal\/?p=79751"},"modified":"2022-04-28T04:59:34","modified_gmt":"2022-04-28T08:59:34","slug":"finaliza-fase-de-entrevistas-para-postulantes-a-defensor","status":"publish","type":"post","link":"https:\/\/www.eldiario.net\/portal\/2022\/04\/28\/finaliza-fase-de-entrevistas-para-postulantes-a-defensor\/","title":{"rendered":"Finaliza fase de entrevistas  para postulantes a Defensor"},"content":{"rendered":"<p class=\"v1MsoNormal\"><span lang=\"ES\">La Sesi\u00f3n Permanente de la Comisi\u00f3n Mixta de Constituci\u00f3n, encargada del proceso de selecci\u00f3n de postulantes para el nuevo Defensor del Pueblo, finaliz\u00f3 ayer la etapa de entrevistas personalizadas a los 16 postulantes habilitados para esta fase de la convocatoria.<\/span><\/p>\n<p class=\"v1MsoNormal\"><span lang=\"ES\">La jornada pasada, esta Comisi\u00f3n finaliz\u00f3 las entrevistas a los ocho postulantes que restaban cumplir con esta etapa. De esta forma, finaliz\u00f3 la novena etapa de la convocatoria para un nuevo titular en la Defensor\u00eda del Pueblo.<\/span><\/p>\n<p class=\"v1MsoNormal\"><span lang=\"ES\">Seg\u00fan el cronograma de actividades en esta convocatoria, el d\u00eda de hoy debe instalarse una sesi\u00f3n de la Comisi\u00f3n Mixta de Constituci\u00f3n para la evaluaci\u00f3n del informe elaborado tras las entrevistas a los postulantes.<\/span><\/p>\n<p class=\"v1MsoNormal\"><span lang=\"ES\">Posterior a esta actividad, las listas oficiales de los postulantes que contin\u00faan habilitados para su designaci\u00f3n por parte de la Asamblea Legislativa Plurinacional, ser\u00e1n publicadas entre el 30 de abril y el 1 de mayo, mediante las plataformas oficiales de la Vicepresidencia y las C\u00e1maras Legislativas, como ya ocurri\u00f3 en pasadas etapas del proceso.\u00a0\u00a0\u00a0<\/span><\/p>\n<p class=\"v1MsoNormal\"><span lang=\"ES\">\u00a0<\/span><\/p>\n","protected":false},"excerpt":{"rendered":"<p>La Sesi\u00f3n Permanente de la Comisi\u00f3n Mixta de Constituci\u00f3n, encargada del proceso de selecci\u00f3n de postulantes para el nuevo Defensor del Pueblo, finaliz\u00f3 ayer la etapa de entrevistas personalizadas a los 16 postulantes habilitados para esta fase de la convocatoria. La jornada pasada, esta Comisi\u00f3n finaliz\u00f3 las entrevistas a los ocho postulantes que restaban cumplir [&hellip;]<\/p>\n","protected":false},"author":1,"featured_media":79752,"comment_status":"closed","ping_status":"closed","sticky":false,"template":"","format":"standard","meta":{"_acf_changed":false,"footnotes":""},"categories":[15],"tags":[],"class_list":["post-79751","post","type-post","status-publish","format-standard","has-post-thumbnail","category-portada"],"acf":{"antetitulo":""},"yoast_head":"<!-- This site is optimized with the Yoast SEO plugin v28.4 - https:\/\/yoast.com\/product\/yoast-seo-wordpress\/ -->\n<title>Finaliza fase de entrevistas para postulantes a Defensor - El Diario - Bolivia<\/title>\n<meta name=\"robots\" content=\"index, follow, max-snippet:-1, max-image-preview:large, max-video-preview:-1\" \/>\n<link rel=\"canonical\" href=\"https:\/\/www.eldiario.net\/portal\/2022\/04\/28\/finaliza-fase-de-entrevistas-para-postulantes-a-defensor\/\" \/>\n<meta property=\"og:locale\" content=\"es_ES\" \/>\n<meta property=\"og:type\" content=\"article\" \/>\n<meta property=\"og:title\" content=\"Finaliza fase de entrevistas para postulantes a Defensor - El Diario - Bolivia\" \/>\n<meta property=\"og:description\" content=\"La Sesi\u00f3n Permanente de la Comisi\u00f3n Mixta de Constituci\u00f3n, encargada del proceso de selecci\u00f3n de postulantes para el nuevo Defensor del Pueblo, finaliz\u00f3 ayer la etapa de entrevistas personalizadas a los 16 postulantes habilitados para esta fase de la convocatoria. La jornada pasada, esta Comisi\u00f3n finaliz\u00f3 las entrevistas a los ocho postulantes que restaban cumplir [&hellip;]\" \/>\n<meta property=\"og:url\" content=\"https:\/\/www.eldiario.net\/portal\/2022\/04\/28\/finaliza-fase-de-entrevistas-para-postulantes-a-defensor\/\" \/>\n<meta property=\"og:site_name\" content=\"El Diario - Bolivia\" \/>\n<meta property=\"article:publisher\" content=\"https:\/\/www.facebook.com\/eldiario.bolivia\/\" \/>\n<meta property=\"article:published_time\" content=\"2022-04-28T08:59:34+00:00\" \/>\n<meta name=\"author\" content=\"Jeanette\" \/>\n<meta name=\"twitter:card\" content=\"summary_large_image\" \/>\n<meta name=\"twitter:creator\" content=\"@eldiario_net\" \/>\n<meta name=\"twitter:site\" content=\"@eldiario_net\" \/>\n<meta name=\"twitter:label1\" content=\"Escrito por\" \/>\n\t<meta name=\"twitter:data1\" content=\"Jeanette\" \/>\n\t<meta name=\"twitter:label2\" content=\"Tiempo de lectura\" \/>\n\t<meta name=\"twitter:data2\" content=\"1 minuto\" \/>\n<script type=\"application\/ld+json\" class=\"yoast-schema-graph\">{\"@context\":\"https:\\\/\\\/schema.org\",\"@graph\":[{\"@type\":\"Article\",\"@id\":\"https:\\\/\\\/www.eldiario.net\\\/portal\\\/2022\\\/04\\\/28\\\/finaliza-fase-de-entrevistas-para-postulantes-a-defensor\\\/#article\",\"isPartOf\":{\"@id\":\"https:\\\/\\\/www.eldiario.net\\\/portal\\\/2022\\\/04\\\/28\\\/finaliza-fase-de-entrevistas-para-postulantes-a-defensor\\\/\"},\"author\":{\"name\":\"Jeanette\",\"@id\":\"https:\\\/\\\/www.eldiario.net\\\/portal\\\/#\\\/schema\\\/person\\\/2c57cf2b7a7ae032e449e4c9b1019eac\"},\"headline\":\"Finaliza fase de entrevistas para postulantes a Defensor\",\"datePublished\":\"2022-04-28T08:59:34+00:00\",\"mainEntityOfPage\":{\"@id\":\"https:\\\/\\\/www.eldiario.net\\\/portal\\\/2022\\\/04\\\/28\\\/finaliza-fase-de-entrevistas-para-postulantes-a-defensor\\\/\"},\"wordCount\":186,\"publisher\":{\"@id\":\"https:\\\/\\\/www.eldiario.net\\\/portal\\\/#organization\"},\"image\":{\"@id\":\"https:\\\/\\\/www.eldiario.net\\\/portal\\\/2022\\\/04\\\/28\\\/finaliza-fase-de-entrevistas-para-postulantes-a-defensor\\\/#primaryimage\"},\"thumbnailUrl\":\"\",\"articleSection\":[\"Portada\"],\"inLanguage\":\"es\"},{\"@type\":\"WebPage\",\"@id\":\"https:\\\/\\\/www.eldiario.net\\\/portal\\\/2022\\\/04\\\/28\\\/finaliza-fase-de-entrevistas-para-postulantes-a-defensor\\\/\",\"url\":\"https:\\\/\\\/www.eldiario.net\\\/portal\\\/2022\\\/04\\\/28\\\/finaliza-fase-de-entrevistas-para-postulantes-a-defensor\\\/\",\"name\":\"Finaliza fase de entrevistas para postulantes a Defensor - El Diario - Bolivia\",\"isPartOf\":{\"@id\":\"https:\\\/\\\/www.eldiario.net\\\/portal\\\/#website\"},\"primaryImageOfPage\":{\"@id\":\"https:\\\/\\\/www.eldiario.net\\\/portal\\\/2022\\\/04\\\/28\\\/finaliza-fase-de-entrevistas-para-postulantes-a-defensor\\\/#primaryimage\"},\"image\":{\"@id\":\"https:\\\/\\\/www.eldiario.net\\\/portal\\\/2022\\\/04\\\/28\\\/finaliza-fase-de-entrevistas-para-postulantes-a-defensor\\\/#primaryimage\"},\"thumbnailUrl\":\"\",\"datePublished\":\"2022-04-28T08:59:34+00:00\",\"breadcrumb\":{\"@id\":\"https:\\\/\\\/www.eldiario.net\\\/portal\\\/2022\\\/04\\\/28\\\/finaliza-fase-de-entrevistas-para-postulantes-a-defensor\\\/#breadcrumb\"},\"inLanguage\":\"es\",\"potentialAction\":[{\"@type\":\"ReadAction\",\"target\":[\"https:\\\/\\\/www.eldiario.net\\\/portal\\\/2022\\\/04\\\/28\\\/finaliza-fase-de-entrevistas-para-postulantes-a-defensor\\\/\"]}]},{\"@type\":\"ImageObject\",\"inLanguage\":\"es\",\"@id\":\"https:\\\/\\\/www.eldiario.net\\\/portal\\\/2022\\\/04\\\/28\\\/finaliza-fase-de-entrevistas-para-postulantes-a-defensor\\\/#primaryimage\",\"url\":\"\",\"contentUrl\":\"\"},{\"@type\":\"BreadcrumbList\",\"@id\":\"https:\\\/\\\/www.eldiario.net\\\/portal\\\/2022\\\/04\\\/28\\\/finaliza-fase-de-entrevistas-para-postulantes-a-defensor\\\/#breadcrumb\",\"itemListElement\":[{\"@type\":\"ListItem\",\"position\":1,\"name\":\"Portada\",\"item\":\"https:\\\/\\\/www.eldiario.net\\\/portal\\\/\"},{\"@type\":\"ListItem\",\"position\":2,\"name\":\"Finaliza fase de entrevistas para postulantes a Defensor\"}]},{\"@type\":\"WebSite\",\"@id\":\"https:\\\/\\\/www.eldiario.net\\\/portal\\\/#website\",\"url\":\"https:\\\/\\\/www.eldiario.net\\\/portal\\\/\",\"name\":\"El Diario - Decano de la prensa nacional\",\"description\":\"El Diario - Decano de la prensa nacional\",\"publisher\":{\"@id\":\"https:\\\/\\\/www.eldiario.net\\\/portal\\\/#organization\"},\"potentialAction\":[{\"@type\":\"SearchAction\",\"target\":{\"@type\":\"EntryPoint\",\"urlTemplate\":\"https:\\\/\\\/www.eldiario.net\\\/portal\\\/?s={search_term_string}\"},\"query-input\":{\"@type\":\"PropertyValueSpecification\",\"valueRequired\":true,\"valueName\":\"search_term_string\"}}],\"inLanguage\":\"es\"},{\"@type\":\"Organization\",\"@id\":\"https:\\\/\\\/www.eldiario.net\\\/portal\\\/#organization\",\"name\":\"El Diario - Decano de la prensa nacional\",\"url\":\"https:\\\/\\\/www.eldiario.net\\\/portal\\\/\",\"logo\":{\"@type\":\"ImageObject\",\"inLanguage\":\"es\",\"@id\":\"https:\\\/\\\/www.eldiario.net\\\/portal\\\/#\\\/schema\\\/logo\\\/image\\\/\",\"url\":\"https:\\\/\\\/www.eldiario.net\\\/portal\\\/wp-content\\\/uploads\\\/2023\\\/07\\\/logo_ED.jpg\",\"contentUrl\":\"https:\\\/\\\/www.eldiario.net\\\/portal\\\/wp-content\\\/uploads\\\/2023\\\/07\\\/logo_ED.jpg\",\"width\":272,\"height\":52,\"caption\":\"El Diario - Decano de la prensa nacional\"},\"image\":{\"@id\":\"https:\\\/\\\/www.eldiario.net\\\/portal\\\/#\\\/schema\\\/logo\\\/image\\\/\"},\"sameAs\":[\"https:\\\/\\\/www.facebook.com\\\/eldiario.bolivia\\\/\",\"https:\\\/\\\/x.com\\\/eldiario_net\"]},{\"@type\":\"Person\",\"@id\":\"https:\\\/\\\/www.eldiario.net\\\/portal\\\/#\\\/schema\\\/person\\\/2c57cf2b7a7ae032e449e4c9b1019eac\",\"name\":\"Jeanette\",\"image\":{\"@type\":\"ImageObject\",\"inLanguage\":\"es\",\"@id\":\"https:\\\/\\\/secure.gravatar.com\\\/avatar\\\/3ea2118a5f7dad2b7138b1187a6b7ee55f160b9968b66013c3a3ef39dd7e5798?s=96&d=mm&r=g\",\"url\":\"https:\\\/\\\/secure.gravatar.com\\\/avatar\\\/3ea2118a5f7dad2b7138b1187a6b7ee55f160b9968b66013c3a3ef39dd7e5798?s=96&d=mm&r=g\",\"contentUrl\":\"https:\\\/\\\/secure.gravatar.com\\\/avatar\\\/3ea2118a5f7dad2b7138b1187a6b7ee55f160b9968b66013c3a3ef39dd7e5798?s=96&d=mm&r=g\",\"caption\":\"Jeanette\"},\"sameAs\":[\"https:\\\/\\\/www.eldiario.net\\\/portal\"],\"url\":\"https:\\\/\\\/www.eldiario.net\\\/portal\\\/author\\\/jeanette\\\/\"}]}<\/script>\n<!-- \/ Yoast SEO plugin. -->","yoast_head_json":{"title":"Finaliza fase de entrevistas para postulantes a Defensor - El Diario - Bolivia","robots":{"index":"index","follow":"follow","max-snippet":"max-snippet:-1","max-image-preview":"max-image-preview:large","max-video-preview":"max-video-preview:-1"},"canonical":"https:\/\/www.eldiario.net\/portal\/2022\/04\/28\/finaliza-fase-de-entrevistas-para-postulantes-a-defensor\/","og_locale":"es_ES","og_type":"article","og_title":"Finaliza fase de entrevistas para postulantes a Defensor - El Diario - Bolivia","og_description":"La Sesi\u00f3n Permanente de la Comisi\u00f3n Mixta de Constituci\u00f3n, encargada del proceso de selecci\u00f3n de postulantes para el nuevo Defensor del Pueblo, finaliz\u00f3 ayer la etapa de entrevistas personalizadas a los 16 postulantes habilitados para esta fase de la convocatoria. La jornada pasada, esta Comisi\u00f3n finaliz\u00f3 las entrevistas a los ocho postulantes que restaban cumplir [&hellip;]","og_url":"https:\/\/www.eldiario.net\/portal\/2022\/04\/28\/finaliza-fase-de-entrevistas-para-postulantes-a-defensor\/","og_site_name":"El Diario - Bolivia","article_publisher":"https:\/\/www.facebook.com\/eldiario.bolivia\/","article_published_time":"2022-04-28T08:59:34+00:00","author":"Jeanette","twitter_card":"summary_large_image","twitter_creator":"@eldiario_net","twitter_site":"@eldiario_net","twitter_misc":{"Escrito por":"Jeanette","Tiempo de lectura":"1 minuto"},"schema":{"@context":"https:\/\/schema.org","@graph":[{"@type":"Article","@id":"https:\/\/www.eldiario.net\/portal\/2022\/04\/28\/finaliza-fase-de-entrevistas-para-postulantes-a-defensor\/#article","isPartOf":{"@id":"https:\/\/www.eldiario.net\/portal\/2022\/04\/28\/finaliza-fase-de-entrevistas-para-postulantes-a-defensor\/"},"author":{"name":"Jeanette","@id":"https:\/\/www.eldiario.net\/portal\/#\/schema\/person\/2c57cf2b7a7ae032e449e4c9b1019eac"},"headline":"Finaliza fase de entrevistas para postulantes a Defensor","datePublished":"2022-04-28T08:59:34+00:00","mainEntityOfPage":{"@id":"https:\/\/www.eldiario.net\/portal\/2022\/04\/28\/finaliza-fase-de-entrevistas-para-postulantes-a-defensor\/"},"wordCount":186,"publisher":{"@id":"https:\/\/www.eldiario.net\/portal\/#organization"},"image":{"@id":"https:\/\/www.eldiario.net\/portal\/2022\/04\/28\/finaliza-fase-de-entrevistas-para-postulantes-a-defensor\/#primaryimage"},"thumbnailUrl":"","articleSection":["Portada"],"inLanguage":"es"},{"@type":"WebPage","@id":"https:\/\/www.eldiario.net\/portal\/2022\/04\/28\/finaliza-fase-de-entrevistas-para-postulantes-a-defensor\/","url":"https:\/\/www.eldiario.net\/portal\/2022\/04\/28\/finaliza-fase-de-entrevistas-para-postulantes-a-defensor\/","name":"Finaliza fase de entrevistas para postulantes a Defensor - El Diario - Bolivia","isPartOf":{"@id":"https:\/\/www.eldiario.net\/portal\/#website"},"primaryImageOfPage":{"@id":"https:\/\/www.eldiario.net\/portal\/2022\/04\/28\/finaliza-fase-de-entrevistas-para-postulantes-a-defensor\/#primaryimage"},"image":{"@id":"https:\/\/www.eldiario.net\/portal\/2022\/04\/28\/finaliza-fase-de-entrevistas-para-postulantes-a-defensor\/#primaryimage"},"thumbnailUrl":"","datePublished":"2022-04-28T08:59:34+00:00","breadcrumb":{"@id":"https:\/\/www.eldiario.net\/portal\/2022\/04\/28\/finaliza-fase-de-entrevistas-para-postulantes-a-defensor\/#breadcrumb"},"inLanguage":"es","potentialAction":[{"@type":"ReadAction","target":["https:\/\/www.eldiario.net\/portal\/2022\/04\/28\/finaliza-fase-de-entrevistas-para-postulantes-a-defensor\/"]}]},{"@type":"ImageObject","inLanguage":"es","@id":"https:\/\/www.eldiario.net\/portal\/2022\/04\/28\/finaliza-fase-de-entrevistas-para-postulantes-a-defensor\/#primaryimage","url":"","contentUrl":""},{"@type":"BreadcrumbList","@id":"https:\/\/www.eldiario.net\/portal\/2022\/04\/28\/finaliza-fase-de-entrevistas-para-postulantes-a-defensor\/#breadcrumb","itemListElement":[{"@type":"ListItem","position":1,"name":"Portada","item":"https:\/\/www.eldiario.net\/portal\/"},{"@type":"ListItem","position":2,"name":"Finaliza fase de entrevistas para postulantes a Defensor"}]},{"@type":"WebSite","@id":"https:\/\/www.eldiario.net\/portal\/#website","url":"https:\/\/www.eldiario.net\/portal\/","name":"El Diario - Decano de la prensa nacional","description":"El Diario - Decano de la prensa nacional","publisher":{"@id":"https:\/\/www.eldiario.net\/portal\/#organization"},"potentialAction":[{"@type":"SearchAction","target":{"@type":"EntryPoint","urlTemplate":"https:\/\/www.eldiario.net\/portal\/?s={search_term_string}"},"query-input":{"@type":"PropertyValueSpecification","valueRequired":true,"valueName":"search_term_string"}}],"inLanguage":"es"},{"@type":"Organization","@id":"https:\/\/www.eldiario.net\/portal\/#organization","name":"El Diario - Decano de la prensa nacional","url":"https:\/\/www.eldiario.net\/portal\/","logo":{"@type":"ImageObject","inLanguage":"es","@id":"https:\/\/www.eldiario.net\/portal\/#\/schema\/logo\/image\/","url":"https:\/\/www.eldiario.net\/portal\/wp-content\/uploads\/2023\/07\/logo_ED.jpg","contentUrl":"https:\/\/www.eldiario.net\/portal\/wp-content\/uploads\/2023\/07\/logo_ED.jpg","width":272,"height":52,"caption":"El Diario - Decano de la prensa nacional"},"image":{"@id":"https:\/\/www.eldiario.net\/portal\/#\/schema\/logo\/image\/"},"sameAs":["https:\/\/www.facebook.com\/eldiario.bolivia\/","https:\/\/x.com\/eldiario_net"]},{"@type":"Person","@id":"https:\/\/www.eldiario.net\/portal\/#\/schema\/person\/2c57cf2b7a7ae032e449e4c9b1019eac","name":"Jeanette","image":{"@type":"ImageObject","inLanguage":"es","@id":"https:\/\/secure.gravatar.com\/avatar\/3ea2118a5f7dad2b7138b1187a6b7ee55f160b9968b66013c3a3ef39dd7e5798?s=96&d=mm&r=g","url":"https:\/\/secure.gravatar.com\/avatar\/3ea2118a5f7dad2b7138b1187a6b7ee55f160b9968b66013c3a3ef39dd7e5798?s=96&d=mm&r=g","contentUrl":"https:\/\/secure.gravatar.com\/avatar\/3ea2118a5f7dad2b7138b1187a6b7ee55f160b9968b66013c3a3ef39dd7e5798?s=96&d=mm&r=g","caption":"Jeanette"},"sameAs":["https:\/\/www.eldiario.net\/portal"],"url":"https:\/\/www.eldiario.net\/portal\/author\/jeanette\/"}]}},"_links":{"self":[{"href":"https:\/\/www.eldiario.net\/portal\/wp-json\/wp\/v2\/posts\/79751","targetHints":{"allow":["GET"]}}],"collection":[{"href":"https:\/\/www.eldiario.net\/portal\/wp-json\/wp\/v2\/posts"}],"about":[{"href":"https:\/\/www.eldiario.net\/portal\/wp-json\/wp\/v2\/types\/post"}],"author":[{"embeddable":true,"href":"https:\/\/www.eldiario.net\/portal\/wp-json\/wp\/v2\/users\/1"}],"replies":[{"embeddable":true,"href":"https:\/\/www.eldiario.net\/portal\/wp-json\/wp\/v2\/comments?post=79751"}],"version-history":[{"count":0,"href":"https:\/\/www.eldiario.net\/portal\/wp-json\/wp\/v2\/posts\/79751\/revisions"}],"wp:attachment":[{"href":"https:\/\/www.eldiario.net\/portal\/wp-json\/wp\/v2\/media?parent=79751"}],"wp:term":[{"taxonomy":"category","embeddable":true,"href":"https:\/\/www.eldiario.net\/portal\/wp-json\/wp\/v2\/categories?post=79751"},{"taxonomy":"post_tag","embeddable":true,"href":"https:\/\/www.eldiario.net\/portal\/wp-json\/wp\/v2\/tags?post=79751"}],"curies":[{"name":"wp","href":"https:\/\/api.w.org\/{rel}","templated":true}]}}