{"id":79748,"date":"2022-04-28T04:58:32","date_gmt":"2022-04-28T08:58:32","guid":{"rendered":"https:\/\/www.eldiario.net\/portal\/?p=79748"},"modified":"2022-04-28T04:58:32","modified_gmt":"2022-04-28T08:58:32","slug":"unicef-entrega-instalaciones-de-agua-saneamiento-e-higiene","status":"publish","type":"post","link":"https:\/\/www.eldiario.net\/portal\/2022\/04\/28\/unicef-entrega-instalaciones-de-agua-saneamiento-e-higiene\/","title":{"rendered":"UNICEF entrega instalaciones  de agua, saneamiento e higiene"},"content":{"rendered":"<p class=\"v1MsoNormal\"><span lang=\"ES\">A partir del martes 26 de este mes se inici\u00f3 la entrega de obras del programa \u201cAgua, higiene y saneamiento en escuelas\u201d, que desarrolla UNICEF en coordinaci\u00f3n con el Gobierno Aut\u00f3nomo Municipal de El Alto (GAMEA), HELVETAS y Visi\u00f3n Mundial.\u00a0 El programa refaccion\u00f3 y construy\u00f3 bater\u00edas de ba\u00f1o en quince unidades educativas y cinco centros infantiles del Distrito Ocho, esta infraestructura beneficia a 6,426 ni\u00f1as, ni\u00f1os y adolescentes estudiantes, 425 maestros, y 61 administrativos.\u00a0<\/span><\/p>\n<p class=\"v1MsoNormal\"><span lang=\"ES\">La primera entrega se realiz\u00f3 en la Unidad Educativa Sim\u00f3n Bol\u00edvar Sur con la presencia de Eva Copa, alcaldesa municipal de El Alto, Milenka Garc\u00eda Alavi, sub-alcaldesa del Distrito Ocho, Rafael Ram\u00edrez, Representante de UNICEF, Richard Haep, Director de Pa\u00eds de HELVETAS, representantes del gobierno estudiantil, ni\u00f1os, ni\u00f1as y adolescentes estudiantes de la Unidad Educativa, Consejo Distrital de Juntas Escolares (CODIJE) del Distrito 8, los presidentes de las Juntas Escolares, y madres, padres de familia.<\/span><\/p>\n<p class=\"v1MsoNormal\"><span lang=\"ES\">El Representante de UNICEF expres\u00f3 su satisfacci\u00f3n por apoyo a las comunidades, familias y unidades educativas que asumen el compromiso de mejorar sus condiciones y lograr su propio desarrollo, \u201cese desarrollo que nuestras ni\u00f1as, ni\u00f1os y adolescentes merecen\u201d, enfatiz\u00f3.<\/span><\/p>\n<p class=\"v1MsoNormal\"><span lang=\"ES\">Ram\u00edrez a\u00f1adi\u00f3 que UNICEF hall\u00f3 en El Alto ese compromiso y voluntad de superaci\u00f3n, \u201cpor eso seguiremos apoyando este trabajo\u201d.\u00a0 A\u00f1adi\u00f3 que, as\u00ed como la comunidad educativa mostr\u00f3 compromiso y empe\u00f1o para concluir las obras ahora corresponde a los estudiantes, personal administrativo y docente que cuiden las nuevas instalaciones para que siempre funcionen de forma \u00f3ptima durante muchos a\u00f1os.<\/span><\/p>\n<p class=\"v1MsoNormal\"><span lang=\"ES\">Record\u00f3 que los fondos que permitieron estas obras provienen de fondos recaudados por estudiantes adolescentes suizos, a iniciativa del Comit\u00e9 Suizo de UNICEF en el marco de su campa\u00f1a anual \u201cSternenwoche\u201d (Semana del centelleo).<\/span><\/p>\n<p class=\"v1MsoNormal\"><span lang=\"ES\">\u00a0<\/span><\/p>\n<p class=\"v1MsoNormal\"><span lang=\"ES\">SATISFACCI\u00d3N<\/span><\/p>\n<p class=\"v1MsoNormal\"><span lang=\"ES\">Para el Director de Programa Pa\u00eds de HELVETAS Bolivia, Richard Haep, el acto de entrega fue \u201cun momento de felicidad\u201d,\u00a0 producto de la alianza de los padres de familia, la junta de vecinos, la junta escolar, la alcald\u00eda alte\u00f1a y UNICEF que ayud\u00f3 en el dise\u00f1o y financiamiento del proyecto de refacci\u00f3n y construcci\u00f3n.\u00a0\u00a0<\/span><\/p>\n<p class=\"v1MsoNormal\"><span lang=\"ES\">La alcaldesa de El Alto, Eva Copa record\u00f3 que la comunidad educativa ha luchado a\u00f1os por contar con servicios higi\u00e9nicos adecuados, \u201cahora gracias a UNICEF, HELVETAS y Visi\u00f3n Mundial fue posible la refacci\u00f3n y construcci\u00f3n en 15 unidades educativas y 5 centros infantiles\u201d. Copa sostuvo que las alianzas estrat\u00e9gicas son importantes para cumplir con las expectativas de la poblaci\u00f3n. \u201cQue las escuelas cambien, se renueven y muestren otra cara tambi\u00e9n permite que nuestros ni\u00f1os tengan una educaci\u00f3n con calidez y calidad\u201d, concluy\u00f3.<\/span><\/p>\n","protected":false},"excerpt":{"rendered":"<p>A partir del martes 26 de este mes se inici\u00f3 la entrega de obras del programa \u201cAgua, higiene y saneamiento en escuelas\u201d, que desarrolla UNICEF en coordinaci\u00f3n con el Gobierno Aut\u00f3nomo Municipal de El Alto (GAMEA), HELVETAS y Visi\u00f3n Mundial.\u00a0 El programa refaccion\u00f3 y construy\u00f3 bater\u00edas de ba\u00f1o en quince unidades educativas y cinco centros [&hellip;]<\/p>\n","protected":false},"author":1,"featured_media":79749,"comment_status":"closed","ping_status":"closed","sticky":false,"template":"","format":"standard","meta":{"_acf_changed":false,"footnotes":""},"categories":[15],"tags":[],"class_list":["post-79748","post","type-post","status-publish","format-standard","has-post-thumbnail","category-portada"],"acf":{"antetitulo":""},"yoast_head":"<!-- This site is optimized with the Yoast SEO plugin v28.4 - https:\/\/yoast.com\/product\/yoast-seo-wordpress\/ -->\n<title>UNICEF entrega instalaciones de agua, saneamiento e higiene - El Diario - Bolivia<\/title>\n<meta name=\"robots\" content=\"index, follow, max-snippet:-1, max-image-preview:large, max-video-preview:-1\" \/>\n<link rel=\"canonical\" href=\"https:\/\/www.eldiario.net\/portal\/2022\/04\/28\/unicef-entrega-instalaciones-de-agua-saneamiento-e-higiene\/\" \/>\n<meta property=\"og:locale\" content=\"es_ES\" \/>\n<meta property=\"og:type\" content=\"article\" \/>\n<meta property=\"og:title\" content=\"UNICEF entrega instalaciones de agua, saneamiento e higiene - El Diario - Bolivia\" \/>\n<meta property=\"og:description\" content=\"A partir del martes 26 de este mes se inici\u00f3 la entrega de obras del programa \u201cAgua, higiene y saneamiento en escuelas\u201d, que desarrolla UNICEF en coordinaci\u00f3n con el Gobierno Aut\u00f3nomo Municipal de El Alto (GAMEA), HELVETAS y Visi\u00f3n Mundial.\u00a0 El programa refaccion\u00f3 y construy\u00f3 bater\u00edas de ba\u00f1o en quince unidades educativas y cinco centros [&hellip;]\" \/>\n<meta property=\"og:url\" content=\"https:\/\/www.eldiario.net\/portal\/2022\/04\/28\/unicef-entrega-instalaciones-de-agua-saneamiento-e-higiene\/\" \/>\n<meta property=\"og:site_name\" content=\"El Diario - Bolivia\" \/>\n<meta property=\"article:publisher\" content=\"https:\/\/www.facebook.com\/eldiario.bolivia\/\" \/>\n<meta property=\"article:published_time\" content=\"2022-04-28T08:58:32+00:00\" \/>\n<meta name=\"author\" content=\"Jeanette\" \/>\n<meta name=\"twitter:card\" content=\"summary_large_image\" \/>\n<meta name=\"twitter:creator\" content=\"@eldiario_net\" \/>\n<meta name=\"twitter:site\" content=\"@eldiario_net\" \/>\n<meta name=\"twitter:label1\" content=\"Escrito por\" \/>\n\t<meta name=\"twitter:data1\" content=\"Jeanette\" \/>\n\t<meta name=\"twitter:label2\" content=\"Tiempo de lectura\" \/>\n\t<meta name=\"twitter:data2\" content=\"2 minutos\" \/>\n<script type=\"application\/ld+json\" class=\"yoast-schema-graph\">{\"@context\":\"https:\\\/\\\/schema.org\",\"@graph\":[{\"@type\":\"Article\",\"@id\":\"https:\\\/\\\/www.eldiario.net\\\/portal\\\/2022\\\/04\\\/28\\\/unicef-entrega-instalaciones-de-agua-saneamiento-e-higiene\\\/#article\",\"isPartOf\":{\"@id\":\"https:\\\/\\\/www.eldiario.net\\\/portal\\\/2022\\\/04\\\/28\\\/unicef-entrega-instalaciones-de-agua-saneamiento-e-higiene\\\/\"},\"author\":{\"name\":\"Jeanette\",\"@id\":\"https:\\\/\\\/www.eldiario.net\\\/portal\\\/#\\\/schema\\\/person\\\/2c57cf2b7a7ae032e449e4c9b1019eac\"},\"headline\":\"UNICEF entrega instalaciones de agua, saneamiento e higiene\",\"datePublished\":\"2022-04-28T08:58:32+00:00\",\"mainEntityOfPage\":{\"@id\":\"https:\\\/\\\/www.eldiario.net\\\/portal\\\/2022\\\/04\\\/28\\\/unicef-entrega-instalaciones-de-agua-saneamiento-e-higiene\\\/\"},\"wordCount\":460,\"publisher\":{\"@id\":\"https:\\\/\\\/www.eldiario.net\\\/portal\\\/#organization\"},\"image\":{\"@id\":\"https:\\\/\\\/www.eldiario.net\\\/portal\\\/2022\\\/04\\\/28\\\/unicef-entrega-instalaciones-de-agua-saneamiento-e-higiene\\\/#primaryimage\"},\"thumbnailUrl\":\"\",\"articleSection\":[\"Portada\"],\"inLanguage\":\"es\"},{\"@type\":\"WebPage\",\"@id\":\"https:\\\/\\\/www.eldiario.net\\\/portal\\\/2022\\\/04\\\/28\\\/unicef-entrega-instalaciones-de-agua-saneamiento-e-higiene\\\/\",\"url\":\"https:\\\/\\\/www.eldiario.net\\\/portal\\\/2022\\\/04\\\/28\\\/unicef-entrega-instalaciones-de-agua-saneamiento-e-higiene\\\/\",\"name\":\"UNICEF entrega instalaciones de agua, saneamiento e higiene - El Diario - Bolivia\",\"isPartOf\":{\"@id\":\"https:\\\/\\\/www.eldiario.net\\\/portal\\\/#website\"},\"primaryImageOfPage\":{\"@id\":\"https:\\\/\\\/www.eldiario.net\\\/portal\\\/2022\\\/04\\\/28\\\/unicef-entrega-instalaciones-de-agua-saneamiento-e-higiene\\\/#primaryimage\"},\"image\":{\"@id\":\"https:\\\/\\\/www.eldiario.net\\\/portal\\\/2022\\\/04\\\/28\\\/unicef-entrega-instalaciones-de-agua-saneamiento-e-higiene\\\/#primaryimage\"},\"thumbnailUrl\":\"\",\"datePublished\":\"2022-04-28T08:58:32+00:00\",\"breadcrumb\":{\"@id\":\"https:\\\/\\\/www.eldiario.net\\\/portal\\\/2022\\\/04\\\/28\\\/unicef-entrega-instalaciones-de-agua-saneamiento-e-higiene\\\/#breadcrumb\"},\"inLanguage\":\"es\",\"potentialAction\":[{\"@type\":\"ReadAction\",\"target\":[\"https:\\\/\\\/www.eldiario.net\\\/portal\\\/2022\\\/04\\\/28\\\/unicef-entrega-instalaciones-de-agua-saneamiento-e-higiene\\\/\"]}]},{\"@type\":\"ImageObject\",\"inLanguage\":\"es\",\"@id\":\"https:\\\/\\\/www.eldiario.net\\\/portal\\\/2022\\\/04\\\/28\\\/unicef-entrega-instalaciones-de-agua-saneamiento-e-higiene\\\/#primaryimage\",\"url\":\"\",\"contentUrl\":\"\"},{\"@type\":\"BreadcrumbList\",\"@id\":\"https:\\\/\\\/www.eldiario.net\\\/portal\\\/2022\\\/04\\\/28\\\/unicef-entrega-instalaciones-de-agua-saneamiento-e-higiene\\\/#breadcrumb\",\"itemListElement\":[{\"@type\":\"ListItem\",\"position\":1,\"name\":\"Portada\",\"item\":\"https:\\\/\\\/www.eldiario.net\\\/portal\\\/\"},{\"@type\":\"ListItem\",\"position\":2,\"name\":\"UNICEF entrega instalaciones de agua, saneamiento e higiene\"}]},{\"@type\":\"WebSite\",\"@id\":\"https:\\\/\\\/www.eldiario.net\\\/portal\\\/#website\",\"url\":\"https:\\\/\\\/www.eldiario.net\\\/portal\\\/\",\"name\":\"El Diario - Decano de la prensa nacional\",\"description\":\"El Diario - Decano de la prensa nacional\",\"publisher\":{\"@id\":\"https:\\\/\\\/www.eldiario.net\\\/portal\\\/#organization\"},\"potentialAction\":[{\"@type\":\"SearchAction\",\"target\":{\"@type\":\"EntryPoint\",\"urlTemplate\":\"https:\\\/\\\/www.eldiario.net\\\/portal\\\/?s={search_term_string}\"},\"query-input\":{\"@type\":\"PropertyValueSpecification\",\"valueRequired\":true,\"valueName\":\"search_term_string\"}}],\"inLanguage\":\"es\"},{\"@type\":\"Organization\",\"@id\":\"https:\\\/\\\/www.eldiario.net\\\/portal\\\/#organization\",\"name\":\"El Diario - Decano de la prensa nacional\",\"url\":\"https:\\\/\\\/www.eldiario.net\\\/portal\\\/\",\"logo\":{\"@type\":\"ImageObject\",\"inLanguage\":\"es\",\"@id\":\"https:\\\/\\\/www.eldiario.net\\\/portal\\\/#\\\/schema\\\/logo\\\/image\\\/\",\"url\":\"https:\\\/\\\/www.eldiario.net\\\/portal\\\/wp-content\\\/uploads\\\/2023\\\/07\\\/logo_ED.jpg\",\"contentUrl\":\"https:\\\/\\\/www.eldiario.net\\\/portal\\\/wp-content\\\/uploads\\\/2023\\\/07\\\/logo_ED.jpg\",\"width\":272,\"height\":52,\"caption\":\"El Diario - Decano de la prensa nacional\"},\"image\":{\"@id\":\"https:\\\/\\\/www.eldiario.net\\\/portal\\\/#\\\/schema\\\/logo\\\/image\\\/\"},\"sameAs\":[\"https:\\\/\\\/www.facebook.com\\\/eldiario.bolivia\\\/\",\"https:\\\/\\\/x.com\\\/eldiario_net\"]},{\"@type\":\"Person\",\"@id\":\"https:\\\/\\\/www.eldiario.net\\\/portal\\\/#\\\/schema\\\/person\\\/2c57cf2b7a7ae032e449e4c9b1019eac\",\"name\":\"Jeanette\",\"image\":{\"@type\":\"ImageObject\",\"inLanguage\":\"es\",\"@id\":\"https:\\\/\\\/secure.gravatar.com\\\/avatar\\\/3ea2118a5f7dad2b7138b1187a6b7ee55f160b9968b66013c3a3ef39dd7e5798?s=96&d=mm&r=g\",\"url\":\"https:\\\/\\\/secure.gravatar.com\\\/avatar\\\/3ea2118a5f7dad2b7138b1187a6b7ee55f160b9968b66013c3a3ef39dd7e5798?s=96&d=mm&r=g\",\"contentUrl\":\"https:\\\/\\\/secure.gravatar.com\\\/avatar\\\/3ea2118a5f7dad2b7138b1187a6b7ee55f160b9968b66013c3a3ef39dd7e5798?s=96&d=mm&r=g\",\"caption\":\"Jeanette\"},\"sameAs\":[\"https:\\\/\\\/www.eldiario.net\\\/portal\"],\"url\":\"https:\\\/\\\/www.eldiario.net\\\/portal\\\/author\\\/jeanette\\\/\"}]}<\/script>\n<!-- \/ Yoast SEO plugin. -->","yoast_head_json":{"title":"UNICEF entrega instalaciones de agua, saneamiento e higiene - El Diario - Bolivia","robots":{"index":"index","follow":"follow","max-snippet":"max-snippet:-1","max-image-preview":"max-image-preview:large","max-video-preview":"max-video-preview:-1"},"canonical":"https:\/\/www.eldiario.net\/portal\/2022\/04\/28\/unicef-entrega-instalaciones-de-agua-saneamiento-e-higiene\/","og_locale":"es_ES","og_type":"article","og_title":"UNICEF entrega instalaciones de agua, saneamiento e higiene - El Diario - Bolivia","og_description":"A partir del martes 26 de este mes se inici\u00f3 la entrega de obras del programa \u201cAgua, higiene y saneamiento en escuelas\u201d, que desarrolla UNICEF en coordinaci\u00f3n con el Gobierno Aut\u00f3nomo Municipal de El Alto (GAMEA), HELVETAS y Visi\u00f3n Mundial.\u00a0 El programa refaccion\u00f3 y construy\u00f3 bater\u00edas de ba\u00f1o en quince unidades educativas y cinco centros [&hellip;]","og_url":"https:\/\/www.eldiario.net\/portal\/2022\/04\/28\/unicef-entrega-instalaciones-de-agua-saneamiento-e-higiene\/","og_site_name":"El Diario - Bolivia","article_publisher":"https:\/\/www.facebook.com\/eldiario.bolivia\/","article_published_time":"2022-04-28T08:58:32+00:00","author":"Jeanette","twitter_card":"summary_large_image","twitter_creator":"@eldiario_net","twitter_site":"@eldiario_net","twitter_misc":{"Escrito por":"Jeanette","Tiempo de lectura":"2 minutos"},"schema":{"@context":"https:\/\/schema.org","@graph":[{"@type":"Article","@id":"https:\/\/www.eldiario.net\/portal\/2022\/04\/28\/unicef-entrega-instalaciones-de-agua-saneamiento-e-higiene\/#article","isPartOf":{"@id":"https:\/\/www.eldiario.net\/portal\/2022\/04\/28\/unicef-entrega-instalaciones-de-agua-saneamiento-e-higiene\/"},"author":{"name":"Jeanette","@id":"https:\/\/www.eldiario.net\/portal\/#\/schema\/person\/2c57cf2b7a7ae032e449e4c9b1019eac"},"headline":"UNICEF entrega instalaciones de agua, saneamiento e higiene","datePublished":"2022-04-28T08:58:32+00:00","mainEntityOfPage":{"@id":"https:\/\/www.eldiario.net\/portal\/2022\/04\/28\/unicef-entrega-instalaciones-de-agua-saneamiento-e-higiene\/"},"wordCount":460,"publisher":{"@id":"https:\/\/www.eldiario.net\/portal\/#organization"},"image":{"@id":"https:\/\/www.eldiario.net\/portal\/2022\/04\/28\/unicef-entrega-instalaciones-de-agua-saneamiento-e-higiene\/#primaryimage"},"thumbnailUrl":"","articleSection":["Portada"],"inLanguage":"es"},{"@type":"WebPage","@id":"https:\/\/www.eldiario.net\/portal\/2022\/04\/28\/unicef-entrega-instalaciones-de-agua-saneamiento-e-higiene\/","url":"https:\/\/www.eldiario.net\/portal\/2022\/04\/28\/unicef-entrega-instalaciones-de-agua-saneamiento-e-higiene\/","name":"UNICEF entrega instalaciones de agua, saneamiento e higiene - El Diario - Bolivia","isPartOf":{"@id":"https:\/\/www.eldiario.net\/portal\/#website"},"primaryImageOfPage":{"@id":"https:\/\/www.eldiario.net\/portal\/2022\/04\/28\/unicef-entrega-instalaciones-de-agua-saneamiento-e-higiene\/#primaryimage"},"image":{"@id":"https:\/\/www.eldiario.net\/portal\/2022\/04\/28\/unicef-entrega-instalaciones-de-agua-saneamiento-e-higiene\/#primaryimage"},"thumbnailUrl":"","datePublished":"2022-04-28T08:58:32+00:00","breadcrumb":{"@id":"https:\/\/www.eldiario.net\/portal\/2022\/04\/28\/unicef-entrega-instalaciones-de-agua-saneamiento-e-higiene\/#breadcrumb"},"inLanguage":"es","potentialAction":[{"@type":"ReadAction","target":["https:\/\/www.eldiario.net\/portal\/2022\/04\/28\/unicef-entrega-instalaciones-de-agua-saneamiento-e-higiene\/"]}]},{"@type":"ImageObject","inLanguage":"es","@id":"https:\/\/www.eldiario.net\/portal\/2022\/04\/28\/unicef-entrega-instalaciones-de-agua-saneamiento-e-higiene\/#primaryimage","url":"","contentUrl":""},{"@type":"BreadcrumbList","@id":"https:\/\/www.eldiario.net\/portal\/2022\/04\/28\/unicef-entrega-instalaciones-de-agua-saneamiento-e-higiene\/#breadcrumb","itemListElement":[{"@type":"ListItem","position":1,"name":"Portada","item":"https:\/\/www.eldiario.net\/portal\/"},{"@type":"ListItem","position":2,"name":"UNICEF entrega instalaciones de agua, saneamiento e higiene"}]},{"@type":"WebSite","@id":"https:\/\/www.eldiario.net\/portal\/#website","url":"https:\/\/www.eldiario.net\/portal\/","name":"El Diario - Decano de la prensa nacional","description":"El Diario - Decano de la prensa nacional","publisher":{"@id":"https:\/\/www.eldiario.net\/portal\/#organization"},"potentialAction":[{"@type":"SearchAction","target":{"@type":"EntryPoint","urlTemplate":"https:\/\/www.eldiario.net\/portal\/?s={search_term_string}"},"query-input":{"@type":"PropertyValueSpecification","valueRequired":true,"valueName":"search_term_string"}}],"inLanguage":"es"},{"@type":"Organization","@id":"https:\/\/www.eldiario.net\/portal\/#organization","name":"El Diario - Decano de la prensa nacional","url":"https:\/\/www.eldiario.net\/portal\/","logo":{"@type":"ImageObject","inLanguage":"es","@id":"https:\/\/www.eldiario.net\/portal\/#\/schema\/logo\/image\/","url":"https:\/\/www.eldiario.net\/portal\/wp-content\/uploads\/2023\/07\/logo_ED.jpg","contentUrl":"https:\/\/www.eldiario.net\/portal\/wp-content\/uploads\/2023\/07\/logo_ED.jpg","width":272,"height":52,"caption":"El Diario - Decano de la prensa nacional"},"image":{"@id":"https:\/\/www.eldiario.net\/portal\/#\/schema\/logo\/image\/"},"sameAs":["https:\/\/www.facebook.com\/eldiario.bolivia\/","https:\/\/x.com\/eldiario_net"]},{"@type":"Person","@id":"https:\/\/www.eldiario.net\/portal\/#\/schema\/person\/2c57cf2b7a7ae032e449e4c9b1019eac","name":"Jeanette","image":{"@type":"ImageObject","inLanguage":"es","@id":"https:\/\/secure.gravatar.com\/avatar\/3ea2118a5f7dad2b7138b1187a6b7ee55f160b9968b66013c3a3ef39dd7e5798?s=96&d=mm&r=g","url":"https:\/\/secure.gravatar.com\/avatar\/3ea2118a5f7dad2b7138b1187a6b7ee55f160b9968b66013c3a3ef39dd7e5798?s=96&d=mm&r=g","contentUrl":"https:\/\/secure.gravatar.com\/avatar\/3ea2118a5f7dad2b7138b1187a6b7ee55f160b9968b66013c3a3ef39dd7e5798?s=96&d=mm&r=g","caption":"Jeanette"},"sameAs":["https:\/\/www.eldiario.net\/portal"],"url":"https:\/\/www.eldiario.net\/portal\/author\/jeanette\/"}]}},"_links":{"self":[{"href":"https:\/\/www.eldiario.net\/portal\/wp-json\/wp\/v2\/posts\/79748","targetHints":{"allow":["GET"]}}],"collection":[{"href":"https:\/\/www.eldiario.net\/portal\/wp-json\/wp\/v2\/posts"}],"about":[{"href":"https:\/\/www.eldiario.net\/portal\/wp-json\/wp\/v2\/types\/post"}],"author":[{"embeddable":true,"href":"https:\/\/www.eldiario.net\/portal\/wp-json\/wp\/v2\/users\/1"}],"replies":[{"embeddable":true,"href":"https:\/\/www.eldiario.net\/portal\/wp-json\/wp\/v2\/comments?post=79748"}],"version-history":[{"count":0,"href":"https:\/\/www.eldiario.net\/portal\/wp-json\/wp\/v2\/posts\/79748\/revisions"}],"wp:attachment":[{"href":"https:\/\/www.eldiario.net\/portal\/wp-json\/wp\/v2\/media?parent=79748"}],"wp:term":[{"taxonomy":"category","embeddable":true,"href":"https:\/\/www.eldiario.net\/portal\/wp-json\/wp\/v2\/categories?post=79748"},{"taxonomy":"post_tag","embeddable":true,"href":"https:\/\/www.eldiario.net\/portal\/wp-json\/wp\/v2\/tags?post=79748"}],"curies":[{"name":"wp","href":"https:\/\/api.w.org\/{rel}","templated":true}]}}