{"id":79291,"date":"2022-04-26T04:54:50","date_gmt":"2022-04-26T08:54:50","guid":{"rendered":"https:\/\/www.eldiario.net\/portal\/?p=79291"},"modified":"2022-04-26T04:54:50","modified_gmt":"2022-04-26T08:54:50","slug":"declaracion-de-rio-sobre-el-medio-ambiente-y-el-desarrollo","status":"publish","type":"post","link":"https:\/\/www.eldiario.net\/portal\/2022\/04\/26\/declaracion-de-rio-sobre-el-medio-ambiente-y-el-desarrollo\/","title":{"rendered":"Declaraci\u00f3n de Rio sobre el Medio Ambiente y el Desarrollo"},"content":{"rendered":"<p><strong>Por: Grupo editor<\/strong><\/p>\n<p>&nbsp;<\/p>\n<p><strong>A partir de este n\u00famero iniciamos una sesi\u00f3n de art\u00edculos y propuestas de descripci\u00f3n, desarrollo y reflexi\u00f3n sobre el Medio Ambiente y la importancia de una atenci\u00f3n preventiva y curativa. En este n\u00famero presentamos la Declaraci\u00f3n de Rio sobre el Medio Ambiente y el Desarrollo de 1992 con la intensi\u00f3n de generar un an\u00e1lisis reflexivo sobre los puntos que se abordaron hace ya 30 a\u00f1os y la verdad sobre si realmente ha sido cumplido o atendido cada uno de sus principios.<\/strong><\/p>\n<p>&nbsp;<\/p>\n<p>La Conferencia de las Naciones Unidas sobre el Medio Ambiente y el Desarrollo, habi\u00e9ndose reunido en R\u00edo de Janeiro del 3 al 14 de junio de 1992.<\/p>\n<p>&nbsp;<\/p>\n<p>Reafirmando la Declaraci\u00f3n de la Conferencia de las Naciones Unidas sobre el Medio Humano, aprobada en Estocolmo el 16 de junio de 1972a, y tratando de basarse en ella.<\/p>\n<p>&nbsp;<\/p>\n<p>Con el objetivo de establecer una alianza mundial nueva y equitativa mediante la creaci\u00f3n de nuevos niveles de cooperaci\u00f3n entre los Estados, los sectores claves de las sociedades y las personas.<\/p>\n<p>&nbsp;<\/p>\n<p>Procurando alcanzar acuerdos internacionales en los que se respeten los intereses de todos y se proteja la integridad del sistema ambiental y de desarrollo mundial.<\/p>\n<p>&nbsp;<\/p>\n<p>Reconociendo la naturaleza integral e interdependiente de la Tierra, nuestro hogar.<\/p>\n<p>&nbsp;<\/p>\n<p><strong>Proclama que:<\/strong><\/p>\n<p>&nbsp;<\/p>\n<p><strong>Principio 1<\/strong><\/p>\n<p>&nbsp;<\/p>\n<p>Los seres humanos constituyen el centro de las preocupaciones relacionadas con el desarrollo sostenible. Tienen derecho a una vida saludable y productiva en armon\u00eda con la naturaleza.<\/p>\n<p>&nbsp;<\/p>\n<p><strong>Principio 2<\/strong><\/p>\n<p>&nbsp;<\/p>\n<p>De conformidad con la Carta de las Naciones Unidas y los principios del derecho internacional, los Estados tienen el derecho soberano de aprovechar sus propios recursos seg\u00fan sus propias pol\u00edticas ambientales y de desarrollo, y la responsabilidad de velar por que las actividades realizadas dentro de su jurisdicci\u00f3n o bajo su control no causen da\u00f1os al medio ambiente de otros Estados o de zonas que est\u00e9n fuera de los l\u00edmites de la jurisdicci\u00f3n nacional.<\/p>\n<p>&nbsp;<\/p>\n<p><strong>Principio 3<\/strong><\/p>\n<p>&nbsp;<\/p>\n<p>El derecho al desarrollo debe ejercerse en forma tal que responda equitativamente a las necesidades de desarrollo y ambientales de las generaciones presentes y futuras.<\/p>\n<p>&nbsp;<\/p>\n<p><strong>Principio 4<\/strong><\/p>\n<p>&nbsp;<\/p>\n<p>A fin de alcanzar el desarrollo sostenible, la protecci\u00f3n del medio ambiente deber\u00e1 constituir parte integrante del proceso de desarrollo y no podr\u00e1 considerarse en forma aislada.<\/p>\n<p>&nbsp;<\/p>\n<p><strong>Principio 5<\/strong><\/p>\n<p>&nbsp;<\/p>\n<p>Todos los Estados y todas las personas deber\u00e1n cooperar en la tarea esencial de erradicar la pobreza como requisito indispensable del desarrollo sostenible, a fin de reducir las disparidades en los niveles de vida y responder mejor a las necesidades de la mayor\u00eda de los pueblos del mundo.<\/p>\n<p>&nbsp;<\/p>\n<p><strong>Principio 6<\/strong><\/p>\n<p>&nbsp;<\/p>\n<p>Se deber\u00e1 dar especial prioridad a la situaci\u00f3n y las necesidades especiales de los pa\u00edses en desarrollo, en particular los pa\u00edses menos adelantados y los m\u00e1s vulnerables desde el punto de vista ambiental. En las medidas internacionales que se adopten con respecto al medio ambiente y al desarrollo tambi\u00e9n se deber\u00edan tener en cuenta los intereses y las necesidades de todos los pa\u00edses.<\/p>\n<p>&nbsp;<\/p>\n<p><strong>Principio 7<\/strong><\/p>\n<p>&nbsp;<\/p>\n<p>Los Estados deber\u00e1n cooperar con esp\u00edritu de solidaridad mundial para conservar, proteger y restablecer la salud y la integridad del ecosistema de la Tierra. En vista de que han contribuido en distinta medida a la degradaci\u00f3n del medio ambiente mundial, los Estados tienen responsabilidades comunes pero diferenciadas. Los pa\u00edses desarrollados reconocen la responsabilidad que les cabe en la b\u00fasqueda internacional del desarrollo sostenible, en vista de las presiones que sus sociedades ejercen en el medio ambiente mundial y de las tecnolog\u00edas y los recursos financieros de que disponen.<\/p>\n<p>&nbsp;<\/p>\n<p><strong>Principio 8<\/strong><\/p>\n<p>&nbsp;<\/p>\n<p>Para alcanzar el desarrollo sostenible y una mejor calidad de vida para todas las personas, los Estados deber\u00edan reducir y eliminar las modalidades de producci\u00f3n y consumo insostenibles y fomentar pol\u00edticas demogr\u00e1ficas apropiadas.<\/p>\n<p>&nbsp;<\/p>\n<p><strong>Principio 9<\/strong><\/p>\n<p>&nbsp;<\/p>\n<p>Los Estados deber\u00edan cooperar en el fortalecimiento de su propia capacidad de lograr el desarrollo sostenible, aumentando el saber cient\u00edfico mediante el intercambio de conocimientos cient\u00edficos y tecnol\u00f3gicos, e intensificando el desarrollo, la adaptaci\u00f3n, la difusi\u00f3n y la transferencia de tecnolog\u00edas, entre estas, tecnolog\u00edas nuevas e innovadoras.<\/p>\n<p>&nbsp;<\/p>\n<p><strong>Principio 10<\/strong><\/p>\n<p>&nbsp;<\/p>\n<p>El mejor modo de tratar las cuestiones ambientales es con la participaci\u00f3n de todos los ciudadanos interesados, en el nivel que corresponda. En el plano nacional, toda persona deber\u00e1 tener acceso adecuado a la informaci\u00f3n sobre el medio ambiente de que dispongan las autoridades p\u00fablicas, incluida la informaci\u00f3n sobre los materiales y las actividades que encierran peligro en sus comunidades, as\u00ed como la oportunidad de participar en los procesos de adopci\u00f3n de decisiones. Los Estados deber\u00e1n facilitar y fomentar la sensibilizaci\u00f3n y la participaci\u00f3n de la poblaci\u00f3n poniendo la informaci\u00f3n a disposici\u00f3n de todos. Deber\u00e1 proporcionarse acceso efectivo a los procedimientos judiciales y administrativos, entre \u00e9stos el resarcimiento de da\u00f1os y los recursos pertinentes.<\/p>\n<p>&nbsp;<\/p>\n<p><strong>Principio 11<\/strong><\/p>\n<p>&nbsp;<\/p>\n<p>Los Estados deber\u00e1n promulgar leyes eficaces sobre el medio ambiente. Las normas, los objetivos de ordenaci\u00f3n y las prioridades ambientales deber\u00edan reflejar el contexto ambiental y de desarrollo al que se aplican. Las normas aplicadas por algunos pa\u00edses pueden resultar inadecuadas y representar un costo social y econ\u00f3mico injustificado para otros pa\u00edses, en particular los pa\u00edses en desarrollo.<\/p>\n<p>&nbsp;<\/p>\n<p><strong>Principio 12<\/strong><\/p>\n<p>&nbsp;<\/p>\n<p>Los Estados deber\u00edan cooperar en la promoci\u00f3n de un sistema econ\u00f3mico internacional favorable y abierto que llevara al crecimiento econ\u00f3mico y el desarrollo sostenible de todos los pa\u00edses, a fin de abordar en mejor forma los problemas de la degradaci\u00f3n ambiental. Las medidas de pol\u00edtica comercial con fines ambientales no deber\u00edan constituir un medio de discriminaci\u00f3n arbitraria o injustificable ni una restricci\u00f3n velada del comercio internacional. Se deber\u00eda evitar tomar medidas unilaterales para solucionar los problemas ambientales que se producen fuera de la jurisdicci\u00f3n del pa\u00eds importador. Las medidas destinadas a tratar los problemas ambientales transfronterizos o mundiales deber\u00edan, en la medida de lo posible, basarse en un consenso internacional.<\/p>\n<p>&nbsp;<\/p>\n<p><strong>Principio 13<\/strong><\/p>\n<p>&nbsp;<\/p>\n<p>Los Estados deber\u00e1n desarrollar la legislaci\u00f3n nacional relativa a la responsabilidad y la indemnizaci\u00f3n respecto de las v\u00edctimas de la contaminaci\u00f3n y otros da\u00f1os ambientales. Los Estados deber\u00e1n cooperar asimismo de manera expedita y mas decidida en la elaboraci\u00f3n de nuevas leyes internacionales sobre responsabilidad e indemnizaci\u00f3n por los efectos adversos de los da\u00f1os ambientales causados por las actividades realizadas dentro de su jurisdicci\u00f3n, o bajo su control, en zonas situadas fuera de su jurisdicci\u00f3n.<\/p>\n<p>&nbsp;<\/p>\n<p><strong>Principio 14<\/strong><\/p>\n<p>&nbsp;<\/p>\n<p>Los Estados deber\u00edan cooperar efectivamente para desalentar o evitar la reubicaci\u00f3n y la transferencia a otros Estados de cualesquiera actividades y sustancias que causen degradaci\u00f3n ambiental grave o se consideren nocivas para la salud humana.<\/p>\n<p>&nbsp;<\/p>\n<p><strong>Principio 15<\/strong><\/p>\n<p>&nbsp;<\/p>\n<p>Con el fin de proteger el medio ambiente, los Estados deber\u00e1n aplicar ampliamente el criterio de precauci\u00f3n conforme a sus capacidades. Cuando haya peligro de da\u00f1o grave o irreversible, la falta de certeza cient\u00edfica absoluta no deber\u00e1 utilizarse como razon para postergar la adopci\u00f3n de medidas eficaces en funci\u00f3n de los costos para impedir la degradaci\u00f3n del medio ambiente.<\/p>\n<p>&nbsp;<\/p>\n<p><strong>Principio 16<\/strong><\/p>\n<p>&nbsp;<\/p>\n<p>Las autoridades nacionales deber\u00edan procurar fomentar la internalizaci\u00f3n de los costos ambientales y el uso de instrumentos econ\u00f3micos, teniendo en cuenta el criterio de que el que contamina debe, en PRINCIPIO, cargar con los costos de la contaminaci\u00f3n, teniendo debidamente en cuenta el inter\u00e9s p\u00fablico y sin distorsionar el comercio ni las inversiones internacionales.<\/p>\n<p>&nbsp;<\/p>\n<p><strong>Principio 17<\/strong><\/p>\n<p>&nbsp;<\/p>\n<p>Deber\u00e1 emprenderse una evaluaci\u00f3n del impacto ambiental, en calidad de instrumento nacional, respecto de cualquier actividad propuesta que probablemente haya de producir un impacto negativo considerable en el medio ambiente y que este sujeta a la decisi\u00f3n de una autoridad nacional competente.<\/p>\n<p>&nbsp;<\/p>\n<p><strong>Principio 18<\/strong><\/p>\n<p>&nbsp;<\/p>\n<p>Los Estados deber\u00e1n notificar inmediatamente a otros Estados de los desastres naturales u otras situaciones de emergencia que puedan producir efectos nocivos s\u00fabitos en el medio ambiente de esos Estados. La comunidad internacional deber\u00e1 hacer todo lo posible por ayudar a los Estados que resulten afectados.<\/p>\n<p>&nbsp;<\/p>\n<p><strong>Principio 19<\/strong><\/p>\n<p>&nbsp;<\/p>\n<p>Los Estados deber\u00e1n proporcionar la informaci\u00f3n pertinente y notificar previamente y en forma oportuna a los Estados que posiblemente resulten afectados por actividades que puedan tener considerables efectos ambientales transfronterizos adversos, y deberan celebrar consultas con esos Estados en una fecha temprana y de buena fe.<\/p>\n<p>&nbsp;<\/p>\n<p><strong>Principio 20<\/strong><\/p>\n<p>&nbsp;<\/p>\n<p>Las mujeres desempe\u00f1an un papel fundamental en la ordenaci\u00f3n del medio ambiente y en el desarrollo. Es, por tanto, imprescindible contar con su plena participaci\u00f3n para lograr el desarrollo sostenible.<\/p>\n<p>&nbsp;<\/p>\n<p><strong>Principio 21<\/strong><\/p>\n<p>&nbsp;<\/p>\n<p>Deber\u00eda movilizarse la creatividad, los ideales y el valor de los j\u00f3venes del mundo para forjar una alianza mundial orientada a lograr el desarrollo sostenible y asegurar un mejor futuro para todos.<\/p>\n<p>&nbsp;<\/p>\n<p><strong>Principio 22<\/strong><\/p>\n<p>&nbsp;<\/p>\n<p>Las poblaciones ind\u00edgenas y sus comunidades, asi como otras comunidades locales, desempe\u00f1an un papel fundamental en la ordenaci\u00f3n del medio ambiente y en el desarrollo debido a sus conocimientos y pr\u00e1cticas tradicionales. Los Estados deber\u00edan reconocer y apoyar debidamente su identidad, cultura e intereses y hacer posible su participaci\u00f3n efectiva en el logro del desarrollo sostenible.<\/p>\n<p>&nbsp;<\/p>\n<p><strong>Principio 23<\/strong><\/p>\n<p>&nbsp;<\/p>\n<p>Deben protegerse el medio ambiente y los recursos naturales de los pueblos sometidos a opresi\u00f3n, dominaci\u00f3n y ocupaci\u00f3n.<\/p>\n<p>&nbsp;<\/p>\n<p><strong>Principio 24<\/strong><\/p>\n<p>&nbsp;<\/p>\n<p>La guerra es, por definici\u00f3n, enemiga del desarrollo sostenible. En consecuencia, los Estados deber\u00e1n respetar las disposiciones de derecho internacional que protegen al medio ambiente en \u00e9pocas de conflicto armado, y cooperar en su ulterior desarrollo, segun sea necesario.<\/p>\n<p>&nbsp;<\/p>\n<p><strong>Principio 25<\/strong><\/p>\n<p>&nbsp;<\/p>\n<p>La paz, el desarrollo y la protecci\u00f3n del medio ambiente son interdependientes e inseparables.<\/p>\n<p>&nbsp;<\/p>\n<p><strong>Principio 26<\/strong><\/p>\n<p>&nbsp;<\/p>\n<p>Los Estados deber\u00e1n resolver pac\u00edficamente todas sus controversias sobre el medio ambiente por medios que corresponda con arreglo a la Carta de las Naciones Unidas.<\/p>\n<p>&nbsp;<\/p>\n<p><strong>Principio 27<\/strong><\/p>\n<p>&nbsp;<\/p>\n<p>Los Estados y las personas deber\u00e1n cooperar de buena fe y con espiritu de solidaridad en la aplicaci\u00f3n de los principios consagrados en esta Declaraci\u00f3n y en el ulterior desarrollo del derecho internacional en la esfera del desarrollo sostenible.<\/p>\n<p>&nbsp;<\/p>\n<p>a Informe de La Conferencia de las Naciones Unidas sobre el Medio Humano, Estocolmo, 5 a 16 de junio de 1972 (publicaci\u00f3n de las Naciones Unidos, No. de venta: S.73.II. A.14 y correcci\u00f3n), C\u00e1p. 1.<\/p>\n\n","protected":false},"excerpt":{"rendered":"<p>Por: Grupo editor &nbsp; A partir de este n\u00famero iniciamos una sesi\u00f3n de art\u00edculos y propuestas de descripci\u00f3n, desarrollo y reflexi\u00f3n sobre el Medio Ambiente y la importancia de una atenci\u00f3n preventiva y curativa. En este n\u00famero presentamos la Declaraci\u00f3n de Rio sobre el Medio Ambiente y el Desarrollo de 1992 con la intensi\u00f3n de [&hellip;]<\/p>\n","protected":false},"author":1,"featured_media":79292,"comment_status":"closed","ping_status":"closed","sticky":false,"template":"","format":"standard","meta":{"_acf_changed":false,"footnotes":""},"categories":[43],"tags":[],"class_list":["post-79291","post","type-post","status-publish","format-standard","has-post-thumbnail","category-nuevos-horizontes"],"acf":{"antetitulo":""},"yoast_head":"<!-- This site is optimized with the Yoast SEO plugin v28.4 - https:\/\/yoast.com\/product\/yoast-seo-wordpress\/ -->\n<title>Declaraci\u00f3n de Rio sobre el Medio Ambiente y el Desarrollo - El Diario - Bolivia<\/title>\n<meta name=\"robots\" content=\"index, follow, max-snippet:-1, max-image-preview:large, max-video-preview:-1\" \/>\n<link rel=\"canonical\" href=\"https:\/\/www.eldiario.net\/portal\/2022\/04\/26\/declaracion-de-rio-sobre-el-medio-ambiente-y-el-desarrollo\/\" \/>\n<meta property=\"og:locale\" content=\"es_ES\" \/>\n<meta property=\"og:type\" content=\"article\" \/>\n<meta property=\"og:title\" content=\"Declaraci\u00f3n de Rio sobre el Medio Ambiente y el Desarrollo - El Diario - Bolivia\" \/>\n<meta property=\"og:description\" content=\"Por: Grupo editor &nbsp; A partir de este n\u00famero iniciamos una sesi\u00f3n de art\u00edculos y propuestas de descripci\u00f3n, desarrollo y reflexi\u00f3n sobre el Medio Ambiente y la importancia de una atenci\u00f3n preventiva y curativa. En este n\u00famero presentamos la Declaraci\u00f3n de Rio sobre el Medio Ambiente y el Desarrollo de 1992 con la intensi\u00f3n de [&hellip;]\" \/>\n<meta property=\"og:url\" content=\"https:\/\/www.eldiario.net\/portal\/2022\/04\/26\/declaracion-de-rio-sobre-el-medio-ambiente-y-el-desarrollo\/\" \/>\n<meta property=\"og:site_name\" content=\"El Diario - Bolivia\" \/>\n<meta property=\"article:publisher\" content=\"https:\/\/www.facebook.com\/eldiario.bolivia\/\" \/>\n<meta property=\"article:published_time\" content=\"2022-04-26T08:54:50+00:00\" \/>\n<meta name=\"author\" content=\"Jeanette\" \/>\n<meta name=\"twitter:card\" content=\"summary_large_image\" \/>\n<meta name=\"twitter:creator\" content=\"@eldiario_net\" \/>\n<meta name=\"twitter:site\" content=\"@eldiario_net\" \/>\n<meta name=\"twitter:label1\" content=\"Escrito por\" \/>\n\t<meta name=\"twitter:data1\" content=\"Jeanette\" \/>\n\t<meta name=\"twitter:label2\" content=\"Tiempo de lectura\" \/>\n\t<meta name=\"twitter:data2\" content=\"8 minutos\" \/>\n<script type=\"application\/ld+json\" class=\"yoast-schema-graph\">{\"@context\":\"https:\\\/\\\/schema.org\",\"@graph\":[{\"@type\":\"Article\",\"@id\":\"https:\\\/\\\/www.eldiario.net\\\/portal\\\/2022\\\/04\\\/26\\\/declaracion-de-rio-sobre-el-medio-ambiente-y-el-desarrollo\\\/#article\",\"isPartOf\":{\"@id\":\"https:\\\/\\\/www.eldiario.net\\\/portal\\\/2022\\\/04\\\/26\\\/declaracion-de-rio-sobre-el-medio-ambiente-y-el-desarrollo\\\/\"},\"author\":{\"name\":\"Jeanette\",\"@id\":\"https:\\\/\\\/www.eldiario.net\\\/portal\\\/#\\\/schema\\\/person\\\/2c57cf2b7a7ae032e449e4c9b1019eac\"},\"headline\":\"Declaraci\u00f3n de Rio sobre el Medio Ambiente y el Desarrollo\",\"datePublished\":\"2022-04-26T08:54:50+00:00\",\"mainEntityOfPage\":{\"@id\":\"https:\\\/\\\/www.eldiario.net\\\/portal\\\/2022\\\/04\\\/26\\\/declaracion-de-rio-sobre-el-medio-ambiente-y-el-desarrollo\\\/\"},\"wordCount\":1807,\"publisher\":{\"@id\":\"https:\\\/\\\/www.eldiario.net\\\/portal\\\/#organization\"},\"image\":{\"@id\":\"https:\\\/\\\/www.eldiario.net\\\/portal\\\/2022\\\/04\\\/26\\\/declaracion-de-rio-sobre-el-medio-ambiente-y-el-desarrollo\\\/#primaryimage\"},\"thumbnailUrl\":\"\",\"articleSection\":[\"Nuevos Horizontes\"],\"inLanguage\":\"es\"},{\"@type\":\"WebPage\",\"@id\":\"https:\\\/\\\/www.eldiario.net\\\/portal\\\/2022\\\/04\\\/26\\\/declaracion-de-rio-sobre-el-medio-ambiente-y-el-desarrollo\\\/\",\"url\":\"https:\\\/\\\/www.eldiario.net\\\/portal\\\/2022\\\/04\\\/26\\\/declaracion-de-rio-sobre-el-medio-ambiente-y-el-desarrollo\\\/\",\"name\":\"Declaraci\u00f3n de Rio sobre el Medio Ambiente y el Desarrollo - El Diario - Bolivia\",\"isPartOf\":{\"@id\":\"https:\\\/\\\/www.eldiario.net\\\/portal\\\/#website\"},\"primaryImageOfPage\":{\"@id\":\"https:\\\/\\\/www.eldiario.net\\\/portal\\\/2022\\\/04\\\/26\\\/declaracion-de-rio-sobre-el-medio-ambiente-y-el-desarrollo\\\/#primaryimage\"},\"image\":{\"@id\":\"https:\\\/\\\/www.eldiario.net\\\/portal\\\/2022\\\/04\\\/26\\\/declaracion-de-rio-sobre-el-medio-ambiente-y-el-desarrollo\\\/#primaryimage\"},\"thumbnailUrl\":\"\",\"datePublished\":\"2022-04-26T08:54:50+00:00\",\"breadcrumb\":{\"@id\":\"https:\\\/\\\/www.eldiario.net\\\/portal\\\/2022\\\/04\\\/26\\\/declaracion-de-rio-sobre-el-medio-ambiente-y-el-desarrollo\\\/#breadcrumb\"},\"inLanguage\":\"es\",\"potentialAction\":[{\"@type\":\"ReadAction\",\"target\":[\"https:\\\/\\\/www.eldiario.net\\\/portal\\\/2022\\\/04\\\/26\\\/declaracion-de-rio-sobre-el-medio-ambiente-y-el-desarrollo\\\/\"]}]},{\"@type\":\"ImageObject\",\"inLanguage\":\"es\",\"@id\":\"https:\\\/\\\/www.eldiario.net\\\/portal\\\/2022\\\/04\\\/26\\\/declaracion-de-rio-sobre-el-medio-ambiente-y-el-desarrollo\\\/#primaryimage\",\"url\":\"\",\"contentUrl\":\"\"},{\"@type\":\"BreadcrumbList\",\"@id\":\"https:\\\/\\\/www.eldiario.net\\\/portal\\\/2022\\\/04\\\/26\\\/declaracion-de-rio-sobre-el-medio-ambiente-y-el-desarrollo\\\/#breadcrumb\",\"itemListElement\":[{\"@type\":\"ListItem\",\"position\":1,\"name\":\"Portada\",\"item\":\"https:\\\/\\\/www.eldiario.net\\\/portal\\\/\"},{\"@type\":\"ListItem\",\"position\":2,\"name\":\"Declaraci\u00f3n de Rio sobre el Medio Ambiente y el Desarrollo\"}]},{\"@type\":\"WebSite\",\"@id\":\"https:\\\/\\\/www.eldiario.net\\\/portal\\\/#website\",\"url\":\"https:\\\/\\\/www.eldiario.net\\\/portal\\\/\",\"name\":\"El Diario - Decano de la prensa nacional\",\"description\":\"El Diario - Decano de la prensa nacional\",\"publisher\":{\"@id\":\"https:\\\/\\\/www.eldiario.net\\\/portal\\\/#organization\"},\"potentialAction\":[{\"@type\":\"SearchAction\",\"target\":{\"@type\":\"EntryPoint\",\"urlTemplate\":\"https:\\\/\\\/www.eldiario.net\\\/portal\\\/?s={search_term_string}\"},\"query-input\":{\"@type\":\"PropertyValueSpecification\",\"valueRequired\":true,\"valueName\":\"search_term_string\"}}],\"inLanguage\":\"es\"},{\"@type\":\"Organization\",\"@id\":\"https:\\\/\\\/www.eldiario.net\\\/portal\\\/#organization\",\"name\":\"El Diario - Decano de la prensa nacional\",\"url\":\"https:\\\/\\\/www.eldiario.net\\\/portal\\\/\",\"logo\":{\"@type\":\"ImageObject\",\"inLanguage\":\"es\",\"@id\":\"https:\\\/\\\/www.eldiario.net\\\/portal\\\/#\\\/schema\\\/logo\\\/image\\\/\",\"url\":\"https:\\\/\\\/www.eldiario.net\\\/portal\\\/wp-content\\\/uploads\\\/2023\\\/07\\\/logo_ED.jpg\",\"contentUrl\":\"https:\\\/\\\/www.eldiario.net\\\/portal\\\/wp-content\\\/uploads\\\/2023\\\/07\\\/logo_ED.jpg\",\"width\":272,\"height\":52,\"caption\":\"El Diario - Decano de la prensa nacional\"},\"image\":{\"@id\":\"https:\\\/\\\/www.eldiario.net\\\/portal\\\/#\\\/schema\\\/logo\\\/image\\\/\"},\"sameAs\":[\"https:\\\/\\\/www.facebook.com\\\/eldiario.bolivia\\\/\",\"https:\\\/\\\/x.com\\\/eldiario_net\"]},{\"@type\":\"Person\",\"@id\":\"https:\\\/\\\/www.eldiario.net\\\/portal\\\/#\\\/schema\\\/person\\\/2c57cf2b7a7ae032e449e4c9b1019eac\",\"name\":\"Jeanette\",\"image\":{\"@type\":\"ImageObject\",\"inLanguage\":\"es\",\"@id\":\"https:\\\/\\\/secure.gravatar.com\\\/avatar\\\/3ea2118a5f7dad2b7138b1187a6b7ee55f160b9968b66013c3a3ef39dd7e5798?s=96&d=mm&r=g\",\"url\":\"https:\\\/\\\/secure.gravatar.com\\\/avatar\\\/3ea2118a5f7dad2b7138b1187a6b7ee55f160b9968b66013c3a3ef39dd7e5798?s=96&d=mm&r=g\",\"contentUrl\":\"https:\\\/\\\/secure.gravatar.com\\\/avatar\\\/3ea2118a5f7dad2b7138b1187a6b7ee55f160b9968b66013c3a3ef39dd7e5798?s=96&d=mm&r=g\",\"caption\":\"Jeanette\"},\"sameAs\":[\"https:\\\/\\\/www.eldiario.net\\\/portal\"],\"url\":\"https:\\\/\\\/www.eldiario.net\\\/portal\\\/author\\\/jeanette\\\/\"}]}<\/script>\n<!-- \/ Yoast SEO plugin. -->","yoast_head_json":{"title":"Declaraci\u00f3n de Rio sobre el Medio Ambiente y el Desarrollo - El Diario - Bolivia","robots":{"index":"index","follow":"follow","max-snippet":"max-snippet:-1","max-image-preview":"max-image-preview:large","max-video-preview":"max-video-preview:-1"},"canonical":"https:\/\/www.eldiario.net\/portal\/2022\/04\/26\/declaracion-de-rio-sobre-el-medio-ambiente-y-el-desarrollo\/","og_locale":"es_ES","og_type":"article","og_title":"Declaraci\u00f3n de Rio sobre el Medio Ambiente y el Desarrollo - El Diario - Bolivia","og_description":"Por: Grupo editor &nbsp; A partir de este n\u00famero iniciamos una sesi\u00f3n de art\u00edculos y propuestas de descripci\u00f3n, desarrollo y reflexi\u00f3n sobre el Medio Ambiente y la importancia de una atenci\u00f3n preventiva y curativa. En este n\u00famero presentamos la Declaraci\u00f3n de Rio sobre el Medio Ambiente y el Desarrollo de 1992 con la intensi\u00f3n de [&hellip;]","og_url":"https:\/\/www.eldiario.net\/portal\/2022\/04\/26\/declaracion-de-rio-sobre-el-medio-ambiente-y-el-desarrollo\/","og_site_name":"El Diario - Bolivia","article_publisher":"https:\/\/www.facebook.com\/eldiario.bolivia\/","article_published_time":"2022-04-26T08:54:50+00:00","author":"Jeanette","twitter_card":"summary_large_image","twitter_creator":"@eldiario_net","twitter_site":"@eldiario_net","twitter_misc":{"Escrito por":"Jeanette","Tiempo de lectura":"8 minutos"},"schema":{"@context":"https:\/\/schema.org","@graph":[{"@type":"Article","@id":"https:\/\/www.eldiario.net\/portal\/2022\/04\/26\/declaracion-de-rio-sobre-el-medio-ambiente-y-el-desarrollo\/#article","isPartOf":{"@id":"https:\/\/www.eldiario.net\/portal\/2022\/04\/26\/declaracion-de-rio-sobre-el-medio-ambiente-y-el-desarrollo\/"},"author":{"name":"Jeanette","@id":"https:\/\/www.eldiario.net\/portal\/#\/schema\/person\/2c57cf2b7a7ae032e449e4c9b1019eac"},"headline":"Declaraci\u00f3n de Rio sobre el Medio Ambiente y el Desarrollo","datePublished":"2022-04-26T08:54:50+00:00","mainEntityOfPage":{"@id":"https:\/\/www.eldiario.net\/portal\/2022\/04\/26\/declaracion-de-rio-sobre-el-medio-ambiente-y-el-desarrollo\/"},"wordCount":1807,"publisher":{"@id":"https:\/\/www.eldiario.net\/portal\/#organization"},"image":{"@id":"https:\/\/www.eldiario.net\/portal\/2022\/04\/26\/declaracion-de-rio-sobre-el-medio-ambiente-y-el-desarrollo\/#primaryimage"},"thumbnailUrl":"","articleSection":["Nuevos Horizontes"],"inLanguage":"es"},{"@type":"WebPage","@id":"https:\/\/www.eldiario.net\/portal\/2022\/04\/26\/declaracion-de-rio-sobre-el-medio-ambiente-y-el-desarrollo\/","url":"https:\/\/www.eldiario.net\/portal\/2022\/04\/26\/declaracion-de-rio-sobre-el-medio-ambiente-y-el-desarrollo\/","name":"Declaraci\u00f3n de Rio sobre el Medio Ambiente y el Desarrollo - El Diario - Bolivia","isPartOf":{"@id":"https:\/\/www.eldiario.net\/portal\/#website"},"primaryImageOfPage":{"@id":"https:\/\/www.eldiario.net\/portal\/2022\/04\/26\/declaracion-de-rio-sobre-el-medio-ambiente-y-el-desarrollo\/#primaryimage"},"image":{"@id":"https:\/\/www.eldiario.net\/portal\/2022\/04\/26\/declaracion-de-rio-sobre-el-medio-ambiente-y-el-desarrollo\/#primaryimage"},"thumbnailUrl":"","datePublished":"2022-04-26T08:54:50+00:00","breadcrumb":{"@id":"https:\/\/www.eldiario.net\/portal\/2022\/04\/26\/declaracion-de-rio-sobre-el-medio-ambiente-y-el-desarrollo\/#breadcrumb"},"inLanguage":"es","potentialAction":[{"@type":"ReadAction","target":["https:\/\/www.eldiario.net\/portal\/2022\/04\/26\/declaracion-de-rio-sobre-el-medio-ambiente-y-el-desarrollo\/"]}]},{"@type":"ImageObject","inLanguage":"es","@id":"https:\/\/www.eldiario.net\/portal\/2022\/04\/26\/declaracion-de-rio-sobre-el-medio-ambiente-y-el-desarrollo\/#primaryimage","url":"","contentUrl":""},{"@type":"BreadcrumbList","@id":"https:\/\/www.eldiario.net\/portal\/2022\/04\/26\/declaracion-de-rio-sobre-el-medio-ambiente-y-el-desarrollo\/#breadcrumb","itemListElement":[{"@type":"ListItem","position":1,"name":"Portada","item":"https:\/\/www.eldiario.net\/portal\/"},{"@type":"ListItem","position":2,"name":"Declaraci\u00f3n de Rio sobre el Medio Ambiente y el Desarrollo"}]},{"@type":"WebSite","@id":"https:\/\/www.eldiario.net\/portal\/#website","url":"https:\/\/www.eldiario.net\/portal\/","name":"El Diario - Decano de la prensa nacional","description":"El Diario - Decano de la prensa nacional","publisher":{"@id":"https:\/\/www.eldiario.net\/portal\/#organization"},"potentialAction":[{"@type":"SearchAction","target":{"@type":"EntryPoint","urlTemplate":"https:\/\/www.eldiario.net\/portal\/?s={search_term_string}"},"query-input":{"@type":"PropertyValueSpecification","valueRequired":true,"valueName":"search_term_string"}}],"inLanguage":"es"},{"@type":"Organization","@id":"https:\/\/www.eldiario.net\/portal\/#organization","name":"El Diario - Decano de la prensa nacional","url":"https:\/\/www.eldiario.net\/portal\/","logo":{"@type":"ImageObject","inLanguage":"es","@id":"https:\/\/www.eldiario.net\/portal\/#\/schema\/logo\/image\/","url":"https:\/\/www.eldiario.net\/portal\/wp-content\/uploads\/2023\/07\/logo_ED.jpg","contentUrl":"https:\/\/www.eldiario.net\/portal\/wp-content\/uploads\/2023\/07\/logo_ED.jpg","width":272,"height":52,"caption":"El Diario - Decano de la prensa nacional"},"image":{"@id":"https:\/\/www.eldiario.net\/portal\/#\/schema\/logo\/image\/"},"sameAs":["https:\/\/www.facebook.com\/eldiario.bolivia\/","https:\/\/x.com\/eldiario_net"]},{"@type":"Person","@id":"https:\/\/www.eldiario.net\/portal\/#\/schema\/person\/2c57cf2b7a7ae032e449e4c9b1019eac","name":"Jeanette","image":{"@type":"ImageObject","inLanguage":"es","@id":"https:\/\/secure.gravatar.com\/avatar\/3ea2118a5f7dad2b7138b1187a6b7ee55f160b9968b66013c3a3ef39dd7e5798?s=96&d=mm&r=g","url":"https:\/\/secure.gravatar.com\/avatar\/3ea2118a5f7dad2b7138b1187a6b7ee55f160b9968b66013c3a3ef39dd7e5798?s=96&d=mm&r=g","contentUrl":"https:\/\/secure.gravatar.com\/avatar\/3ea2118a5f7dad2b7138b1187a6b7ee55f160b9968b66013c3a3ef39dd7e5798?s=96&d=mm&r=g","caption":"Jeanette"},"sameAs":["https:\/\/www.eldiario.net\/portal"],"url":"https:\/\/www.eldiario.net\/portal\/author\/jeanette\/"}]}},"_links":{"self":[{"href":"https:\/\/www.eldiario.net\/portal\/wp-json\/wp\/v2\/posts\/79291","targetHints":{"allow":["GET"]}}],"collection":[{"href":"https:\/\/www.eldiario.net\/portal\/wp-json\/wp\/v2\/posts"}],"about":[{"href":"https:\/\/www.eldiario.net\/portal\/wp-json\/wp\/v2\/types\/post"}],"author":[{"embeddable":true,"href":"https:\/\/www.eldiario.net\/portal\/wp-json\/wp\/v2\/users\/1"}],"replies":[{"embeddable":true,"href":"https:\/\/www.eldiario.net\/portal\/wp-json\/wp\/v2\/comments?post=79291"}],"version-history":[{"count":0,"href":"https:\/\/www.eldiario.net\/portal\/wp-json\/wp\/v2\/posts\/79291\/revisions"}],"wp:attachment":[{"href":"https:\/\/www.eldiario.net\/portal\/wp-json\/wp\/v2\/media?parent=79291"}],"wp:term":[{"taxonomy":"category","embeddable":true,"href":"https:\/\/www.eldiario.net\/portal\/wp-json\/wp\/v2\/categories?post=79291"},{"taxonomy":"post_tag","embeddable":true,"href":"https:\/\/www.eldiario.net\/portal\/wp-json\/wp\/v2\/tags?post=79291"}],"curies":[{"name":"wp","href":"https:\/\/api.w.org\/{rel}","templated":true}]}}