{"id":7896,"date":"2021-06-02T06:48:25","date_gmt":"2021-06-02T10:48:25","guid":{"rendered":"https:\/\/www.eldiario.net\/portal\/?p=7896"},"modified":"2021-06-02T06:48:25","modified_gmt":"2021-06-02T10:48:25","slug":"condenan-que-lima-haya-hecho-politiqueria-durante-interpelacion","status":"publish","type":"post","link":"https:\/\/www.eldiario.net\/portal\/2021\/06\/02\/condenan-que-lima-haya-hecho-politiqueria-durante-interpelacion\/","title":{"rendered":"Condenan que Lima haya hecho  politiquer\u00eda durante interpelaci\u00f3n"},"content":{"rendered":"<p>Luego del acto interpelatorio en el que el ministro de Justicia, Iv\u00e1n Lima Magne, se present\u00f3 ante la Asamblea Legislativa Plurinacional (ALP) para brindar informe sobre los procesos en contra de la expresidenta Jeanine A\u00f1ez Ch\u00e1vez, opositores cuestionaron que la autoridad haya usado este espacio para intentar posicionar el discurso del supuesto golpe de Estado que es promovido desde el Movimiento al Socialismo (MAS).<br \/>\nLa senadora Andrea Barrientos conden\u00f3 que la autoridad haya tratado de desviar la finalidad de la interpelaci\u00f3n que fue convocada para que se brinden informes y respaldos para que desde el Gobierno se lleven adelante procesos en contra de la exmandataria.<br \/>\nSe\u00f1al\u00f3 que Lima no logr\u00f3 explicar de forma sostenida por qu\u00e9 desde el Gobierno se hace abuso del poder y se vulneran los derechos y garant\u00edas se\u00f1aladas por la Constituci\u00f3n para los ciudadanos.<br \/>\n\u201cCreemos que el ministro ha utilizado a la Asamblea Legislativa como una palestra para manifestar la falsa tesis del golpe de Estado del Movimiento al Socialismo, no se ha respondido de manera adecuada a las preguntas ni se ha podido explicar el por qu\u00e9 se hace uso y abuso del poder y por qu\u00e9 se vulneran las garant\u00edas Constitucionales y los derechos humanos de la ex presidenta Jeanine A\u00f1ez\u201d, manifest\u00f3<br \/>\nBarrientos se\u00f1al\u00f3 que el Gobierno intenta forzar la aplicaci\u00f3n de un proceso en contra de la exmandataria pese a que no se han presentado las pruebas suficientes que justifiquen la detenci\u00f3n de A\u00f1ez y habiendo negado la posibilidad de avanzar en un juicio de responsabilidades como corresponde.<br \/>\n\u201cHasta el d\u00eda de hoy, no se han presentado la cantidad de pruebas suficientes y necesarias para que Jeanine A\u00f1ez siga estando apresada, adem\u00e1s que tampoco se ha aceptado un juicio de responsabilidades que haya pasado por esta asamblea de parte de MAS\u201d manifest\u00f3 Barrientos en contacto con la red Unitel.<br \/>\nCalific\u00f3 como un acto vergonzoso que se utilice la ALP como una palestra para hacer politiquer\u00eda por parte de un ministro de Estado.<br \/>\nPor su parte, el diputado por Creemos, Erwin Baz\u00e1n, manifest\u00f3 que la intervenci\u00f3n de Lima ante la ALP se convierte en el final de los anuncios e intentos para reformar la justicia boliviana.<br \/>\n\u201cHa quedado claro que el ministro de justicia es uno de los operadores pol\u00edticos del MAS para perseguir a la oposici\u00f3n porque en toda su intervenci\u00f3n ha carecido de elementos de car\u00e1cter jur\u00eddico t\u00e9cnico y ha siso una intervenci\u00f3n pol\u00edtica\u201d, dijo.<br \/>\nBaz\u00e1n lament\u00f3 que tras la interpelaci\u00f3n del titular de la cartera de Justicia, esta autoridad haya dejado de ser el ministro de esta \u00e1rea, para pasar a convertirse en el \u201cabogado del fraude\u201d.<br \/>\nDesde el oficialismo, el presidente de la C\u00e1mara de Diputados, Freddy Mamani Laura, se\u00f1al\u00f3 que con la interpelaci\u00f3n se logr\u00f3 demostrar que se han respetado todos los derechos de la ex mandataria y se garantiza el debido proceso.<br \/>\n\u201cEn la interpelaci\u00f3n que hoy se hizo al ministro Iv\u00e1n Lima ha quedado claro que a Jeanine A\u00f1ez se le han respetado sus derechos, en el marco de la detenci\u00f3n preventiva, y se le ha garantizado el debido proceso, tiene comunicaci\u00f3n con sus abogados y todo ello es p\u00fablico\u201d, indic\u00f3 Mamani.<br \/>\nDurante la sesi\u00f3n interpelatoria, Lima sostuvo que Jeanine A\u00f1ez se autoinvisti\u00f3 en el cargo de presidente expropiando el voto de la poblaci\u00f3n. \u201cEso es una gobernante de facto, eso es parte de un golpe de Estado y esa persona no merece ser llamada presidente del pa\u00eds\u201d dijo.<\/p>\n","protected":false},"excerpt":{"rendered":"<p>Luego del acto interpelatorio en el que el ministro de Justicia, Iv\u00e1n Lima Magne, se present\u00f3 ante la Asamblea Legislativa Plurinacional (ALP) para brindar informe sobre los procesos en contra de la expresidenta Jeanine A\u00f1ez Ch\u00e1vez, opositores cuestionaron que la autoridad haya usado este espacio para intentar posicionar el discurso del supuesto golpe de Estado [&hellip;]<\/p>\n","protected":false},"author":1,"featured_media":7897,"comment_status":"closed","ping_status":"closed","sticky":false,"template":"","format":"standard","meta":{"_acf_changed":false,"footnotes":""},"categories":[14],"tags":[],"class_list":["post-7896","post","type-post","status-publish","format-standard","has-post-thumbnail","category-politica"],"acf":{"antetitulo":""},"yoast_head":"<!-- This site is optimized with the Yoast SEO plugin v28.4 - https:\/\/yoast.com\/product\/yoast-seo-wordpress\/ -->\n<title>Condenan que Lima haya hecho politiquer\u00eda durante interpelaci\u00f3n - El Diario - Bolivia<\/title>\n<meta name=\"robots\" content=\"index, follow, max-snippet:-1, max-image-preview:large, max-video-preview:-1\" \/>\n<link rel=\"canonical\" href=\"https:\/\/www.eldiario.net\/portal\/2021\/06\/02\/condenan-que-lima-haya-hecho-politiqueria-durante-interpelacion\/\" \/>\n<meta property=\"og:locale\" content=\"es_ES\" \/>\n<meta property=\"og:type\" content=\"article\" \/>\n<meta property=\"og:title\" content=\"Condenan que Lima haya hecho politiquer\u00eda durante interpelaci\u00f3n - El Diario - Bolivia\" \/>\n<meta property=\"og:description\" content=\"Luego del acto interpelatorio en el que el ministro de Justicia, Iv\u00e1n Lima Magne, se present\u00f3 ante la Asamblea Legislativa Plurinacional (ALP) para brindar informe sobre los procesos en contra de la expresidenta Jeanine A\u00f1ez Ch\u00e1vez, opositores cuestionaron que la autoridad haya usado este espacio para intentar posicionar el discurso del supuesto golpe de Estado [&hellip;]\" \/>\n<meta property=\"og:url\" content=\"https:\/\/www.eldiario.net\/portal\/2021\/06\/02\/condenan-que-lima-haya-hecho-politiqueria-durante-interpelacion\/\" \/>\n<meta property=\"og:site_name\" content=\"El Diario - Bolivia\" \/>\n<meta property=\"article:publisher\" content=\"https:\/\/www.facebook.com\/eldiario.bolivia\/\" \/>\n<meta property=\"article:published_time\" content=\"2021-06-02T10:48:25+00:00\" \/>\n<meta name=\"author\" content=\"Jeanette\" \/>\n<meta name=\"twitter:card\" content=\"summary_large_image\" \/>\n<meta name=\"twitter:creator\" content=\"@eldiario_net\" \/>\n<meta name=\"twitter:site\" content=\"@eldiario_net\" \/>\n<meta name=\"twitter:label1\" content=\"Escrito por\" \/>\n\t<meta name=\"twitter:data1\" content=\"Jeanette\" \/>\n\t<meta name=\"twitter:label2\" content=\"Tiempo de lectura\" \/>\n\t<meta name=\"twitter:data2\" content=\"3 minutos\" \/>\n<script type=\"application\/ld+json\" class=\"yoast-schema-graph\">{\"@context\":\"https:\\\/\\\/schema.org\",\"@graph\":[{\"@type\":\"Article\",\"@id\":\"https:\\\/\\\/www.eldiario.net\\\/portal\\\/2021\\\/06\\\/02\\\/condenan-que-lima-haya-hecho-politiqueria-durante-interpelacion\\\/#article\",\"isPartOf\":{\"@id\":\"https:\\\/\\\/www.eldiario.net\\\/portal\\\/2021\\\/06\\\/02\\\/condenan-que-lima-haya-hecho-politiqueria-durante-interpelacion\\\/\"},\"author\":{\"name\":\"Jeanette\",\"@id\":\"https:\\\/\\\/www.eldiario.net\\\/portal\\\/#\\\/schema\\\/person\\\/f46445640444750d7d753ccd04ae01b7\"},\"headline\":\"Condenan que Lima haya hecho politiquer\u00eda durante interpelaci\u00f3n\",\"datePublished\":\"2021-06-02T10:48:25+00:00\",\"mainEntityOfPage\":{\"@id\":\"https:\\\/\\\/www.eldiario.net\\\/portal\\\/2021\\\/06\\\/02\\\/condenan-que-lima-haya-hecho-politiqueria-durante-interpelacion\\\/\"},\"wordCount\":625,\"publisher\":{\"@id\":\"https:\\\/\\\/www.eldiario.net\\\/portal\\\/#organization\"},\"image\":{\"@id\":\"https:\\\/\\\/www.eldiario.net\\\/portal\\\/2021\\\/06\\\/02\\\/condenan-que-lima-haya-hecho-politiqueria-durante-interpelacion\\\/#primaryimage\"},\"thumbnailUrl\":\"\",\"articleSection\":[\"Pol\u00edtica\"],\"inLanguage\":\"es\"},{\"@type\":\"WebPage\",\"@id\":\"https:\\\/\\\/www.eldiario.net\\\/portal\\\/2021\\\/06\\\/02\\\/condenan-que-lima-haya-hecho-politiqueria-durante-interpelacion\\\/\",\"url\":\"https:\\\/\\\/www.eldiario.net\\\/portal\\\/2021\\\/06\\\/02\\\/condenan-que-lima-haya-hecho-politiqueria-durante-interpelacion\\\/\",\"name\":\"Condenan que Lima haya hecho politiquer\u00eda durante interpelaci\u00f3n - El Diario - Bolivia\",\"isPartOf\":{\"@id\":\"https:\\\/\\\/www.eldiario.net\\\/portal\\\/#website\"},\"primaryImageOfPage\":{\"@id\":\"https:\\\/\\\/www.eldiario.net\\\/portal\\\/2021\\\/06\\\/02\\\/condenan-que-lima-haya-hecho-politiqueria-durante-interpelacion\\\/#primaryimage\"},\"image\":{\"@id\":\"https:\\\/\\\/www.eldiario.net\\\/portal\\\/2021\\\/06\\\/02\\\/condenan-que-lima-haya-hecho-politiqueria-durante-interpelacion\\\/#primaryimage\"},\"thumbnailUrl\":\"\",\"datePublished\":\"2021-06-02T10:48:25+00:00\",\"breadcrumb\":{\"@id\":\"https:\\\/\\\/www.eldiario.net\\\/portal\\\/2021\\\/06\\\/02\\\/condenan-que-lima-haya-hecho-politiqueria-durante-interpelacion\\\/#breadcrumb\"},\"inLanguage\":\"es\",\"potentialAction\":[{\"@type\":\"ReadAction\",\"target\":[\"https:\\\/\\\/www.eldiario.net\\\/portal\\\/2021\\\/06\\\/02\\\/condenan-que-lima-haya-hecho-politiqueria-durante-interpelacion\\\/\"]}]},{\"@type\":\"ImageObject\",\"inLanguage\":\"es\",\"@id\":\"https:\\\/\\\/www.eldiario.net\\\/portal\\\/2021\\\/06\\\/02\\\/condenan-que-lima-haya-hecho-politiqueria-durante-interpelacion\\\/#primaryimage\",\"url\":\"\",\"contentUrl\":\"\"},{\"@type\":\"BreadcrumbList\",\"@id\":\"https:\\\/\\\/www.eldiario.net\\\/portal\\\/2021\\\/06\\\/02\\\/condenan-que-lima-haya-hecho-politiqueria-durante-interpelacion\\\/#breadcrumb\",\"itemListElement\":[{\"@type\":\"ListItem\",\"position\":1,\"name\":\"Portada\",\"item\":\"https:\\\/\\\/www.eldiario.net\\\/portal\\\/\"},{\"@type\":\"ListItem\",\"position\":2,\"name\":\"Condenan que Lima haya hecho politiquer\u00eda durante interpelaci\u00f3n\"}]},{\"@type\":\"WebSite\",\"@id\":\"https:\\\/\\\/www.eldiario.net\\\/portal\\\/#website\",\"url\":\"https:\\\/\\\/www.eldiario.net\\\/portal\\\/\",\"name\":\"El Diario - Decano de la prensa nacional\",\"description\":\"El Diario - Decano de la prensa nacional\",\"publisher\":{\"@id\":\"https:\\\/\\\/www.eldiario.net\\\/portal\\\/#organization\"},\"potentialAction\":[{\"@type\":\"SearchAction\",\"target\":{\"@type\":\"EntryPoint\",\"urlTemplate\":\"https:\\\/\\\/www.eldiario.net\\\/portal\\\/?s={search_term_string}\"},\"query-input\":{\"@type\":\"PropertyValueSpecification\",\"valueRequired\":true,\"valueName\":\"search_term_string\"}}],\"inLanguage\":\"es\"},{\"@type\":\"Organization\",\"@id\":\"https:\\\/\\\/www.eldiario.net\\\/portal\\\/#organization\",\"name\":\"El Diario - Decano de la prensa nacional\",\"url\":\"https:\\\/\\\/www.eldiario.net\\\/portal\\\/\",\"logo\":{\"@type\":\"ImageObject\",\"inLanguage\":\"es\",\"@id\":\"https:\\\/\\\/www.eldiario.net\\\/portal\\\/#\\\/schema\\\/logo\\\/image\\\/\",\"url\":\"https:\\\/\\\/www.eldiario.net\\\/portal\\\/wp-content\\\/uploads\\\/2023\\\/07\\\/logo_ED.jpg\",\"contentUrl\":\"https:\\\/\\\/www.eldiario.net\\\/portal\\\/wp-content\\\/uploads\\\/2023\\\/07\\\/logo_ED.jpg\",\"width\":272,\"height\":52,\"caption\":\"El Diario - Decano de la prensa nacional\"},\"image\":{\"@id\":\"https:\\\/\\\/www.eldiario.net\\\/portal\\\/#\\\/schema\\\/logo\\\/image\\\/\"},\"sameAs\":[\"https:\\\/\\\/www.facebook.com\\\/eldiario.bolivia\\\/\",\"https:\\\/\\\/x.com\\\/eldiario_net\"]},{\"@type\":\"Person\",\"@id\":\"https:\\\/\\\/www.eldiario.net\\\/portal\\\/#\\\/schema\\\/person\\\/f46445640444750d7d753ccd04ae01b7\",\"name\":\"Jeanette\",\"image\":{\"@type\":\"ImageObject\",\"inLanguage\":\"es\",\"@id\":\"https:\\\/\\\/secure.gravatar.com\\\/avatar\\\/3ea2118a5f7dad2b7138b1187a6b7ee55f160b9968b66013c3a3ef39dd7e5798?s=96&d=mm&r=g\",\"url\":\"https:\\\/\\\/secure.gravatar.com\\\/avatar\\\/3ea2118a5f7dad2b7138b1187a6b7ee55f160b9968b66013c3a3ef39dd7e5798?s=96&d=mm&r=g\",\"contentUrl\":\"https:\\\/\\\/secure.gravatar.com\\\/avatar\\\/3ea2118a5f7dad2b7138b1187a6b7ee55f160b9968b66013c3a3ef39dd7e5798?s=96&d=mm&r=g\",\"caption\":\"Jeanette\"},\"sameAs\":[\"https:\\\/\\\/www.eldiario.net\\\/portal\"],\"url\":\"https:\\\/\\\/www.eldiario.net\\\/portal\\\/author\\\/jeanette\\\/\"}]}<\/script>\n<!-- \/ Yoast SEO plugin. -->","yoast_head_json":{"title":"Condenan que Lima haya hecho politiquer\u00eda durante interpelaci\u00f3n - El Diario - Bolivia","robots":{"index":"index","follow":"follow","max-snippet":"max-snippet:-1","max-image-preview":"max-image-preview:large","max-video-preview":"max-video-preview:-1"},"canonical":"https:\/\/www.eldiario.net\/portal\/2021\/06\/02\/condenan-que-lima-haya-hecho-politiqueria-durante-interpelacion\/","og_locale":"es_ES","og_type":"article","og_title":"Condenan que Lima haya hecho politiquer\u00eda durante interpelaci\u00f3n - El Diario - Bolivia","og_description":"Luego del acto interpelatorio en el que el ministro de Justicia, Iv\u00e1n Lima Magne, se present\u00f3 ante la Asamblea Legislativa Plurinacional (ALP) para brindar informe sobre los procesos en contra de la expresidenta Jeanine A\u00f1ez Ch\u00e1vez, opositores cuestionaron que la autoridad haya usado este espacio para intentar posicionar el discurso del supuesto golpe de Estado [&hellip;]","og_url":"https:\/\/www.eldiario.net\/portal\/2021\/06\/02\/condenan-que-lima-haya-hecho-politiqueria-durante-interpelacion\/","og_site_name":"El Diario - Bolivia","article_publisher":"https:\/\/www.facebook.com\/eldiario.bolivia\/","article_published_time":"2021-06-02T10:48:25+00:00","author":"Jeanette","twitter_card":"summary_large_image","twitter_creator":"@eldiario_net","twitter_site":"@eldiario_net","twitter_misc":{"Escrito por":"Jeanette","Tiempo de lectura":"3 minutos"},"schema":{"@context":"https:\/\/schema.org","@graph":[{"@type":"Article","@id":"https:\/\/www.eldiario.net\/portal\/2021\/06\/02\/condenan-que-lima-haya-hecho-politiqueria-durante-interpelacion\/#article","isPartOf":{"@id":"https:\/\/www.eldiario.net\/portal\/2021\/06\/02\/condenan-que-lima-haya-hecho-politiqueria-durante-interpelacion\/"},"author":{"name":"Jeanette","@id":"https:\/\/www.eldiario.net\/portal\/#\/schema\/person\/f46445640444750d7d753ccd04ae01b7"},"headline":"Condenan que Lima haya hecho politiquer\u00eda durante interpelaci\u00f3n","datePublished":"2021-06-02T10:48:25+00:00","mainEntityOfPage":{"@id":"https:\/\/www.eldiario.net\/portal\/2021\/06\/02\/condenan-que-lima-haya-hecho-politiqueria-durante-interpelacion\/"},"wordCount":625,"publisher":{"@id":"https:\/\/www.eldiario.net\/portal\/#organization"},"image":{"@id":"https:\/\/www.eldiario.net\/portal\/2021\/06\/02\/condenan-que-lima-haya-hecho-politiqueria-durante-interpelacion\/#primaryimage"},"thumbnailUrl":"","articleSection":["Pol\u00edtica"],"inLanguage":"es"},{"@type":"WebPage","@id":"https:\/\/www.eldiario.net\/portal\/2021\/06\/02\/condenan-que-lima-haya-hecho-politiqueria-durante-interpelacion\/","url":"https:\/\/www.eldiario.net\/portal\/2021\/06\/02\/condenan-que-lima-haya-hecho-politiqueria-durante-interpelacion\/","name":"Condenan que Lima haya hecho politiquer\u00eda durante interpelaci\u00f3n - El Diario - Bolivia","isPartOf":{"@id":"https:\/\/www.eldiario.net\/portal\/#website"},"primaryImageOfPage":{"@id":"https:\/\/www.eldiario.net\/portal\/2021\/06\/02\/condenan-que-lima-haya-hecho-politiqueria-durante-interpelacion\/#primaryimage"},"image":{"@id":"https:\/\/www.eldiario.net\/portal\/2021\/06\/02\/condenan-que-lima-haya-hecho-politiqueria-durante-interpelacion\/#primaryimage"},"thumbnailUrl":"","datePublished":"2021-06-02T10:48:25+00:00","breadcrumb":{"@id":"https:\/\/www.eldiario.net\/portal\/2021\/06\/02\/condenan-que-lima-haya-hecho-politiqueria-durante-interpelacion\/#breadcrumb"},"inLanguage":"es","potentialAction":[{"@type":"ReadAction","target":["https:\/\/www.eldiario.net\/portal\/2021\/06\/02\/condenan-que-lima-haya-hecho-politiqueria-durante-interpelacion\/"]}]},{"@type":"ImageObject","inLanguage":"es","@id":"https:\/\/www.eldiario.net\/portal\/2021\/06\/02\/condenan-que-lima-haya-hecho-politiqueria-durante-interpelacion\/#primaryimage","url":"","contentUrl":""},{"@type":"BreadcrumbList","@id":"https:\/\/www.eldiario.net\/portal\/2021\/06\/02\/condenan-que-lima-haya-hecho-politiqueria-durante-interpelacion\/#breadcrumb","itemListElement":[{"@type":"ListItem","position":1,"name":"Portada","item":"https:\/\/www.eldiario.net\/portal\/"},{"@type":"ListItem","position":2,"name":"Condenan que Lima haya hecho politiquer\u00eda durante interpelaci\u00f3n"}]},{"@type":"WebSite","@id":"https:\/\/www.eldiario.net\/portal\/#website","url":"https:\/\/www.eldiario.net\/portal\/","name":"El Diario - Decano de la prensa nacional","description":"El Diario - Decano de la prensa nacional","publisher":{"@id":"https:\/\/www.eldiario.net\/portal\/#organization"},"potentialAction":[{"@type":"SearchAction","target":{"@type":"EntryPoint","urlTemplate":"https:\/\/www.eldiario.net\/portal\/?s={search_term_string}"},"query-input":{"@type":"PropertyValueSpecification","valueRequired":true,"valueName":"search_term_string"}}],"inLanguage":"es"},{"@type":"Organization","@id":"https:\/\/www.eldiario.net\/portal\/#organization","name":"El Diario - Decano de la prensa nacional","url":"https:\/\/www.eldiario.net\/portal\/","logo":{"@type":"ImageObject","inLanguage":"es","@id":"https:\/\/www.eldiario.net\/portal\/#\/schema\/logo\/image\/","url":"https:\/\/www.eldiario.net\/portal\/wp-content\/uploads\/2023\/07\/logo_ED.jpg","contentUrl":"https:\/\/www.eldiario.net\/portal\/wp-content\/uploads\/2023\/07\/logo_ED.jpg","width":272,"height":52,"caption":"El Diario - Decano de la prensa nacional"},"image":{"@id":"https:\/\/www.eldiario.net\/portal\/#\/schema\/logo\/image\/"},"sameAs":["https:\/\/www.facebook.com\/eldiario.bolivia\/","https:\/\/x.com\/eldiario_net"]},{"@type":"Person","@id":"https:\/\/www.eldiario.net\/portal\/#\/schema\/person\/f46445640444750d7d753ccd04ae01b7","name":"Jeanette","image":{"@type":"ImageObject","inLanguage":"es","@id":"https:\/\/secure.gravatar.com\/avatar\/3ea2118a5f7dad2b7138b1187a6b7ee55f160b9968b66013c3a3ef39dd7e5798?s=96&d=mm&r=g","url":"https:\/\/secure.gravatar.com\/avatar\/3ea2118a5f7dad2b7138b1187a6b7ee55f160b9968b66013c3a3ef39dd7e5798?s=96&d=mm&r=g","contentUrl":"https:\/\/secure.gravatar.com\/avatar\/3ea2118a5f7dad2b7138b1187a6b7ee55f160b9968b66013c3a3ef39dd7e5798?s=96&d=mm&r=g","caption":"Jeanette"},"sameAs":["https:\/\/www.eldiario.net\/portal"],"url":"https:\/\/www.eldiario.net\/portal\/author\/jeanette\/"}]}},"_links":{"self":[{"href":"https:\/\/www.eldiario.net\/portal\/wp-json\/wp\/v2\/posts\/7896","targetHints":{"allow":["GET"]}}],"collection":[{"href":"https:\/\/www.eldiario.net\/portal\/wp-json\/wp\/v2\/posts"}],"about":[{"href":"https:\/\/www.eldiario.net\/portal\/wp-json\/wp\/v2\/types\/post"}],"author":[{"embeddable":true,"href":"https:\/\/www.eldiario.net\/portal\/wp-json\/wp\/v2\/users\/1"}],"replies":[{"embeddable":true,"href":"https:\/\/www.eldiario.net\/portal\/wp-json\/wp\/v2\/comments?post=7896"}],"version-history":[{"count":0,"href":"https:\/\/www.eldiario.net\/portal\/wp-json\/wp\/v2\/posts\/7896\/revisions"}],"wp:attachment":[{"href":"https:\/\/www.eldiario.net\/portal\/wp-json\/wp\/v2\/media?parent=7896"}],"wp:term":[{"taxonomy":"category","embeddable":true,"href":"https:\/\/www.eldiario.net\/portal\/wp-json\/wp\/v2\/categories?post=7896"},{"taxonomy":"post_tag","embeddable":true,"href":"https:\/\/www.eldiario.net\/portal\/wp-json\/wp\/v2\/tags?post=7896"}],"curies":[{"name":"wp","href":"https:\/\/api.w.org\/{rel}","templated":true}]}}