{"id":7891,"date":"2021-06-02T06:45:58","date_gmt":"2021-06-02T10:45:58","guid":{"rendered":"https:\/\/www.eldiario.net\/portal\/?p=7891"},"modified":"2021-06-02T06:45:58","modified_gmt":"2021-06-02T10:45:58","slug":"centros-medicos-deben-contar-con-generadores-de-oxigeno","status":"publish","type":"post","link":"https:\/\/www.eldiario.net\/portal\/2021\/06\/02\/centros-medicos-deben-contar-con-generadores-de-oxigeno\/","title":{"rendered":"Centros m\u00e9dicos deben contar con generadores de ox\u00edgeno"},"content":{"rendered":"<p>Ante la escasez de ox\u00edgeno medicinal para el tratamiento de pacientes con cuadros graves de covid-19, el viceministro de Defensa al Consumidor, Jorge Silva, anunci\u00f3 que se plantear\u00e1 el tratamiento de un proyecto de ley para obligar a centros de atenci\u00f3n medica p\u00fablicos y privados a contar con su propio generador de este elemento.<br \/>\nSilva manifest\u00f3 que esta iniciativa busca que todos los centros hospitalarios que cuenten con unidades de terapia intensiva est\u00e9n obligados a instalar su propio generador de ox\u00edgeno a fin de que se eviten nuevas situaciones en las que este elemento se agote por alta demanda.<br \/>\n\u201cVamos a presentar un proyecto de ley para que todo los hospitales del sector p\u00fablico y del sector privados que tienen salas de terapia intensiva tengan necesariamente sus plantas generadoras de ox\u00edgeno, tenemos que prevenir cualquier tipo de epidemia de aqu\u00ed en futuro\u201d, manifest\u00f3 el viceministro<br \/>\nInst\u00f3 a autoridades departamentales y municipales a priorizar la instalaci\u00f3n unidades generadoras en centros m\u00e9dicos que est\u00e1n bajo su administraci\u00f3n.<br \/>\nEl diputado por Comunidad Ciudadana, Alejandro Reyes, sostuvo que este tipo de medidas llegan a destiempo, cuando la poblaci\u00f3n requiere de este elemento a la brevedad posible. Se\u00f1al\u00f3 que una buena determinaci\u00f3n en el presente es la inmediata instalaci\u00f3n de plantas de oxigeno antes que nuevas leyes y normativas que se aplicar\u00e1n demasiado tarde.<br \/>\n\u201cNecesitamos traer plantas de generaci\u00f3n de ox\u00edgeno y es se puede traer plantas de generaci\u00f3n desde el Brasil a un costo de 200 mil a 500 mil d\u00f3lares pero pueden ser puesta a funcionar en un tiempo de entre 7 a 10 d\u00edas en cualquier lugar del territorio\u201d, dijo.<br \/>\nReiter\u00f3 la necesidad de dar un respiro a la poblaci\u00f3n que necesita de este insumo para la atenci\u00f3n de sus familiares no solamente con la importaci\u00f3n de oxigeno ni con normas que tardaran en ser aplicadas, sino con medidas eficaces.<\/p>\n","protected":false},"excerpt":{"rendered":"<p>Ante la escasez de ox\u00edgeno medicinal para el tratamiento de pacientes con cuadros graves de covid-19, el viceministro de Defensa al Consumidor, Jorge Silva, anunci\u00f3 que se plantear\u00e1 el tratamiento de un proyecto de ley para obligar a centros de atenci\u00f3n medica p\u00fablicos y privados a contar con su propio generador de este elemento. Silva [&hellip;]<\/p>\n","protected":false},"author":1,"featured_media":0,"comment_status":"closed","ping_status":"closed","sticky":false,"template":"","format":"standard","meta":{"_acf_changed":false,"footnotes":""},"categories":[14],"tags":[],"class_list":["post-7891","post","type-post","status-publish","format-standard","category-politica"],"acf":{"antetitulo":""},"yoast_head":"<!-- This site is optimized with the Yoast SEO plugin v28.4 - https:\/\/yoast.com\/product\/yoast-seo-wordpress\/ -->\n<title>Centros m\u00e9dicos deben contar con generadores de ox\u00edgeno - El Diario - Bolivia<\/title>\n<meta name=\"robots\" content=\"index, follow, max-snippet:-1, max-image-preview:large, max-video-preview:-1\" \/>\n<link rel=\"canonical\" href=\"https:\/\/www.eldiario.net\/portal\/2021\/06\/02\/centros-medicos-deben-contar-con-generadores-de-oxigeno\/\" \/>\n<meta property=\"og:locale\" content=\"es_ES\" \/>\n<meta property=\"og:type\" content=\"article\" \/>\n<meta property=\"og:title\" content=\"Centros m\u00e9dicos deben contar con generadores de ox\u00edgeno - El Diario - Bolivia\" \/>\n<meta property=\"og:description\" content=\"Ante la escasez de ox\u00edgeno medicinal para el tratamiento de pacientes con cuadros graves de covid-19, el viceministro de Defensa al Consumidor, Jorge Silva, anunci\u00f3 que se plantear\u00e1 el tratamiento de un proyecto de ley para obligar a centros de atenci\u00f3n medica p\u00fablicos y privados a contar con su propio generador de este elemento. Silva [&hellip;]\" \/>\n<meta property=\"og:url\" content=\"https:\/\/www.eldiario.net\/portal\/2021\/06\/02\/centros-medicos-deben-contar-con-generadores-de-oxigeno\/\" \/>\n<meta property=\"og:site_name\" content=\"El Diario - Bolivia\" \/>\n<meta property=\"article:publisher\" content=\"https:\/\/www.facebook.com\/eldiario.bolivia\/\" \/>\n<meta property=\"article:published_time\" content=\"2021-06-02T10:45:58+00:00\" \/>\n<meta name=\"author\" content=\"Jeanette\" \/>\n<meta name=\"twitter:card\" content=\"summary_large_image\" \/>\n<meta name=\"twitter:creator\" content=\"@eldiario_net\" \/>\n<meta name=\"twitter:site\" content=\"@eldiario_net\" \/>\n<meta name=\"twitter:label1\" content=\"Escrito por\" \/>\n\t<meta name=\"twitter:data1\" content=\"Jeanette\" \/>\n\t<meta name=\"twitter:label2\" content=\"Tiempo de lectura\" \/>\n\t<meta name=\"twitter:data2\" content=\"2 minutos\" \/>\n<script type=\"application\/ld+json\" class=\"yoast-schema-graph\">{\"@context\":\"https:\\\/\\\/schema.org\",\"@graph\":[{\"@type\":\"Article\",\"@id\":\"https:\\\/\\\/www.eldiario.net\\\/portal\\\/2021\\\/06\\\/02\\\/centros-medicos-deben-contar-con-generadores-de-oxigeno\\\/#article\",\"isPartOf\":{\"@id\":\"https:\\\/\\\/www.eldiario.net\\\/portal\\\/2021\\\/06\\\/02\\\/centros-medicos-deben-contar-con-generadores-de-oxigeno\\\/\"},\"author\":{\"name\":\"Jeanette\",\"@id\":\"https:\\\/\\\/www.eldiario.net\\\/portal\\\/#\\\/schema\\\/person\\\/f46445640444750d7d753ccd04ae01b7\"},\"headline\":\"Centros m\u00e9dicos deben contar con generadores de ox\u00edgeno\",\"datePublished\":\"2021-06-02T10:45:58+00:00\",\"mainEntityOfPage\":{\"@id\":\"https:\\\/\\\/www.eldiario.net\\\/portal\\\/2021\\\/06\\\/02\\\/centros-medicos-deben-contar-con-generadores-de-oxigeno\\\/\"},\"wordCount\":338,\"publisher\":{\"@id\":\"https:\\\/\\\/www.eldiario.net\\\/portal\\\/#organization\"},\"articleSection\":[\"Pol\u00edtica\"],\"inLanguage\":\"es\"},{\"@type\":\"WebPage\",\"@id\":\"https:\\\/\\\/www.eldiario.net\\\/portal\\\/2021\\\/06\\\/02\\\/centros-medicos-deben-contar-con-generadores-de-oxigeno\\\/\",\"url\":\"https:\\\/\\\/www.eldiario.net\\\/portal\\\/2021\\\/06\\\/02\\\/centros-medicos-deben-contar-con-generadores-de-oxigeno\\\/\",\"name\":\"Centros m\u00e9dicos deben contar con generadores de ox\u00edgeno - El Diario - Bolivia\",\"isPartOf\":{\"@id\":\"https:\\\/\\\/www.eldiario.net\\\/portal\\\/#website\"},\"datePublished\":\"2021-06-02T10:45:58+00:00\",\"breadcrumb\":{\"@id\":\"https:\\\/\\\/www.eldiario.net\\\/portal\\\/2021\\\/06\\\/02\\\/centros-medicos-deben-contar-con-generadores-de-oxigeno\\\/#breadcrumb\"},\"inLanguage\":\"es\",\"potentialAction\":[{\"@type\":\"ReadAction\",\"target\":[\"https:\\\/\\\/www.eldiario.net\\\/portal\\\/2021\\\/06\\\/02\\\/centros-medicos-deben-contar-con-generadores-de-oxigeno\\\/\"]}]},{\"@type\":\"BreadcrumbList\",\"@id\":\"https:\\\/\\\/www.eldiario.net\\\/portal\\\/2021\\\/06\\\/02\\\/centros-medicos-deben-contar-con-generadores-de-oxigeno\\\/#breadcrumb\",\"itemListElement\":[{\"@type\":\"ListItem\",\"position\":1,\"name\":\"Portada\",\"item\":\"https:\\\/\\\/www.eldiario.net\\\/portal\\\/\"},{\"@type\":\"ListItem\",\"position\":2,\"name\":\"Centros m\u00e9dicos deben contar con generadores de ox\u00edgeno\"}]},{\"@type\":\"WebSite\",\"@id\":\"https:\\\/\\\/www.eldiario.net\\\/portal\\\/#website\",\"url\":\"https:\\\/\\\/www.eldiario.net\\\/portal\\\/\",\"name\":\"El Diario - Decano de la prensa nacional\",\"description\":\"El Diario - Decano de la prensa nacional\",\"publisher\":{\"@id\":\"https:\\\/\\\/www.eldiario.net\\\/portal\\\/#organization\"},\"potentialAction\":[{\"@type\":\"SearchAction\",\"target\":{\"@type\":\"EntryPoint\",\"urlTemplate\":\"https:\\\/\\\/www.eldiario.net\\\/portal\\\/?s={search_term_string}\"},\"query-input\":{\"@type\":\"PropertyValueSpecification\",\"valueRequired\":true,\"valueName\":\"search_term_string\"}}],\"inLanguage\":\"es\"},{\"@type\":\"Organization\",\"@id\":\"https:\\\/\\\/www.eldiario.net\\\/portal\\\/#organization\",\"name\":\"El Diario - Decano de la prensa nacional\",\"url\":\"https:\\\/\\\/www.eldiario.net\\\/portal\\\/\",\"logo\":{\"@type\":\"ImageObject\",\"inLanguage\":\"es\",\"@id\":\"https:\\\/\\\/www.eldiario.net\\\/portal\\\/#\\\/schema\\\/logo\\\/image\\\/\",\"url\":\"https:\\\/\\\/www.eldiario.net\\\/portal\\\/wp-content\\\/uploads\\\/2023\\\/07\\\/logo_ED.jpg\",\"contentUrl\":\"https:\\\/\\\/www.eldiario.net\\\/portal\\\/wp-content\\\/uploads\\\/2023\\\/07\\\/logo_ED.jpg\",\"width\":272,\"height\":52,\"caption\":\"El Diario - Decano de la prensa nacional\"},\"image\":{\"@id\":\"https:\\\/\\\/www.eldiario.net\\\/portal\\\/#\\\/schema\\\/logo\\\/image\\\/\"},\"sameAs\":[\"https:\\\/\\\/www.facebook.com\\\/eldiario.bolivia\\\/\",\"https:\\\/\\\/x.com\\\/eldiario_net\"]},{\"@type\":\"Person\",\"@id\":\"https:\\\/\\\/www.eldiario.net\\\/portal\\\/#\\\/schema\\\/person\\\/f46445640444750d7d753ccd04ae01b7\",\"name\":\"Jeanette\",\"image\":{\"@type\":\"ImageObject\",\"inLanguage\":\"es\",\"@id\":\"https:\\\/\\\/secure.gravatar.com\\\/avatar\\\/3ea2118a5f7dad2b7138b1187a6b7ee55f160b9968b66013c3a3ef39dd7e5798?s=96&d=mm&r=g\",\"url\":\"https:\\\/\\\/secure.gravatar.com\\\/avatar\\\/3ea2118a5f7dad2b7138b1187a6b7ee55f160b9968b66013c3a3ef39dd7e5798?s=96&d=mm&r=g\",\"contentUrl\":\"https:\\\/\\\/secure.gravatar.com\\\/avatar\\\/3ea2118a5f7dad2b7138b1187a6b7ee55f160b9968b66013c3a3ef39dd7e5798?s=96&d=mm&r=g\",\"caption\":\"Jeanette\"},\"sameAs\":[\"https:\\\/\\\/www.eldiario.net\\\/portal\"],\"url\":\"https:\\\/\\\/www.eldiario.net\\\/portal\\\/author\\\/jeanette\\\/\"}]}<\/script>\n<!-- \/ Yoast SEO plugin. -->","yoast_head_json":{"title":"Centros m\u00e9dicos deben contar con generadores de ox\u00edgeno - El Diario - Bolivia","robots":{"index":"index","follow":"follow","max-snippet":"max-snippet:-1","max-image-preview":"max-image-preview:large","max-video-preview":"max-video-preview:-1"},"canonical":"https:\/\/www.eldiario.net\/portal\/2021\/06\/02\/centros-medicos-deben-contar-con-generadores-de-oxigeno\/","og_locale":"es_ES","og_type":"article","og_title":"Centros m\u00e9dicos deben contar con generadores de ox\u00edgeno - El Diario - Bolivia","og_description":"Ante la escasez de ox\u00edgeno medicinal para el tratamiento de pacientes con cuadros graves de covid-19, el viceministro de Defensa al Consumidor, Jorge Silva, anunci\u00f3 que se plantear\u00e1 el tratamiento de un proyecto de ley para obligar a centros de atenci\u00f3n medica p\u00fablicos y privados a contar con su propio generador de este elemento. Silva [&hellip;]","og_url":"https:\/\/www.eldiario.net\/portal\/2021\/06\/02\/centros-medicos-deben-contar-con-generadores-de-oxigeno\/","og_site_name":"El Diario - Bolivia","article_publisher":"https:\/\/www.facebook.com\/eldiario.bolivia\/","article_published_time":"2021-06-02T10:45:58+00:00","author":"Jeanette","twitter_card":"summary_large_image","twitter_creator":"@eldiario_net","twitter_site":"@eldiario_net","twitter_misc":{"Escrito por":"Jeanette","Tiempo de lectura":"2 minutos"},"schema":{"@context":"https:\/\/schema.org","@graph":[{"@type":"Article","@id":"https:\/\/www.eldiario.net\/portal\/2021\/06\/02\/centros-medicos-deben-contar-con-generadores-de-oxigeno\/#article","isPartOf":{"@id":"https:\/\/www.eldiario.net\/portal\/2021\/06\/02\/centros-medicos-deben-contar-con-generadores-de-oxigeno\/"},"author":{"name":"Jeanette","@id":"https:\/\/www.eldiario.net\/portal\/#\/schema\/person\/f46445640444750d7d753ccd04ae01b7"},"headline":"Centros m\u00e9dicos deben contar con generadores de ox\u00edgeno","datePublished":"2021-06-02T10:45:58+00:00","mainEntityOfPage":{"@id":"https:\/\/www.eldiario.net\/portal\/2021\/06\/02\/centros-medicos-deben-contar-con-generadores-de-oxigeno\/"},"wordCount":338,"publisher":{"@id":"https:\/\/www.eldiario.net\/portal\/#organization"},"articleSection":["Pol\u00edtica"],"inLanguage":"es"},{"@type":"WebPage","@id":"https:\/\/www.eldiario.net\/portal\/2021\/06\/02\/centros-medicos-deben-contar-con-generadores-de-oxigeno\/","url":"https:\/\/www.eldiario.net\/portal\/2021\/06\/02\/centros-medicos-deben-contar-con-generadores-de-oxigeno\/","name":"Centros m\u00e9dicos deben contar con generadores de ox\u00edgeno - El Diario - Bolivia","isPartOf":{"@id":"https:\/\/www.eldiario.net\/portal\/#website"},"datePublished":"2021-06-02T10:45:58+00:00","breadcrumb":{"@id":"https:\/\/www.eldiario.net\/portal\/2021\/06\/02\/centros-medicos-deben-contar-con-generadores-de-oxigeno\/#breadcrumb"},"inLanguage":"es","potentialAction":[{"@type":"ReadAction","target":["https:\/\/www.eldiario.net\/portal\/2021\/06\/02\/centros-medicos-deben-contar-con-generadores-de-oxigeno\/"]}]},{"@type":"BreadcrumbList","@id":"https:\/\/www.eldiario.net\/portal\/2021\/06\/02\/centros-medicos-deben-contar-con-generadores-de-oxigeno\/#breadcrumb","itemListElement":[{"@type":"ListItem","position":1,"name":"Portada","item":"https:\/\/www.eldiario.net\/portal\/"},{"@type":"ListItem","position":2,"name":"Centros m\u00e9dicos deben contar con generadores de ox\u00edgeno"}]},{"@type":"WebSite","@id":"https:\/\/www.eldiario.net\/portal\/#website","url":"https:\/\/www.eldiario.net\/portal\/","name":"El Diario - Decano de la prensa nacional","description":"El Diario - Decano de la prensa nacional","publisher":{"@id":"https:\/\/www.eldiario.net\/portal\/#organization"},"potentialAction":[{"@type":"SearchAction","target":{"@type":"EntryPoint","urlTemplate":"https:\/\/www.eldiario.net\/portal\/?s={search_term_string}"},"query-input":{"@type":"PropertyValueSpecification","valueRequired":true,"valueName":"search_term_string"}}],"inLanguage":"es"},{"@type":"Organization","@id":"https:\/\/www.eldiario.net\/portal\/#organization","name":"El Diario - Decano de la prensa nacional","url":"https:\/\/www.eldiario.net\/portal\/","logo":{"@type":"ImageObject","inLanguage":"es","@id":"https:\/\/www.eldiario.net\/portal\/#\/schema\/logo\/image\/","url":"https:\/\/www.eldiario.net\/portal\/wp-content\/uploads\/2023\/07\/logo_ED.jpg","contentUrl":"https:\/\/www.eldiario.net\/portal\/wp-content\/uploads\/2023\/07\/logo_ED.jpg","width":272,"height":52,"caption":"El Diario - Decano de la prensa nacional"},"image":{"@id":"https:\/\/www.eldiario.net\/portal\/#\/schema\/logo\/image\/"},"sameAs":["https:\/\/www.facebook.com\/eldiario.bolivia\/","https:\/\/x.com\/eldiario_net"]},{"@type":"Person","@id":"https:\/\/www.eldiario.net\/portal\/#\/schema\/person\/f46445640444750d7d753ccd04ae01b7","name":"Jeanette","image":{"@type":"ImageObject","inLanguage":"es","@id":"https:\/\/secure.gravatar.com\/avatar\/3ea2118a5f7dad2b7138b1187a6b7ee55f160b9968b66013c3a3ef39dd7e5798?s=96&d=mm&r=g","url":"https:\/\/secure.gravatar.com\/avatar\/3ea2118a5f7dad2b7138b1187a6b7ee55f160b9968b66013c3a3ef39dd7e5798?s=96&d=mm&r=g","contentUrl":"https:\/\/secure.gravatar.com\/avatar\/3ea2118a5f7dad2b7138b1187a6b7ee55f160b9968b66013c3a3ef39dd7e5798?s=96&d=mm&r=g","caption":"Jeanette"},"sameAs":["https:\/\/www.eldiario.net\/portal"],"url":"https:\/\/www.eldiario.net\/portal\/author\/jeanette\/"}]}},"_links":{"self":[{"href":"https:\/\/www.eldiario.net\/portal\/wp-json\/wp\/v2\/posts\/7891","targetHints":{"allow":["GET"]}}],"collection":[{"href":"https:\/\/www.eldiario.net\/portal\/wp-json\/wp\/v2\/posts"}],"about":[{"href":"https:\/\/www.eldiario.net\/portal\/wp-json\/wp\/v2\/types\/post"}],"author":[{"embeddable":true,"href":"https:\/\/www.eldiario.net\/portal\/wp-json\/wp\/v2\/users\/1"}],"replies":[{"embeddable":true,"href":"https:\/\/www.eldiario.net\/portal\/wp-json\/wp\/v2\/comments?post=7891"}],"version-history":[{"count":0,"href":"https:\/\/www.eldiario.net\/portal\/wp-json\/wp\/v2\/posts\/7891\/revisions"}],"wp:attachment":[{"href":"https:\/\/www.eldiario.net\/portal\/wp-json\/wp\/v2\/media?parent=7891"}],"wp:term":[{"taxonomy":"category","embeddable":true,"href":"https:\/\/www.eldiario.net\/portal\/wp-json\/wp\/v2\/categories?post=7891"},{"taxonomy":"post_tag","embeddable":true,"href":"https:\/\/www.eldiario.net\/portal\/wp-json\/wp\/v2\/tags?post=7891"}],"curies":[{"name":"wp","href":"https:\/\/api.w.org\/{rel}","templated":true}]}}