{"id":7885,"date":"2021-06-02T06:43:53","date_gmt":"2021-06-02T10:43:53","guid":{"rendered":"https:\/\/www.eldiario.net\/portal\/?p=7885"},"modified":"2021-06-02T06:43:53","modified_gmt":"2021-06-02T10:43:53","slug":"mesa-plantea-que-el-estado-asuma-costo-total-de-atencion-de-pacientes","status":"publish","type":"post","link":"https:\/\/www.eldiario.net\/portal\/2021\/06\/02\/mesa-plantea-que-el-estado-asuma-costo-total-de-atencion-de-pacientes\/","title":{"rendered":"Mesa plantea que el Estado asuma  costo total de atenci\u00f3n de pacientes"},"content":{"rendered":"<p>Ante el colapso de los centros hospitalarios y los altos costos en los servicios de unidades de terapia intensiva, el expresidente Carlos Mesa Gisbert, plante\u00f3 que desde el Estado se garantice la atenci\u00f3n de los enfermos graves por covid-19, adem\u00e1s de que se cubran los gastos de estos pacientes debido a los elevados costos que significa para las familias mantener un paciente en cuidados intensivos.<br \/>\nEl exmandatario insisti\u00f3 en la necesidad de que el Estado garantice la atenci\u00f3n completa de los enfermos graves, que requieren ox\u00edgeno y medicinas espec\u00edficas, cuyo costo, seg\u00fan declaraciones publicadas en prensa puede alcanzar hasta Bs 1.000 diarios.<br \/>\nMesa se\u00f1al\u00f3 que es obligaci\u00f3n de Gobierno garantizar el acceso a la salud de todos, en condiciones de universalidad, oportunidad, gratuidad, calidad y calidez, aspectos que en su criterio no se cumplen en la actual gesti\u00f3n.<br \/>\nAdem\u00e1s, puntualiz\u00f3 que el 60 % de los contagios de la mortal enfermedad se dieron durante el actual Gobierno.<br \/>\n\u201cEl 60 % de los contagios del covid-19 se dieron en la gesti\u00f3n de Luis Arce; el sistema de salud sigue colapsado y la gente muere por falta de ox\u00edgeno y medicamentos. El gobierno debe liberar las vacunas y garantizar la atenci\u00f3n completa de los enfermos graves; es su deber\u201d comparti\u00f3 mediante sus cuentas en redes sociales.<br \/>\nLos reportes oficiales del Ministerio de Salud se\u00f1alan que desde el 10 de marzo de 2020 hasta hoy, se produjeron en Bolivia 374.718 contagios, de los cuales 142.427 (el 38 %) sucedieron durante la gesti\u00f3n de A\u00f1ez y 228.852 (62 %) durante el mandato de Arce Catacora. Los mismos informes se\u00f1alan que el 60 % de las muertes se reportaron en el gobierno de A\u00f1ez y que los picos m\u00e1s altos de contagios, se dieron en el actual gobierno.<br \/>\nEl pasado 25 de mayo, Mesa propuso la promulgaci\u00f3n de una ley que declare la vacunaci\u00f3n como un tema de prioridad nacional y demand\u00f3 que se eliminen los requisitos que limitan el acceso al medicamento, arguyendo que en todo el mundo se considera la \u00fanica manera de salir de la situaci\u00f3n de pandemia.<br \/>\n\u201cCon 11,6 millones de habitantes, se necesitan unos 7,6 millones de personas vacunadas para lograr la inmunidad del pa\u00eds, es decir un total de 15 millones de dosis\u201d, explic\u00f3 Mesa, y opin\u00f3 que, al ritmo actual, la inoculaci\u00f3n terminar\u00e1 dentro de dos a\u00f1os.<br \/>\nAl respecto, el diputado y jefe de bancada de Comunidad Ciudadana, Carlos Alarc\u00f3n, afirm\u00f3 que el incremento de casos y muertes se constituye en una tragedia nacional ante la mirada de un Gobierno que toma decisiones a destiempo.<br \/>\n\u201cEl desborde de la crisis de salud est\u00e1 ocasionando una tragedia humanitaria en todo el pa\u00eds, ante la negligencia del gobierno que en lugar de ocuparse de una producci\u00f3n aut\u00f3noma de ox\u00edgeno o al menos importarlo con antelaci\u00f3n, en lugar de prever la alta demanda de otros medicamentos que hoy escasean, el Gobierno esper\u00f3 a que ocurran muertes para reci\u00e9n tomar previsiones\u201d, dijo.<\/p>\n","protected":false},"excerpt":{"rendered":"<p>Ante el colapso de los centros hospitalarios y los altos costos en los servicios de unidades de terapia intensiva, el expresidente Carlos Mesa Gisbert, plante\u00f3 que desde el Estado se garantice la atenci\u00f3n de los enfermos graves por covid-19, adem\u00e1s de que se cubran los gastos de estos pacientes debido a los elevados costos que [&hellip;]<\/p>\n","protected":false},"author":1,"featured_media":0,"comment_status":"closed","ping_status":"closed","sticky":false,"template":"","format":"standard","meta":{"_acf_changed":false,"footnotes":""},"categories":[14],"tags":[],"class_list":["post-7885","post","type-post","status-publish","format-standard","category-politica"],"acf":{"antetitulo":""},"yoast_head":"<!-- This site is optimized with the Yoast SEO plugin v28.3 - https:\/\/yoast.com\/product\/yoast-seo-wordpress\/ -->\n<title>Mesa plantea que el Estado asuma costo total de atenci\u00f3n de pacientes - El Diario - Bolivia<\/title>\n<meta name=\"robots\" content=\"index, follow, max-snippet:-1, max-image-preview:large, max-video-preview:-1\" \/>\n<link rel=\"canonical\" href=\"https:\/\/www.eldiario.net\/portal\/2021\/06\/02\/mesa-plantea-que-el-estado-asuma-costo-total-de-atencion-de-pacientes\/\" \/>\n<meta property=\"og:locale\" content=\"es_ES\" \/>\n<meta property=\"og:type\" content=\"article\" \/>\n<meta property=\"og:title\" content=\"Mesa plantea que el Estado asuma costo total de atenci\u00f3n de pacientes - El Diario - Bolivia\" \/>\n<meta property=\"og:description\" content=\"Ante el colapso de los centros hospitalarios y los altos costos en los servicios de unidades de terapia intensiva, el expresidente Carlos Mesa Gisbert, plante\u00f3 que desde el Estado se garantice la atenci\u00f3n de los enfermos graves por covid-19, adem\u00e1s de que se cubran los gastos de estos pacientes debido a los elevados costos que [&hellip;]\" \/>\n<meta property=\"og:url\" content=\"https:\/\/www.eldiario.net\/portal\/2021\/06\/02\/mesa-plantea-que-el-estado-asuma-costo-total-de-atencion-de-pacientes\/\" \/>\n<meta property=\"og:site_name\" content=\"El Diario - Bolivia\" \/>\n<meta property=\"article:publisher\" content=\"https:\/\/www.facebook.com\/eldiario.bolivia\/\" \/>\n<meta property=\"article:published_time\" content=\"2021-06-02T10:43:53+00:00\" \/>\n<meta name=\"author\" content=\"Jeanette\" \/>\n<meta name=\"twitter:card\" content=\"summary_large_image\" \/>\n<meta name=\"twitter:creator\" content=\"@eldiario_net\" \/>\n<meta name=\"twitter:site\" content=\"@eldiario_net\" \/>\n<meta name=\"twitter:label1\" content=\"Escrito por\" \/>\n\t<meta name=\"twitter:data1\" content=\"Jeanette\" \/>\n\t<meta name=\"twitter:label2\" content=\"Tiempo de lectura\" \/>\n\t<meta name=\"twitter:data2\" content=\"3 minutos\" \/>\n<script type=\"application\/ld+json\" class=\"yoast-schema-graph\">{\"@context\":\"https:\\\/\\\/schema.org\",\"@graph\":[{\"@type\":\"Article\",\"@id\":\"https:\\\/\\\/www.eldiario.net\\\/portal\\\/2021\\\/06\\\/02\\\/mesa-plantea-que-el-estado-asuma-costo-total-de-atencion-de-pacientes\\\/#article\",\"isPartOf\":{\"@id\":\"https:\\\/\\\/www.eldiario.net\\\/portal\\\/2021\\\/06\\\/02\\\/mesa-plantea-que-el-estado-asuma-costo-total-de-atencion-de-pacientes\\\/\"},\"author\":{\"name\":\"Jeanette\",\"@id\":\"https:\\\/\\\/www.eldiario.net\\\/portal\\\/#\\\/schema\\\/person\\\/f46445640444750d7d753ccd04ae01b7\"},\"headline\":\"Mesa plantea que el Estado asuma costo total de atenci\u00f3n de pacientes\",\"datePublished\":\"2021-06-02T10:43:53+00:00\",\"mainEntityOfPage\":{\"@id\":\"https:\\\/\\\/www.eldiario.net\\\/portal\\\/2021\\\/06\\\/02\\\/mesa-plantea-que-el-estado-asuma-costo-total-de-atencion-de-pacientes\\\/\"},\"wordCount\":515,\"publisher\":{\"@id\":\"https:\\\/\\\/www.eldiario.net\\\/portal\\\/#organization\"},\"articleSection\":[\"Pol\u00edtica\"],\"inLanguage\":\"es\"},{\"@type\":\"WebPage\",\"@id\":\"https:\\\/\\\/www.eldiario.net\\\/portal\\\/2021\\\/06\\\/02\\\/mesa-plantea-que-el-estado-asuma-costo-total-de-atencion-de-pacientes\\\/\",\"url\":\"https:\\\/\\\/www.eldiario.net\\\/portal\\\/2021\\\/06\\\/02\\\/mesa-plantea-que-el-estado-asuma-costo-total-de-atencion-de-pacientes\\\/\",\"name\":\"Mesa plantea que el Estado asuma costo total de atenci\u00f3n de pacientes - El Diario - Bolivia\",\"isPartOf\":{\"@id\":\"https:\\\/\\\/www.eldiario.net\\\/portal\\\/#website\"},\"datePublished\":\"2021-06-02T10:43:53+00:00\",\"breadcrumb\":{\"@id\":\"https:\\\/\\\/www.eldiario.net\\\/portal\\\/2021\\\/06\\\/02\\\/mesa-plantea-que-el-estado-asuma-costo-total-de-atencion-de-pacientes\\\/#breadcrumb\"},\"inLanguage\":\"es\",\"potentialAction\":[{\"@type\":\"ReadAction\",\"target\":[\"https:\\\/\\\/www.eldiario.net\\\/portal\\\/2021\\\/06\\\/02\\\/mesa-plantea-que-el-estado-asuma-costo-total-de-atencion-de-pacientes\\\/\"]}]},{\"@type\":\"BreadcrumbList\",\"@id\":\"https:\\\/\\\/www.eldiario.net\\\/portal\\\/2021\\\/06\\\/02\\\/mesa-plantea-que-el-estado-asuma-costo-total-de-atencion-de-pacientes\\\/#breadcrumb\",\"itemListElement\":[{\"@type\":\"ListItem\",\"position\":1,\"name\":\"Portada\",\"item\":\"https:\\\/\\\/www.eldiario.net\\\/portal\\\/\"},{\"@type\":\"ListItem\",\"position\":2,\"name\":\"Mesa plantea que el Estado asuma costo total de atenci\u00f3n de pacientes\"}]},{\"@type\":\"WebSite\",\"@id\":\"https:\\\/\\\/www.eldiario.net\\\/portal\\\/#website\",\"url\":\"https:\\\/\\\/www.eldiario.net\\\/portal\\\/\",\"name\":\"El Diario - Decano de la prensa nacional\",\"description\":\"El Diario - Decano de la prensa nacional\",\"publisher\":{\"@id\":\"https:\\\/\\\/www.eldiario.net\\\/portal\\\/#organization\"},\"potentialAction\":[{\"@type\":\"SearchAction\",\"target\":{\"@type\":\"EntryPoint\",\"urlTemplate\":\"https:\\\/\\\/www.eldiario.net\\\/portal\\\/?s={search_term_string}\"},\"query-input\":{\"@type\":\"PropertyValueSpecification\",\"valueRequired\":true,\"valueName\":\"search_term_string\"}}],\"inLanguage\":\"es\"},{\"@type\":\"Organization\",\"@id\":\"https:\\\/\\\/www.eldiario.net\\\/portal\\\/#organization\",\"name\":\"El Diario - Decano de la prensa nacional\",\"url\":\"https:\\\/\\\/www.eldiario.net\\\/portal\\\/\",\"logo\":{\"@type\":\"ImageObject\",\"inLanguage\":\"es\",\"@id\":\"https:\\\/\\\/www.eldiario.net\\\/portal\\\/#\\\/schema\\\/logo\\\/image\\\/\",\"url\":\"https:\\\/\\\/www.eldiario.net\\\/portal\\\/wp-content\\\/uploads\\\/2023\\\/07\\\/logo_ED.jpg\",\"contentUrl\":\"https:\\\/\\\/www.eldiario.net\\\/portal\\\/wp-content\\\/uploads\\\/2023\\\/07\\\/logo_ED.jpg\",\"width\":272,\"height\":52,\"caption\":\"El Diario - Decano de la prensa nacional\"},\"image\":{\"@id\":\"https:\\\/\\\/www.eldiario.net\\\/portal\\\/#\\\/schema\\\/logo\\\/image\\\/\"},\"sameAs\":[\"https:\\\/\\\/www.facebook.com\\\/eldiario.bolivia\\\/\",\"https:\\\/\\\/x.com\\\/eldiario_net\"]},{\"@type\":\"Person\",\"@id\":\"https:\\\/\\\/www.eldiario.net\\\/portal\\\/#\\\/schema\\\/person\\\/f46445640444750d7d753ccd04ae01b7\",\"name\":\"Jeanette\",\"image\":{\"@type\":\"ImageObject\",\"inLanguage\":\"es\",\"@id\":\"https:\\\/\\\/secure.gravatar.com\\\/avatar\\\/3ea2118a5f7dad2b7138b1187a6b7ee55f160b9968b66013c3a3ef39dd7e5798?s=96&d=mm&r=g\",\"url\":\"https:\\\/\\\/secure.gravatar.com\\\/avatar\\\/3ea2118a5f7dad2b7138b1187a6b7ee55f160b9968b66013c3a3ef39dd7e5798?s=96&d=mm&r=g\",\"contentUrl\":\"https:\\\/\\\/secure.gravatar.com\\\/avatar\\\/3ea2118a5f7dad2b7138b1187a6b7ee55f160b9968b66013c3a3ef39dd7e5798?s=96&d=mm&r=g\",\"caption\":\"Jeanette\"},\"sameAs\":[\"https:\\\/\\\/www.eldiario.net\\\/portal\"],\"url\":\"https:\\\/\\\/www.eldiario.net\\\/portal\\\/author\\\/jeanette\\\/\"}]}<\/script>\n<!-- \/ Yoast SEO plugin. -->","yoast_head_json":{"title":"Mesa plantea que el Estado asuma costo total de atenci\u00f3n de pacientes - El Diario - Bolivia","robots":{"index":"index","follow":"follow","max-snippet":"max-snippet:-1","max-image-preview":"max-image-preview:large","max-video-preview":"max-video-preview:-1"},"canonical":"https:\/\/www.eldiario.net\/portal\/2021\/06\/02\/mesa-plantea-que-el-estado-asuma-costo-total-de-atencion-de-pacientes\/","og_locale":"es_ES","og_type":"article","og_title":"Mesa plantea que el Estado asuma costo total de atenci\u00f3n de pacientes - El Diario - Bolivia","og_description":"Ante el colapso de los centros hospitalarios y los altos costos en los servicios de unidades de terapia intensiva, el expresidente Carlos Mesa Gisbert, plante\u00f3 que desde el Estado se garantice la atenci\u00f3n de los enfermos graves por covid-19, adem\u00e1s de que se cubran los gastos de estos pacientes debido a los elevados costos que [&hellip;]","og_url":"https:\/\/www.eldiario.net\/portal\/2021\/06\/02\/mesa-plantea-que-el-estado-asuma-costo-total-de-atencion-de-pacientes\/","og_site_name":"El Diario - Bolivia","article_publisher":"https:\/\/www.facebook.com\/eldiario.bolivia\/","article_published_time":"2021-06-02T10:43:53+00:00","author":"Jeanette","twitter_card":"summary_large_image","twitter_creator":"@eldiario_net","twitter_site":"@eldiario_net","twitter_misc":{"Escrito por":"Jeanette","Tiempo de lectura":"3 minutos"},"schema":{"@context":"https:\/\/schema.org","@graph":[{"@type":"Article","@id":"https:\/\/www.eldiario.net\/portal\/2021\/06\/02\/mesa-plantea-que-el-estado-asuma-costo-total-de-atencion-de-pacientes\/#article","isPartOf":{"@id":"https:\/\/www.eldiario.net\/portal\/2021\/06\/02\/mesa-plantea-que-el-estado-asuma-costo-total-de-atencion-de-pacientes\/"},"author":{"name":"Jeanette","@id":"https:\/\/www.eldiario.net\/portal\/#\/schema\/person\/f46445640444750d7d753ccd04ae01b7"},"headline":"Mesa plantea que el Estado asuma costo total de atenci\u00f3n de pacientes","datePublished":"2021-06-02T10:43:53+00:00","mainEntityOfPage":{"@id":"https:\/\/www.eldiario.net\/portal\/2021\/06\/02\/mesa-plantea-que-el-estado-asuma-costo-total-de-atencion-de-pacientes\/"},"wordCount":515,"publisher":{"@id":"https:\/\/www.eldiario.net\/portal\/#organization"},"articleSection":["Pol\u00edtica"],"inLanguage":"es"},{"@type":"WebPage","@id":"https:\/\/www.eldiario.net\/portal\/2021\/06\/02\/mesa-plantea-que-el-estado-asuma-costo-total-de-atencion-de-pacientes\/","url":"https:\/\/www.eldiario.net\/portal\/2021\/06\/02\/mesa-plantea-que-el-estado-asuma-costo-total-de-atencion-de-pacientes\/","name":"Mesa plantea que el Estado asuma costo total de atenci\u00f3n de pacientes - El Diario - Bolivia","isPartOf":{"@id":"https:\/\/www.eldiario.net\/portal\/#website"},"datePublished":"2021-06-02T10:43:53+00:00","breadcrumb":{"@id":"https:\/\/www.eldiario.net\/portal\/2021\/06\/02\/mesa-plantea-que-el-estado-asuma-costo-total-de-atencion-de-pacientes\/#breadcrumb"},"inLanguage":"es","potentialAction":[{"@type":"ReadAction","target":["https:\/\/www.eldiario.net\/portal\/2021\/06\/02\/mesa-plantea-que-el-estado-asuma-costo-total-de-atencion-de-pacientes\/"]}]},{"@type":"BreadcrumbList","@id":"https:\/\/www.eldiario.net\/portal\/2021\/06\/02\/mesa-plantea-que-el-estado-asuma-costo-total-de-atencion-de-pacientes\/#breadcrumb","itemListElement":[{"@type":"ListItem","position":1,"name":"Portada","item":"https:\/\/www.eldiario.net\/portal\/"},{"@type":"ListItem","position":2,"name":"Mesa plantea que el Estado asuma costo total de atenci\u00f3n de pacientes"}]},{"@type":"WebSite","@id":"https:\/\/www.eldiario.net\/portal\/#website","url":"https:\/\/www.eldiario.net\/portal\/","name":"El Diario - Decano de la prensa nacional","description":"El Diario - Decano de la prensa nacional","publisher":{"@id":"https:\/\/www.eldiario.net\/portal\/#organization"},"potentialAction":[{"@type":"SearchAction","target":{"@type":"EntryPoint","urlTemplate":"https:\/\/www.eldiario.net\/portal\/?s={search_term_string}"},"query-input":{"@type":"PropertyValueSpecification","valueRequired":true,"valueName":"search_term_string"}}],"inLanguage":"es"},{"@type":"Organization","@id":"https:\/\/www.eldiario.net\/portal\/#organization","name":"El Diario - Decano de la prensa nacional","url":"https:\/\/www.eldiario.net\/portal\/","logo":{"@type":"ImageObject","inLanguage":"es","@id":"https:\/\/www.eldiario.net\/portal\/#\/schema\/logo\/image\/","url":"https:\/\/www.eldiario.net\/portal\/wp-content\/uploads\/2023\/07\/logo_ED.jpg","contentUrl":"https:\/\/www.eldiario.net\/portal\/wp-content\/uploads\/2023\/07\/logo_ED.jpg","width":272,"height":52,"caption":"El Diario - Decano de la prensa nacional"},"image":{"@id":"https:\/\/www.eldiario.net\/portal\/#\/schema\/logo\/image\/"},"sameAs":["https:\/\/www.facebook.com\/eldiario.bolivia\/","https:\/\/x.com\/eldiario_net"]},{"@type":"Person","@id":"https:\/\/www.eldiario.net\/portal\/#\/schema\/person\/f46445640444750d7d753ccd04ae01b7","name":"Jeanette","image":{"@type":"ImageObject","inLanguage":"es","@id":"https:\/\/secure.gravatar.com\/avatar\/3ea2118a5f7dad2b7138b1187a6b7ee55f160b9968b66013c3a3ef39dd7e5798?s=96&d=mm&r=g","url":"https:\/\/secure.gravatar.com\/avatar\/3ea2118a5f7dad2b7138b1187a6b7ee55f160b9968b66013c3a3ef39dd7e5798?s=96&d=mm&r=g","contentUrl":"https:\/\/secure.gravatar.com\/avatar\/3ea2118a5f7dad2b7138b1187a6b7ee55f160b9968b66013c3a3ef39dd7e5798?s=96&d=mm&r=g","caption":"Jeanette"},"sameAs":["https:\/\/www.eldiario.net\/portal"],"url":"https:\/\/www.eldiario.net\/portal\/author\/jeanette\/"}]}},"_links":{"self":[{"href":"https:\/\/www.eldiario.net\/portal\/wp-json\/wp\/v2\/posts\/7885","targetHints":{"allow":["GET"]}}],"collection":[{"href":"https:\/\/www.eldiario.net\/portal\/wp-json\/wp\/v2\/posts"}],"about":[{"href":"https:\/\/www.eldiario.net\/portal\/wp-json\/wp\/v2\/types\/post"}],"author":[{"embeddable":true,"href":"https:\/\/www.eldiario.net\/portal\/wp-json\/wp\/v2\/users\/1"}],"replies":[{"embeddable":true,"href":"https:\/\/www.eldiario.net\/portal\/wp-json\/wp\/v2\/comments?post=7885"}],"version-history":[{"count":0,"href":"https:\/\/www.eldiario.net\/portal\/wp-json\/wp\/v2\/posts\/7885\/revisions"}],"wp:attachment":[{"href":"https:\/\/www.eldiario.net\/portal\/wp-json\/wp\/v2\/media?parent=7885"}],"wp:term":[{"taxonomy":"category","embeddable":true,"href":"https:\/\/www.eldiario.net\/portal\/wp-json\/wp\/v2\/categories?post=7885"},{"taxonomy":"post_tag","embeddable":true,"href":"https:\/\/www.eldiario.net\/portal\/wp-json\/wp\/v2\/tags?post=7885"}],"curies":[{"name":"wp","href":"https:\/\/api.w.org\/{rel}","templated":true}]}}