{"id":7882,"date":"2021-06-02T06:43:04","date_gmt":"2021-06-02T10:43:04","guid":{"rendered":"https:\/\/www.eldiario.net\/portal\/?p=7882"},"modified":"2021-06-02T06:43:04","modified_gmt":"2021-06-02T10:43:04","slug":"posesionaron-a-blanco-con-restricciones-a-la-prensa","status":"publish","type":"post","link":"https:\/\/www.eldiario.net\/portal\/2021\/06\/02\/posesionaron-a-blanco-con-restricciones-a-la-prensa\/","title":{"rendered":"Posesionaron a Blanco con  restricciones a la prensa"},"content":{"rendered":"<p>\u201c\u00bfUsted es de la prensa? \u2018s\u00ed\u2019, (entonces) no puede estar aqu\u00ed, tiene que desocupar, no est\u00e1 autorizado el ingreso\u201d, le dijo una oficial de seguridad del Tribunal Departamental de Justicia (TDJ) de La Paz, que estaba acompa\u00f1ada por allegados de Edwin Blanco, a un periodista que cubr\u00eda el acto de posesi\u00f3n de nuevos jueces. No obstante, el presidente de esa instancia, Jorge Quino, asegur\u00f3 que el evento no era restringido. A trav\u00e9s de un memorial, el exfiscal dijo tener sospechas de covid-19, empero asisti\u00f3 a su posesi\u00f3n.<br \/>\n\u201cSe\u00f1or tiene que dejar de grabar, nos van a llamar la atenci\u00f3n. Mu\u00e9streme su credencial, \u00bfde qu\u00e9 medio es?, no puede ingresar usted\u201d, prosigui\u00f3 la guardia de seguridad.<br \/>\nConsultado al respecto el presidente del TDJ, Jorge Quino, aclar\u00f3 que el evento no ten\u00eda restricciones.<br \/>\n\u201cEstaban dos o tres medios de prensa, nadie pod\u00eda sacar a la prensa porque estaba autorizado\u201d, precis\u00f3 Quino.<br \/>\nEl art\u00edculo 106, par\u00e1grafo II de la Constituci\u00f3n Pol\u00edtica del Estado (CPE), se\u00f1ala: \u201cEl Estado garantiza a las bolivianas y los bolivianos el derecho a la libertad de expresi\u00f3n, de opini\u00f3n y de informaci\u00f3n, a la rectificaci\u00f3n y a la r\u00e9plica, y el derecho a emitir libremente las ideas por cualquier medio de difusi\u00f3n, sin censura previa\u201d.<\/p>\n<p>POSESI\u00d3N<br \/>\nEl ex fiscal departamental de La Paz, Edwin Blanco Soria, fue posesionado ayer como juez de Sentencia por el TDJ, en medio de cr\u00edticas y rechazo, no obstante de haber presentado un memorial solicitando reprogramar el acto por presentar s\u00edntomas que pod\u00edan derivar en covid-19.<br \/>\n\u201cSe deja constancia que el d\u00eda de hoy (ayer) a horas 9.30 se ha presentado una nota por parte del abogado Edwin Blanco Soria, la misma que en su parte pertinente indica se se\u00f1ale nuevo d\u00eda y hora pues mi persona presenta algunos s\u00edntomas de resfr\u00edo y el d\u00eda de hoy me realizar\u00e9 la prueba para determinar si estoy infectado con covid\u201319, cuyo resultado har\u00e9 conocer a su autoridad oportunamente\u201d, ley\u00f3 la secretaria del TDJ de La Paz al inicio del acto de posesi\u00f3n.<br \/>\nM\u00e1s adelante, cuando termin\u00f3 de leer la n\u00f3mina de las autoridades posesionadas, la secretaria dijo: \u201cDoctor, quiero hacer presente que a pesar de la nota presentada hoy (ayer), el doctor Edwin Blanco Soria se encuentra presente\u201d.<br \/>\nLa designaci\u00f3n de Blanco como juez fue criticada por pol\u00edticos, instituciones y la sociedad civil porque cuando era fiscal acus\u00f3 al m\u00e9dico Jhiery Fern\u00e1ndez por una violaci\u00f3n que nunca existi\u00f3, provocando que sea encarcelado casi cuatro a\u00f1os, por un crimen del que ahora fue declarado inocente.<br \/>\nBlanco est\u00e1 bajo investigaci\u00f3n del Ministerio P\u00fablico por las irregularidades en la investigaci\u00f3n del caso beb\u00e9 Alexander. Seg\u00fan investigaciones de la Fiscal\u00eda no hab\u00eda pruebas suficientes para emitir la acusaci\u00f3n contra el m\u00e9dico Fern\u00e1ndez y que las pruebas que demostraban su inocencia fueron ocultadas.<\/p>\n<p>V\u00cdCTIMAS<br \/>\nA trav\u00e9s de un comunicado, la Asamblea Permanente de Derechos Humanos de La Paz (Apdhlp) pidi\u00f3 a la poblaci\u00f3n enviar informaci\u00f3n y denuncias sobre irregularidades, atropellos e ilegalidades cometidas por el exfiscal Edwin Blanco, hoy juez de sentencia.<br \/>\nLa Apdhlp aclar\u00f3 que se respetar\u00e1 la confidencialidad de la identidad de las personas, siendo que la finalidad es hacer conocer las denuncias ante instancias nacionales e internacionales.<br \/>\nLa Apdhlp se encuentra en la avenida 6 de agosto, N\u00b0 548 en la Casa de los Derechos Humanos, 1er. Piso, su tel\u00e9fono es 2440611 y su direcci\u00f3n de correo electr\u00f3nico es: derechoshumanoslapazbolivia@gmail.com<\/p>\n","protected":false},"excerpt":{"rendered":"<p>\u201c\u00bfUsted es de la prensa? \u2018s\u00ed\u2019, (entonces) no puede estar aqu\u00ed, tiene que desocupar, no est\u00e1 autorizado el ingreso\u201d, le dijo una oficial de seguridad del Tribunal Departamental de Justicia (TDJ) de La Paz, que estaba acompa\u00f1ada por allegados de Edwin Blanco, a un periodista que cubr\u00eda el acto de posesi\u00f3n de nuevos jueces. No [&hellip;]<\/p>\n","protected":false},"author":1,"featured_media":7883,"comment_status":"closed","ping_status":"closed","sticky":false,"template":"","format":"standard","meta":{"_acf_changed":false,"footnotes":""},"categories":[39],"tags":[],"class_list":["post-7882","post","type-post","status-publish","format-standard","has-post-thumbnail","category-sociedad"],"acf":{"antetitulo":""},"yoast_head":"<!-- This site is optimized with the Yoast SEO plugin v28.3 - https:\/\/yoast.com\/product\/yoast-seo-wordpress\/ -->\n<title>Posesionaron a Blanco con restricciones a la prensa - El Diario - Bolivia<\/title>\n<meta name=\"robots\" content=\"index, follow, max-snippet:-1, max-image-preview:large, max-video-preview:-1\" \/>\n<link rel=\"canonical\" href=\"https:\/\/www.eldiario.net\/portal\/2021\/06\/02\/posesionaron-a-blanco-con-restricciones-a-la-prensa\/\" \/>\n<meta property=\"og:locale\" content=\"es_ES\" \/>\n<meta property=\"og:type\" content=\"article\" \/>\n<meta property=\"og:title\" content=\"Posesionaron a Blanco con restricciones a la prensa - El Diario - Bolivia\" \/>\n<meta property=\"og:description\" content=\"\u201c\u00bfUsted es de la prensa? \u2018s\u00ed\u2019, (entonces) no puede estar aqu\u00ed, tiene que desocupar, no est\u00e1 autorizado el ingreso\u201d, le dijo una oficial de seguridad del Tribunal Departamental de Justicia (TDJ) de La Paz, que estaba acompa\u00f1ada por allegados de Edwin Blanco, a un periodista que cubr\u00eda el acto de posesi\u00f3n de nuevos jueces. No [&hellip;]\" \/>\n<meta property=\"og:url\" content=\"https:\/\/www.eldiario.net\/portal\/2021\/06\/02\/posesionaron-a-blanco-con-restricciones-a-la-prensa\/\" \/>\n<meta property=\"og:site_name\" content=\"El Diario - Bolivia\" \/>\n<meta property=\"article:publisher\" content=\"https:\/\/www.facebook.com\/eldiario.bolivia\/\" \/>\n<meta property=\"article:published_time\" content=\"2021-06-02T10:43:04+00:00\" \/>\n<meta name=\"author\" content=\"Jeanette\" \/>\n<meta name=\"twitter:card\" content=\"summary_large_image\" \/>\n<meta name=\"twitter:creator\" content=\"@eldiario_net\" \/>\n<meta name=\"twitter:site\" content=\"@eldiario_net\" \/>\n<meta name=\"twitter:label1\" content=\"Escrito por\" \/>\n\t<meta name=\"twitter:data1\" content=\"Jeanette\" \/>\n\t<meta name=\"twitter:label2\" content=\"Tiempo de lectura\" \/>\n\t<meta name=\"twitter:data2\" content=\"3 minutos\" \/>\n<script type=\"application\/ld+json\" class=\"yoast-schema-graph\">{\"@context\":\"https:\\\/\\\/schema.org\",\"@graph\":[{\"@type\":\"Article\",\"@id\":\"https:\\\/\\\/www.eldiario.net\\\/portal\\\/2021\\\/06\\\/02\\\/posesionaron-a-blanco-con-restricciones-a-la-prensa\\\/#article\",\"isPartOf\":{\"@id\":\"https:\\\/\\\/www.eldiario.net\\\/portal\\\/2021\\\/06\\\/02\\\/posesionaron-a-blanco-con-restricciones-a-la-prensa\\\/\"},\"author\":{\"name\":\"Jeanette\",\"@id\":\"https:\\\/\\\/www.eldiario.net\\\/portal\\\/#\\\/schema\\\/person\\\/f46445640444750d7d753ccd04ae01b7\"},\"headline\":\"Posesionaron a Blanco con restricciones a la prensa\",\"datePublished\":\"2021-06-02T10:43:04+00:00\",\"mainEntityOfPage\":{\"@id\":\"https:\\\/\\\/www.eldiario.net\\\/portal\\\/2021\\\/06\\\/02\\\/posesionaron-a-blanco-con-restricciones-a-la-prensa\\\/\"},\"wordCount\":623,\"publisher\":{\"@id\":\"https:\\\/\\\/www.eldiario.net\\\/portal\\\/#organization\"},\"image\":{\"@id\":\"https:\\\/\\\/www.eldiario.net\\\/portal\\\/2021\\\/06\\\/02\\\/posesionaron-a-blanco-con-restricciones-a-la-prensa\\\/#primaryimage\"},\"thumbnailUrl\":\"\",\"articleSection\":[\"Sociedad - Seguridad\"],\"inLanguage\":\"es\"},{\"@type\":\"WebPage\",\"@id\":\"https:\\\/\\\/www.eldiario.net\\\/portal\\\/2021\\\/06\\\/02\\\/posesionaron-a-blanco-con-restricciones-a-la-prensa\\\/\",\"url\":\"https:\\\/\\\/www.eldiario.net\\\/portal\\\/2021\\\/06\\\/02\\\/posesionaron-a-blanco-con-restricciones-a-la-prensa\\\/\",\"name\":\"Posesionaron a Blanco con restricciones a la prensa - El Diario - Bolivia\",\"isPartOf\":{\"@id\":\"https:\\\/\\\/www.eldiario.net\\\/portal\\\/#website\"},\"primaryImageOfPage\":{\"@id\":\"https:\\\/\\\/www.eldiario.net\\\/portal\\\/2021\\\/06\\\/02\\\/posesionaron-a-blanco-con-restricciones-a-la-prensa\\\/#primaryimage\"},\"image\":{\"@id\":\"https:\\\/\\\/www.eldiario.net\\\/portal\\\/2021\\\/06\\\/02\\\/posesionaron-a-blanco-con-restricciones-a-la-prensa\\\/#primaryimage\"},\"thumbnailUrl\":\"\",\"datePublished\":\"2021-06-02T10:43:04+00:00\",\"breadcrumb\":{\"@id\":\"https:\\\/\\\/www.eldiario.net\\\/portal\\\/2021\\\/06\\\/02\\\/posesionaron-a-blanco-con-restricciones-a-la-prensa\\\/#breadcrumb\"},\"inLanguage\":\"es\",\"potentialAction\":[{\"@type\":\"ReadAction\",\"target\":[\"https:\\\/\\\/www.eldiario.net\\\/portal\\\/2021\\\/06\\\/02\\\/posesionaron-a-blanco-con-restricciones-a-la-prensa\\\/\"]}]},{\"@type\":\"ImageObject\",\"inLanguage\":\"es\",\"@id\":\"https:\\\/\\\/www.eldiario.net\\\/portal\\\/2021\\\/06\\\/02\\\/posesionaron-a-blanco-con-restricciones-a-la-prensa\\\/#primaryimage\",\"url\":\"\",\"contentUrl\":\"\"},{\"@type\":\"BreadcrumbList\",\"@id\":\"https:\\\/\\\/www.eldiario.net\\\/portal\\\/2021\\\/06\\\/02\\\/posesionaron-a-blanco-con-restricciones-a-la-prensa\\\/#breadcrumb\",\"itemListElement\":[{\"@type\":\"ListItem\",\"position\":1,\"name\":\"Portada\",\"item\":\"https:\\\/\\\/www.eldiario.net\\\/portal\\\/\"},{\"@type\":\"ListItem\",\"position\":2,\"name\":\"Posesionaron a Blanco con restricciones a la prensa\"}]},{\"@type\":\"WebSite\",\"@id\":\"https:\\\/\\\/www.eldiario.net\\\/portal\\\/#website\",\"url\":\"https:\\\/\\\/www.eldiario.net\\\/portal\\\/\",\"name\":\"El Diario - Decano de la prensa nacional\",\"description\":\"El Diario - Decano de la prensa nacional\",\"publisher\":{\"@id\":\"https:\\\/\\\/www.eldiario.net\\\/portal\\\/#organization\"},\"potentialAction\":[{\"@type\":\"SearchAction\",\"target\":{\"@type\":\"EntryPoint\",\"urlTemplate\":\"https:\\\/\\\/www.eldiario.net\\\/portal\\\/?s={search_term_string}\"},\"query-input\":{\"@type\":\"PropertyValueSpecification\",\"valueRequired\":true,\"valueName\":\"search_term_string\"}}],\"inLanguage\":\"es\"},{\"@type\":\"Organization\",\"@id\":\"https:\\\/\\\/www.eldiario.net\\\/portal\\\/#organization\",\"name\":\"El Diario - Decano de la prensa nacional\",\"url\":\"https:\\\/\\\/www.eldiario.net\\\/portal\\\/\",\"logo\":{\"@type\":\"ImageObject\",\"inLanguage\":\"es\",\"@id\":\"https:\\\/\\\/www.eldiario.net\\\/portal\\\/#\\\/schema\\\/logo\\\/image\\\/\",\"url\":\"https:\\\/\\\/www.eldiario.net\\\/portal\\\/wp-content\\\/uploads\\\/2023\\\/07\\\/logo_ED.jpg\",\"contentUrl\":\"https:\\\/\\\/www.eldiario.net\\\/portal\\\/wp-content\\\/uploads\\\/2023\\\/07\\\/logo_ED.jpg\",\"width\":272,\"height\":52,\"caption\":\"El Diario - Decano de la prensa nacional\"},\"image\":{\"@id\":\"https:\\\/\\\/www.eldiario.net\\\/portal\\\/#\\\/schema\\\/logo\\\/image\\\/\"},\"sameAs\":[\"https:\\\/\\\/www.facebook.com\\\/eldiario.bolivia\\\/\",\"https:\\\/\\\/x.com\\\/eldiario_net\"]},{\"@type\":\"Person\",\"@id\":\"https:\\\/\\\/www.eldiario.net\\\/portal\\\/#\\\/schema\\\/person\\\/f46445640444750d7d753ccd04ae01b7\",\"name\":\"Jeanette\",\"image\":{\"@type\":\"ImageObject\",\"inLanguage\":\"es\",\"@id\":\"https:\\\/\\\/secure.gravatar.com\\\/avatar\\\/3ea2118a5f7dad2b7138b1187a6b7ee55f160b9968b66013c3a3ef39dd7e5798?s=96&d=mm&r=g\",\"url\":\"https:\\\/\\\/secure.gravatar.com\\\/avatar\\\/3ea2118a5f7dad2b7138b1187a6b7ee55f160b9968b66013c3a3ef39dd7e5798?s=96&d=mm&r=g\",\"contentUrl\":\"https:\\\/\\\/secure.gravatar.com\\\/avatar\\\/3ea2118a5f7dad2b7138b1187a6b7ee55f160b9968b66013c3a3ef39dd7e5798?s=96&d=mm&r=g\",\"caption\":\"Jeanette\"},\"sameAs\":[\"https:\\\/\\\/www.eldiario.net\\\/portal\"],\"url\":\"https:\\\/\\\/www.eldiario.net\\\/portal\\\/author\\\/jeanette\\\/\"}]}<\/script>\n<!-- \/ Yoast SEO plugin. -->","yoast_head_json":{"title":"Posesionaron a Blanco con restricciones a la prensa - El Diario - Bolivia","robots":{"index":"index","follow":"follow","max-snippet":"max-snippet:-1","max-image-preview":"max-image-preview:large","max-video-preview":"max-video-preview:-1"},"canonical":"https:\/\/www.eldiario.net\/portal\/2021\/06\/02\/posesionaron-a-blanco-con-restricciones-a-la-prensa\/","og_locale":"es_ES","og_type":"article","og_title":"Posesionaron a Blanco con restricciones a la prensa - El Diario - Bolivia","og_description":"\u201c\u00bfUsted es de la prensa? \u2018s\u00ed\u2019, (entonces) no puede estar aqu\u00ed, tiene que desocupar, no est\u00e1 autorizado el ingreso\u201d, le dijo una oficial de seguridad del Tribunal Departamental de Justicia (TDJ) de La Paz, que estaba acompa\u00f1ada por allegados de Edwin Blanco, a un periodista que cubr\u00eda el acto de posesi\u00f3n de nuevos jueces. No [&hellip;]","og_url":"https:\/\/www.eldiario.net\/portal\/2021\/06\/02\/posesionaron-a-blanco-con-restricciones-a-la-prensa\/","og_site_name":"El Diario - Bolivia","article_publisher":"https:\/\/www.facebook.com\/eldiario.bolivia\/","article_published_time":"2021-06-02T10:43:04+00:00","author":"Jeanette","twitter_card":"summary_large_image","twitter_creator":"@eldiario_net","twitter_site":"@eldiario_net","twitter_misc":{"Escrito por":"Jeanette","Tiempo de lectura":"3 minutos"},"schema":{"@context":"https:\/\/schema.org","@graph":[{"@type":"Article","@id":"https:\/\/www.eldiario.net\/portal\/2021\/06\/02\/posesionaron-a-blanco-con-restricciones-a-la-prensa\/#article","isPartOf":{"@id":"https:\/\/www.eldiario.net\/portal\/2021\/06\/02\/posesionaron-a-blanco-con-restricciones-a-la-prensa\/"},"author":{"name":"Jeanette","@id":"https:\/\/www.eldiario.net\/portal\/#\/schema\/person\/f46445640444750d7d753ccd04ae01b7"},"headline":"Posesionaron a Blanco con restricciones a la prensa","datePublished":"2021-06-02T10:43:04+00:00","mainEntityOfPage":{"@id":"https:\/\/www.eldiario.net\/portal\/2021\/06\/02\/posesionaron-a-blanco-con-restricciones-a-la-prensa\/"},"wordCount":623,"publisher":{"@id":"https:\/\/www.eldiario.net\/portal\/#organization"},"image":{"@id":"https:\/\/www.eldiario.net\/portal\/2021\/06\/02\/posesionaron-a-blanco-con-restricciones-a-la-prensa\/#primaryimage"},"thumbnailUrl":"","articleSection":["Sociedad - Seguridad"],"inLanguage":"es"},{"@type":"WebPage","@id":"https:\/\/www.eldiario.net\/portal\/2021\/06\/02\/posesionaron-a-blanco-con-restricciones-a-la-prensa\/","url":"https:\/\/www.eldiario.net\/portal\/2021\/06\/02\/posesionaron-a-blanco-con-restricciones-a-la-prensa\/","name":"Posesionaron a Blanco con restricciones a la prensa - El Diario - Bolivia","isPartOf":{"@id":"https:\/\/www.eldiario.net\/portal\/#website"},"primaryImageOfPage":{"@id":"https:\/\/www.eldiario.net\/portal\/2021\/06\/02\/posesionaron-a-blanco-con-restricciones-a-la-prensa\/#primaryimage"},"image":{"@id":"https:\/\/www.eldiario.net\/portal\/2021\/06\/02\/posesionaron-a-blanco-con-restricciones-a-la-prensa\/#primaryimage"},"thumbnailUrl":"","datePublished":"2021-06-02T10:43:04+00:00","breadcrumb":{"@id":"https:\/\/www.eldiario.net\/portal\/2021\/06\/02\/posesionaron-a-blanco-con-restricciones-a-la-prensa\/#breadcrumb"},"inLanguage":"es","potentialAction":[{"@type":"ReadAction","target":["https:\/\/www.eldiario.net\/portal\/2021\/06\/02\/posesionaron-a-blanco-con-restricciones-a-la-prensa\/"]}]},{"@type":"ImageObject","inLanguage":"es","@id":"https:\/\/www.eldiario.net\/portal\/2021\/06\/02\/posesionaron-a-blanco-con-restricciones-a-la-prensa\/#primaryimage","url":"","contentUrl":""},{"@type":"BreadcrumbList","@id":"https:\/\/www.eldiario.net\/portal\/2021\/06\/02\/posesionaron-a-blanco-con-restricciones-a-la-prensa\/#breadcrumb","itemListElement":[{"@type":"ListItem","position":1,"name":"Portada","item":"https:\/\/www.eldiario.net\/portal\/"},{"@type":"ListItem","position":2,"name":"Posesionaron a Blanco con restricciones a la prensa"}]},{"@type":"WebSite","@id":"https:\/\/www.eldiario.net\/portal\/#website","url":"https:\/\/www.eldiario.net\/portal\/","name":"El Diario - Decano de la prensa nacional","description":"El Diario - Decano de la prensa nacional","publisher":{"@id":"https:\/\/www.eldiario.net\/portal\/#organization"},"potentialAction":[{"@type":"SearchAction","target":{"@type":"EntryPoint","urlTemplate":"https:\/\/www.eldiario.net\/portal\/?s={search_term_string}"},"query-input":{"@type":"PropertyValueSpecification","valueRequired":true,"valueName":"search_term_string"}}],"inLanguage":"es"},{"@type":"Organization","@id":"https:\/\/www.eldiario.net\/portal\/#organization","name":"El Diario - Decano de la prensa nacional","url":"https:\/\/www.eldiario.net\/portal\/","logo":{"@type":"ImageObject","inLanguage":"es","@id":"https:\/\/www.eldiario.net\/portal\/#\/schema\/logo\/image\/","url":"https:\/\/www.eldiario.net\/portal\/wp-content\/uploads\/2023\/07\/logo_ED.jpg","contentUrl":"https:\/\/www.eldiario.net\/portal\/wp-content\/uploads\/2023\/07\/logo_ED.jpg","width":272,"height":52,"caption":"El Diario - Decano de la prensa nacional"},"image":{"@id":"https:\/\/www.eldiario.net\/portal\/#\/schema\/logo\/image\/"},"sameAs":["https:\/\/www.facebook.com\/eldiario.bolivia\/","https:\/\/x.com\/eldiario_net"]},{"@type":"Person","@id":"https:\/\/www.eldiario.net\/portal\/#\/schema\/person\/f46445640444750d7d753ccd04ae01b7","name":"Jeanette","image":{"@type":"ImageObject","inLanguage":"es","@id":"https:\/\/secure.gravatar.com\/avatar\/3ea2118a5f7dad2b7138b1187a6b7ee55f160b9968b66013c3a3ef39dd7e5798?s=96&d=mm&r=g","url":"https:\/\/secure.gravatar.com\/avatar\/3ea2118a5f7dad2b7138b1187a6b7ee55f160b9968b66013c3a3ef39dd7e5798?s=96&d=mm&r=g","contentUrl":"https:\/\/secure.gravatar.com\/avatar\/3ea2118a5f7dad2b7138b1187a6b7ee55f160b9968b66013c3a3ef39dd7e5798?s=96&d=mm&r=g","caption":"Jeanette"},"sameAs":["https:\/\/www.eldiario.net\/portal"],"url":"https:\/\/www.eldiario.net\/portal\/author\/jeanette\/"}]}},"_links":{"self":[{"href":"https:\/\/www.eldiario.net\/portal\/wp-json\/wp\/v2\/posts\/7882","targetHints":{"allow":["GET"]}}],"collection":[{"href":"https:\/\/www.eldiario.net\/portal\/wp-json\/wp\/v2\/posts"}],"about":[{"href":"https:\/\/www.eldiario.net\/portal\/wp-json\/wp\/v2\/types\/post"}],"author":[{"embeddable":true,"href":"https:\/\/www.eldiario.net\/portal\/wp-json\/wp\/v2\/users\/1"}],"replies":[{"embeddable":true,"href":"https:\/\/www.eldiario.net\/portal\/wp-json\/wp\/v2\/comments?post=7882"}],"version-history":[{"count":0,"href":"https:\/\/www.eldiario.net\/portal\/wp-json\/wp\/v2\/posts\/7882\/revisions"}],"wp:attachment":[{"href":"https:\/\/www.eldiario.net\/portal\/wp-json\/wp\/v2\/media?parent=7882"}],"wp:term":[{"taxonomy":"category","embeddable":true,"href":"https:\/\/www.eldiario.net\/portal\/wp-json\/wp\/v2\/categories?post=7882"},{"taxonomy":"post_tag","embeddable":true,"href":"https:\/\/www.eldiario.net\/portal\/wp-json\/wp\/v2\/tags?post=7882"}],"curies":[{"name":"wp","href":"https:\/\/api.w.org\/{rel}","templated":true}]}}