{"id":7879,"date":"2021-06-02T06:42:01","date_gmt":"2021-06-02T10:42:01","guid":{"rendered":"https:\/\/www.eldiario.net\/portal\/?p=7879"},"modified":"2021-06-02T06:42:01","modified_gmt":"2021-06-02T10:42:01","slug":"bufete-de-abogados-vinculados-al-mas-figura-como-ong-y-cobra-al-estado","status":"publish","type":"post","link":"https:\/\/www.eldiario.net\/portal\/2021\/06\/02\/bufete-de-abogados-vinculados-al-mas-figura-como-ong-y-cobra-al-estado\/","title":{"rendered":"Bufete de abogados vinculados al MAS  figura como ONG y cobra al Estado"},"content":{"rendered":"<p>La firma jur\u00eddica Alliance Abogados Asociados, de la que son socios los exprocuradores vinculados al Movimiento al Socialismo (MAS), H\u00e9ctor Arce Zaconeta y Pablo Menacho Diederich, figura como Organizaci\u00f3n No Gubernamental (ONG) para adjudicarse procesos internacionales por los que cobra al Estado, denunci\u00f3 el abogado constitucionalista Jorge Santistevan.<br \/>\n\u201cEste consorcio de abogados est\u00e1 figurando como ONG, siendo que estas organizaciones son sin fines de lucro, pero esta es la \u00fanica en su especie que est\u00e1 cobrando al Estado, al menos, 2,5 millones de d\u00f3lares por el caso Mut\u00fan (con la firma ind\u00fa Jindal Steel Bolivia S. A.). Debe haber una investigaci\u00f3n por parte del \u00d3rgano Legislativo y adem\u00e1s establecer una de auditor\u00eda externa\u201d, puntualiz\u00f3.<br \/>\nEn criterio del jurista, la conformaci\u00f3n de la firma Alliance Abogados Asociados responde a una deliberada intenci\u00f3n de beneficiarse con recursos del Estado, no obstante del ejercicio p\u00fablico que les permiti\u00f3 acceder a contactos e informaci\u00f3n de manera desleal.<br \/>\nEl procedimiento jur\u00eddico de arbitraje internacional, mediante orden procesal, exige al Estado demandado la designaci\u00f3n de una firma de abogados, a conocimiento de este requisito ambos abogados vinculados al MAS forman el consorcio sacando ventaja sobre el resto de los profesionales abogados que, adem\u00e1s no figuran como ONG.<br \/>\nSeg\u00fan la valoraci\u00f3n del constitucionalista, el Estado boliviano debe atender millonarios procesos internacionales, entre ellos, la nacionalizaci\u00f3n de las hidrocarbur\u00edferas Chaco por 357 millones de d\u00f3lares, Transredes por 241 millones de d\u00f3lares, Entel por otros 100 millones de d\u00f3lares, adem\u00e1s de otras ocho empresas internacionales demandantes.<br \/>\nLa ventaja indebida en favor de Alliance Abogados Asociados tambi\u00e9n tiene que ver con adjudicaci\u00f3n de los procesos de manera directa, sin licitaciones p\u00fablicas.<br \/>\nAsimismo, el Estado boliviano debe responder las demandas ante la Corte Interamericana de Derechos Humanos (CIDH) por violaciones a los derechos fundamentales que suman cerca de un centenar de personas, cuyo resarcimiento supera los 50.000 d\u00f3lares en cada caso, seg\u00fan la valoraci\u00f3n de Santistevan.<br \/>\n\u201cLa corte normalmente atribuye en sus resoluciones entre 70.000, 80.000, 100. 000 d\u00f3lares como una media para indemnizar por da\u00f1os y perjuicios, asumiendo esa responsabilidad pero con mucho retraso por parte del Estado, hasta la fecha\u201d, sostuvo.<br \/>\nA decir de Santistevan, los funcionarios de la Procuradur\u00eda General del Estado (PGE) no est\u00e1n cumpliendo sus funciones limit\u00e1ndola a un organismo \u201csimplemente figurativo o adorno\u201d que no tiene ninguna funci\u00f3n importante, actuando como intermediadora entre los demandantes y el Estado boliviano.<br \/>\n\u201cEso no le sirve al Estado es una pesada carga. Esta situaci\u00f3n da a entender un claro favoritismo por parte del Gobierno nacional hacia ese bufete jur\u00eddico y no en favor de la defensa del Estado para lo que fue creada. La pregunta es: \u00bfPara qu\u00e9 sirve el consejo de abogados de la procuradur\u00eda? Hay una falta de lealtad hacia el Estado y una falta de \u00e9tica profesional de los mencionados (Zaconeta y Menacho)\u201d, cuestion\u00f3.<br \/>\nSantistevan plante\u00f3 la intervenci\u00f3n del Viceministerio de Transparencia y Lucha Contra la Corrupci\u00f3n, adem\u00e1s de la investigaci\u00f3n por parte de legisladores nacionales a fin de evitar el desangramiento econ\u00f3mico del Estado por los laudos arbitrales que van en contra de la econom\u00eda de todos los bolivianos, mucho m\u00e1s ahora que se vive una situaci\u00f3n de dolor por la pandemia.<\/p>\n","protected":false},"excerpt":{"rendered":"<p>La firma jur\u00eddica Alliance Abogados Asociados, de la que son socios los exprocuradores vinculados al Movimiento al Socialismo (MAS), H\u00e9ctor Arce Zaconeta y Pablo Menacho Diederich, figura como Organizaci\u00f3n No Gubernamental (ONG) para adjudicarse procesos internacionales por los que cobra al Estado, denunci\u00f3 el abogado constitucionalista Jorge Santistevan. \u201cEste consorcio de abogados est\u00e1 figurando como [&hellip;]<\/p>\n","protected":false},"author":1,"featured_media":7880,"comment_status":"closed","ping_status":"closed","sticky":false,"template":"","format":"standard","meta":{"_acf_changed":false,"footnotes":""},"categories":[39],"tags":[],"class_list":["post-7879","post","type-post","status-publish","format-standard","has-post-thumbnail","category-sociedad"],"acf":{"antetitulo":""},"yoast_head":"<!-- This site is optimized with the Yoast SEO plugin v28.3 - https:\/\/yoast.com\/product\/yoast-seo-wordpress\/ -->\n<title>Bufete de abogados vinculados al MAS figura como ONG y cobra al Estado - El Diario - Bolivia<\/title>\n<meta name=\"robots\" content=\"index, follow, max-snippet:-1, max-image-preview:large, max-video-preview:-1\" \/>\n<link rel=\"canonical\" href=\"https:\/\/www.eldiario.net\/portal\/2021\/06\/02\/bufete-de-abogados-vinculados-al-mas-figura-como-ong-y-cobra-al-estado\/\" \/>\n<meta property=\"og:locale\" content=\"es_ES\" \/>\n<meta property=\"og:type\" content=\"article\" \/>\n<meta property=\"og:title\" content=\"Bufete de abogados vinculados al MAS figura como ONG y cobra al Estado - El Diario - Bolivia\" \/>\n<meta property=\"og:description\" content=\"La firma jur\u00eddica Alliance Abogados Asociados, de la que son socios los exprocuradores vinculados al Movimiento al Socialismo (MAS), H\u00e9ctor Arce Zaconeta y Pablo Menacho Diederich, figura como Organizaci\u00f3n No Gubernamental (ONG) para adjudicarse procesos internacionales por los que cobra al Estado, denunci\u00f3 el abogado constitucionalista Jorge Santistevan. \u201cEste consorcio de abogados est\u00e1 figurando como [&hellip;]\" \/>\n<meta property=\"og:url\" content=\"https:\/\/www.eldiario.net\/portal\/2021\/06\/02\/bufete-de-abogados-vinculados-al-mas-figura-como-ong-y-cobra-al-estado\/\" \/>\n<meta property=\"og:site_name\" content=\"El Diario - Bolivia\" \/>\n<meta property=\"article:publisher\" content=\"https:\/\/www.facebook.com\/eldiario.bolivia\/\" \/>\n<meta property=\"article:published_time\" content=\"2021-06-02T10:42:01+00:00\" \/>\n<meta name=\"author\" content=\"Jeanette\" \/>\n<meta name=\"twitter:card\" content=\"summary_large_image\" \/>\n<meta name=\"twitter:creator\" content=\"@eldiario_net\" \/>\n<meta name=\"twitter:site\" content=\"@eldiario_net\" \/>\n<meta name=\"twitter:label1\" content=\"Escrito por\" \/>\n\t<meta name=\"twitter:data1\" content=\"Jeanette\" \/>\n\t<meta name=\"twitter:label2\" content=\"Tiempo de lectura\" \/>\n\t<meta name=\"twitter:data2\" content=\"3 minutos\" \/>\n<script type=\"application\/ld+json\" class=\"yoast-schema-graph\">{\"@context\":\"https:\\\/\\\/schema.org\",\"@graph\":[{\"@type\":\"Article\",\"@id\":\"https:\\\/\\\/www.eldiario.net\\\/portal\\\/2021\\\/06\\\/02\\\/bufete-de-abogados-vinculados-al-mas-figura-como-ong-y-cobra-al-estado\\\/#article\",\"isPartOf\":{\"@id\":\"https:\\\/\\\/www.eldiario.net\\\/portal\\\/2021\\\/06\\\/02\\\/bufete-de-abogados-vinculados-al-mas-figura-como-ong-y-cobra-al-estado\\\/\"},\"author\":{\"name\":\"Jeanette\",\"@id\":\"https:\\\/\\\/www.eldiario.net\\\/portal\\\/#\\\/schema\\\/person\\\/f46445640444750d7d753ccd04ae01b7\"},\"headline\":\"Bufete de abogados vinculados al MAS figura como ONG y cobra al Estado\",\"datePublished\":\"2021-06-02T10:42:01+00:00\",\"mainEntityOfPage\":{\"@id\":\"https:\\\/\\\/www.eldiario.net\\\/portal\\\/2021\\\/06\\\/02\\\/bufete-de-abogados-vinculados-al-mas-figura-como-ong-y-cobra-al-estado\\\/\"},\"wordCount\":578,\"publisher\":{\"@id\":\"https:\\\/\\\/www.eldiario.net\\\/portal\\\/#organization\"},\"image\":{\"@id\":\"https:\\\/\\\/www.eldiario.net\\\/portal\\\/2021\\\/06\\\/02\\\/bufete-de-abogados-vinculados-al-mas-figura-como-ong-y-cobra-al-estado\\\/#primaryimage\"},\"thumbnailUrl\":\"\",\"articleSection\":[\"Sociedad - Seguridad\"],\"inLanguage\":\"es\"},{\"@type\":\"WebPage\",\"@id\":\"https:\\\/\\\/www.eldiario.net\\\/portal\\\/2021\\\/06\\\/02\\\/bufete-de-abogados-vinculados-al-mas-figura-como-ong-y-cobra-al-estado\\\/\",\"url\":\"https:\\\/\\\/www.eldiario.net\\\/portal\\\/2021\\\/06\\\/02\\\/bufete-de-abogados-vinculados-al-mas-figura-como-ong-y-cobra-al-estado\\\/\",\"name\":\"Bufete de abogados vinculados al MAS figura como ONG y cobra al Estado - El Diario - Bolivia\",\"isPartOf\":{\"@id\":\"https:\\\/\\\/www.eldiario.net\\\/portal\\\/#website\"},\"primaryImageOfPage\":{\"@id\":\"https:\\\/\\\/www.eldiario.net\\\/portal\\\/2021\\\/06\\\/02\\\/bufete-de-abogados-vinculados-al-mas-figura-como-ong-y-cobra-al-estado\\\/#primaryimage\"},\"image\":{\"@id\":\"https:\\\/\\\/www.eldiario.net\\\/portal\\\/2021\\\/06\\\/02\\\/bufete-de-abogados-vinculados-al-mas-figura-como-ong-y-cobra-al-estado\\\/#primaryimage\"},\"thumbnailUrl\":\"\",\"datePublished\":\"2021-06-02T10:42:01+00:00\",\"breadcrumb\":{\"@id\":\"https:\\\/\\\/www.eldiario.net\\\/portal\\\/2021\\\/06\\\/02\\\/bufete-de-abogados-vinculados-al-mas-figura-como-ong-y-cobra-al-estado\\\/#breadcrumb\"},\"inLanguage\":\"es\",\"potentialAction\":[{\"@type\":\"ReadAction\",\"target\":[\"https:\\\/\\\/www.eldiario.net\\\/portal\\\/2021\\\/06\\\/02\\\/bufete-de-abogados-vinculados-al-mas-figura-como-ong-y-cobra-al-estado\\\/\"]}]},{\"@type\":\"ImageObject\",\"inLanguage\":\"es\",\"@id\":\"https:\\\/\\\/www.eldiario.net\\\/portal\\\/2021\\\/06\\\/02\\\/bufete-de-abogados-vinculados-al-mas-figura-como-ong-y-cobra-al-estado\\\/#primaryimage\",\"url\":\"\",\"contentUrl\":\"\"},{\"@type\":\"BreadcrumbList\",\"@id\":\"https:\\\/\\\/www.eldiario.net\\\/portal\\\/2021\\\/06\\\/02\\\/bufete-de-abogados-vinculados-al-mas-figura-como-ong-y-cobra-al-estado\\\/#breadcrumb\",\"itemListElement\":[{\"@type\":\"ListItem\",\"position\":1,\"name\":\"Portada\",\"item\":\"https:\\\/\\\/www.eldiario.net\\\/portal\\\/\"},{\"@type\":\"ListItem\",\"position\":2,\"name\":\"Bufete de abogados vinculados al MAS figura como ONG y cobra al Estado\"}]},{\"@type\":\"WebSite\",\"@id\":\"https:\\\/\\\/www.eldiario.net\\\/portal\\\/#website\",\"url\":\"https:\\\/\\\/www.eldiario.net\\\/portal\\\/\",\"name\":\"El Diario - Decano de la prensa nacional\",\"description\":\"El Diario - Decano de la prensa nacional\",\"publisher\":{\"@id\":\"https:\\\/\\\/www.eldiario.net\\\/portal\\\/#organization\"},\"potentialAction\":[{\"@type\":\"SearchAction\",\"target\":{\"@type\":\"EntryPoint\",\"urlTemplate\":\"https:\\\/\\\/www.eldiario.net\\\/portal\\\/?s={search_term_string}\"},\"query-input\":{\"@type\":\"PropertyValueSpecification\",\"valueRequired\":true,\"valueName\":\"search_term_string\"}}],\"inLanguage\":\"es\"},{\"@type\":\"Organization\",\"@id\":\"https:\\\/\\\/www.eldiario.net\\\/portal\\\/#organization\",\"name\":\"El Diario - Decano de la prensa nacional\",\"url\":\"https:\\\/\\\/www.eldiario.net\\\/portal\\\/\",\"logo\":{\"@type\":\"ImageObject\",\"inLanguage\":\"es\",\"@id\":\"https:\\\/\\\/www.eldiario.net\\\/portal\\\/#\\\/schema\\\/logo\\\/image\\\/\",\"url\":\"https:\\\/\\\/www.eldiario.net\\\/portal\\\/wp-content\\\/uploads\\\/2023\\\/07\\\/logo_ED.jpg\",\"contentUrl\":\"https:\\\/\\\/www.eldiario.net\\\/portal\\\/wp-content\\\/uploads\\\/2023\\\/07\\\/logo_ED.jpg\",\"width\":272,\"height\":52,\"caption\":\"El Diario - Decano de la prensa nacional\"},\"image\":{\"@id\":\"https:\\\/\\\/www.eldiario.net\\\/portal\\\/#\\\/schema\\\/logo\\\/image\\\/\"},\"sameAs\":[\"https:\\\/\\\/www.facebook.com\\\/eldiario.bolivia\\\/\",\"https:\\\/\\\/x.com\\\/eldiario_net\"]},{\"@type\":\"Person\",\"@id\":\"https:\\\/\\\/www.eldiario.net\\\/portal\\\/#\\\/schema\\\/person\\\/f46445640444750d7d753ccd04ae01b7\",\"name\":\"Jeanette\",\"image\":{\"@type\":\"ImageObject\",\"inLanguage\":\"es\",\"@id\":\"https:\\\/\\\/secure.gravatar.com\\\/avatar\\\/3ea2118a5f7dad2b7138b1187a6b7ee55f160b9968b66013c3a3ef39dd7e5798?s=96&d=mm&r=g\",\"url\":\"https:\\\/\\\/secure.gravatar.com\\\/avatar\\\/3ea2118a5f7dad2b7138b1187a6b7ee55f160b9968b66013c3a3ef39dd7e5798?s=96&d=mm&r=g\",\"contentUrl\":\"https:\\\/\\\/secure.gravatar.com\\\/avatar\\\/3ea2118a5f7dad2b7138b1187a6b7ee55f160b9968b66013c3a3ef39dd7e5798?s=96&d=mm&r=g\",\"caption\":\"Jeanette\"},\"sameAs\":[\"https:\\\/\\\/www.eldiario.net\\\/portal\"],\"url\":\"https:\\\/\\\/www.eldiario.net\\\/portal\\\/author\\\/jeanette\\\/\"}]}<\/script>\n<!-- \/ Yoast SEO plugin. -->","yoast_head_json":{"title":"Bufete de abogados vinculados al MAS figura como ONG y cobra al Estado - El Diario - Bolivia","robots":{"index":"index","follow":"follow","max-snippet":"max-snippet:-1","max-image-preview":"max-image-preview:large","max-video-preview":"max-video-preview:-1"},"canonical":"https:\/\/www.eldiario.net\/portal\/2021\/06\/02\/bufete-de-abogados-vinculados-al-mas-figura-como-ong-y-cobra-al-estado\/","og_locale":"es_ES","og_type":"article","og_title":"Bufete de abogados vinculados al MAS figura como ONG y cobra al Estado - El Diario - Bolivia","og_description":"La firma jur\u00eddica Alliance Abogados Asociados, de la que son socios los exprocuradores vinculados al Movimiento al Socialismo (MAS), H\u00e9ctor Arce Zaconeta y Pablo Menacho Diederich, figura como Organizaci\u00f3n No Gubernamental (ONG) para adjudicarse procesos internacionales por los que cobra al Estado, denunci\u00f3 el abogado constitucionalista Jorge Santistevan. \u201cEste consorcio de abogados est\u00e1 figurando como [&hellip;]","og_url":"https:\/\/www.eldiario.net\/portal\/2021\/06\/02\/bufete-de-abogados-vinculados-al-mas-figura-como-ong-y-cobra-al-estado\/","og_site_name":"El Diario - Bolivia","article_publisher":"https:\/\/www.facebook.com\/eldiario.bolivia\/","article_published_time":"2021-06-02T10:42:01+00:00","author":"Jeanette","twitter_card":"summary_large_image","twitter_creator":"@eldiario_net","twitter_site":"@eldiario_net","twitter_misc":{"Escrito por":"Jeanette","Tiempo de lectura":"3 minutos"},"schema":{"@context":"https:\/\/schema.org","@graph":[{"@type":"Article","@id":"https:\/\/www.eldiario.net\/portal\/2021\/06\/02\/bufete-de-abogados-vinculados-al-mas-figura-como-ong-y-cobra-al-estado\/#article","isPartOf":{"@id":"https:\/\/www.eldiario.net\/portal\/2021\/06\/02\/bufete-de-abogados-vinculados-al-mas-figura-como-ong-y-cobra-al-estado\/"},"author":{"name":"Jeanette","@id":"https:\/\/www.eldiario.net\/portal\/#\/schema\/person\/f46445640444750d7d753ccd04ae01b7"},"headline":"Bufete de abogados vinculados al MAS figura como ONG y cobra al Estado","datePublished":"2021-06-02T10:42:01+00:00","mainEntityOfPage":{"@id":"https:\/\/www.eldiario.net\/portal\/2021\/06\/02\/bufete-de-abogados-vinculados-al-mas-figura-como-ong-y-cobra-al-estado\/"},"wordCount":578,"publisher":{"@id":"https:\/\/www.eldiario.net\/portal\/#organization"},"image":{"@id":"https:\/\/www.eldiario.net\/portal\/2021\/06\/02\/bufete-de-abogados-vinculados-al-mas-figura-como-ong-y-cobra-al-estado\/#primaryimage"},"thumbnailUrl":"","articleSection":["Sociedad - Seguridad"],"inLanguage":"es"},{"@type":"WebPage","@id":"https:\/\/www.eldiario.net\/portal\/2021\/06\/02\/bufete-de-abogados-vinculados-al-mas-figura-como-ong-y-cobra-al-estado\/","url":"https:\/\/www.eldiario.net\/portal\/2021\/06\/02\/bufete-de-abogados-vinculados-al-mas-figura-como-ong-y-cobra-al-estado\/","name":"Bufete de abogados vinculados al MAS figura como ONG y cobra al Estado - El Diario - Bolivia","isPartOf":{"@id":"https:\/\/www.eldiario.net\/portal\/#website"},"primaryImageOfPage":{"@id":"https:\/\/www.eldiario.net\/portal\/2021\/06\/02\/bufete-de-abogados-vinculados-al-mas-figura-como-ong-y-cobra-al-estado\/#primaryimage"},"image":{"@id":"https:\/\/www.eldiario.net\/portal\/2021\/06\/02\/bufete-de-abogados-vinculados-al-mas-figura-como-ong-y-cobra-al-estado\/#primaryimage"},"thumbnailUrl":"","datePublished":"2021-06-02T10:42:01+00:00","breadcrumb":{"@id":"https:\/\/www.eldiario.net\/portal\/2021\/06\/02\/bufete-de-abogados-vinculados-al-mas-figura-como-ong-y-cobra-al-estado\/#breadcrumb"},"inLanguage":"es","potentialAction":[{"@type":"ReadAction","target":["https:\/\/www.eldiario.net\/portal\/2021\/06\/02\/bufete-de-abogados-vinculados-al-mas-figura-como-ong-y-cobra-al-estado\/"]}]},{"@type":"ImageObject","inLanguage":"es","@id":"https:\/\/www.eldiario.net\/portal\/2021\/06\/02\/bufete-de-abogados-vinculados-al-mas-figura-como-ong-y-cobra-al-estado\/#primaryimage","url":"","contentUrl":""},{"@type":"BreadcrumbList","@id":"https:\/\/www.eldiario.net\/portal\/2021\/06\/02\/bufete-de-abogados-vinculados-al-mas-figura-como-ong-y-cobra-al-estado\/#breadcrumb","itemListElement":[{"@type":"ListItem","position":1,"name":"Portada","item":"https:\/\/www.eldiario.net\/portal\/"},{"@type":"ListItem","position":2,"name":"Bufete de abogados vinculados al MAS figura como ONG y cobra al Estado"}]},{"@type":"WebSite","@id":"https:\/\/www.eldiario.net\/portal\/#website","url":"https:\/\/www.eldiario.net\/portal\/","name":"El Diario - Decano de la prensa nacional","description":"El Diario - Decano de la prensa nacional","publisher":{"@id":"https:\/\/www.eldiario.net\/portal\/#organization"},"potentialAction":[{"@type":"SearchAction","target":{"@type":"EntryPoint","urlTemplate":"https:\/\/www.eldiario.net\/portal\/?s={search_term_string}"},"query-input":{"@type":"PropertyValueSpecification","valueRequired":true,"valueName":"search_term_string"}}],"inLanguage":"es"},{"@type":"Organization","@id":"https:\/\/www.eldiario.net\/portal\/#organization","name":"El Diario - Decano de la prensa nacional","url":"https:\/\/www.eldiario.net\/portal\/","logo":{"@type":"ImageObject","inLanguage":"es","@id":"https:\/\/www.eldiario.net\/portal\/#\/schema\/logo\/image\/","url":"https:\/\/www.eldiario.net\/portal\/wp-content\/uploads\/2023\/07\/logo_ED.jpg","contentUrl":"https:\/\/www.eldiario.net\/portal\/wp-content\/uploads\/2023\/07\/logo_ED.jpg","width":272,"height":52,"caption":"El Diario - Decano de la prensa nacional"},"image":{"@id":"https:\/\/www.eldiario.net\/portal\/#\/schema\/logo\/image\/"},"sameAs":["https:\/\/www.facebook.com\/eldiario.bolivia\/","https:\/\/x.com\/eldiario_net"]},{"@type":"Person","@id":"https:\/\/www.eldiario.net\/portal\/#\/schema\/person\/f46445640444750d7d753ccd04ae01b7","name":"Jeanette","image":{"@type":"ImageObject","inLanguage":"es","@id":"https:\/\/secure.gravatar.com\/avatar\/3ea2118a5f7dad2b7138b1187a6b7ee55f160b9968b66013c3a3ef39dd7e5798?s=96&d=mm&r=g","url":"https:\/\/secure.gravatar.com\/avatar\/3ea2118a5f7dad2b7138b1187a6b7ee55f160b9968b66013c3a3ef39dd7e5798?s=96&d=mm&r=g","contentUrl":"https:\/\/secure.gravatar.com\/avatar\/3ea2118a5f7dad2b7138b1187a6b7ee55f160b9968b66013c3a3ef39dd7e5798?s=96&d=mm&r=g","caption":"Jeanette"},"sameAs":["https:\/\/www.eldiario.net\/portal"],"url":"https:\/\/www.eldiario.net\/portal\/author\/jeanette\/"}]}},"_links":{"self":[{"href":"https:\/\/www.eldiario.net\/portal\/wp-json\/wp\/v2\/posts\/7879","targetHints":{"allow":["GET"]}}],"collection":[{"href":"https:\/\/www.eldiario.net\/portal\/wp-json\/wp\/v2\/posts"}],"about":[{"href":"https:\/\/www.eldiario.net\/portal\/wp-json\/wp\/v2\/types\/post"}],"author":[{"embeddable":true,"href":"https:\/\/www.eldiario.net\/portal\/wp-json\/wp\/v2\/users\/1"}],"replies":[{"embeddable":true,"href":"https:\/\/www.eldiario.net\/portal\/wp-json\/wp\/v2\/comments?post=7879"}],"version-history":[{"count":0,"href":"https:\/\/www.eldiario.net\/portal\/wp-json\/wp\/v2\/posts\/7879\/revisions"}],"wp:attachment":[{"href":"https:\/\/www.eldiario.net\/portal\/wp-json\/wp\/v2\/media?parent=7879"}],"wp:term":[{"taxonomy":"category","embeddable":true,"href":"https:\/\/www.eldiario.net\/portal\/wp-json\/wp\/v2\/categories?post=7879"},{"taxonomy":"post_tag","embeddable":true,"href":"https:\/\/www.eldiario.net\/portal\/wp-json\/wp\/v2\/tags?post=7879"}],"curies":[{"name":"wp","href":"https:\/\/api.w.org\/{rel}","templated":true}]}}