{"id":7868,"date":"2021-06-02T06:34:01","date_gmt":"2021-06-02T10:34:01","guid":{"rendered":"https:\/\/www.eldiario.net\/portal\/?p=7868"},"modified":"2021-06-02T06:34:01","modified_gmt":"2021-06-02T10:34:01","slug":"longaric-pide-declaracion-virtual","status":"publish","type":"post","link":"https:\/\/www.eldiario.net\/portal\/2021\/06\/02\/longaric-pide-declaracion-virtual\/","title":{"rendered":"Longaric pide declaraci\u00f3n virtual"},"content":{"rendered":"<p>La exministra de Relaciones Exteriores, Karen Longaric, inform\u00f3 ayer que indic\u00f3 a la Fiscal\u00eda que puede dar su declaraci\u00f3n virtual, en calidad de testigo, por la investigaci\u00f3n del caso gases lacrim\u00f3genos, porque no pudo retornar al pa\u00eds.<br \/>\n\u201cNo he podido retornar al pa\u00eds para atestiguar. Mand\u00e9 un justificativo a la Fiscal\u00eda, en el que indico que puedo dar mi declaraci\u00f3n como testigo de manera virtual\u201d, dijo Longaric en entrevista con P\u00e1gina Siete.<br \/>\nPor otro lado, la exautoridad manifest\u00f3 que el ministro de Justicia, Iv\u00e1n Lima, y el Gobierno est\u00e1n haciendo un \u201ccirco\u201d alrededor de las investigaciones.<br \/>\n\u201cEl se\u00f1or Lima, en sus declaraciones ayer (lunes), ya asum\u00eda la culpabilidad de todo el gabinete, sin haber una investigaci\u00f3n. Esto demuestra dos cosas: por un lado, la citaci\u00f3n a los ministros es un circo pol\u00edtico, y por el otro, el se\u00f1or Lima ya ha desacreditado toda la investigaci\u00f3n e incluso su investidura como ministro al haber contaminado esta investigaci\u00f3n con su rol de persecutor pol\u00edtico\u201d, asegur\u00f3.<\/p>\n<p>SONDEO<\/p>\n<p><img loading=\"lazy\" decoding=\"async\" class=\"alignleft size-medium wp-image-7872\" src=\"https:\/\/www.eldiario.net\/portal\/wp-content\/uploads\/2021\/06\/GUSTAVO-300x199.jpg\" alt=\"\" width=\"300\" height=\"199\" \/><\/p>\n<p>Gustavo Canasa<\/p>\n<p>\u201cConsidero que deber\u00eda establecerse un criterio de \u00e9tica, antes que una persona asuma una funci\u00f3n p\u00fablica. Las personas designadas como jueces deber\u00edan cumplir no solo est\u00e1ndares de formaci\u00f3n profesional sino demostrar una vida \u00e9tica y acorde a la responsabilidad que va a asumir, est\u00e1 demostrado que Edwin Blanco no cumple esos requisitos\u201d.<\/p>\n<p style=\"text-align: left;\">\n<p>&nbsp;<\/p>\n<p><img loading=\"lazy\" decoding=\"async\" class=\"alignleft size-medium wp-image-7873\" src=\"https:\/\/www.eldiario.net\/portal\/wp-content\/uploads\/2021\/06\/MIGUEL-300x199.jpg\" alt=\"\" width=\"300\" height=\"199\" \/><\/p>\n<p>Miguel M\u00e1rquez<\/p>\n<p>\u201cEs una verg\u00fcenza que estas exautoridades que tienen antecedentes, que toda la ciudadan\u00eda conoce, sean posesionados como jueces. Es una verg\u00fcenza que la Magistratura posesione a Blanco y al exjuez de Chulumani. Lamentablemente la justicia est\u00e1 yendo de mal en peor. \u00c9stas autoridades hacen quedar mal y hacen desconfiar de la justicia\u201d.<\/p>\n<p>&nbsp;<\/p>\n<p>&nbsp;<\/p>\n<p><img loading=\"lazy\" decoding=\"async\" class=\"alignleft size-medium wp-image-7874\" src=\"https:\/\/www.eldiario.net\/portal\/wp-content\/uploads\/2021\/06\/NATIVIDAD-300x199.jpg\" alt=\"\" width=\"300\" height=\"199\" \/><\/p>\n<p>Natividad Choque<\/p>\n<p>\u201cC\u00f3mo pueden posesionar a Edwin Blanco como juez, es una persona que hizo mucha maldad como al doctor Jhiery. Estas personas est\u00e1n volviendo a ocupar cargos, entonces ya no hay justicia. A Blanco lo est\u00e1n procesando pero extra\u00f1amente lo posesionan como juez, eso est\u00e1 muy mal, qu\u00e9 penal me da la justicia, las caras conocidas deber\u00edan desparecer\u201d.<\/p>\n<p>&nbsp;<\/p>\n<p>&nbsp;<\/p>\n<p><img loading=\"lazy\" decoding=\"async\" class=\"alignleft size-medium wp-image-7875\" src=\"https:\/\/www.eldiario.net\/portal\/wp-content\/uploads\/2021\/06\/EDGAR-300x199.jpg\" alt=\"\" width=\"300\" height=\"199\" \/><\/p>\n<p>\u00c9dgar Contreras<\/p>\n<p>\u201cEs una pena que no se haya respetado el debido proceso toda vez que Edwin Blanco ocup\u00f3 el cuarto puesto de calificaci\u00f3n, se nota que la posesi\u00f3n es pol\u00edtica. Una persona que ocupa el cuarto lugar no puede ser favorecido con el puesto de juez, ya no va a ver la hidalgu\u00eda ni transparencia para definir un juicio, lo primero que debe tener un juez es \u00e9tica y moral\u201d.<\/p>\n","protected":false},"excerpt":{"rendered":"<p>La exministra de Relaciones Exteriores, Karen Longaric, inform\u00f3 ayer que indic\u00f3 a la Fiscal\u00eda que puede dar su declaraci\u00f3n virtual, en calidad de testigo, por la investigaci\u00f3n del caso gases lacrim\u00f3genos, porque no pudo retornar al pa\u00eds. \u201cNo he podido retornar al pa\u00eds para atestiguar. Mand\u00e9 un justificativo a la Fiscal\u00eda, en el que indico [&hellip;]<\/p>\n","protected":false},"author":1,"featured_media":7869,"comment_status":"closed","ping_status":"closed","sticky":false,"template":"","format":"standard","meta":{"_acf_changed":false,"footnotes":""},"categories":[39],"tags":[],"class_list":["post-7868","post","type-post","status-publish","format-standard","has-post-thumbnail","category-sociedad"],"acf":{"antetitulo":""},"yoast_head":"<!-- This site is optimized with the Yoast SEO plugin v28.3 - https:\/\/yoast.com\/product\/yoast-seo-wordpress\/ -->\n<title>Longaric pide declaraci\u00f3n virtual - El Diario - Bolivia<\/title>\n<meta name=\"robots\" content=\"index, follow, max-snippet:-1, max-image-preview:large, max-video-preview:-1\" \/>\n<link rel=\"canonical\" href=\"https:\/\/www.eldiario.net\/portal\/2021\/06\/02\/longaric-pide-declaracion-virtual\/\" \/>\n<meta property=\"og:locale\" content=\"es_ES\" \/>\n<meta property=\"og:type\" content=\"article\" \/>\n<meta property=\"og:title\" content=\"Longaric pide declaraci\u00f3n virtual - El Diario - Bolivia\" \/>\n<meta property=\"og:description\" content=\"La exministra de Relaciones Exteriores, Karen Longaric, inform\u00f3 ayer que indic\u00f3 a la Fiscal\u00eda que puede dar su declaraci\u00f3n virtual, en calidad de testigo, por la investigaci\u00f3n del caso gases lacrim\u00f3genos, porque no pudo retornar al pa\u00eds. \u201cNo he podido retornar al pa\u00eds para atestiguar. Mand\u00e9 un justificativo a la Fiscal\u00eda, en el que indico [&hellip;]\" \/>\n<meta property=\"og:url\" content=\"https:\/\/www.eldiario.net\/portal\/2021\/06\/02\/longaric-pide-declaracion-virtual\/\" \/>\n<meta property=\"og:site_name\" content=\"El Diario - Bolivia\" \/>\n<meta property=\"article:publisher\" content=\"https:\/\/www.facebook.com\/eldiario.bolivia\/\" \/>\n<meta property=\"article:published_time\" content=\"2021-06-02T10:34:01+00:00\" \/>\n<meta property=\"og:image\" content=\"https:\/\/www.eldiario.net\/portal\/wp-content\/uploads\/2021\/06\/Longaric-scaled-1.jpg\" \/>\n\t<meta property=\"og:image:width\" content=\"2560\" \/>\n\t<meta property=\"og:image:height\" content=\"1843\" \/>\n\t<meta property=\"og:image:type\" content=\"image\/jpeg\" \/>\n<meta name=\"author\" content=\"Jeanette\" \/>\n<meta name=\"twitter:card\" content=\"summary_large_image\" \/>\n<meta name=\"twitter:creator\" content=\"@eldiario_net\" \/>\n<meta name=\"twitter:site\" content=\"@eldiario_net\" \/>\n<meta name=\"twitter:label1\" content=\"Escrito por\" \/>\n\t<meta name=\"twitter:data1\" content=\"Jeanette\" \/>\n\t<meta name=\"twitter:label2\" content=\"Tiempo de lectura\" \/>\n\t<meta name=\"twitter:data2\" content=\"3 minutos\" \/>\n<script type=\"application\/ld+json\" class=\"yoast-schema-graph\">{\"@context\":\"https:\\\/\\\/schema.org\",\"@graph\":[{\"@type\":\"Article\",\"@id\":\"https:\\\/\\\/www.eldiario.net\\\/portal\\\/2021\\\/06\\\/02\\\/longaric-pide-declaracion-virtual\\\/#article\",\"isPartOf\":{\"@id\":\"https:\\\/\\\/www.eldiario.net\\\/portal\\\/2021\\\/06\\\/02\\\/longaric-pide-declaracion-virtual\\\/\"},\"author\":{\"name\":\"Jeanette\",\"@id\":\"https:\\\/\\\/www.eldiario.net\\\/portal\\\/#\\\/schema\\\/person\\\/f46445640444750d7d753ccd04ae01b7\"},\"headline\":\"Longaric pide declaraci\u00f3n virtual\",\"datePublished\":\"2021-06-02T10:34:01+00:00\",\"mainEntityOfPage\":{\"@id\":\"https:\\\/\\\/www.eldiario.net\\\/portal\\\/2021\\\/06\\\/02\\\/longaric-pide-declaracion-virtual\\\/\"},\"wordCount\":451,\"publisher\":{\"@id\":\"https:\\\/\\\/www.eldiario.net\\\/portal\\\/#organization\"},\"image\":{\"@id\":\"https:\\\/\\\/www.eldiario.net\\\/portal\\\/2021\\\/06\\\/02\\\/longaric-pide-declaracion-virtual\\\/#primaryimage\"},\"thumbnailUrl\":\"https:\\\/\\\/www.eldiario.net\\\/portal\\\/wp-content\\\/uploads\\\/2021\\\/06\\\/Longaric-scaled-1.jpg\",\"articleSection\":[\"Sociedad - Seguridad\"],\"inLanguage\":\"es\"},{\"@type\":\"WebPage\",\"@id\":\"https:\\\/\\\/www.eldiario.net\\\/portal\\\/2021\\\/06\\\/02\\\/longaric-pide-declaracion-virtual\\\/\",\"url\":\"https:\\\/\\\/www.eldiario.net\\\/portal\\\/2021\\\/06\\\/02\\\/longaric-pide-declaracion-virtual\\\/\",\"name\":\"Longaric pide declaraci\u00f3n virtual - El Diario - Bolivia\",\"isPartOf\":{\"@id\":\"https:\\\/\\\/www.eldiario.net\\\/portal\\\/#website\"},\"primaryImageOfPage\":{\"@id\":\"https:\\\/\\\/www.eldiario.net\\\/portal\\\/2021\\\/06\\\/02\\\/longaric-pide-declaracion-virtual\\\/#primaryimage\"},\"image\":{\"@id\":\"https:\\\/\\\/www.eldiario.net\\\/portal\\\/2021\\\/06\\\/02\\\/longaric-pide-declaracion-virtual\\\/#primaryimage\"},\"thumbnailUrl\":\"https:\\\/\\\/www.eldiario.net\\\/portal\\\/wp-content\\\/uploads\\\/2021\\\/06\\\/Longaric-scaled-1.jpg\",\"datePublished\":\"2021-06-02T10:34:01+00:00\",\"breadcrumb\":{\"@id\":\"https:\\\/\\\/www.eldiario.net\\\/portal\\\/2021\\\/06\\\/02\\\/longaric-pide-declaracion-virtual\\\/#breadcrumb\"},\"inLanguage\":\"es\",\"potentialAction\":[{\"@type\":\"ReadAction\",\"target\":[\"https:\\\/\\\/www.eldiario.net\\\/portal\\\/2021\\\/06\\\/02\\\/longaric-pide-declaracion-virtual\\\/\"]}]},{\"@type\":\"ImageObject\",\"inLanguage\":\"es\",\"@id\":\"https:\\\/\\\/www.eldiario.net\\\/portal\\\/2021\\\/06\\\/02\\\/longaric-pide-declaracion-virtual\\\/#primaryimage\",\"url\":\"https:\\\/\\\/www.eldiario.net\\\/portal\\\/wp-content\\\/uploads\\\/2021\\\/06\\\/Longaric-scaled-1.jpg\",\"contentUrl\":\"https:\\\/\\\/www.eldiario.net\\\/portal\\\/wp-content\\\/uploads\\\/2021\\\/06\\\/Longaric-scaled-1.jpg\",\"width\":2560,\"height\":1843,\"caption\":\"Bolivia's Foreign Minister Karen Longaric speaks during a news conference in La Paz, Bolivia December 27, 2019. REUTERS\\\/David Mercado\"},{\"@type\":\"BreadcrumbList\",\"@id\":\"https:\\\/\\\/www.eldiario.net\\\/portal\\\/2021\\\/06\\\/02\\\/longaric-pide-declaracion-virtual\\\/#breadcrumb\",\"itemListElement\":[{\"@type\":\"ListItem\",\"position\":1,\"name\":\"Portada\",\"item\":\"https:\\\/\\\/www.eldiario.net\\\/portal\\\/\"},{\"@type\":\"ListItem\",\"position\":2,\"name\":\"Longaric pide declaraci\u00f3n virtual\"}]},{\"@type\":\"WebSite\",\"@id\":\"https:\\\/\\\/www.eldiario.net\\\/portal\\\/#website\",\"url\":\"https:\\\/\\\/www.eldiario.net\\\/portal\\\/\",\"name\":\"El Diario - Decano de la prensa nacional\",\"description\":\"El Diario - Decano de la prensa nacional\",\"publisher\":{\"@id\":\"https:\\\/\\\/www.eldiario.net\\\/portal\\\/#organization\"},\"potentialAction\":[{\"@type\":\"SearchAction\",\"target\":{\"@type\":\"EntryPoint\",\"urlTemplate\":\"https:\\\/\\\/www.eldiario.net\\\/portal\\\/?s={search_term_string}\"},\"query-input\":{\"@type\":\"PropertyValueSpecification\",\"valueRequired\":true,\"valueName\":\"search_term_string\"}}],\"inLanguage\":\"es\"},{\"@type\":\"Organization\",\"@id\":\"https:\\\/\\\/www.eldiario.net\\\/portal\\\/#organization\",\"name\":\"El Diario - Decano de la prensa nacional\",\"url\":\"https:\\\/\\\/www.eldiario.net\\\/portal\\\/\",\"logo\":{\"@type\":\"ImageObject\",\"inLanguage\":\"es\",\"@id\":\"https:\\\/\\\/www.eldiario.net\\\/portal\\\/#\\\/schema\\\/logo\\\/image\\\/\",\"url\":\"https:\\\/\\\/www.eldiario.net\\\/portal\\\/wp-content\\\/uploads\\\/2023\\\/07\\\/logo_ED.jpg\",\"contentUrl\":\"https:\\\/\\\/www.eldiario.net\\\/portal\\\/wp-content\\\/uploads\\\/2023\\\/07\\\/logo_ED.jpg\",\"width\":272,\"height\":52,\"caption\":\"El Diario - Decano de la prensa nacional\"},\"image\":{\"@id\":\"https:\\\/\\\/www.eldiario.net\\\/portal\\\/#\\\/schema\\\/logo\\\/image\\\/\"},\"sameAs\":[\"https:\\\/\\\/www.facebook.com\\\/eldiario.bolivia\\\/\",\"https:\\\/\\\/x.com\\\/eldiario_net\"]},{\"@type\":\"Person\",\"@id\":\"https:\\\/\\\/www.eldiario.net\\\/portal\\\/#\\\/schema\\\/person\\\/f46445640444750d7d753ccd04ae01b7\",\"name\":\"Jeanette\",\"image\":{\"@type\":\"ImageObject\",\"inLanguage\":\"es\",\"@id\":\"https:\\\/\\\/secure.gravatar.com\\\/avatar\\\/3ea2118a5f7dad2b7138b1187a6b7ee55f160b9968b66013c3a3ef39dd7e5798?s=96&d=mm&r=g\",\"url\":\"https:\\\/\\\/secure.gravatar.com\\\/avatar\\\/3ea2118a5f7dad2b7138b1187a6b7ee55f160b9968b66013c3a3ef39dd7e5798?s=96&d=mm&r=g\",\"contentUrl\":\"https:\\\/\\\/secure.gravatar.com\\\/avatar\\\/3ea2118a5f7dad2b7138b1187a6b7ee55f160b9968b66013c3a3ef39dd7e5798?s=96&d=mm&r=g\",\"caption\":\"Jeanette\"},\"sameAs\":[\"https:\\\/\\\/www.eldiario.net\\\/portal\"],\"url\":\"https:\\\/\\\/www.eldiario.net\\\/portal\\\/author\\\/jeanette\\\/\"}]}<\/script>\n<!-- \/ Yoast SEO plugin. -->","yoast_head_json":{"title":"Longaric pide declaraci\u00f3n virtual - El Diario - Bolivia","robots":{"index":"index","follow":"follow","max-snippet":"max-snippet:-1","max-image-preview":"max-image-preview:large","max-video-preview":"max-video-preview:-1"},"canonical":"https:\/\/www.eldiario.net\/portal\/2021\/06\/02\/longaric-pide-declaracion-virtual\/","og_locale":"es_ES","og_type":"article","og_title":"Longaric pide declaraci\u00f3n virtual - El Diario - Bolivia","og_description":"La exministra de Relaciones Exteriores, Karen Longaric, inform\u00f3 ayer que indic\u00f3 a la Fiscal\u00eda que puede dar su declaraci\u00f3n virtual, en calidad de testigo, por la investigaci\u00f3n del caso gases lacrim\u00f3genos, porque no pudo retornar al pa\u00eds. \u201cNo he podido retornar al pa\u00eds para atestiguar. Mand\u00e9 un justificativo a la Fiscal\u00eda, en el que indico [&hellip;]","og_url":"https:\/\/www.eldiario.net\/portal\/2021\/06\/02\/longaric-pide-declaracion-virtual\/","og_site_name":"El Diario - Bolivia","article_publisher":"https:\/\/www.facebook.com\/eldiario.bolivia\/","article_published_time":"2021-06-02T10:34:01+00:00","og_image":[{"width":2560,"height":1843,"url":"https:\/\/www.eldiario.net\/portal\/wp-content\/uploads\/2021\/06\/Longaric-scaled-1.jpg","type":"image\/jpeg"}],"author":"Jeanette","twitter_card":"summary_large_image","twitter_creator":"@eldiario_net","twitter_site":"@eldiario_net","twitter_misc":{"Escrito por":"Jeanette","Tiempo de lectura":"3 minutos"},"schema":{"@context":"https:\/\/schema.org","@graph":[{"@type":"Article","@id":"https:\/\/www.eldiario.net\/portal\/2021\/06\/02\/longaric-pide-declaracion-virtual\/#article","isPartOf":{"@id":"https:\/\/www.eldiario.net\/portal\/2021\/06\/02\/longaric-pide-declaracion-virtual\/"},"author":{"name":"Jeanette","@id":"https:\/\/www.eldiario.net\/portal\/#\/schema\/person\/f46445640444750d7d753ccd04ae01b7"},"headline":"Longaric pide declaraci\u00f3n virtual","datePublished":"2021-06-02T10:34:01+00:00","mainEntityOfPage":{"@id":"https:\/\/www.eldiario.net\/portal\/2021\/06\/02\/longaric-pide-declaracion-virtual\/"},"wordCount":451,"publisher":{"@id":"https:\/\/www.eldiario.net\/portal\/#organization"},"image":{"@id":"https:\/\/www.eldiario.net\/portal\/2021\/06\/02\/longaric-pide-declaracion-virtual\/#primaryimage"},"thumbnailUrl":"https:\/\/www.eldiario.net\/portal\/wp-content\/uploads\/2021\/06\/Longaric-scaled-1.jpg","articleSection":["Sociedad - Seguridad"],"inLanguage":"es"},{"@type":"WebPage","@id":"https:\/\/www.eldiario.net\/portal\/2021\/06\/02\/longaric-pide-declaracion-virtual\/","url":"https:\/\/www.eldiario.net\/portal\/2021\/06\/02\/longaric-pide-declaracion-virtual\/","name":"Longaric pide declaraci\u00f3n virtual - El Diario - Bolivia","isPartOf":{"@id":"https:\/\/www.eldiario.net\/portal\/#website"},"primaryImageOfPage":{"@id":"https:\/\/www.eldiario.net\/portal\/2021\/06\/02\/longaric-pide-declaracion-virtual\/#primaryimage"},"image":{"@id":"https:\/\/www.eldiario.net\/portal\/2021\/06\/02\/longaric-pide-declaracion-virtual\/#primaryimage"},"thumbnailUrl":"https:\/\/www.eldiario.net\/portal\/wp-content\/uploads\/2021\/06\/Longaric-scaled-1.jpg","datePublished":"2021-06-02T10:34:01+00:00","breadcrumb":{"@id":"https:\/\/www.eldiario.net\/portal\/2021\/06\/02\/longaric-pide-declaracion-virtual\/#breadcrumb"},"inLanguage":"es","potentialAction":[{"@type":"ReadAction","target":["https:\/\/www.eldiario.net\/portal\/2021\/06\/02\/longaric-pide-declaracion-virtual\/"]}]},{"@type":"ImageObject","inLanguage":"es","@id":"https:\/\/www.eldiario.net\/portal\/2021\/06\/02\/longaric-pide-declaracion-virtual\/#primaryimage","url":"https:\/\/www.eldiario.net\/portal\/wp-content\/uploads\/2021\/06\/Longaric-scaled-1.jpg","contentUrl":"https:\/\/www.eldiario.net\/portal\/wp-content\/uploads\/2021\/06\/Longaric-scaled-1.jpg","width":2560,"height":1843,"caption":"Bolivia's Foreign Minister Karen Longaric speaks during a news conference in La Paz, Bolivia December 27, 2019. REUTERS\/David Mercado"},{"@type":"BreadcrumbList","@id":"https:\/\/www.eldiario.net\/portal\/2021\/06\/02\/longaric-pide-declaracion-virtual\/#breadcrumb","itemListElement":[{"@type":"ListItem","position":1,"name":"Portada","item":"https:\/\/www.eldiario.net\/portal\/"},{"@type":"ListItem","position":2,"name":"Longaric pide declaraci\u00f3n virtual"}]},{"@type":"WebSite","@id":"https:\/\/www.eldiario.net\/portal\/#website","url":"https:\/\/www.eldiario.net\/portal\/","name":"El Diario - Decano de la prensa nacional","description":"El Diario - Decano de la prensa nacional","publisher":{"@id":"https:\/\/www.eldiario.net\/portal\/#organization"},"potentialAction":[{"@type":"SearchAction","target":{"@type":"EntryPoint","urlTemplate":"https:\/\/www.eldiario.net\/portal\/?s={search_term_string}"},"query-input":{"@type":"PropertyValueSpecification","valueRequired":true,"valueName":"search_term_string"}}],"inLanguage":"es"},{"@type":"Organization","@id":"https:\/\/www.eldiario.net\/portal\/#organization","name":"El Diario - Decano de la prensa nacional","url":"https:\/\/www.eldiario.net\/portal\/","logo":{"@type":"ImageObject","inLanguage":"es","@id":"https:\/\/www.eldiario.net\/portal\/#\/schema\/logo\/image\/","url":"https:\/\/www.eldiario.net\/portal\/wp-content\/uploads\/2023\/07\/logo_ED.jpg","contentUrl":"https:\/\/www.eldiario.net\/portal\/wp-content\/uploads\/2023\/07\/logo_ED.jpg","width":272,"height":52,"caption":"El Diario - Decano de la prensa nacional"},"image":{"@id":"https:\/\/www.eldiario.net\/portal\/#\/schema\/logo\/image\/"},"sameAs":["https:\/\/www.facebook.com\/eldiario.bolivia\/","https:\/\/x.com\/eldiario_net"]},{"@type":"Person","@id":"https:\/\/www.eldiario.net\/portal\/#\/schema\/person\/f46445640444750d7d753ccd04ae01b7","name":"Jeanette","image":{"@type":"ImageObject","inLanguage":"es","@id":"https:\/\/secure.gravatar.com\/avatar\/3ea2118a5f7dad2b7138b1187a6b7ee55f160b9968b66013c3a3ef39dd7e5798?s=96&d=mm&r=g","url":"https:\/\/secure.gravatar.com\/avatar\/3ea2118a5f7dad2b7138b1187a6b7ee55f160b9968b66013c3a3ef39dd7e5798?s=96&d=mm&r=g","contentUrl":"https:\/\/secure.gravatar.com\/avatar\/3ea2118a5f7dad2b7138b1187a6b7ee55f160b9968b66013c3a3ef39dd7e5798?s=96&d=mm&r=g","caption":"Jeanette"},"sameAs":["https:\/\/www.eldiario.net\/portal"],"url":"https:\/\/www.eldiario.net\/portal\/author\/jeanette\/"}]}},"_links":{"self":[{"href":"https:\/\/www.eldiario.net\/portal\/wp-json\/wp\/v2\/posts\/7868","targetHints":{"allow":["GET"]}}],"collection":[{"href":"https:\/\/www.eldiario.net\/portal\/wp-json\/wp\/v2\/posts"}],"about":[{"href":"https:\/\/www.eldiario.net\/portal\/wp-json\/wp\/v2\/types\/post"}],"author":[{"embeddable":true,"href":"https:\/\/www.eldiario.net\/portal\/wp-json\/wp\/v2\/users\/1"}],"replies":[{"embeddable":true,"href":"https:\/\/www.eldiario.net\/portal\/wp-json\/wp\/v2\/comments?post=7868"}],"version-history":[{"count":0,"href":"https:\/\/www.eldiario.net\/portal\/wp-json\/wp\/v2\/posts\/7868\/revisions"}],"wp:featuredmedia":[{"embeddable":true,"href":"https:\/\/www.eldiario.net\/portal\/wp-json\/wp\/v2\/media\/7869"}],"wp:attachment":[{"href":"https:\/\/www.eldiario.net\/portal\/wp-json\/wp\/v2\/media?parent=7868"}],"wp:term":[{"taxonomy":"category","embeddable":true,"href":"https:\/\/www.eldiario.net\/portal\/wp-json\/wp\/v2\/categories?post=7868"},{"taxonomy":"post_tag","embeddable":true,"href":"https:\/\/www.eldiario.net\/portal\/wp-json\/wp\/v2\/tags?post=7868"}],"curies":[{"name":"wp","href":"https:\/\/api.w.org\/{rel}","templated":true}]}}