{"id":7866,"date":"2021-06-02T06:31:28","date_gmt":"2021-06-02T10:31:28","guid":{"rendered":"https:\/\/www.eldiario.net\/portal\/?p=7866"},"modified":"2021-06-02T06:31:28","modified_gmt":"2021-06-02T10:31:28","slug":"municipio-de-el-alto-adquirira-1-000-botellones-de-oxigeno","status":"publish","type":"post","link":"https:\/\/www.eldiario.net\/portal\/2021\/06\/02\/municipio-de-el-alto-adquirira-1-000-botellones-de-oxigeno\/","title":{"rendered":"Municipio de El Alto adquirir\u00e1  1.000 botellones de ox\u00edgeno"},"content":{"rendered":"<p>La alcaldesa de la ciudad de El Alto, Eva Copa, asegur\u00f3 que los 1.000 botellones de ox\u00edgeno a ser adquiridos ser\u00e1n utilizados en tratamientos ambulatorios a domicilio de personas contagiadas por covid-19.<br \/>\nLa decisi\u00f3n de la primera autoridad de la urbe alte\u00f1a fue debido a la sobredemanda que se ha generado del ox\u00edgeno medicinal, a causa del incremento de los casos del covid-19 en esta ciudad, y de esta manera paliar esta necesidad para quienes lo requieren con urgencia.<br \/>\nLa autoridad afirm\u00f3 que estos botellones de ox\u00edgeno ir\u00e1n destinados para todas las personas que as\u00ed lo necesiten, los cuales ser\u00e1n suministrados a trav\u00e9s de las brigadas ambulatorias que se implementar\u00e1n y los mismos centros de oxigenaci\u00f3n, donde la poblaci\u00f3n que no est\u00e1 en los cuidados domiciliarios podr\u00e1 acudir a estas instancias, para recibir el tratamiento adecuado.<br \/>\n\u201cSe comprar\u00e1n mil botellones de ox\u00edgeno para una atenci\u00f3n domiciliaria a los pacientes con covid-19, junto al Secretario de Salud estamos organizando las brigadas ambulatorias que vamos a mandar (a los domicilios de los pacientes)\u201d, explic\u00f3 la autoridad edil, tras la audiencia p\u00fablica con organizaciones sociales desarrollada desde las 5 de la ma\u00f1ana en la Casa Municipal, ayer.<br \/>\nLas unidades de terapia intensiva de los hospitales covid-19, en el municipio alte\u00f1o, est\u00e1n repletas, ante esa situaci\u00f3n cr\u00edtica la Alcald\u00eda tiene previsto abrir cuatro centros de oxigenaci\u00f3n para tratar a pacientes que no est\u00e9n en estado grave.<br \/>\nAl respecto, el secretario de Salud, Henry Flores, afirm\u00f3 que por el momento se abrir\u00e1n dos centros de oxigenaci\u00f3n en el sector Chacaltaya y la zona Mercedario, donde se atender\u00e1n de forma ambulatoria a los pacientes infectados con el virus. Adem\u00e1s, podr\u00e1n llamar a la l\u00ednea gratuita 161 del Servicio de Urgencias M\u00e9dicas (SUMA).<br \/>\n\u201cSe est\u00e1n abriendo dos centros de oxigenaci\u00f3n el centro de salud de Chacaltaya y Mercedario, de esa manera y con la ayuda del SUMA podemos atender a los pacientes que est\u00e9n en sus domicilios, tambi\u00e9n podr\u00e1n llamar a la l\u00ednea gratuita 161\u201d, puntualiz\u00f3 Flores.<br \/>\nFinalmente, Flores indic\u00f3 que a\u00fan no se registr\u00f3 la falta de ox\u00edgeno medicinal en los centros hospitalarios, pero las unidades de terapia intensiva est\u00e1n colapsadas y se prev\u00e9 que en el transcurso de los siguientes d\u00edas se presenten problemas. Sin embargo, se est\u00e1n tomando las acciones respectivas para evitar la escasez del suministro.<br \/>\nDe la misma forma, este trabajo ser\u00e1 coordinado con los diferentes centros de salud y los mismos hospitales, donde tambi\u00e9n existe el requerimiento del ox\u00edgeno medicinal, de acuerdo a los \u00faltimos datos que se tiene, por los nuevos casos que se han presentado en los \u00faltimos d\u00edas.<br \/>\nSeg\u00fan las autoridades de Gobierno, la demanda de ox\u00edgeno subi\u00f3 en un 300 % debido a que en las regiones de Santa Cruz, Cochabamba y Tarija los casos positivos de covid-19 se dispararon de forma alarmante, colapsando las unidades de terapia intensiva.<\/p>\n","protected":false},"excerpt":{"rendered":"<p>La alcaldesa de la ciudad de El Alto, Eva Copa, asegur\u00f3 que los 1.000 botellones de ox\u00edgeno a ser adquiridos ser\u00e1n utilizados en tratamientos ambulatorios a domicilio de personas contagiadas por covid-19. La decisi\u00f3n de la primera autoridad de la urbe alte\u00f1a fue debido a la sobredemanda que se ha generado del ox\u00edgeno medicinal, a [&hellip;]<\/p>\n","protected":false},"author":1,"featured_media":7846,"comment_status":"closed","ping_status":"closed","sticky":false,"template":"","format":"standard","meta":{"_acf_changed":false,"footnotes":""},"categories":[12],"tags":[],"class_list":["post-7866","post","type-post","status-publish","format-standard","has-post-thumbnail","category-nacional"],"acf":{"antetitulo":""},"yoast_head":"<!-- This site is optimized with the Yoast SEO plugin v28.3 - https:\/\/yoast.com\/product\/yoast-seo-wordpress\/ -->\n<title>Municipio de El Alto adquirir\u00e1 1.000 botellones de ox\u00edgeno - El Diario - Bolivia<\/title>\n<meta name=\"robots\" content=\"index, follow, max-snippet:-1, max-image-preview:large, max-video-preview:-1\" \/>\n<link rel=\"canonical\" href=\"https:\/\/www.eldiario.net\/portal\/2021\/06\/02\/municipio-de-el-alto-adquirira-1-000-botellones-de-oxigeno\/\" \/>\n<meta property=\"og:locale\" content=\"es_ES\" \/>\n<meta property=\"og:type\" content=\"article\" \/>\n<meta property=\"og:title\" content=\"Municipio de El Alto adquirir\u00e1 1.000 botellones de ox\u00edgeno - El Diario - Bolivia\" \/>\n<meta property=\"og:description\" content=\"La alcaldesa de la ciudad de El Alto, Eva Copa, asegur\u00f3 que los 1.000 botellones de ox\u00edgeno a ser adquiridos ser\u00e1n utilizados en tratamientos ambulatorios a domicilio de personas contagiadas por covid-19. La decisi\u00f3n de la primera autoridad de la urbe alte\u00f1a fue debido a la sobredemanda que se ha generado del ox\u00edgeno medicinal, a [&hellip;]\" \/>\n<meta property=\"og:url\" content=\"https:\/\/www.eldiario.net\/portal\/2021\/06\/02\/municipio-de-el-alto-adquirira-1-000-botellones-de-oxigeno\/\" \/>\n<meta property=\"og:site_name\" content=\"El Diario - Bolivia\" \/>\n<meta property=\"article:publisher\" content=\"https:\/\/www.facebook.com\/eldiario.bolivia\/\" \/>\n<meta property=\"article:published_time\" content=\"2021-06-02T10:31:28+00:00\" \/>\n<meta name=\"author\" content=\"Jeanette\" \/>\n<meta name=\"twitter:card\" content=\"summary_large_image\" \/>\n<meta name=\"twitter:creator\" content=\"@eldiario_net\" \/>\n<meta name=\"twitter:site\" content=\"@eldiario_net\" \/>\n<meta name=\"twitter:label1\" content=\"Escrito por\" \/>\n\t<meta name=\"twitter:data1\" content=\"Jeanette\" \/>\n\t<meta name=\"twitter:label2\" content=\"Tiempo de lectura\" \/>\n\t<meta name=\"twitter:data2\" content=\"3 minutos\" \/>\n<script type=\"application\/ld+json\" class=\"yoast-schema-graph\">{\"@context\":\"https:\\\/\\\/schema.org\",\"@graph\":[{\"@type\":\"Article\",\"@id\":\"https:\\\/\\\/www.eldiario.net\\\/portal\\\/2021\\\/06\\\/02\\\/municipio-de-el-alto-adquirira-1-000-botellones-de-oxigeno\\\/#article\",\"isPartOf\":{\"@id\":\"https:\\\/\\\/www.eldiario.net\\\/portal\\\/2021\\\/06\\\/02\\\/municipio-de-el-alto-adquirira-1-000-botellones-de-oxigeno\\\/\"},\"author\":{\"name\":\"Jeanette\",\"@id\":\"https:\\\/\\\/www.eldiario.net\\\/portal\\\/#\\\/schema\\\/person\\\/f46445640444750d7d753ccd04ae01b7\"},\"headline\":\"Municipio de El Alto adquirir\u00e1 1.000 botellones de ox\u00edgeno\",\"datePublished\":\"2021-06-02T10:31:28+00:00\",\"mainEntityOfPage\":{\"@id\":\"https:\\\/\\\/www.eldiario.net\\\/portal\\\/2021\\\/06\\\/02\\\/municipio-de-el-alto-adquirira-1-000-botellones-de-oxigeno\\\/\"},\"wordCount\":522,\"publisher\":{\"@id\":\"https:\\\/\\\/www.eldiario.net\\\/portal\\\/#organization\"},\"image\":{\"@id\":\"https:\\\/\\\/www.eldiario.net\\\/portal\\\/2021\\\/06\\\/02\\\/municipio-de-el-alto-adquirira-1-000-botellones-de-oxigeno\\\/#primaryimage\"},\"thumbnailUrl\":\"\",\"articleSection\":[\"Nacional\"],\"inLanguage\":\"es\"},{\"@type\":\"WebPage\",\"@id\":\"https:\\\/\\\/www.eldiario.net\\\/portal\\\/2021\\\/06\\\/02\\\/municipio-de-el-alto-adquirira-1-000-botellones-de-oxigeno\\\/\",\"url\":\"https:\\\/\\\/www.eldiario.net\\\/portal\\\/2021\\\/06\\\/02\\\/municipio-de-el-alto-adquirira-1-000-botellones-de-oxigeno\\\/\",\"name\":\"Municipio de El Alto adquirir\u00e1 1.000 botellones de ox\u00edgeno - El Diario - Bolivia\",\"isPartOf\":{\"@id\":\"https:\\\/\\\/www.eldiario.net\\\/portal\\\/#website\"},\"primaryImageOfPage\":{\"@id\":\"https:\\\/\\\/www.eldiario.net\\\/portal\\\/2021\\\/06\\\/02\\\/municipio-de-el-alto-adquirira-1-000-botellones-de-oxigeno\\\/#primaryimage\"},\"image\":{\"@id\":\"https:\\\/\\\/www.eldiario.net\\\/portal\\\/2021\\\/06\\\/02\\\/municipio-de-el-alto-adquirira-1-000-botellones-de-oxigeno\\\/#primaryimage\"},\"thumbnailUrl\":\"\",\"datePublished\":\"2021-06-02T10:31:28+00:00\",\"breadcrumb\":{\"@id\":\"https:\\\/\\\/www.eldiario.net\\\/portal\\\/2021\\\/06\\\/02\\\/municipio-de-el-alto-adquirira-1-000-botellones-de-oxigeno\\\/#breadcrumb\"},\"inLanguage\":\"es\",\"potentialAction\":[{\"@type\":\"ReadAction\",\"target\":[\"https:\\\/\\\/www.eldiario.net\\\/portal\\\/2021\\\/06\\\/02\\\/municipio-de-el-alto-adquirira-1-000-botellones-de-oxigeno\\\/\"]}]},{\"@type\":\"ImageObject\",\"inLanguage\":\"es\",\"@id\":\"https:\\\/\\\/www.eldiario.net\\\/portal\\\/2021\\\/06\\\/02\\\/municipio-de-el-alto-adquirira-1-000-botellones-de-oxigeno\\\/#primaryimage\",\"url\":\"\",\"contentUrl\":\"\"},{\"@type\":\"BreadcrumbList\",\"@id\":\"https:\\\/\\\/www.eldiario.net\\\/portal\\\/2021\\\/06\\\/02\\\/municipio-de-el-alto-adquirira-1-000-botellones-de-oxigeno\\\/#breadcrumb\",\"itemListElement\":[{\"@type\":\"ListItem\",\"position\":1,\"name\":\"Portada\",\"item\":\"https:\\\/\\\/www.eldiario.net\\\/portal\\\/\"},{\"@type\":\"ListItem\",\"position\":2,\"name\":\"Municipio de El Alto adquirir\u00e1 1.000 botellones de ox\u00edgeno\"}]},{\"@type\":\"WebSite\",\"@id\":\"https:\\\/\\\/www.eldiario.net\\\/portal\\\/#website\",\"url\":\"https:\\\/\\\/www.eldiario.net\\\/portal\\\/\",\"name\":\"El Diario - Decano de la prensa nacional\",\"description\":\"El Diario - Decano de la prensa nacional\",\"publisher\":{\"@id\":\"https:\\\/\\\/www.eldiario.net\\\/portal\\\/#organization\"},\"potentialAction\":[{\"@type\":\"SearchAction\",\"target\":{\"@type\":\"EntryPoint\",\"urlTemplate\":\"https:\\\/\\\/www.eldiario.net\\\/portal\\\/?s={search_term_string}\"},\"query-input\":{\"@type\":\"PropertyValueSpecification\",\"valueRequired\":true,\"valueName\":\"search_term_string\"}}],\"inLanguage\":\"es\"},{\"@type\":\"Organization\",\"@id\":\"https:\\\/\\\/www.eldiario.net\\\/portal\\\/#organization\",\"name\":\"El Diario - Decano de la prensa nacional\",\"url\":\"https:\\\/\\\/www.eldiario.net\\\/portal\\\/\",\"logo\":{\"@type\":\"ImageObject\",\"inLanguage\":\"es\",\"@id\":\"https:\\\/\\\/www.eldiario.net\\\/portal\\\/#\\\/schema\\\/logo\\\/image\\\/\",\"url\":\"https:\\\/\\\/www.eldiario.net\\\/portal\\\/wp-content\\\/uploads\\\/2023\\\/07\\\/logo_ED.jpg\",\"contentUrl\":\"https:\\\/\\\/www.eldiario.net\\\/portal\\\/wp-content\\\/uploads\\\/2023\\\/07\\\/logo_ED.jpg\",\"width\":272,\"height\":52,\"caption\":\"El Diario - Decano de la prensa nacional\"},\"image\":{\"@id\":\"https:\\\/\\\/www.eldiario.net\\\/portal\\\/#\\\/schema\\\/logo\\\/image\\\/\"},\"sameAs\":[\"https:\\\/\\\/www.facebook.com\\\/eldiario.bolivia\\\/\",\"https:\\\/\\\/x.com\\\/eldiario_net\"]},{\"@type\":\"Person\",\"@id\":\"https:\\\/\\\/www.eldiario.net\\\/portal\\\/#\\\/schema\\\/person\\\/f46445640444750d7d753ccd04ae01b7\",\"name\":\"Jeanette\",\"image\":{\"@type\":\"ImageObject\",\"inLanguage\":\"es\",\"@id\":\"https:\\\/\\\/secure.gravatar.com\\\/avatar\\\/3ea2118a5f7dad2b7138b1187a6b7ee55f160b9968b66013c3a3ef39dd7e5798?s=96&d=mm&r=g\",\"url\":\"https:\\\/\\\/secure.gravatar.com\\\/avatar\\\/3ea2118a5f7dad2b7138b1187a6b7ee55f160b9968b66013c3a3ef39dd7e5798?s=96&d=mm&r=g\",\"contentUrl\":\"https:\\\/\\\/secure.gravatar.com\\\/avatar\\\/3ea2118a5f7dad2b7138b1187a6b7ee55f160b9968b66013c3a3ef39dd7e5798?s=96&d=mm&r=g\",\"caption\":\"Jeanette\"},\"sameAs\":[\"https:\\\/\\\/www.eldiario.net\\\/portal\"],\"url\":\"https:\\\/\\\/www.eldiario.net\\\/portal\\\/author\\\/jeanette\\\/\"}]}<\/script>\n<!-- \/ Yoast SEO plugin. -->","yoast_head_json":{"title":"Municipio de El Alto adquirir\u00e1 1.000 botellones de ox\u00edgeno - El Diario - Bolivia","robots":{"index":"index","follow":"follow","max-snippet":"max-snippet:-1","max-image-preview":"max-image-preview:large","max-video-preview":"max-video-preview:-1"},"canonical":"https:\/\/www.eldiario.net\/portal\/2021\/06\/02\/municipio-de-el-alto-adquirira-1-000-botellones-de-oxigeno\/","og_locale":"es_ES","og_type":"article","og_title":"Municipio de El Alto adquirir\u00e1 1.000 botellones de ox\u00edgeno - El Diario - Bolivia","og_description":"La alcaldesa de la ciudad de El Alto, Eva Copa, asegur\u00f3 que los 1.000 botellones de ox\u00edgeno a ser adquiridos ser\u00e1n utilizados en tratamientos ambulatorios a domicilio de personas contagiadas por covid-19. La decisi\u00f3n de la primera autoridad de la urbe alte\u00f1a fue debido a la sobredemanda que se ha generado del ox\u00edgeno medicinal, a [&hellip;]","og_url":"https:\/\/www.eldiario.net\/portal\/2021\/06\/02\/municipio-de-el-alto-adquirira-1-000-botellones-de-oxigeno\/","og_site_name":"El Diario - Bolivia","article_publisher":"https:\/\/www.facebook.com\/eldiario.bolivia\/","article_published_time":"2021-06-02T10:31:28+00:00","author":"Jeanette","twitter_card":"summary_large_image","twitter_creator":"@eldiario_net","twitter_site":"@eldiario_net","twitter_misc":{"Escrito por":"Jeanette","Tiempo de lectura":"3 minutos"},"schema":{"@context":"https:\/\/schema.org","@graph":[{"@type":"Article","@id":"https:\/\/www.eldiario.net\/portal\/2021\/06\/02\/municipio-de-el-alto-adquirira-1-000-botellones-de-oxigeno\/#article","isPartOf":{"@id":"https:\/\/www.eldiario.net\/portal\/2021\/06\/02\/municipio-de-el-alto-adquirira-1-000-botellones-de-oxigeno\/"},"author":{"name":"Jeanette","@id":"https:\/\/www.eldiario.net\/portal\/#\/schema\/person\/f46445640444750d7d753ccd04ae01b7"},"headline":"Municipio de El Alto adquirir\u00e1 1.000 botellones de ox\u00edgeno","datePublished":"2021-06-02T10:31:28+00:00","mainEntityOfPage":{"@id":"https:\/\/www.eldiario.net\/portal\/2021\/06\/02\/municipio-de-el-alto-adquirira-1-000-botellones-de-oxigeno\/"},"wordCount":522,"publisher":{"@id":"https:\/\/www.eldiario.net\/portal\/#organization"},"image":{"@id":"https:\/\/www.eldiario.net\/portal\/2021\/06\/02\/municipio-de-el-alto-adquirira-1-000-botellones-de-oxigeno\/#primaryimage"},"thumbnailUrl":"","articleSection":["Nacional"],"inLanguage":"es"},{"@type":"WebPage","@id":"https:\/\/www.eldiario.net\/portal\/2021\/06\/02\/municipio-de-el-alto-adquirira-1-000-botellones-de-oxigeno\/","url":"https:\/\/www.eldiario.net\/portal\/2021\/06\/02\/municipio-de-el-alto-adquirira-1-000-botellones-de-oxigeno\/","name":"Municipio de El Alto adquirir\u00e1 1.000 botellones de ox\u00edgeno - El Diario - Bolivia","isPartOf":{"@id":"https:\/\/www.eldiario.net\/portal\/#website"},"primaryImageOfPage":{"@id":"https:\/\/www.eldiario.net\/portal\/2021\/06\/02\/municipio-de-el-alto-adquirira-1-000-botellones-de-oxigeno\/#primaryimage"},"image":{"@id":"https:\/\/www.eldiario.net\/portal\/2021\/06\/02\/municipio-de-el-alto-adquirira-1-000-botellones-de-oxigeno\/#primaryimage"},"thumbnailUrl":"","datePublished":"2021-06-02T10:31:28+00:00","breadcrumb":{"@id":"https:\/\/www.eldiario.net\/portal\/2021\/06\/02\/municipio-de-el-alto-adquirira-1-000-botellones-de-oxigeno\/#breadcrumb"},"inLanguage":"es","potentialAction":[{"@type":"ReadAction","target":["https:\/\/www.eldiario.net\/portal\/2021\/06\/02\/municipio-de-el-alto-adquirira-1-000-botellones-de-oxigeno\/"]}]},{"@type":"ImageObject","inLanguage":"es","@id":"https:\/\/www.eldiario.net\/portal\/2021\/06\/02\/municipio-de-el-alto-adquirira-1-000-botellones-de-oxigeno\/#primaryimage","url":"","contentUrl":""},{"@type":"BreadcrumbList","@id":"https:\/\/www.eldiario.net\/portal\/2021\/06\/02\/municipio-de-el-alto-adquirira-1-000-botellones-de-oxigeno\/#breadcrumb","itemListElement":[{"@type":"ListItem","position":1,"name":"Portada","item":"https:\/\/www.eldiario.net\/portal\/"},{"@type":"ListItem","position":2,"name":"Municipio de El Alto adquirir\u00e1 1.000 botellones de ox\u00edgeno"}]},{"@type":"WebSite","@id":"https:\/\/www.eldiario.net\/portal\/#website","url":"https:\/\/www.eldiario.net\/portal\/","name":"El Diario - Decano de la prensa nacional","description":"El Diario - Decano de la prensa nacional","publisher":{"@id":"https:\/\/www.eldiario.net\/portal\/#organization"},"potentialAction":[{"@type":"SearchAction","target":{"@type":"EntryPoint","urlTemplate":"https:\/\/www.eldiario.net\/portal\/?s={search_term_string}"},"query-input":{"@type":"PropertyValueSpecification","valueRequired":true,"valueName":"search_term_string"}}],"inLanguage":"es"},{"@type":"Organization","@id":"https:\/\/www.eldiario.net\/portal\/#organization","name":"El Diario - Decano de la prensa nacional","url":"https:\/\/www.eldiario.net\/portal\/","logo":{"@type":"ImageObject","inLanguage":"es","@id":"https:\/\/www.eldiario.net\/portal\/#\/schema\/logo\/image\/","url":"https:\/\/www.eldiario.net\/portal\/wp-content\/uploads\/2023\/07\/logo_ED.jpg","contentUrl":"https:\/\/www.eldiario.net\/portal\/wp-content\/uploads\/2023\/07\/logo_ED.jpg","width":272,"height":52,"caption":"El Diario - Decano de la prensa nacional"},"image":{"@id":"https:\/\/www.eldiario.net\/portal\/#\/schema\/logo\/image\/"},"sameAs":["https:\/\/www.facebook.com\/eldiario.bolivia\/","https:\/\/x.com\/eldiario_net"]},{"@type":"Person","@id":"https:\/\/www.eldiario.net\/portal\/#\/schema\/person\/f46445640444750d7d753ccd04ae01b7","name":"Jeanette","image":{"@type":"ImageObject","inLanguage":"es","@id":"https:\/\/secure.gravatar.com\/avatar\/3ea2118a5f7dad2b7138b1187a6b7ee55f160b9968b66013c3a3ef39dd7e5798?s=96&d=mm&r=g","url":"https:\/\/secure.gravatar.com\/avatar\/3ea2118a5f7dad2b7138b1187a6b7ee55f160b9968b66013c3a3ef39dd7e5798?s=96&d=mm&r=g","contentUrl":"https:\/\/secure.gravatar.com\/avatar\/3ea2118a5f7dad2b7138b1187a6b7ee55f160b9968b66013c3a3ef39dd7e5798?s=96&d=mm&r=g","caption":"Jeanette"},"sameAs":["https:\/\/www.eldiario.net\/portal"],"url":"https:\/\/www.eldiario.net\/portal\/author\/jeanette\/"}]}},"_links":{"self":[{"href":"https:\/\/www.eldiario.net\/portal\/wp-json\/wp\/v2\/posts\/7866","targetHints":{"allow":["GET"]}}],"collection":[{"href":"https:\/\/www.eldiario.net\/portal\/wp-json\/wp\/v2\/posts"}],"about":[{"href":"https:\/\/www.eldiario.net\/portal\/wp-json\/wp\/v2\/types\/post"}],"author":[{"embeddable":true,"href":"https:\/\/www.eldiario.net\/portal\/wp-json\/wp\/v2\/users\/1"}],"replies":[{"embeddable":true,"href":"https:\/\/www.eldiario.net\/portal\/wp-json\/wp\/v2\/comments?post=7866"}],"version-history":[{"count":0,"href":"https:\/\/www.eldiario.net\/portal\/wp-json\/wp\/v2\/posts\/7866\/revisions"}],"wp:attachment":[{"href":"https:\/\/www.eldiario.net\/portal\/wp-json\/wp\/v2\/media?parent=7866"}],"wp:term":[{"taxonomy":"category","embeddable":true,"href":"https:\/\/www.eldiario.net\/portal\/wp-json\/wp\/v2\/categories?post=7866"},{"taxonomy":"post_tag","embeddable":true,"href":"https:\/\/www.eldiario.net\/portal\/wp-json\/wp\/v2\/tags?post=7866"}],"curies":[{"name":"wp","href":"https:\/\/api.w.org\/{rel}","templated":true}]}}