{"id":7864,"date":"2021-06-02T06:29:34","date_gmt":"2021-06-02T10:29:34","guid":{"rendered":"https:\/\/www.eldiario.net\/portal\/?p=7864"},"modified":"2021-06-02T06:29:34","modified_gmt":"2021-06-02T10:29:34","slug":"operativos-en-bares-y-discotecas-detectan-a-positivos-de-covid-19","status":"publish","type":"post","link":"https:\/\/www.eldiario.net\/portal\/2021\/06\/02\/operativos-en-bares-y-discotecas-detectan-a-positivos-de-covid-19\/","title":{"rendered":"Operativos en bares y discotecas  detectan a positivos de covid-19"},"content":{"rendered":"<p>La alcaldesa de la ciudad de El Alto, Eva Copa, se\u00f1al\u00f3 que en los diferentes operativos realizados por la Intendencia en bares y discotecas se han detectado varios casos positivos de covid-19, debido a que incumpl\u00edan con las normas de bioseguridad.<br \/>\nLa autoridad de esta urbe se\u00f1al\u00f3 que son en este tipo de actividades econ\u00f3micas ilegales, donde existen los riesgos inminentes de un contagio masivo, porque son lugares donde ninguno de los asistentes cumple con las normas de bioseguridad, por lo que cinco de estos negocios entre bares y discotecas fueron clausurados.<br \/>\n\u201cEs lamentable que todav\u00eda existan personas inconscientes que contin\u00faen arriesgando sus vidas, asistiendo a este tipo de centros nocturnos, donde ninguna de las personas utilizan barbijos y lo peor tampoco cumplen con los protocolos de las normas de bioseguridad, es por eso que las personas arrestadas, cumplir\u00e1n con trabajos comunitarios limpiando plazas y parques con una sanci\u00f3n moral\u201d, explic\u00f3 la alcaldesa Copa.<br \/>\nDe acuerdo con la autoridad, los controles en bares y discotecas y otros centros nocturnos se han iniciado hace dos d\u00edas dentro el plan que se ha trazado el municipio de la ciudad de El Alto, junto a la Gobernaci\u00f3n y la Alcald\u00eda de La Paz, para contrarrestar la tercera ola del coronavirus y hacer cumplir estas normas de restricci\u00f3n.<br \/>\nEstos operativos ser\u00e1n de manera continua, en coordinaci\u00f3n con autoridades policiales del Comando Regional de la Polic\u00eda de El Alto, la Guardia Municipal y miembros de la Secretar\u00eda de Seguridad Ciudadana, para que de esta manera se pueda eliminar todos los focos de infecci\u00f3n y contagios del coronavirus, lugares donde fueron detectados que son los m\u00e1s propensos a adquirir este virus.<br \/>\nDe la misma forma, el encargado de salud del municipio, Henry Flores, dio a conocer que a pesar del incremento de los casos covid-19 en la urbe alte\u00f1a, hasta la fecha no existe mayores problemas en la adquisici\u00f3n y el abastecimiento de ox\u00edgeno en los centros de salud, as\u00ed como los hospitales destinados como centros de referencia de esta enfermedad.<br \/>\n\u201cEstamos pendientes de este tema, porque sabemos que la tercera ola del covid-19, est\u00e1 en nuestra ciudad y en la oportunidad con mayor incidencia, por eso tenemos un trabajo de seguimiento en los diferentes nosocomios de nuestra ciudad para verificar la carencia de ox\u00edgeno y de esta forma prevenir su abastecimiento\u201d, se\u00f1al\u00f3 el funcionario.<br \/>\nPor otro lado, se contin\u00faa realizando el trabajo de difusi\u00f3n de la ley municipal de controles, las cuales est\u00e1n llegando hacia las organizaciones vivas de El Alto, as\u00ed como centros de abasto, donde existe la presencia de comerciantes a quienes se les concientiza el cumplimiento de las normas de bioseguridad como el uso del barbijo entre otros.<\/p>\n","protected":false},"excerpt":{"rendered":"<p>La alcaldesa de la ciudad de El Alto, Eva Copa, se\u00f1al\u00f3 que en los diferentes operativos realizados por la Intendencia en bares y discotecas se han detectado varios casos positivos de covid-19, debido a que incumpl\u00edan con las normas de bioseguridad. La autoridad de esta urbe se\u00f1al\u00f3 que son en este tipo de actividades econ\u00f3micas [&hellip;]<\/p>\n","protected":false},"author":1,"featured_media":0,"comment_status":"closed","ping_status":"closed","sticky":false,"template":"","format":"standard","meta":{"_acf_changed":false,"footnotes":""},"categories":[12],"tags":[],"class_list":["post-7864","post","type-post","status-publish","format-standard","category-nacional"],"acf":{"antetitulo":""},"yoast_head":"<!-- This site is optimized with the Yoast SEO plugin v28.3 - https:\/\/yoast.com\/product\/yoast-seo-wordpress\/ -->\n<title>Operativos en bares y discotecas detectan a positivos de covid-19 - El Diario - Bolivia<\/title>\n<meta name=\"robots\" content=\"index, follow, max-snippet:-1, max-image-preview:large, max-video-preview:-1\" \/>\n<link rel=\"canonical\" href=\"https:\/\/www.eldiario.net\/portal\/2021\/06\/02\/operativos-en-bares-y-discotecas-detectan-a-positivos-de-covid-19\/\" \/>\n<meta property=\"og:locale\" content=\"es_ES\" \/>\n<meta property=\"og:type\" content=\"article\" \/>\n<meta property=\"og:title\" content=\"Operativos en bares y discotecas detectan a positivos de covid-19 - El Diario - Bolivia\" \/>\n<meta property=\"og:description\" content=\"La alcaldesa de la ciudad de El Alto, Eva Copa, se\u00f1al\u00f3 que en los diferentes operativos realizados por la Intendencia en bares y discotecas se han detectado varios casos positivos de covid-19, debido a que incumpl\u00edan con las normas de bioseguridad. La autoridad de esta urbe se\u00f1al\u00f3 que son en este tipo de actividades econ\u00f3micas [&hellip;]\" \/>\n<meta property=\"og:url\" content=\"https:\/\/www.eldiario.net\/portal\/2021\/06\/02\/operativos-en-bares-y-discotecas-detectan-a-positivos-de-covid-19\/\" \/>\n<meta property=\"og:site_name\" content=\"El Diario - Bolivia\" \/>\n<meta property=\"article:publisher\" content=\"https:\/\/www.facebook.com\/eldiario.bolivia\/\" \/>\n<meta property=\"article:published_time\" content=\"2021-06-02T10:29:34+00:00\" \/>\n<meta name=\"author\" content=\"Jeanette\" \/>\n<meta name=\"twitter:card\" content=\"summary_large_image\" \/>\n<meta name=\"twitter:creator\" content=\"@eldiario_net\" \/>\n<meta name=\"twitter:site\" content=\"@eldiario_net\" \/>\n<meta name=\"twitter:label1\" content=\"Escrito por\" \/>\n\t<meta name=\"twitter:data1\" content=\"Jeanette\" \/>\n\t<meta name=\"twitter:label2\" content=\"Tiempo de lectura\" \/>\n\t<meta name=\"twitter:data2\" content=\"2 minutos\" \/>\n<script type=\"application\/ld+json\" class=\"yoast-schema-graph\">{\"@context\":\"https:\\\/\\\/schema.org\",\"@graph\":[{\"@type\":\"Article\",\"@id\":\"https:\\\/\\\/www.eldiario.net\\\/portal\\\/2021\\\/06\\\/02\\\/operativos-en-bares-y-discotecas-detectan-a-positivos-de-covid-19\\\/#article\",\"isPartOf\":{\"@id\":\"https:\\\/\\\/www.eldiario.net\\\/portal\\\/2021\\\/06\\\/02\\\/operativos-en-bares-y-discotecas-detectan-a-positivos-de-covid-19\\\/\"},\"author\":{\"name\":\"Jeanette\",\"@id\":\"https:\\\/\\\/www.eldiario.net\\\/portal\\\/#\\\/schema\\\/person\\\/f46445640444750d7d753ccd04ae01b7\"},\"headline\":\"Operativos en bares y discotecas detectan a positivos de covid-19\",\"datePublished\":\"2021-06-02T10:29:34+00:00\",\"mainEntityOfPage\":{\"@id\":\"https:\\\/\\\/www.eldiario.net\\\/portal\\\/2021\\\/06\\\/02\\\/operativos-en-bares-y-discotecas-detectan-a-positivos-de-covid-19\\\/\"},\"wordCount\":482,\"publisher\":{\"@id\":\"https:\\\/\\\/www.eldiario.net\\\/portal\\\/#organization\"},\"articleSection\":[\"Nacional\"],\"inLanguage\":\"es\"},{\"@type\":\"WebPage\",\"@id\":\"https:\\\/\\\/www.eldiario.net\\\/portal\\\/2021\\\/06\\\/02\\\/operativos-en-bares-y-discotecas-detectan-a-positivos-de-covid-19\\\/\",\"url\":\"https:\\\/\\\/www.eldiario.net\\\/portal\\\/2021\\\/06\\\/02\\\/operativos-en-bares-y-discotecas-detectan-a-positivos-de-covid-19\\\/\",\"name\":\"Operativos en bares y discotecas detectan a positivos de covid-19 - El Diario - Bolivia\",\"isPartOf\":{\"@id\":\"https:\\\/\\\/www.eldiario.net\\\/portal\\\/#website\"},\"datePublished\":\"2021-06-02T10:29:34+00:00\",\"breadcrumb\":{\"@id\":\"https:\\\/\\\/www.eldiario.net\\\/portal\\\/2021\\\/06\\\/02\\\/operativos-en-bares-y-discotecas-detectan-a-positivos-de-covid-19\\\/#breadcrumb\"},\"inLanguage\":\"es\",\"potentialAction\":[{\"@type\":\"ReadAction\",\"target\":[\"https:\\\/\\\/www.eldiario.net\\\/portal\\\/2021\\\/06\\\/02\\\/operativos-en-bares-y-discotecas-detectan-a-positivos-de-covid-19\\\/\"]}]},{\"@type\":\"BreadcrumbList\",\"@id\":\"https:\\\/\\\/www.eldiario.net\\\/portal\\\/2021\\\/06\\\/02\\\/operativos-en-bares-y-discotecas-detectan-a-positivos-de-covid-19\\\/#breadcrumb\",\"itemListElement\":[{\"@type\":\"ListItem\",\"position\":1,\"name\":\"Portada\",\"item\":\"https:\\\/\\\/www.eldiario.net\\\/portal\\\/\"},{\"@type\":\"ListItem\",\"position\":2,\"name\":\"Operativos en bares y discotecas detectan a positivos de covid-19\"}]},{\"@type\":\"WebSite\",\"@id\":\"https:\\\/\\\/www.eldiario.net\\\/portal\\\/#website\",\"url\":\"https:\\\/\\\/www.eldiario.net\\\/portal\\\/\",\"name\":\"El Diario - Decano de la prensa nacional\",\"description\":\"El Diario - Decano de la prensa nacional\",\"publisher\":{\"@id\":\"https:\\\/\\\/www.eldiario.net\\\/portal\\\/#organization\"},\"potentialAction\":[{\"@type\":\"SearchAction\",\"target\":{\"@type\":\"EntryPoint\",\"urlTemplate\":\"https:\\\/\\\/www.eldiario.net\\\/portal\\\/?s={search_term_string}\"},\"query-input\":{\"@type\":\"PropertyValueSpecification\",\"valueRequired\":true,\"valueName\":\"search_term_string\"}}],\"inLanguage\":\"es\"},{\"@type\":\"Organization\",\"@id\":\"https:\\\/\\\/www.eldiario.net\\\/portal\\\/#organization\",\"name\":\"El Diario - Decano de la prensa nacional\",\"url\":\"https:\\\/\\\/www.eldiario.net\\\/portal\\\/\",\"logo\":{\"@type\":\"ImageObject\",\"inLanguage\":\"es\",\"@id\":\"https:\\\/\\\/www.eldiario.net\\\/portal\\\/#\\\/schema\\\/logo\\\/image\\\/\",\"url\":\"https:\\\/\\\/www.eldiario.net\\\/portal\\\/wp-content\\\/uploads\\\/2023\\\/07\\\/logo_ED.jpg\",\"contentUrl\":\"https:\\\/\\\/www.eldiario.net\\\/portal\\\/wp-content\\\/uploads\\\/2023\\\/07\\\/logo_ED.jpg\",\"width\":272,\"height\":52,\"caption\":\"El Diario - Decano de la prensa nacional\"},\"image\":{\"@id\":\"https:\\\/\\\/www.eldiario.net\\\/portal\\\/#\\\/schema\\\/logo\\\/image\\\/\"},\"sameAs\":[\"https:\\\/\\\/www.facebook.com\\\/eldiario.bolivia\\\/\",\"https:\\\/\\\/x.com\\\/eldiario_net\"]},{\"@type\":\"Person\",\"@id\":\"https:\\\/\\\/www.eldiario.net\\\/portal\\\/#\\\/schema\\\/person\\\/f46445640444750d7d753ccd04ae01b7\",\"name\":\"Jeanette\",\"image\":{\"@type\":\"ImageObject\",\"inLanguage\":\"es\",\"@id\":\"https:\\\/\\\/secure.gravatar.com\\\/avatar\\\/3ea2118a5f7dad2b7138b1187a6b7ee55f160b9968b66013c3a3ef39dd7e5798?s=96&d=mm&r=g\",\"url\":\"https:\\\/\\\/secure.gravatar.com\\\/avatar\\\/3ea2118a5f7dad2b7138b1187a6b7ee55f160b9968b66013c3a3ef39dd7e5798?s=96&d=mm&r=g\",\"contentUrl\":\"https:\\\/\\\/secure.gravatar.com\\\/avatar\\\/3ea2118a5f7dad2b7138b1187a6b7ee55f160b9968b66013c3a3ef39dd7e5798?s=96&d=mm&r=g\",\"caption\":\"Jeanette\"},\"sameAs\":[\"https:\\\/\\\/www.eldiario.net\\\/portal\"],\"url\":\"https:\\\/\\\/www.eldiario.net\\\/portal\\\/author\\\/jeanette\\\/\"}]}<\/script>\n<!-- \/ Yoast SEO plugin. -->","yoast_head_json":{"title":"Operativos en bares y discotecas detectan a positivos de covid-19 - El Diario - Bolivia","robots":{"index":"index","follow":"follow","max-snippet":"max-snippet:-1","max-image-preview":"max-image-preview:large","max-video-preview":"max-video-preview:-1"},"canonical":"https:\/\/www.eldiario.net\/portal\/2021\/06\/02\/operativos-en-bares-y-discotecas-detectan-a-positivos-de-covid-19\/","og_locale":"es_ES","og_type":"article","og_title":"Operativos en bares y discotecas detectan a positivos de covid-19 - El Diario - Bolivia","og_description":"La alcaldesa de la ciudad de El Alto, Eva Copa, se\u00f1al\u00f3 que en los diferentes operativos realizados por la Intendencia en bares y discotecas se han detectado varios casos positivos de covid-19, debido a que incumpl\u00edan con las normas de bioseguridad. La autoridad de esta urbe se\u00f1al\u00f3 que son en este tipo de actividades econ\u00f3micas [&hellip;]","og_url":"https:\/\/www.eldiario.net\/portal\/2021\/06\/02\/operativos-en-bares-y-discotecas-detectan-a-positivos-de-covid-19\/","og_site_name":"El Diario - Bolivia","article_publisher":"https:\/\/www.facebook.com\/eldiario.bolivia\/","article_published_time":"2021-06-02T10:29:34+00:00","author":"Jeanette","twitter_card":"summary_large_image","twitter_creator":"@eldiario_net","twitter_site":"@eldiario_net","twitter_misc":{"Escrito por":"Jeanette","Tiempo de lectura":"2 minutos"},"schema":{"@context":"https:\/\/schema.org","@graph":[{"@type":"Article","@id":"https:\/\/www.eldiario.net\/portal\/2021\/06\/02\/operativos-en-bares-y-discotecas-detectan-a-positivos-de-covid-19\/#article","isPartOf":{"@id":"https:\/\/www.eldiario.net\/portal\/2021\/06\/02\/operativos-en-bares-y-discotecas-detectan-a-positivos-de-covid-19\/"},"author":{"name":"Jeanette","@id":"https:\/\/www.eldiario.net\/portal\/#\/schema\/person\/f46445640444750d7d753ccd04ae01b7"},"headline":"Operativos en bares y discotecas detectan a positivos de covid-19","datePublished":"2021-06-02T10:29:34+00:00","mainEntityOfPage":{"@id":"https:\/\/www.eldiario.net\/portal\/2021\/06\/02\/operativos-en-bares-y-discotecas-detectan-a-positivos-de-covid-19\/"},"wordCount":482,"publisher":{"@id":"https:\/\/www.eldiario.net\/portal\/#organization"},"articleSection":["Nacional"],"inLanguage":"es"},{"@type":"WebPage","@id":"https:\/\/www.eldiario.net\/portal\/2021\/06\/02\/operativos-en-bares-y-discotecas-detectan-a-positivos-de-covid-19\/","url":"https:\/\/www.eldiario.net\/portal\/2021\/06\/02\/operativos-en-bares-y-discotecas-detectan-a-positivos-de-covid-19\/","name":"Operativos en bares y discotecas detectan a positivos de covid-19 - El Diario - Bolivia","isPartOf":{"@id":"https:\/\/www.eldiario.net\/portal\/#website"},"datePublished":"2021-06-02T10:29:34+00:00","breadcrumb":{"@id":"https:\/\/www.eldiario.net\/portal\/2021\/06\/02\/operativos-en-bares-y-discotecas-detectan-a-positivos-de-covid-19\/#breadcrumb"},"inLanguage":"es","potentialAction":[{"@type":"ReadAction","target":["https:\/\/www.eldiario.net\/portal\/2021\/06\/02\/operativos-en-bares-y-discotecas-detectan-a-positivos-de-covid-19\/"]}]},{"@type":"BreadcrumbList","@id":"https:\/\/www.eldiario.net\/portal\/2021\/06\/02\/operativos-en-bares-y-discotecas-detectan-a-positivos-de-covid-19\/#breadcrumb","itemListElement":[{"@type":"ListItem","position":1,"name":"Portada","item":"https:\/\/www.eldiario.net\/portal\/"},{"@type":"ListItem","position":2,"name":"Operativos en bares y discotecas detectan a positivos de covid-19"}]},{"@type":"WebSite","@id":"https:\/\/www.eldiario.net\/portal\/#website","url":"https:\/\/www.eldiario.net\/portal\/","name":"El Diario - Decano de la prensa nacional","description":"El Diario - Decano de la prensa nacional","publisher":{"@id":"https:\/\/www.eldiario.net\/portal\/#organization"},"potentialAction":[{"@type":"SearchAction","target":{"@type":"EntryPoint","urlTemplate":"https:\/\/www.eldiario.net\/portal\/?s={search_term_string}"},"query-input":{"@type":"PropertyValueSpecification","valueRequired":true,"valueName":"search_term_string"}}],"inLanguage":"es"},{"@type":"Organization","@id":"https:\/\/www.eldiario.net\/portal\/#organization","name":"El Diario - Decano de la prensa nacional","url":"https:\/\/www.eldiario.net\/portal\/","logo":{"@type":"ImageObject","inLanguage":"es","@id":"https:\/\/www.eldiario.net\/portal\/#\/schema\/logo\/image\/","url":"https:\/\/www.eldiario.net\/portal\/wp-content\/uploads\/2023\/07\/logo_ED.jpg","contentUrl":"https:\/\/www.eldiario.net\/portal\/wp-content\/uploads\/2023\/07\/logo_ED.jpg","width":272,"height":52,"caption":"El Diario - Decano de la prensa nacional"},"image":{"@id":"https:\/\/www.eldiario.net\/portal\/#\/schema\/logo\/image\/"},"sameAs":["https:\/\/www.facebook.com\/eldiario.bolivia\/","https:\/\/x.com\/eldiario_net"]},{"@type":"Person","@id":"https:\/\/www.eldiario.net\/portal\/#\/schema\/person\/f46445640444750d7d753ccd04ae01b7","name":"Jeanette","image":{"@type":"ImageObject","inLanguage":"es","@id":"https:\/\/secure.gravatar.com\/avatar\/3ea2118a5f7dad2b7138b1187a6b7ee55f160b9968b66013c3a3ef39dd7e5798?s=96&d=mm&r=g","url":"https:\/\/secure.gravatar.com\/avatar\/3ea2118a5f7dad2b7138b1187a6b7ee55f160b9968b66013c3a3ef39dd7e5798?s=96&d=mm&r=g","contentUrl":"https:\/\/secure.gravatar.com\/avatar\/3ea2118a5f7dad2b7138b1187a6b7ee55f160b9968b66013c3a3ef39dd7e5798?s=96&d=mm&r=g","caption":"Jeanette"},"sameAs":["https:\/\/www.eldiario.net\/portal"],"url":"https:\/\/www.eldiario.net\/portal\/author\/jeanette\/"}]}},"_links":{"self":[{"href":"https:\/\/www.eldiario.net\/portal\/wp-json\/wp\/v2\/posts\/7864","targetHints":{"allow":["GET"]}}],"collection":[{"href":"https:\/\/www.eldiario.net\/portal\/wp-json\/wp\/v2\/posts"}],"about":[{"href":"https:\/\/www.eldiario.net\/portal\/wp-json\/wp\/v2\/types\/post"}],"author":[{"embeddable":true,"href":"https:\/\/www.eldiario.net\/portal\/wp-json\/wp\/v2\/users\/1"}],"replies":[{"embeddable":true,"href":"https:\/\/www.eldiario.net\/portal\/wp-json\/wp\/v2\/comments?post=7864"}],"version-history":[{"count":0,"href":"https:\/\/www.eldiario.net\/portal\/wp-json\/wp\/v2\/posts\/7864\/revisions"}],"wp:attachment":[{"href":"https:\/\/www.eldiario.net\/portal\/wp-json\/wp\/v2\/media?parent=7864"}],"wp:term":[{"taxonomy":"category","embeddable":true,"href":"https:\/\/www.eldiario.net\/portal\/wp-json\/wp\/v2\/categories?post=7864"},{"taxonomy":"post_tag","embeddable":true,"href":"https:\/\/www.eldiario.net\/portal\/wp-json\/wp\/v2\/tags?post=7864"}],"curies":[{"name":"wp","href":"https:\/\/api.w.org\/{rel}","templated":true}]}}