{"id":7861,"date":"2021-06-02T06:28:52","date_gmt":"2021-06-02T10:28:52","guid":{"rendered":"https:\/\/www.eldiario.net\/portal\/?p=7861"},"modified":"2021-06-02T06:28:52","modified_gmt":"2021-06-02T10:28:52","slug":"militantes-de-jallalla-la-paz-se-tapian-en-la-urbe-altena","status":"publish","type":"post","link":"https:\/\/www.eldiario.net\/portal\/2021\/06\/02\/militantes-de-jallalla-la-paz-se-tapian-en-la-urbe-altena\/","title":{"rendered":"Militantes de Jallalla La Paz  se tapian en la urbe alte\u00f1a"},"content":{"rendered":"<p>Tres militantes del partido pol\u00edtico Jallalla La Paz se tapian como medida de protesta por el incumplimiento del gobernador Santos Quispe de otorgarles fuentes laborales a cambio de haber trabajado en la campa\u00f1a de las \u00faltimas elecciones subnacionales.<br \/>\nEstas medidas de protesta se han iniciado luego de que el gobernador Santos Quispe fuera posesionado en el cargo, momento desde el cual han comenzado los problemas con el entorno de los militantes de este partido pol\u00edtico, quienes esperanzados a contar con un cargo dentro de dicha instancia departamental, trabajaron durante la campa\u00f1a.<br \/>\nProducto del incumplimiento del acuerdo institucional, entre el gobernador Santos Quispe, y varios de los bloques que hasta la fecha no lograron ingresar a trabajar, varias fueron las movilizaciones que se realizaron en contra de la autoridad departamental.<br \/>\nEn la oportunidad, la ma\u00f1ana del martes en la ciudad de El Alto, inmediaciones de la Ceja, tres militantes de este partido, Julian Chura, F\u00e9lix P\u00e9rez y Luis Miguel Cahuana, decidieron tapiarse en un espacio de reducido, como medida de protesta, a causa de la actitud prepotente y desleal del gobernador Quispe.<br \/>\n\u201cSon actitudes de un personaje que ahora es autoridad, ha decepcionado a la ciudad de El Alto, porque est\u00e1 desconociendo un acuerdo institucional que tenemos Santos Quispe y la agrupaci\u00f3n Jallalla La Paz, y no solamente con nosotros, sino con las 20 provincias y la poblaci\u00f3n alte\u00f1a, porque el ahora Gobernador, se ha convertido en un personaje que ya no reconoce a nadie, pero antes de la campa\u00f1a era todo lo contrario\u201d, dijo F\u00e9lix P\u00e9rez, uno de los huelguistas.<br \/>\nLa extrema medida de protesta fue acordada realizar en la ciudad de El Alto, seg\u00fan las tres personas, porque en La Paz, el Gobernador tiene el apoyo de la Polic\u00eda y que no hubo ninguna garant\u00eda de efectuar esta medida de protesta, por lo que decidieron llevar en la urbe alte\u00f1a, donde un espacio reducido y en una parte de la acera de este sector de la urbe alte\u00f1a, lograron iniciar esta medida de protesta.<br \/>\nEl primer grupo de tres personas que asumieron la medida de protesta anunciaron que de continuar con esta actitud el gobernador Quispe, para los pr\u00f3ximos d\u00edas se anunci\u00f3 que m\u00e1s afectados se sumar\u00e1n a esta medida y otras m\u00e1s radicales, sin descartar huelgas de hambre, hasta que se llegue a un acuerdo satisfactorio.<br \/>\n\u201cEstamos dispuestos a llegar hasta las \u00faltimas consecuencias, porque muchas personas de los diferentes bloques, gente profesional, hemos sido marginados por esta autoridad\u201d, finaliz\u00f3 el huelguista.<\/p>\n","protected":false},"excerpt":{"rendered":"<p>Tres militantes del partido pol\u00edtico Jallalla La Paz se tapian como medida de protesta por el incumplimiento del gobernador Santos Quispe de otorgarles fuentes laborales a cambio de haber trabajado en la campa\u00f1a de las \u00faltimas elecciones subnacionales. Estas medidas de protesta se han iniciado luego de que el gobernador Santos Quispe fuera posesionado en [&hellip;]<\/p>\n","protected":false},"author":1,"featured_media":7862,"comment_status":"closed","ping_status":"closed","sticky":false,"template":"","format":"standard","meta":{"_acf_changed":false,"footnotes":""},"categories":[12],"tags":[],"class_list":["post-7861","post","type-post","status-publish","format-standard","has-post-thumbnail","category-nacional"],"acf":{"antetitulo":""},"yoast_head":"<!-- This site is optimized with the Yoast SEO plugin v28.3 - https:\/\/yoast.com\/product\/yoast-seo-wordpress\/ -->\n<title>Militantes de Jallalla La Paz se tapian en la urbe alte\u00f1a - El Diario - Bolivia<\/title>\n<meta name=\"robots\" content=\"index, follow, max-snippet:-1, max-image-preview:large, max-video-preview:-1\" \/>\n<link rel=\"canonical\" href=\"https:\/\/www.eldiario.net\/portal\/2021\/06\/02\/militantes-de-jallalla-la-paz-se-tapian-en-la-urbe-altena\/\" \/>\n<meta property=\"og:locale\" content=\"es_ES\" \/>\n<meta property=\"og:type\" content=\"article\" \/>\n<meta property=\"og:title\" content=\"Militantes de Jallalla La Paz se tapian en la urbe alte\u00f1a - El Diario - Bolivia\" \/>\n<meta property=\"og:description\" content=\"Tres militantes del partido pol\u00edtico Jallalla La Paz se tapian como medida de protesta por el incumplimiento del gobernador Santos Quispe de otorgarles fuentes laborales a cambio de haber trabajado en la campa\u00f1a de las \u00faltimas elecciones subnacionales. Estas medidas de protesta se han iniciado luego de que el gobernador Santos Quispe fuera posesionado en [&hellip;]\" \/>\n<meta property=\"og:url\" content=\"https:\/\/www.eldiario.net\/portal\/2021\/06\/02\/militantes-de-jallalla-la-paz-se-tapian-en-la-urbe-altena\/\" \/>\n<meta property=\"og:site_name\" content=\"El Diario - Bolivia\" \/>\n<meta property=\"article:publisher\" content=\"https:\/\/www.facebook.com\/eldiario.bolivia\/\" \/>\n<meta property=\"article:published_time\" content=\"2021-06-02T10:28:52+00:00\" \/>\n<meta name=\"author\" content=\"Jeanette\" \/>\n<meta name=\"twitter:card\" content=\"summary_large_image\" \/>\n<meta name=\"twitter:creator\" content=\"@eldiario_net\" \/>\n<meta name=\"twitter:site\" content=\"@eldiario_net\" \/>\n<meta name=\"twitter:label1\" content=\"Escrito por\" \/>\n\t<meta name=\"twitter:data1\" content=\"Jeanette\" \/>\n\t<meta name=\"twitter:label2\" content=\"Tiempo de lectura\" \/>\n\t<meta name=\"twitter:data2\" content=\"2 minutos\" \/>\n<script type=\"application\/ld+json\" class=\"yoast-schema-graph\">{\"@context\":\"https:\\\/\\\/schema.org\",\"@graph\":[{\"@type\":\"Article\",\"@id\":\"https:\\\/\\\/www.eldiario.net\\\/portal\\\/2021\\\/06\\\/02\\\/militantes-de-jallalla-la-paz-se-tapian-en-la-urbe-altena\\\/#article\",\"isPartOf\":{\"@id\":\"https:\\\/\\\/www.eldiario.net\\\/portal\\\/2021\\\/06\\\/02\\\/militantes-de-jallalla-la-paz-se-tapian-en-la-urbe-altena\\\/\"},\"author\":{\"name\":\"Jeanette\",\"@id\":\"https:\\\/\\\/www.eldiario.net\\\/portal\\\/#\\\/schema\\\/person\\\/f46445640444750d7d753ccd04ae01b7\"},\"headline\":\"Militantes de Jallalla La Paz se tapian en la urbe alte\u00f1a\",\"datePublished\":\"2021-06-02T10:28:52+00:00\",\"mainEntityOfPage\":{\"@id\":\"https:\\\/\\\/www.eldiario.net\\\/portal\\\/2021\\\/06\\\/02\\\/militantes-de-jallalla-la-paz-se-tapian-en-la-urbe-altena\\\/\"},\"wordCount\":448,\"publisher\":{\"@id\":\"https:\\\/\\\/www.eldiario.net\\\/portal\\\/#organization\"},\"image\":{\"@id\":\"https:\\\/\\\/www.eldiario.net\\\/portal\\\/2021\\\/06\\\/02\\\/militantes-de-jallalla-la-paz-se-tapian-en-la-urbe-altena\\\/#primaryimage\"},\"thumbnailUrl\":\"\",\"articleSection\":[\"Nacional\"],\"inLanguage\":\"es\"},{\"@type\":\"WebPage\",\"@id\":\"https:\\\/\\\/www.eldiario.net\\\/portal\\\/2021\\\/06\\\/02\\\/militantes-de-jallalla-la-paz-se-tapian-en-la-urbe-altena\\\/\",\"url\":\"https:\\\/\\\/www.eldiario.net\\\/portal\\\/2021\\\/06\\\/02\\\/militantes-de-jallalla-la-paz-se-tapian-en-la-urbe-altena\\\/\",\"name\":\"Militantes de Jallalla La Paz se tapian en la urbe alte\u00f1a - El Diario - Bolivia\",\"isPartOf\":{\"@id\":\"https:\\\/\\\/www.eldiario.net\\\/portal\\\/#website\"},\"primaryImageOfPage\":{\"@id\":\"https:\\\/\\\/www.eldiario.net\\\/portal\\\/2021\\\/06\\\/02\\\/militantes-de-jallalla-la-paz-se-tapian-en-la-urbe-altena\\\/#primaryimage\"},\"image\":{\"@id\":\"https:\\\/\\\/www.eldiario.net\\\/portal\\\/2021\\\/06\\\/02\\\/militantes-de-jallalla-la-paz-se-tapian-en-la-urbe-altena\\\/#primaryimage\"},\"thumbnailUrl\":\"\",\"datePublished\":\"2021-06-02T10:28:52+00:00\",\"breadcrumb\":{\"@id\":\"https:\\\/\\\/www.eldiario.net\\\/portal\\\/2021\\\/06\\\/02\\\/militantes-de-jallalla-la-paz-se-tapian-en-la-urbe-altena\\\/#breadcrumb\"},\"inLanguage\":\"es\",\"potentialAction\":[{\"@type\":\"ReadAction\",\"target\":[\"https:\\\/\\\/www.eldiario.net\\\/portal\\\/2021\\\/06\\\/02\\\/militantes-de-jallalla-la-paz-se-tapian-en-la-urbe-altena\\\/\"]}]},{\"@type\":\"ImageObject\",\"inLanguage\":\"es\",\"@id\":\"https:\\\/\\\/www.eldiario.net\\\/portal\\\/2021\\\/06\\\/02\\\/militantes-de-jallalla-la-paz-se-tapian-en-la-urbe-altena\\\/#primaryimage\",\"url\":\"\",\"contentUrl\":\"\"},{\"@type\":\"BreadcrumbList\",\"@id\":\"https:\\\/\\\/www.eldiario.net\\\/portal\\\/2021\\\/06\\\/02\\\/militantes-de-jallalla-la-paz-se-tapian-en-la-urbe-altena\\\/#breadcrumb\",\"itemListElement\":[{\"@type\":\"ListItem\",\"position\":1,\"name\":\"Portada\",\"item\":\"https:\\\/\\\/www.eldiario.net\\\/portal\\\/\"},{\"@type\":\"ListItem\",\"position\":2,\"name\":\"Militantes de Jallalla La Paz se tapian en la urbe alte\u00f1a\"}]},{\"@type\":\"WebSite\",\"@id\":\"https:\\\/\\\/www.eldiario.net\\\/portal\\\/#website\",\"url\":\"https:\\\/\\\/www.eldiario.net\\\/portal\\\/\",\"name\":\"El Diario - Decano de la prensa nacional\",\"description\":\"El Diario - Decano de la prensa nacional\",\"publisher\":{\"@id\":\"https:\\\/\\\/www.eldiario.net\\\/portal\\\/#organization\"},\"potentialAction\":[{\"@type\":\"SearchAction\",\"target\":{\"@type\":\"EntryPoint\",\"urlTemplate\":\"https:\\\/\\\/www.eldiario.net\\\/portal\\\/?s={search_term_string}\"},\"query-input\":{\"@type\":\"PropertyValueSpecification\",\"valueRequired\":true,\"valueName\":\"search_term_string\"}}],\"inLanguage\":\"es\"},{\"@type\":\"Organization\",\"@id\":\"https:\\\/\\\/www.eldiario.net\\\/portal\\\/#organization\",\"name\":\"El Diario - Decano de la prensa nacional\",\"url\":\"https:\\\/\\\/www.eldiario.net\\\/portal\\\/\",\"logo\":{\"@type\":\"ImageObject\",\"inLanguage\":\"es\",\"@id\":\"https:\\\/\\\/www.eldiario.net\\\/portal\\\/#\\\/schema\\\/logo\\\/image\\\/\",\"url\":\"https:\\\/\\\/www.eldiario.net\\\/portal\\\/wp-content\\\/uploads\\\/2023\\\/07\\\/logo_ED.jpg\",\"contentUrl\":\"https:\\\/\\\/www.eldiario.net\\\/portal\\\/wp-content\\\/uploads\\\/2023\\\/07\\\/logo_ED.jpg\",\"width\":272,\"height\":52,\"caption\":\"El Diario - Decano de la prensa nacional\"},\"image\":{\"@id\":\"https:\\\/\\\/www.eldiario.net\\\/portal\\\/#\\\/schema\\\/logo\\\/image\\\/\"},\"sameAs\":[\"https:\\\/\\\/www.facebook.com\\\/eldiario.bolivia\\\/\",\"https:\\\/\\\/x.com\\\/eldiario_net\"]},{\"@type\":\"Person\",\"@id\":\"https:\\\/\\\/www.eldiario.net\\\/portal\\\/#\\\/schema\\\/person\\\/f46445640444750d7d753ccd04ae01b7\",\"name\":\"Jeanette\",\"image\":{\"@type\":\"ImageObject\",\"inLanguage\":\"es\",\"@id\":\"https:\\\/\\\/secure.gravatar.com\\\/avatar\\\/3ea2118a5f7dad2b7138b1187a6b7ee55f160b9968b66013c3a3ef39dd7e5798?s=96&d=mm&r=g\",\"url\":\"https:\\\/\\\/secure.gravatar.com\\\/avatar\\\/3ea2118a5f7dad2b7138b1187a6b7ee55f160b9968b66013c3a3ef39dd7e5798?s=96&d=mm&r=g\",\"contentUrl\":\"https:\\\/\\\/secure.gravatar.com\\\/avatar\\\/3ea2118a5f7dad2b7138b1187a6b7ee55f160b9968b66013c3a3ef39dd7e5798?s=96&d=mm&r=g\",\"caption\":\"Jeanette\"},\"sameAs\":[\"https:\\\/\\\/www.eldiario.net\\\/portal\"],\"url\":\"https:\\\/\\\/www.eldiario.net\\\/portal\\\/author\\\/jeanette\\\/\"}]}<\/script>\n<!-- \/ Yoast SEO plugin. -->","yoast_head_json":{"title":"Militantes de Jallalla La Paz se tapian en la urbe alte\u00f1a - El Diario - Bolivia","robots":{"index":"index","follow":"follow","max-snippet":"max-snippet:-1","max-image-preview":"max-image-preview:large","max-video-preview":"max-video-preview:-1"},"canonical":"https:\/\/www.eldiario.net\/portal\/2021\/06\/02\/militantes-de-jallalla-la-paz-se-tapian-en-la-urbe-altena\/","og_locale":"es_ES","og_type":"article","og_title":"Militantes de Jallalla La Paz se tapian en la urbe alte\u00f1a - El Diario - Bolivia","og_description":"Tres militantes del partido pol\u00edtico Jallalla La Paz se tapian como medida de protesta por el incumplimiento del gobernador Santos Quispe de otorgarles fuentes laborales a cambio de haber trabajado en la campa\u00f1a de las \u00faltimas elecciones subnacionales. Estas medidas de protesta se han iniciado luego de que el gobernador Santos Quispe fuera posesionado en [&hellip;]","og_url":"https:\/\/www.eldiario.net\/portal\/2021\/06\/02\/militantes-de-jallalla-la-paz-se-tapian-en-la-urbe-altena\/","og_site_name":"El Diario - Bolivia","article_publisher":"https:\/\/www.facebook.com\/eldiario.bolivia\/","article_published_time":"2021-06-02T10:28:52+00:00","author":"Jeanette","twitter_card":"summary_large_image","twitter_creator":"@eldiario_net","twitter_site":"@eldiario_net","twitter_misc":{"Escrito por":"Jeanette","Tiempo de lectura":"2 minutos"},"schema":{"@context":"https:\/\/schema.org","@graph":[{"@type":"Article","@id":"https:\/\/www.eldiario.net\/portal\/2021\/06\/02\/militantes-de-jallalla-la-paz-se-tapian-en-la-urbe-altena\/#article","isPartOf":{"@id":"https:\/\/www.eldiario.net\/portal\/2021\/06\/02\/militantes-de-jallalla-la-paz-se-tapian-en-la-urbe-altena\/"},"author":{"name":"Jeanette","@id":"https:\/\/www.eldiario.net\/portal\/#\/schema\/person\/f46445640444750d7d753ccd04ae01b7"},"headline":"Militantes de Jallalla La Paz se tapian en la urbe alte\u00f1a","datePublished":"2021-06-02T10:28:52+00:00","mainEntityOfPage":{"@id":"https:\/\/www.eldiario.net\/portal\/2021\/06\/02\/militantes-de-jallalla-la-paz-se-tapian-en-la-urbe-altena\/"},"wordCount":448,"publisher":{"@id":"https:\/\/www.eldiario.net\/portal\/#organization"},"image":{"@id":"https:\/\/www.eldiario.net\/portal\/2021\/06\/02\/militantes-de-jallalla-la-paz-se-tapian-en-la-urbe-altena\/#primaryimage"},"thumbnailUrl":"","articleSection":["Nacional"],"inLanguage":"es"},{"@type":"WebPage","@id":"https:\/\/www.eldiario.net\/portal\/2021\/06\/02\/militantes-de-jallalla-la-paz-se-tapian-en-la-urbe-altena\/","url":"https:\/\/www.eldiario.net\/portal\/2021\/06\/02\/militantes-de-jallalla-la-paz-se-tapian-en-la-urbe-altena\/","name":"Militantes de Jallalla La Paz se tapian en la urbe alte\u00f1a - El Diario - Bolivia","isPartOf":{"@id":"https:\/\/www.eldiario.net\/portal\/#website"},"primaryImageOfPage":{"@id":"https:\/\/www.eldiario.net\/portal\/2021\/06\/02\/militantes-de-jallalla-la-paz-se-tapian-en-la-urbe-altena\/#primaryimage"},"image":{"@id":"https:\/\/www.eldiario.net\/portal\/2021\/06\/02\/militantes-de-jallalla-la-paz-se-tapian-en-la-urbe-altena\/#primaryimage"},"thumbnailUrl":"","datePublished":"2021-06-02T10:28:52+00:00","breadcrumb":{"@id":"https:\/\/www.eldiario.net\/portal\/2021\/06\/02\/militantes-de-jallalla-la-paz-se-tapian-en-la-urbe-altena\/#breadcrumb"},"inLanguage":"es","potentialAction":[{"@type":"ReadAction","target":["https:\/\/www.eldiario.net\/portal\/2021\/06\/02\/militantes-de-jallalla-la-paz-se-tapian-en-la-urbe-altena\/"]}]},{"@type":"ImageObject","inLanguage":"es","@id":"https:\/\/www.eldiario.net\/portal\/2021\/06\/02\/militantes-de-jallalla-la-paz-se-tapian-en-la-urbe-altena\/#primaryimage","url":"","contentUrl":""},{"@type":"BreadcrumbList","@id":"https:\/\/www.eldiario.net\/portal\/2021\/06\/02\/militantes-de-jallalla-la-paz-se-tapian-en-la-urbe-altena\/#breadcrumb","itemListElement":[{"@type":"ListItem","position":1,"name":"Portada","item":"https:\/\/www.eldiario.net\/portal\/"},{"@type":"ListItem","position":2,"name":"Militantes de Jallalla La Paz se tapian en la urbe alte\u00f1a"}]},{"@type":"WebSite","@id":"https:\/\/www.eldiario.net\/portal\/#website","url":"https:\/\/www.eldiario.net\/portal\/","name":"El Diario - Decano de la prensa nacional","description":"El Diario - Decano de la prensa nacional","publisher":{"@id":"https:\/\/www.eldiario.net\/portal\/#organization"},"potentialAction":[{"@type":"SearchAction","target":{"@type":"EntryPoint","urlTemplate":"https:\/\/www.eldiario.net\/portal\/?s={search_term_string}"},"query-input":{"@type":"PropertyValueSpecification","valueRequired":true,"valueName":"search_term_string"}}],"inLanguage":"es"},{"@type":"Organization","@id":"https:\/\/www.eldiario.net\/portal\/#organization","name":"El Diario - Decano de la prensa nacional","url":"https:\/\/www.eldiario.net\/portal\/","logo":{"@type":"ImageObject","inLanguage":"es","@id":"https:\/\/www.eldiario.net\/portal\/#\/schema\/logo\/image\/","url":"https:\/\/www.eldiario.net\/portal\/wp-content\/uploads\/2023\/07\/logo_ED.jpg","contentUrl":"https:\/\/www.eldiario.net\/portal\/wp-content\/uploads\/2023\/07\/logo_ED.jpg","width":272,"height":52,"caption":"El Diario - Decano de la prensa nacional"},"image":{"@id":"https:\/\/www.eldiario.net\/portal\/#\/schema\/logo\/image\/"},"sameAs":["https:\/\/www.facebook.com\/eldiario.bolivia\/","https:\/\/x.com\/eldiario_net"]},{"@type":"Person","@id":"https:\/\/www.eldiario.net\/portal\/#\/schema\/person\/f46445640444750d7d753ccd04ae01b7","name":"Jeanette","image":{"@type":"ImageObject","inLanguage":"es","@id":"https:\/\/secure.gravatar.com\/avatar\/3ea2118a5f7dad2b7138b1187a6b7ee55f160b9968b66013c3a3ef39dd7e5798?s=96&d=mm&r=g","url":"https:\/\/secure.gravatar.com\/avatar\/3ea2118a5f7dad2b7138b1187a6b7ee55f160b9968b66013c3a3ef39dd7e5798?s=96&d=mm&r=g","contentUrl":"https:\/\/secure.gravatar.com\/avatar\/3ea2118a5f7dad2b7138b1187a6b7ee55f160b9968b66013c3a3ef39dd7e5798?s=96&d=mm&r=g","caption":"Jeanette"},"sameAs":["https:\/\/www.eldiario.net\/portal"],"url":"https:\/\/www.eldiario.net\/portal\/author\/jeanette\/"}]}},"_links":{"self":[{"href":"https:\/\/www.eldiario.net\/portal\/wp-json\/wp\/v2\/posts\/7861","targetHints":{"allow":["GET"]}}],"collection":[{"href":"https:\/\/www.eldiario.net\/portal\/wp-json\/wp\/v2\/posts"}],"about":[{"href":"https:\/\/www.eldiario.net\/portal\/wp-json\/wp\/v2\/types\/post"}],"author":[{"embeddable":true,"href":"https:\/\/www.eldiario.net\/portal\/wp-json\/wp\/v2\/users\/1"}],"replies":[{"embeddable":true,"href":"https:\/\/www.eldiario.net\/portal\/wp-json\/wp\/v2\/comments?post=7861"}],"version-history":[{"count":0,"href":"https:\/\/www.eldiario.net\/portal\/wp-json\/wp\/v2\/posts\/7861\/revisions"}],"wp:attachment":[{"href":"https:\/\/www.eldiario.net\/portal\/wp-json\/wp\/v2\/media?parent=7861"}],"wp:term":[{"taxonomy":"category","embeddable":true,"href":"https:\/\/www.eldiario.net\/portal\/wp-json\/wp\/v2\/categories?post=7861"},{"taxonomy":"post_tag","embeddable":true,"href":"https:\/\/www.eldiario.net\/portal\/wp-json\/wp\/v2\/tags?post=7861"}],"curies":[{"name":"wp","href":"https:\/\/api.w.org\/{rel}","templated":true}]}}