{"id":7858,"date":"2021-06-02T06:27:15","date_gmt":"2021-06-02T10:27:15","guid":{"rendered":"https:\/\/www.eldiario.net\/portal\/?p=7858"},"modified":"2021-06-02T06:27:15","modified_gmt":"2021-06-02T10:27:15","slug":"cierran-puntos-de-vacunacion-por-falta-de-primeras-dosis","status":"publish","type":"post","link":"https:\/\/www.eldiario.net\/portal\/2021\/06\/02\/cierran-puntos-de-vacunacion-por-falta-de-primeras-dosis\/","title":{"rendered":"Cierran puntos de vacunaci\u00f3n por falta de primeras dosis"},"content":{"rendered":"<p>\u201cCerrado hasta nuevo aviso\u201d son los carteles que aparecen en algunos puntos de vacunaci\u00f3n, particularmente en centros universitarios de la ciudad de Santa Cruz de la Sierra. Seg\u00fan autoridades de salud, el lote de medicamentos podr\u00eda agotarse completamente entre el mi\u00e9rcoles y viernes en esa capital y no se tiene el dato de una nueva distribuci\u00f3n.<br \/>\nEl gerente de epidemiolog\u00eda del Servicio Departamental de Salud (Sedes), Carlos Hurtado, asegur\u00f3 a El Deber que ya no cuentan con m\u00e1s primeras dosis de vacunas en el Programa Ampliado de Inmunizaci\u00f3n (PAI). \u201cTodas las que ten\u00edamos han sido distribuidas a los diversos centros de vacunaci\u00f3n\u201d, asever\u00f3.<br \/>\nHurtado estima que entre hoy y el viernes se agotar\u00e1n las dosis restantes y se detendr\u00e1 el plan de inmunizaci\u00f3n. El jueves, aclara, no se atender\u00e1 por el feriado de Corpus Christi. Adem\u00e1s, desconoce cu\u00e1ndo llegar\u00e1n m\u00e1s vacunas a Santa Cruz.<br \/>\nAsimismo, dijo que solamente el d\u00eda lunes, Santa Cruz alcanz\u00f3 los 18.156 vacunados, un r\u00e9cord desde que se inici\u00f3 la campa\u00f1a masiva.<br \/>\nDesde el Ministerio de Salud se anunci\u00f3 la llegada de nuevos lotes para mediados del mes de junio. Por el momento, se desconoce la fecha exacta y la cantidad de dosis que recibir\u00e1 el pa\u00eds.<br \/>\nEntretanto, el secretario municipal de Salud, Roberto Vargas, se refiri\u00f3 a las gestiones del alcalde Fern\u00e1ndez para conseguir donaci\u00f3n de vacunas en Estados Unidos. El municipio aguarda que se confirme la cantidad que ser\u00e1 entregada para iniciar el tr\u00e1mite ante el Ministerio de Salud.<\/p>\n","protected":false},"excerpt":{"rendered":"<p>\u201cCerrado hasta nuevo aviso\u201d son los carteles que aparecen en algunos puntos de vacunaci\u00f3n, particularmente en centros universitarios de la ciudad de Santa Cruz de la Sierra. Seg\u00fan autoridades de salud, el lote de medicamentos podr\u00eda agotarse completamente entre el mi\u00e9rcoles y viernes en esa capital y no se tiene el dato de una nueva [&hellip;]<\/p>\n","protected":false},"author":1,"featured_media":7859,"comment_status":"closed","ping_status":"closed","sticky":false,"template":"","format":"standard","meta":{"_acf_changed":false,"footnotes":""},"categories":[12],"tags":[],"class_list":["post-7858","post","type-post","status-publish","format-standard","has-post-thumbnail","category-nacional"],"acf":{"antetitulo":""},"yoast_head":"<!-- This site is optimized with the Yoast SEO plugin v28.3 - https:\/\/yoast.com\/product\/yoast-seo-wordpress\/ -->\n<title>Cierran puntos de vacunaci\u00f3n por falta de primeras dosis - El Diario - Bolivia<\/title>\n<meta name=\"robots\" content=\"index, follow, max-snippet:-1, max-image-preview:large, max-video-preview:-1\" \/>\n<link rel=\"canonical\" href=\"https:\/\/www.eldiario.net\/portal\/2021\/06\/02\/cierran-puntos-de-vacunacion-por-falta-de-primeras-dosis\/\" \/>\n<meta property=\"og:locale\" content=\"es_ES\" \/>\n<meta property=\"og:type\" content=\"article\" \/>\n<meta property=\"og:title\" content=\"Cierran puntos de vacunaci\u00f3n por falta de primeras dosis - El Diario - Bolivia\" \/>\n<meta property=\"og:description\" content=\"\u201cCerrado hasta nuevo aviso\u201d son los carteles que aparecen en algunos puntos de vacunaci\u00f3n, particularmente en centros universitarios de la ciudad de Santa Cruz de la Sierra. Seg\u00fan autoridades de salud, el lote de medicamentos podr\u00eda agotarse completamente entre el mi\u00e9rcoles y viernes en esa capital y no se tiene el dato de una nueva [&hellip;]\" \/>\n<meta property=\"og:url\" content=\"https:\/\/www.eldiario.net\/portal\/2021\/06\/02\/cierran-puntos-de-vacunacion-por-falta-de-primeras-dosis\/\" \/>\n<meta property=\"og:site_name\" content=\"El Diario - Bolivia\" \/>\n<meta property=\"article:publisher\" content=\"https:\/\/www.facebook.com\/eldiario.bolivia\/\" \/>\n<meta property=\"article:published_time\" content=\"2021-06-02T10:27:15+00:00\" \/>\n<meta name=\"author\" content=\"Jeanette\" \/>\n<meta name=\"twitter:card\" content=\"summary_large_image\" \/>\n<meta name=\"twitter:creator\" content=\"@eldiario_net\" \/>\n<meta name=\"twitter:site\" content=\"@eldiario_net\" \/>\n<meta name=\"twitter:label1\" content=\"Escrito por\" \/>\n\t<meta name=\"twitter:data1\" content=\"Jeanette\" \/>\n\t<meta name=\"twitter:label2\" content=\"Tiempo de lectura\" \/>\n\t<meta name=\"twitter:data2\" content=\"2 minutos\" \/>\n<script type=\"application\/ld+json\" class=\"yoast-schema-graph\">{\"@context\":\"https:\\\/\\\/schema.org\",\"@graph\":[{\"@type\":\"Article\",\"@id\":\"https:\\\/\\\/www.eldiario.net\\\/portal\\\/2021\\\/06\\\/02\\\/cierran-puntos-de-vacunacion-por-falta-de-primeras-dosis\\\/#article\",\"isPartOf\":{\"@id\":\"https:\\\/\\\/www.eldiario.net\\\/portal\\\/2021\\\/06\\\/02\\\/cierran-puntos-de-vacunacion-por-falta-de-primeras-dosis\\\/\"},\"author\":{\"name\":\"Jeanette\",\"@id\":\"https:\\\/\\\/www.eldiario.net\\\/portal\\\/#\\\/schema\\\/person\\\/f46445640444750d7d753ccd04ae01b7\"},\"headline\":\"Cierran puntos de vacunaci\u00f3n por falta de primeras dosis\",\"datePublished\":\"2021-06-02T10:27:15+00:00\",\"mainEntityOfPage\":{\"@id\":\"https:\\\/\\\/www.eldiario.net\\\/portal\\\/2021\\\/06\\\/02\\\/cierran-puntos-de-vacunacion-por-falta-de-primeras-dosis\\\/\"},\"wordCount\":277,\"publisher\":{\"@id\":\"https:\\\/\\\/www.eldiario.net\\\/portal\\\/#organization\"},\"image\":{\"@id\":\"https:\\\/\\\/www.eldiario.net\\\/portal\\\/2021\\\/06\\\/02\\\/cierran-puntos-de-vacunacion-por-falta-de-primeras-dosis\\\/#primaryimage\"},\"thumbnailUrl\":\"\",\"articleSection\":[\"Nacional\"],\"inLanguage\":\"es\"},{\"@type\":\"WebPage\",\"@id\":\"https:\\\/\\\/www.eldiario.net\\\/portal\\\/2021\\\/06\\\/02\\\/cierran-puntos-de-vacunacion-por-falta-de-primeras-dosis\\\/\",\"url\":\"https:\\\/\\\/www.eldiario.net\\\/portal\\\/2021\\\/06\\\/02\\\/cierran-puntos-de-vacunacion-por-falta-de-primeras-dosis\\\/\",\"name\":\"Cierran puntos de vacunaci\u00f3n por falta de primeras dosis - El Diario - Bolivia\",\"isPartOf\":{\"@id\":\"https:\\\/\\\/www.eldiario.net\\\/portal\\\/#website\"},\"primaryImageOfPage\":{\"@id\":\"https:\\\/\\\/www.eldiario.net\\\/portal\\\/2021\\\/06\\\/02\\\/cierran-puntos-de-vacunacion-por-falta-de-primeras-dosis\\\/#primaryimage\"},\"image\":{\"@id\":\"https:\\\/\\\/www.eldiario.net\\\/portal\\\/2021\\\/06\\\/02\\\/cierran-puntos-de-vacunacion-por-falta-de-primeras-dosis\\\/#primaryimage\"},\"thumbnailUrl\":\"\",\"datePublished\":\"2021-06-02T10:27:15+00:00\",\"breadcrumb\":{\"@id\":\"https:\\\/\\\/www.eldiario.net\\\/portal\\\/2021\\\/06\\\/02\\\/cierran-puntos-de-vacunacion-por-falta-de-primeras-dosis\\\/#breadcrumb\"},\"inLanguage\":\"es\",\"potentialAction\":[{\"@type\":\"ReadAction\",\"target\":[\"https:\\\/\\\/www.eldiario.net\\\/portal\\\/2021\\\/06\\\/02\\\/cierran-puntos-de-vacunacion-por-falta-de-primeras-dosis\\\/\"]}]},{\"@type\":\"ImageObject\",\"inLanguage\":\"es\",\"@id\":\"https:\\\/\\\/www.eldiario.net\\\/portal\\\/2021\\\/06\\\/02\\\/cierran-puntos-de-vacunacion-por-falta-de-primeras-dosis\\\/#primaryimage\",\"url\":\"\",\"contentUrl\":\"\"},{\"@type\":\"BreadcrumbList\",\"@id\":\"https:\\\/\\\/www.eldiario.net\\\/portal\\\/2021\\\/06\\\/02\\\/cierran-puntos-de-vacunacion-por-falta-de-primeras-dosis\\\/#breadcrumb\",\"itemListElement\":[{\"@type\":\"ListItem\",\"position\":1,\"name\":\"Portada\",\"item\":\"https:\\\/\\\/www.eldiario.net\\\/portal\\\/\"},{\"@type\":\"ListItem\",\"position\":2,\"name\":\"Cierran puntos de vacunaci\u00f3n por falta de primeras dosis\"}]},{\"@type\":\"WebSite\",\"@id\":\"https:\\\/\\\/www.eldiario.net\\\/portal\\\/#website\",\"url\":\"https:\\\/\\\/www.eldiario.net\\\/portal\\\/\",\"name\":\"El Diario - Decano de la prensa nacional\",\"description\":\"El Diario - Decano de la prensa nacional\",\"publisher\":{\"@id\":\"https:\\\/\\\/www.eldiario.net\\\/portal\\\/#organization\"},\"potentialAction\":[{\"@type\":\"SearchAction\",\"target\":{\"@type\":\"EntryPoint\",\"urlTemplate\":\"https:\\\/\\\/www.eldiario.net\\\/portal\\\/?s={search_term_string}\"},\"query-input\":{\"@type\":\"PropertyValueSpecification\",\"valueRequired\":true,\"valueName\":\"search_term_string\"}}],\"inLanguage\":\"es\"},{\"@type\":\"Organization\",\"@id\":\"https:\\\/\\\/www.eldiario.net\\\/portal\\\/#organization\",\"name\":\"El Diario - Decano de la prensa nacional\",\"url\":\"https:\\\/\\\/www.eldiario.net\\\/portal\\\/\",\"logo\":{\"@type\":\"ImageObject\",\"inLanguage\":\"es\",\"@id\":\"https:\\\/\\\/www.eldiario.net\\\/portal\\\/#\\\/schema\\\/logo\\\/image\\\/\",\"url\":\"https:\\\/\\\/www.eldiario.net\\\/portal\\\/wp-content\\\/uploads\\\/2023\\\/07\\\/logo_ED.jpg\",\"contentUrl\":\"https:\\\/\\\/www.eldiario.net\\\/portal\\\/wp-content\\\/uploads\\\/2023\\\/07\\\/logo_ED.jpg\",\"width\":272,\"height\":52,\"caption\":\"El Diario - Decano de la prensa nacional\"},\"image\":{\"@id\":\"https:\\\/\\\/www.eldiario.net\\\/portal\\\/#\\\/schema\\\/logo\\\/image\\\/\"},\"sameAs\":[\"https:\\\/\\\/www.facebook.com\\\/eldiario.bolivia\\\/\",\"https:\\\/\\\/x.com\\\/eldiario_net\"]},{\"@type\":\"Person\",\"@id\":\"https:\\\/\\\/www.eldiario.net\\\/portal\\\/#\\\/schema\\\/person\\\/f46445640444750d7d753ccd04ae01b7\",\"name\":\"Jeanette\",\"image\":{\"@type\":\"ImageObject\",\"inLanguage\":\"es\",\"@id\":\"https:\\\/\\\/secure.gravatar.com\\\/avatar\\\/3ea2118a5f7dad2b7138b1187a6b7ee55f160b9968b66013c3a3ef39dd7e5798?s=96&d=mm&r=g\",\"url\":\"https:\\\/\\\/secure.gravatar.com\\\/avatar\\\/3ea2118a5f7dad2b7138b1187a6b7ee55f160b9968b66013c3a3ef39dd7e5798?s=96&d=mm&r=g\",\"contentUrl\":\"https:\\\/\\\/secure.gravatar.com\\\/avatar\\\/3ea2118a5f7dad2b7138b1187a6b7ee55f160b9968b66013c3a3ef39dd7e5798?s=96&d=mm&r=g\",\"caption\":\"Jeanette\"},\"sameAs\":[\"https:\\\/\\\/www.eldiario.net\\\/portal\"],\"url\":\"https:\\\/\\\/www.eldiario.net\\\/portal\\\/author\\\/jeanette\\\/\"}]}<\/script>\n<!-- \/ Yoast SEO plugin. -->","yoast_head_json":{"title":"Cierran puntos de vacunaci\u00f3n por falta de primeras dosis - El Diario - Bolivia","robots":{"index":"index","follow":"follow","max-snippet":"max-snippet:-1","max-image-preview":"max-image-preview:large","max-video-preview":"max-video-preview:-1"},"canonical":"https:\/\/www.eldiario.net\/portal\/2021\/06\/02\/cierran-puntos-de-vacunacion-por-falta-de-primeras-dosis\/","og_locale":"es_ES","og_type":"article","og_title":"Cierran puntos de vacunaci\u00f3n por falta de primeras dosis - El Diario - Bolivia","og_description":"\u201cCerrado hasta nuevo aviso\u201d son los carteles que aparecen en algunos puntos de vacunaci\u00f3n, particularmente en centros universitarios de la ciudad de Santa Cruz de la Sierra. Seg\u00fan autoridades de salud, el lote de medicamentos podr\u00eda agotarse completamente entre el mi\u00e9rcoles y viernes en esa capital y no se tiene el dato de una nueva [&hellip;]","og_url":"https:\/\/www.eldiario.net\/portal\/2021\/06\/02\/cierran-puntos-de-vacunacion-por-falta-de-primeras-dosis\/","og_site_name":"El Diario - Bolivia","article_publisher":"https:\/\/www.facebook.com\/eldiario.bolivia\/","article_published_time":"2021-06-02T10:27:15+00:00","author":"Jeanette","twitter_card":"summary_large_image","twitter_creator":"@eldiario_net","twitter_site":"@eldiario_net","twitter_misc":{"Escrito por":"Jeanette","Tiempo de lectura":"2 minutos"},"schema":{"@context":"https:\/\/schema.org","@graph":[{"@type":"Article","@id":"https:\/\/www.eldiario.net\/portal\/2021\/06\/02\/cierran-puntos-de-vacunacion-por-falta-de-primeras-dosis\/#article","isPartOf":{"@id":"https:\/\/www.eldiario.net\/portal\/2021\/06\/02\/cierran-puntos-de-vacunacion-por-falta-de-primeras-dosis\/"},"author":{"name":"Jeanette","@id":"https:\/\/www.eldiario.net\/portal\/#\/schema\/person\/f46445640444750d7d753ccd04ae01b7"},"headline":"Cierran puntos de vacunaci\u00f3n por falta de primeras dosis","datePublished":"2021-06-02T10:27:15+00:00","mainEntityOfPage":{"@id":"https:\/\/www.eldiario.net\/portal\/2021\/06\/02\/cierran-puntos-de-vacunacion-por-falta-de-primeras-dosis\/"},"wordCount":277,"publisher":{"@id":"https:\/\/www.eldiario.net\/portal\/#organization"},"image":{"@id":"https:\/\/www.eldiario.net\/portal\/2021\/06\/02\/cierran-puntos-de-vacunacion-por-falta-de-primeras-dosis\/#primaryimage"},"thumbnailUrl":"","articleSection":["Nacional"],"inLanguage":"es"},{"@type":"WebPage","@id":"https:\/\/www.eldiario.net\/portal\/2021\/06\/02\/cierran-puntos-de-vacunacion-por-falta-de-primeras-dosis\/","url":"https:\/\/www.eldiario.net\/portal\/2021\/06\/02\/cierran-puntos-de-vacunacion-por-falta-de-primeras-dosis\/","name":"Cierran puntos de vacunaci\u00f3n por falta de primeras dosis - El Diario - Bolivia","isPartOf":{"@id":"https:\/\/www.eldiario.net\/portal\/#website"},"primaryImageOfPage":{"@id":"https:\/\/www.eldiario.net\/portal\/2021\/06\/02\/cierran-puntos-de-vacunacion-por-falta-de-primeras-dosis\/#primaryimage"},"image":{"@id":"https:\/\/www.eldiario.net\/portal\/2021\/06\/02\/cierran-puntos-de-vacunacion-por-falta-de-primeras-dosis\/#primaryimage"},"thumbnailUrl":"","datePublished":"2021-06-02T10:27:15+00:00","breadcrumb":{"@id":"https:\/\/www.eldiario.net\/portal\/2021\/06\/02\/cierran-puntos-de-vacunacion-por-falta-de-primeras-dosis\/#breadcrumb"},"inLanguage":"es","potentialAction":[{"@type":"ReadAction","target":["https:\/\/www.eldiario.net\/portal\/2021\/06\/02\/cierran-puntos-de-vacunacion-por-falta-de-primeras-dosis\/"]}]},{"@type":"ImageObject","inLanguage":"es","@id":"https:\/\/www.eldiario.net\/portal\/2021\/06\/02\/cierran-puntos-de-vacunacion-por-falta-de-primeras-dosis\/#primaryimage","url":"","contentUrl":""},{"@type":"BreadcrumbList","@id":"https:\/\/www.eldiario.net\/portal\/2021\/06\/02\/cierran-puntos-de-vacunacion-por-falta-de-primeras-dosis\/#breadcrumb","itemListElement":[{"@type":"ListItem","position":1,"name":"Portada","item":"https:\/\/www.eldiario.net\/portal\/"},{"@type":"ListItem","position":2,"name":"Cierran puntos de vacunaci\u00f3n por falta de primeras dosis"}]},{"@type":"WebSite","@id":"https:\/\/www.eldiario.net\/portal\/#website","url":"https:\/\/www.eldiario.net\/portal\/","name":"El Diario - Decano de la prensa nacional","description":"El Diario - Decano de la prensa nacional","publisher":{"@id":"https:\/\/www.eldiario.net\/portal\/#organization"},"potentialAction":[{"@type":"SearchAction","target":{"@type":"EntryPoint","urlTemplate":"https:\/\/www.eldiario.net\/portal\/?s={search_term_string}"},"query-input":{"@type":"PropertyValueSpecification","valueRequired":true,"valueName":"search_term_string"}}],"inLanguage":"es"},{"@type":"Organization","@id":"https:\/\/www.eldiario.net\/portal\/#organization","name":"El Diario - Decano de la prensa nacional","url":"https:\/\/www.eldiario.net\/portal\/","logo":{"@type":"ImageObject","inLanguage":"es","@id":"https:\/\/www.eldiario.net\/portal\/#\/schema\/logo\/image\/","url":"https:\/\/www.eldiario.net\/portal\/wp-content\/uploads\/2023\/07\/logo_ED.jpg","contentUrl":"https:\/\/www.eldiario.net\/portal\/wp-content\/uploads\/2023\/07\/logo_ED.jpg","width":272,"height":52,"caption":"El Diario - Decano de la prensa nacional"},"image":{"@id":"https:\/\/www.eldiario.net\/portal\/#\/schema\/logo\/image\/"},"sameAs":["https:\/\/www.facebook.com\/eldiario.bolivia\/","https:\/\/x.com\/eldiario_net"]},{"@type":"Person","@id":"https:\/\/www.eldiario.net\/portal\/#\/schema\/person\/f46445640444750d7d753ccd04ae01b7","name":"Jeanette","image":{"@type":"ImageObject","inLanguage":"es","@id":"https:\/\/secure.gravatar.com\/avatar\/3ea2118a5f7dad2b7138b1187a6b7ee55f160b9968b66013c3a3ef39dd7e5798?s=96&d=mm&r=g","url":"https:\/\/secure.gravatar.com\/avatar\/3ea2118a5f7dad2b7138b1187a6b7ee55f160b9968b66013c3a3ef39dd7e5798?s=96&d=mm&r=g","contentUrl":"https:\/\/secure.gravatar.com\/avatar\/3ea2118a5f7dad2b7138b1187a6b7ee55f160b9968b66013c3a3ef39dd7e5798?s=96&d=mm&r=g","caption":"Jeanette"},"sameAs":["https:\/\/www.eldiario.net\/portal"],"url":"https:\/\/www.eldiario.net\/portal\/author\/jeanette\/"}]}},"_links":{"self":[{"href":"https:\/\/www.eldiario.net\/portal\/wp-json\/wp\/v2\/posts\/7858","targetHints":{"allow":["GET"]}}],"collection":[{"href":"https:\/\/www.eldiario.net\/portal\/wp-json\/wp\/v2\/posts"}],"about":[{"href":"https:\/\/www.eldiario.net\/portal\/wp-json\/wp\/v2\/types\/post"}],"author":[{"embeddable":true,"href":"https:\/\/www.eldiario.net\/portal\/wp-json\/wp\/v2\/users\/1"}],"replies":[{"embeddable":true,"href":"https:\/\/www.eldiario.net\/portal\/wp-json\/wp\/v2\/comments?post=7858"}],"version-history":[{"count":0,"href":"https:\/\/www.eldiario.net\/portal\/wp-json\/wp\/v2\/posts\/7858\/revisions"}],"wp:attachment":[{"href":"https:\/\/www.eldiario.net\/portal\/wp-json\/wp\/v2\/media?parent=7858"}],"wp:term":[{"taxonomy":"category","embeddable":true,"href":"https:\/\/www.eldiario.net\/portal\/wp-json\/wp\/v2\/categories?post=7858"},{"taxonomy":"post_tag","embeddable":true,"href":"https:\/\/www.eldiario.net\/portal\/wp-json\/wp\/v2\/tags?post=7858"}],"curies":[{"name":"wp","href":"https:\/\/api.w.org\/{rel}","templated":true}]}}