{"id":7852,"date":"2021-06-02T06:23:56","date_gmt":"2021-06-02T10:23:56","guid":{"rendered":"https:\/\/www.eldiario.net\/portal\/?p=7852"},"modified":"2021-06-02T06:23:56","modified_gmt":"2021-06-02T10:23:56","slug":"bajan-casos-de-coronavirus-en-puntos-fijos-de-atencion","status":"publish","type":"post","link":"https:\/\/www.eldiario.net\/portal\/2021\/06\/02\/bajan-casos-de-coronavirus-en-puntos-fijos-de-atencion\/","title":{"rendered":"Bajan casos de coronavirus en puntos fijos de atenci\u00f3n"},"content":{"rendered":"<p>Los casos positivos de coronavirus disminuyeron en los \u00faltimos d\u00edas en un promedio diario de 100 a 30 en los tres puntos fijos de atenci\u00f3n, al margen del trabajo de las brigadas m\u00e9dicas, seg\u00fan el coordinador de la Red 01 de Salud, Fredson Su\u00e1rez, quien expres\u00f3 su optimismo por los resultados en la lucha para bajar la curva epidemiol\u00f3gica en el municipio de Trinidad.<br \/>\nSeg\u00fan reporte de La Palabra del Beni, en dos d\u00edas en los mercados Pompeya y Paitit\u00ed, adem\u00e1s del coliseo Cancha Vieja, se atendieron 424 pacientes, de los cuales 63 resultaron positivos a covid-19, un total de 371 dieron negativo y 23 fueron considerados sospechosos.<br \/>\n\u201cTenemos muy buenos resultados porque si miramos las estad\u00edsticas, han disminuido mucho los pacientes que acud\u00edan a la atenci\u00f3n, tambi\u00e9n los casos positivos mediante hisopado han disminuido\u201d, indic\u00f3.<br \/>\nAsimismo, expres\u00f3 su optimismo por esos resultados en la lucha para bajar la curva epidemiol\u00f3gica en el municipio de Trinidad.<br \/>\nInform\u00f3 que este martes concluye el rastrillaje casa por casa con m\u00e1s de 18 brigadas m\u00e9dicas para detectar casos de coronavirus, en coordinaci\u00f3n con las autoridades municipales.<br \/>\n\u201cLa estad\u00edstica muestra que comenz\u00f3 a bajar el pico alto de la pandemia, aunque falta los datos de los centros de salud; mi celular sonaba a cada rato, ahorita ya no tengo muchas llamadas, eso es se\u00f1al que estamos haciendo un buen trabajo\u201d, asegur\u00f3.<br \/>\nSu\u00e1rez, dijo que la comuna a trav\u00e9s de los centros de salud contribuye con personal e insumos para diagnosticar pacientes con la sintomatolog\u00eda del covid-19.<br \/>\nEl galeno manifest\u00f3 que de acuerdo al reporte de las brigadas se ha logrado llegar casi a todas las viviendas, en consecuencia este martes se espera cubrir toda la ciudad.<\/p>\n","protected":false},"excerpt":{"rendered":"<p>Los casos positivos de coronavirus disminuyeron en los \u00faltimos d\u00edas en un promedio diario de 100 a 30 en los tres puntos fijos de atenci\u00f3n, al margen del trabajo de las brigadas m\u00e9dicas, seg\u00fan el coordinador de la Red 01 de Salud, Fredson Su\u00e1rez, quien expres\u00f3 su optimismo por los resultados en la lucha para [&hellip;]<\/p>\n","protected":false},"author":1,"featured_media":0,"comment_status":"closed","ping_status":"closed","sticky":false,"template":"","format":"standard","meta":{"_acf_changed":false,"footnotes":""},"categories":[12],"tags":[],"class_list":["post-7852","post","type-post","status-publish","format-standard","category-nacional"],"acf":{"antetitulo":""},"yoast_head":"<!-- This site is optimized with the Yoast SEO plugin v28.4 - https:\/\/yoast.com\/product\/yoast-seo-wordpress\/ -->\n<title>Bajan casos de coronavirus en puntos fijos de atenci\u00f3n - El Diario - Bolivia<\/title>\n<meta name=\"robots\" content=\"index, follow, max-snippet:-1, max-image-preview:large, max-video-preview:-1\" \/>\n<link rel=\"canonical\" href=\"https:\/\/www.eldiario.net\/portal\/2021\/06\/02\/bajan-casos-de-coronavirus-en-puntos-fijos-de-atencion\/\" \/>\n<meta property=\"og:locale\" content=\"es_ES\" \/>\n<meta property=\"og:type\" content=\"article\" \/>\n<meta property=\"og:title\" content=\"Bajan casos de coronavirus en puntos fijos de atenci\u00f3n - El Diario - Bolivia\" \/>\n<meta property=\"og:description\" content=\"Los casos positivos de coronavirus disminuyeron en los \u00faltimos d\u00edas en un promedio diario de 100 a 30 en los tres puntos fijos de atenci\u00f3n, al margen del trabajo de las brigadas m\u00e9dicas, seg\u00fan el coordinador de la Red 01 de Salud, Fredson Su\u00e1rez, quien expres\u00f3 su optimismo por los resultados en la lucha para [&hellip;]\" \/>\n<meta property=\"og:url\" content=\"https:\/\/www.eldiario.net\/portal\/2021\/06\/02\/bajan-casos-de-coronavirus-en-puntos-fijos-de-atencion\/\" \/>\n<meta property=\"og:site_name\" content=\"El Diario - Bolivia\" \/>\n<meta property=\"article:publisher\" content=\"https:\/\/www.facebook.com\/eldiario.bolivia\/\" \/>\n<meta property=\"article:published_time\" content=\"2021-06-02T10:23:56+00:00\" \/>\n<meta name=\"author\" content=\"Jeanette\" \/>\n<meta name=\"twitter:card\" content=\"summary_large_image\" \/>\n<meta name=\"twitter:creator\" content=\"@eldiario_net\" \/>\n<meta name=\"twitter:site\" content=\"@eldiario_net\" \/>\n<meta name=\"twitter:label1\" content=\"Escrito por\" \/>\n\t<meta name=\"twitter:data1\" content=\"Jeanette\" \/>\n\t<meta name=\"twitter:label2\" content=\"Tiempo de lectura\" \/>\n\t<meta name=\"twitter:data2\" content=\"2 minutos\" \/>\n<script type=\"application\/ld+json\" class=\"yoast-schema-graph\">{\"@context\":\"https:\\\/\\\/schema.org\",\"@graph\":[{\"@type\":\"Article\",\"@id\":\"https:\\\/\\\/www.eldiario.net\\\/portal\\\/2021\\\/06\\\/02\\\/bajan-casos-de-coronavirus-en-puntos-fijos-de-atencion\\\/#article\",\"isPartOf\":{\"@id\":\"https:\\\/\\\/www.eldiario.net\\\/portal\\\/2021\\\/06\\\/02\\\/bajan-casos-de-coronavirus-en-puntos-fijos-de-atencion\\\/\"},\"author\":{\"name\":\"Jeanette\",\"@id\":\"https:\\\/\\\/www.eldiario.net\\\/portal\\\/#\\\/schema\\\/person\\\/f46445640444750d7d753ccd04ae01b7\"},\"headline\":\"Bajan casos de coronavirus en puntos fijos de atenci\u00f3n\",\"datePublished\":\"2021-06-02T10:23:56+00:00\",\"mainEntityOfPage\":{\"@id\":\"https:\\\/\\\/www.eldiario.net\\\/portal\\\/2021\\\/06\\\/02\\\/bajan-casos-de-coronavirus-en-puntos-fijos-de-atencion\\\/\"},\"wordCount\":306,\"publisher\":{\"@id\":\"https:\\\/\\\/www.eldiario.net\\\/portal\\\/#organization\"},\"articleSection\":[\"Nacional\"],\"inLanguage\":\"es\"},{\"@type\":\"WebPage\",\"@id\":\"https:\\\/\\\/www.eldiario.net\\\/portal\\\/2021\\\/06\\\/02\\\/bajan-casos-de-coronavirus-en-puntos-fijos-de-atencion\\\/\",\"url\":\"https:\\\/\\\/www.eldiario.net\\\/portal\\\/2021\\\/06\\\/02\\\/bajan-casos-de-coronavirus-en-puntos-fijos-de-atencion\\\/\",\"name\":\"Bajan casos de coronavirus en puntos fijos de atenci\u00f3n - El Diario - Bolivia\",\"isPartOf\":{\"@id\":\"https:\\\/\\\/www.eldiario.net\\\/portal\\\/#website\"},\"datePublished\":\"2021-06-02T10:23:56+00:00\",\"breadcrumb\":{\"@id\":\"https:\\\/\\\/www.eldiario.net\\\/portal\\\/2021\\\/06\\\/02\\\/bajan-casos-de-coronavirus-en-puntos-fijos-de-atencion\\\/#breadcrumb\"},\"inLanguage\":\"es\",\"potentialAction\":[{\"@type\":\"ReadAction\",\"target\":[\"https:\\\/\\\/www.eldiario.net\\\/portal\\\/2021\\\/06\\\/02\\\/bajan-casos-de-coronavirus-en-puntos-fijos-de-atencion\\\/\"]}]},{\"@type\":\"BreadcrumbList\",\"@id\":\"https:\\\/\\\/www.eldiario.net\\\/portal\\\/2021\\\/06\\\/02\\\/bajan-casos-de-coronavirus-en-puntos-fijos-de-atencion\\\/#breadcrumb\",\"itemListElement\":[{\"@type\":\"ListItem\",\"position\":1,\"name\":\"Portada\",\"item\":\"https:\\\/\\\/www.eldiario.net\\\/portal\\\/\"},{\"@type\":\"ListItem\",\"position\":2,\"name\":\"Bajan casos de coronavirus en puntos fijos de atenci\u00f3n\"}]},{\"@type\":\"WebSite\",\"@id\":\"https:\\\/\\\/www.eldiario.net\\\/portal\\\/#website\",\"url\":\"https:\\\/\\\/www.eldiario.net\\\/portal\\\/\",\"name\":\"El Diario - Decano de la prensa nacional\",\"description\":\"El Diario - Decano de la prensa nacional\",\"publisher\":{\"@id\":\"https:\\\/\\\/www.eldiario.net\\\/portal\\\/#organization\"},\"potentialAction\":[{\"@type\":\"SearchAction\",\"target\":{\"@type\":\"EntryPoint\",\"urlTemplate\":\"https:\\\/\\\/www.eldiario.net\\\/portal\\\/?s={search_term_string}\"},\"query-input\":{\"@type\":\"PropertyValueSpecification\",\"valueRequired\":true,\"valueName\":\"search_term_string\"}}],\"inLanguage\":\"es\"},{\"@type\":\"Organization\",\"@id\":\"https:\\\/\\\/www.eldiario.net\\\/portal\\\/#organization\",\"name\":\"El Diario - Decano de la prensa nacional\",\"url\":\"https:\\\/\\\/www.eldiario.net\\\/portal\\\/\",\"logo\":{\"@type\":\"ImageObject\",\"inLanguage\":\"es\",\"@id\":\"https:\\\/\\\/www.eldiario.net\\\/portal\\\/#\\\/schema\\\/logo\\\/image\\\/\",\"url\":\"https:\\\/\\\/www.eldiario.net\\\/portal\\\/wp-content\\\/uploads\\\/2023\\\/07\\\/logo_ED.jpg\",\"contentUrl\":\"https:\\\/\\\/www.eldiario.net\\\/portal\\\/wp-content\\\/uploads\\\/2023\\\/07\\\/logo_ED.jpg\",\"width\":272,\"height\":52,\"caption\":\"El Diario - Decano de la prensa nacional\"},\"image\":{\"@id\":\"https:\\\/\\\/www.eldiario.net\\\/portal\\\/#\\\/schema\\\/logo\\\/image\\\/\"},\"sameAs\":[\"https:\\\/\\\/www.facebook.com\\\/eldiario.bolivia\\\/\",\"https:\\\/\\\/x.com\\\/eldiario_net\"]},{\"@type\":\"Person\",\"@id\":\"https:\\\/\\\/www.eldiario.net\\\/portal\\\/#\\\/schema\\\/person\\\/f46445640444750d7d753ccd04ae01b7\",\"name\":\"Jeanette\",\"image\":{\"@type\":\"ImageObject\",\"inLanguage\":\"es\",\"@id\":\"https:\\\/\\\/secure.gravatar.com\\\/avatar\\\/3ea2118a5f7dad2b7138b1187a6b7ee55f160b9968b66013c3a3ef39dd7e5798?s=96&d=mm&r=g\",\"url\":\"https:\\\/\\\/secure.gravatar.com\\\/avatar\\\/3ea2118a5f7dad2b7138b1187a6b7ee55f160b9968b66013c3a3ef39dd7e5798?s=96&d=mm&r=g\",\"contentUrl\":\"https:\\\/\\\/secure.gravatar.com\\\/avatar\\\/3ea2118a5f7dad2b7138b1187a6b7ee55f160b9968b66013c3a3ef39dd7e5798?s=96&d=mm&r=g\",\"caption\":\"Jeanette\"},\"sameAs\":[\"https:\\\/\\\/www.eldiario.net\\\/portal\"],\"url\":\"https:\\\/\\\/www.eldiario.net\\\/portal\\\/author\\\/jeanette\\\/\"}]}<\/script>\n<!-- \/ Yoast SEO plugin. -->","yoast_head_json":{"title":"Bajan casos de coronavirus en puntos fijos de atenci\u00f3n - El Diario - Bolivia","robots":{"index":"index","follow":"follow","max-snippet":"max-snippet:-1","max-image-preview":"max-image-preview:large","max-video-preview":"max-video-preview:-1"},"canonical":"https:\/\/www.eldiario.net\/portal\/2021\/06\/02\/bajan-casos-de-coronavirus-en-puntos-fijos-de-atencion\/","og_locale":"es_ES","og_type":"article","og_title":"Bajan casos de coronavirus en puntos fijos de atenci\u00f3n - El Diario - Bolivia","og_description":"Los casos positivos de coronavirus disminuyeron en los \u00faltimos d\u00edas en un promedio diario de 100 a 30 en los tres puntos fijos de atenci\u00f3n, al margen del trabajo de las brigadas m\u00e9dicas, seg\u00fan el coordinador de la Red 01 de Salud, Fredson Su\u00e1rez, quien expres\u00f3 su optimismo por los resultados en la lucha para [&hellip;]","og_url":"https:\/\/www.eldiario.net\/portal\/2021\/06\/02\/bajan-casos-de-coronavirus-en-puntos-fijos-de-atencion\/","og_site_name":"El Diario - Bolivia","article_publisher":"https:\/\/www.facebook.com\/eldiario.bolivia\/","article_published_time":"2021-06-02T10:23:56+00:00","author":"Jeanette","twitter_card":"summary_large_image","twitter_creator":"@eldiario_net","twitter_site":"@eldiario_net","twitter_misc":{"Escrito por":"Jeanette","Tiempo de lectura":"2 minutos"},"schema":{"@context":"https:\/\/schema.org","@graph":[{"@type":"Article","@id":"https:\/\/www.eldiario.net\/portal\/2021\/06\/02\/bajan-casos-de-coronavirus-en-puntos-fijos-de-atencion\/#article","isPartOf":{"@id":"https:\/\/www.eldiario.net\/portal\/2021\/06\/02\/bajan-casos-de-coronavirus-en-puntos-fijos-de-atencion\/"},"author":{"name":"Jeanette","@id":"https:\/\/www.eldiario.net\/portal\/#\/schema\/person\/f46445640444750d7d753ccd04ae01b7"},"headline":"Bajan casos de coronavirus en puntos fijos de atenci\u00f3n","datePublished":"2021-06-02T10:23:56+00:00","mainEntityOfPage":{"@id":"https:\/\/www.eldiario.net\/portal\/2021\/06\/02\/bajan-casos-de-coronavirus-en-puntos-fijos-de-atencion\/"},"wordCount":306,"publisher":{"@id":"https:\/\/www.eldiario.net\/portal\/#organization"},"articleSection":["Nacional"],"inLanguage":"es"},{"@type":"WebPage","@id":"https:\/\/www.eldiario.net\/portal\/2021\/06\/02\/bajan-casos-de-coronavirus-en-puntos-fijos-de-atencion\/","url":"https:\/\/www.eldiario.net\/portal\/2021\/06\/02\/bajan-casos-de-coronavirus-en-puntos-fijos-de-atencion\/","name":"Bajan casos de coronavirus en puntos fijos de atenci\u00f3n - El Diario - Bolivia","isPartOf":{"@id":"https:\/\/www.eldiario.net\/portal\/#website"},"datePublished":"2021-06-02T10:23:56+00:00","breadcrumb":{"@id":"https:\/\/www.eldiario.net\/portal\/2021\/06\/02\/bajan-casos-de-coronavirus-en-puntos-fijos-de-atencion\/#breadcrumb"},"inLanguage":"es","potentialAction":[{"@type":"ReadAction","target":["https:\/\/www.eldiario.net\/portal\/2021\/06\/02\/bajan-casos-de-coronavirus-en-puntos-fijos-de-atencion\/"]}]},{"@type":"BreadcrumbList","@id":"https:\/\/www.eldiario.net\/portal\/2021\/06\/02\/bajan-casos-de-coronavirus-en-puntos-fijos-de-atencion\/#breadcrumb","itemListElement":[{"@type":"ListItem","position":1,"name":"Portada","item":"https:\/\/www.eldiario.net\/portal\/"},{"@type":"ListItem","position":2,"name":"Bajan casos de coronavirus en puntos fijos de atenci\u00f3n"}]},{"@type":"WebSite","@id":"https:\/\/www.eldiario.net\/portal\/#website","url":"https:\/\/www.eldiario.net\/portal\/","name":"El Diario - Decano de la prensa nacional","description":"El Diario - Decano de la prensa nacional","publisher":{"@id":"https:\/\/www.eldiario.net\/portal\/#organization"},"potentialAction":[{"@type":"SearchAction","target":{"@type":"EntryPoint","urlTemplate":"https:\/\/www.eldiario.net\/portal\/?s={search_term_string}"},"query-input":{"@type":"PropertyValueSpecification","valueRequired":true,"valueName":"search_term_string"}}],"inLanguage":"es"},{"@type":"Organization","@id":"https:\/\/www.eldiario.net\/portal\/#organization","name":"El Diario - Decano de la prensa nacional","url":"https:\/\/www.eldiario.net\/portal\/","logo":{"@type":"ImageObject","inLanguage":"es","@id":"https:\/\/www.eldiario.net\/portal\/#\/schema\/logo\/image\/","url":"https:\/\/www.eldiario.net\/portal\/wp-content\/uploads\/2023\/07\/logo_ED.jpg","contentUrl":"https:\/\/www.eldiario.net\/portal\/wp-content\/uploads\/2023\/07\/logo_ED.jpg","width":272,"height":52,"caption":"El Diario - Decano de la prensa nacional"},"image":{"@id":"https:\/\/www.eldiario.net\/portal\/#\/schema\/logo\/image\/"},"sameAs":["https:\/\/www.facebook.com\/eldiario.bolivia\/","https:\/\/x.com\/eldiario_net"]},{"@type":"Person","@id":"https:\/\/www.eldiario.net\/portal\/#\/schema\/person\/f46445640444750d7d753ccd04ae01b7","name":"Jeanette","image":{"@type":"ImageObject","inLanguage":"es","@id":"https:\/\/secure.gravatar.com\/avatar\/3ea2118a5f7dad2b7138b1187a6b7ee55f160b9968b66013c3a3ef39dd7e5798?s=96&d=mm&r=g","url":"https:\/\/secure.gravatar.com\/avatar\/3ea2118a5f7dad2b7138b1187a6b7ee55f160b9968b66013c3a3ef39dd7e5798?s=96&d=mm&r=g","contentUrl":"https:\/\/secure.gravatar.com\/avatar\/3ea2118a5f7dad2b7138b1187a6b7ee55f160b9968b66013c3a3ef39dd7e5798?s=96&d=mm&r=g","caption":"Jeanette"},"sameAs":["https:\/\/www.eldiario.net\/portal"],"url":"https:\/\/www.eldiario.net\/portal\/author\/jeanette\/"}]}},"_links":{"self":[{"href":"https:\/\/www.eldiario.net\/portal\/wp-json\/wp\/v2\/posts\/7852","targetHints":{"allow":["GET"]}}],"collection":[{"href":"https:\/\/www.eldiario.net\/portal\/wp-json\/wp\/v2\/posts"}],"about":[{"href":"https:\/\/www.eldiario.net\/portal\/wp-json\/wp\/v2\/types\/post"}],"author":[{"embeddable":true,"href":"https:\/\/www.eldiario.net\/portal\/wp-json\/wp\/v2\/users\/1"}],"replies":[{"embeddable":true,"href":"https:\/\/www.eldiario.net\/portal\/wp-json\/wp\/v2\/comments?post=7852"}],"version-history":[{"count":0,"href":"https:\/\/www.eldiario.net\/portal\/wp-json\/wp\/v2\/posts\/7852\/revisions"}],"wp:attachment":[{"href":"https:\/\/www.eldiario.net\/portal\/wp-json\/wp\/v2\/media?parent=7852"}],"wp:term":[{"taxonomy":"category","embeddable":true,"href":"https:\/\/www.eldiario.net\/portal\/wp-json\/wp\/v2\/categories?post=7852"},{"taxonomy":"post_tag","embeddable":true,"href":"https:\/\/www.eldiario.net\/portal\/wp-json\/wp\/v2\/tags?post=7852"}],"curies":[{"name":"wp","href":"https:\/\/api.w.org\/{rel}","templated":true}]}}