{"id":7808,"date":"2021-06-02T05:58:00","date_gmt":"2021-06-02T09:58:00","guid":{"rendered":"https:\/\/www.eldiario.net\/portal\/?p=7808"},"modified":"2021-06-02T05:58:00","modified_gmt":"2021-06-02T09:58:00","slug":"bolivia-y-francia-fortaleceran-gestion-integral-del-agua","status":"publish","type":"post","link":"https:\/\/www.eldiario.net\/portal\/2021\/06\/02\/bolivia-y-francia-fortaleceran-gestion-integral-del-agua\/","title":{"rendered":"Bolivia y Francia fortalecer\u00e1n gesti\u00f3n integral del agua"},"content":{"rendered":"<p>El Ministerio de Planificaci\u00f3n del Desarrollo (MPD), el Ministerio de Medio Ambiente y Agua (MMAyA), la Oficina Internacional del Agua (OiEau, por sus siglas en franc\u00e9s) y la Agencia Francesa de Desarrollo (AFD) suscribieron un acuerdo de alianza t\u00e9cnica, con el prop\u00f3sito de contribuir a la pol\u00edtica boliviana de gesti\u00f3n integral de recursos h\u00eddricos (GIRH) y su gobernanza.<br \/>\nLa cooperaci\u00f3n privilegia, entre otras acciones, el fortalecimiento de capacidades institucionales e intercambios t\u00e9cnicos con un enfoque estrat\u00e9gico, mediante recursos de donaci\u00f3n valorados en un mill\u00f3n y medio de euros.<br \/>\nEsa iniciativa se enmarca en la aplicaci\u00f3n del instrumento de cooperaci\u00f3n Fexte (Fondo de Experticia T\u00e9cnica e Intercambio de Experiencias) de la AFD para el impulso de programas de cooperaci\u00f3n t\u00e9cnica, estudios y proyectos en pa\u00edses en desarrollo.<br \/>\nLa misma es complementaria a una importante cartera de proyectos de casi 190 millones de euros que ejecuta el MMAyA con el apoyo financiero y t\u00e9cnico de la AFD para la implementaci\u00f3n de pol\u00edticas p\u00fablicas prioritarias para el desarrollo de Bolivia en materia de agua, saneamiento y gobernanza del recurso h\u00eddrico, que contribuyen a su vez, a la resiliencia y adaptaci\u00f3n al cambio clim\u00e1tico.<br \/>\nLa Oficina Internacional del Agua (OiEau), socio t\u00e9cnico del programa, es una entidad francesa sin fines de lucro que impulsa el desarrollo de competencias para mejorar la aplicaci\u00f3n de enfoques de gesti\u00f3n integral del agua en Francia y en diferentes pa\u00edses de Europa y del mundo.<br \/>\nPara la directora de la AFD en Bolivia, Alexia Levesque, \u201ceste convenio es una oportunidad m\u00e1s para trabajar de manera conjunta entre organismos bolivianos y franceses, enriqueciendo as\u00ed los di\u00e1logos t\u00e9cnicos para la gesti\u00f3n del agua, la adaptaci\u00f3n al cambio clim\u00e1tico y el bienestar de la poblaci\u00f3n\u201d.<\/p>\n","protected":false},"excerpt":{"rendered":"<p>El Ministerio de Planificaci\u00f3n del Desarrollo (MPD), el Ministerio de Medio Ambiente y Agua (MMAyA), la Oficina Internacional del Agua (OiEau, por sus siglas en franc\u00e9s) y la Agencia Francesa de Desarrollo (AFD) suscribieron un acuerdo de alianza t\u00e9cnica, con el prop\u00f3sito de contribuir a la pol\u00edtica boliviana de gesti\u00f3n integral de recursos h\u00eddricos (GIRH) [&hellip;]<\/p>\n","protected":false},"author":1,"featured_media":7809,"comment_status":"closed","ping_status":"closed","sticky":false,"template":"","format":"standard","meta":{"_acf_changed":false,"footnotes":""},"categories":[3],"tags":[],"class_list":["post-7808","post","type-post","status-publish","format-standard","has-post-thumbnail","category-internacional"],"acf":{"antetitulo":""},"yoast_head":"<!-- This site is optimized with the Yoast SEO plugin v28.3 - https:\/\/yoast.com\/product\/yoast-seo-wordpress\/ -->\n<title>Bolivia y Francia fortalecer\u00e1n gesti\u00f3n integral del agua - El Diario - Bolivia<\/title>\n<meta name=\"robots\" content=\"index, follow, max-snippet:-1, max-image-preview:large, max-video-preview:-1\" \/>\n<link rel=\"canonical\" href=\"https:\/\/www.eldiario.net\/portal\/2021\/06\/02\/bolivia-y-francia-fortaleceran-gestion-integral-del-agua\/\" \/>\n<meta property=\"og:locale\" content=\"es_ES\" \/>\n<meta property=\"og:type\" content=\"article\" \/>\n<meta property=\"og:title\" content=\"Bolivia y Francia fortalecer\u00e1n gesti\u00f3n integral del agua - El Diario - Bolivia\" \/>\n<meta property=\"og:description\" content=\"El Ministerio de Planificaci\u00f3n del Desarrollo (MPD), el Ministerio de Medio Ambiente y Agua (MMAyA), la Oficina Internacional del Agua (OiEau, por sus siglas en franc\u00e9s) y la Agencia Francesa de Desarrollo (AFD) suscribieron un acuerdo de alianza t\u00e9cnica, con el prop\u00f3sito de contribuir a la pol\u00edtica boliviana de gesti\u00f3n integral de recursos h\u00eddricos (GIRH) [&hellip;]\" \/>\n<meta property=\"og:url\" content=\"https:\/\/www.eldiario.net\/portal\/2021\/06\/02\/bolivia-y-francia-fortaleceran-gestion-integral-del-agua\/\" \/>\n<meta property=\"og:site_name\" content=\"El Diario - Bolivia\" \/>\n<meta property=\"article:publisher\" content=\"https:\/\/www.facebook.com\/eldiario.bolivia\/\" \/>\n<meta property=\"article:published_time\" content=\"2021-06-02T09:58:00+00:00\" \/>\n<meta name=\"author\" content=\"Jeanette\" \/>\n<meta name=\"twitter:card\" content=\"summary_large_image\" \/>\n<meta name=\"twitter:creator\" content=\"@eldiario_net\" \/>\n<meta name=\"twitter:site\" content=\"@eldiario_net\" \/>\n<meta name=\"twitter:label1\" content=\"Escrito por\" \/>\n\t<meta name=\"twitter:data1\" content=\"Jeanette\" \/>\n\t<meta name=\"twitter:label2\" content=\"Tiempo de lectura\" \/>\n\t<meta name=\"twitter:data2\" content=\"2 minutos\" \/>\n<script type=\"application\/ld+json\" class=\"yoast-schema-graph\">{\"@context\":\"https:\\\/\\\/schema.org\",\"@graph\":[{\"@type\":\"Article\",\"@id\":\"https:\\\/\\\/www.eldiario.net\\\/portal\\\/2021\\\/06\\\/02\\\/bolivia-y-francia-fortaleceran-gestion-integral-del-agua\\\/#article\",\"isPartOf\":{\"@id\":\"https:\\\/\\\/www.eldiario.net\\\/portal\\\/2021\\\/06\\\/02\\\/bolivia-y-francia-fortaleceran-gestion-integral-del-agua\\\/\"},\"author\":{\"name\":\"Jeanette\",\"@id\":\"https:\\\/\\\/www.eldiario.net\\\/portal\\\/#\\\/schema\\\/person\\\/f46445640444750d7d753ccd04ae01b7\"},\"headline\":\"Bolivia y Francia fortalecer\u00e1n gesti\u00f3n integral del agua\",\"datePublished\":\"2021-06-02T09:58:00+00:00\",\"mainEntityOfPage\":{\"@id\":\"https:\\\/\\\/www.eldiario.net\\\/portal\\\/2021\\\/06\\\/02\\\/bolivia-y-francia-fortaleceran-gestion-integral-del-agua\\\/\"},\"wordCount\":328,\"publisher\":{\"@id\":\"https:\\\/\\\/www.eldiario.net\\\/portal\\\/#organization\"},\"image\":{\"@id\":\"https:\\\/\\\/www.eldiario.net\\\/portal\\\/2021\\\/06\\\/02\\\/bolivia-y-francia-fortaleceran-gestion-integral-del-agua\\\/#primaryimage\"},\"thumbnailUrl\":\"\",\"articleSection\":[\"Internacional\"],\"inLanguage\":\"es\"},{\"@type\":\"WebPage\",\"@id\":\"https:\\\/\\\/www.eldiario.net\\\/portal\\\/2021\\\/06\\\/02\\\/bolivia-y-francia-fortaleceran-gestion-integral-del-agua\\\/\",\"url\":\"https:\\\/\\\/www.eldiario.net\\\/portal\\\/2021\\\/06\\\/02\\\/bolivia-y-francia-fortaleceran-gestion-integral-del-agua\\\/\",\"name\":\"Bolivia y Francia fortalecer\u00e1n gesti\u00f3n integral del agua - El Diario - Bolivia\",\"isPartOf\":{\"@id\":\"https:\\\/\\\/www.eldiario.net\\\/portal\\\/#website\"},\"primaryImageOfPage\":{\"@id\":\"https:\\\/\\\/www.eldiario.net\\\/portal\\\/2021\\\/06\\\/02\\\/bolivia-y-francia-fortaleceran-gestion-integral-del-agua\\\/#primaryimage\"},\"image\":{\"@id\":\"https:\\\/\\\/www.eldiario.net\\\/portal\\\/2021\\\/06\\\/02\\\/bolivia-y-francia-fortaleceran-gestion-integral-del-agua\\\/#primaryimage\"},\"thumbnailUrl\":\"\",\"datePublished\":\"2021-06-02T09:58:00+00:00\",\"breadcrumb\":{\"@id\":\"https:\\\/\\\/www.eldiario.net\\\/portal\\\/2021\\\/06\\\/02\\\/bolivia-y-francia-fortaleceran-gestion-integral-del-agua\\\/#breadcrumb\"},\"inLanguage\":\"es\",\"potentialAction\":[{\"@type\":\"ReadAction\",\"target\":[\"https:\\\/\\\/www.eldiario.net\\\/portal\\\/2021\\\/06\\\/02\\\/bolivia-y-francia-fortaleceran-gestion-integral-del-agua\\\/\"]}]},{\"@type\":\"ImageObject\",\"inLanguage\":\"es\",\"@id\":\"https:\\\/\\\/www.eldiario.net\\\/portal\\\/2021\\\/06\\\/02\\\/bolivia-y-francia-fortaleceran-gestion-integral-del-agua\\\/#primaryimage\",\"url\":\"\",\"contentUrl\":\"\"},{\"@type\":\"BreadcrumbList\",\"@id\":\"https:\\\/\\\/www.eldiario.net\\\/portal\\\/2021\\\/06\\\/02\\\/bolivia-y-francia-fortaleceran-gestion-integral-del-agua\\\/#breadcrumb\",\"itemListElement\":[{\"@type\":\"ListItem\",\"position\":1,\"name\":\"Portada\",\"item\":\"https:\\\/\\\/www.eldiario.net\\\/portal\\\/\"},{\"@type\":\"ListItem\",\"position\":2,\"name\":\"Bolivia y Francia fortalecer\u00e1n gesti\u00f3n integral del agua\"}]},{\"@type\":\"WebSite\",\"@id\":\"https:\\\/\\\/www.eldiario.net\\\/portal\\\/#website\",\"url\":\"https:\\\/\\\/www.eldiario.net\\\/portal\\\/\",\"name\":\"El Diario - Decano de la prensa nacional\",\"description\":\"El Diario - Decano de la prensa nacional\",\"publisher\":{\"@id\":\"https:\\\/\\\/www.eldiario.net\\\/portal\\\/#organization\"},\"potentialAction\":[{\"@type\":\"SearchAction\",\"target\":{\"@type\":\"EntryPoint\",\"urlTemplate\":\"https:\\\/\\\/www.eldiario.net\\\/portal\\\/?s={search_term_string}\"},\"query-input\":{\"@type\":\"PropertyValueSpecification\",\"valueRequired\":true,\"valueName\":\"search_term_string\"}}],\"inLanguage\":\"es\"},{\"@type\":\"Organization\",\"@id\":\"https:\\\/\\\/www.eldiario.net\\\/portal\\\/#organization\",\"name\":\"El Diario - Decano de la prensa nacional\",\"url\":\"https:\\\/\\\/www.eldiario.net\\\/portal\\\/\",\"logo\":{\"@type\":\"ImageObject\",\"inLanguage\":\"es\",\"@id\":\"https:\\\/\\\/www.eldiario.net\\\/portal\\\/#\\\/schema\\\/logo\\\/image\\\/\",\"url\":\"https:\\\/\\\/www.eldiario.net\\\/portal\\\/wp-content\\\/uploads\\\/2023\\\/07\\\/logo_ED.jpg\",\"contentUrl\":\"https:\\\/\\\/www.eldiario.net\\\/portal\\\/wp-content\\\/uploads\\\/2023\\\/07\\\/logo_ED.jpg\",\"width\":272,\"height\":52,\"caption\":\"El Diario - Decano de la prensa nacional\"},\"image\":{\"@id\":\"https:\\\/\\\/www.eldiario.net\\\/portal\\\/#\\\/schema\\\/logo\\\/image\\\/\"},\"sameAs\":[\"https:\\\/\\\/www.facebook.com\\\/eldiario.bolivia\\\/\",\"https:\\\/\\\/x.com\\\/eldiario_net\"]},{\"@type\":\"Person\",\"@id\":\"https:\\\/\\\/www.eldiario.net\\\/portal\\\/#\\\/schema\\\/person\\\/f46445640444750d7d753ccd04ae01b7\",\"name\":\"Jeanette\",\"image\":{\"@type\":\"ImageObject\",\"inLanguage\":\"es\",\"@id\":\"https:\\\/\\\/secure.gravatar.com\\\/avatar\\\/3ea2118a5f7dad2b7138b1187a6b7ee55f160b9968b66013c3a3ef39dd7e5798?s=96&d=mm&r=g\",\"url\":\"https:\\\/\\\/secure.gravatar.com\\\/avatar\\\/3ea2118a5f7dad2b7138b1187a6b7ee55f160b9968b66013c3a3ef39dd7e5798?s=96&d=mm&r=g\",\"contentUrl\":\"https:\\\/\\\/secure.gravatar.com\\\/avatar\\\/3ea2118a5f7dad2b7138b1187a6b7ee55f160b9968b66013c3a3ef39dd7e5798?s=96&d=mm&r=g\",\"caption\":\"Jeanette\"},\"sameAs\":[\"https:\\\/\\\/www.eldiario.net\\\/portal\"],\"url\":\"https:\\\/\\\/www.eldiario.net\\\/portal\\\/author\\\/jeanette\\\/\"}]}<\/script>\n<!-- \/ Yoast SEO plugin. -->","yoast_head_json":{"title":"Bolivia y Francia fortalecer\u00e1n gesti\u00f3n integral del agua - El Diario - Bolivia","robots":{"index":"index","follow":"follow","max-snippet":"max-snippet:-1","max-image-preview":"max-image-preview:large","max-video-preview":"max-video-preview:-1"},"canonical":"https:\/\/www.eldiario.net\/portal\/2021\/06\/02\/bolivia-y-francia-fortaleceran-gestion-integral-del-agua\/","og_locale":"es_ES","og_type":"article","og_title":"Bolivia y Francia fortalecer\u00e1n gesti\u00f3n integral del agua - El Diario - Bolivia","og_description":"El Ministerio de Planificaci\u00f3n del Desarrollo (MPD), el Ministerio de Medio Ambiente y Agua (MMAyA), la Oficina Internacional del Agua (OiEau, por sus siglas en franc\u00e9s) y la Agencia Francesa de Desarrollo (AFD) suscribieron un acuerdo de alianza t\u00e9cnica, con el prop\u00f3sito de contribuir a la pol\u00edtica boliviana de gesti\u00f3n integral de recursos h\u00eddricos (GIRH) [&hellip;]","og_url":"https:\/\/www.eldiario.net\/portal\/2021\/06\/02\/bolivia-y-francia-fortaleceran-gestion-integral-del-agua\/","og_site_name":"El Diario - Bolivia","article_publisher":"https:\/\/www.facebook.com\/eldiario.bolivia\/","article_published_time":"2021-06-02T09:58:00+00:00","author":"Jeanette","twitter_card":"summary_large_image","twitter_creator":"@eldiario_net","twitter_site":"@eldiario_net","twitter_misc":{"Escrito por":"Jeanette","Tiempo de lectura":"2 minutos"},"schema":{"@context":"https:\/\/schema.org","@graph":[{"@type":"Article","@id":"https:\/\/www.eldiario.net\/portal\/2021\/06\/02\/bolivia-y-francia-fortaleceran-gestion-integral-del-agua\/#article","isPartOf":{"@id":"https:\/\/www.eldiario.net\/portal\/2021\/06\/02\/bolivia-y-francia-fortaleceran-gestion-integral-del-agua\/"},"author":{"name":"Jeanette","@id":"https:\/\/www.eldiario.net\/portal\/#\/schema\/person\/f46445640444750d7d753ccd04ae01b7"},"headline":"Bolivia y Francia fortalecer\u00e1n gesti\u00f3n integral del agua","datePublished":"2021-06-02T09:58:00+00:00","mainEntityOfPage":{"@id":"https:\/\/www.eldiario.net\/portal\/2021\/06\/02\/bolivia-y-francia-fortaleceran-gestion-integral-del-agua\/"},"wordCount":328,"publisher":{"@id":"https:\/\/www.eldiario.net\/portal\/#organization"},"image":{"@id":"https:\/\/www.eldiario.net\/portal\/2021\/06\/02\/bolivia-y-francia-fortaleceran-gestion-integral-del-agua\/#primaryimage"},"thumbnailUrl":"","articleSection":["Internacional"],"inLanguage":"es"},{"@type":"WebPage","@id":"https:\/\/www.eldiario.net\/portal\/2021\/06\/02\/bolivia-y-francia-fortaleceran-gestion-integral-del-agua\/","url":"https:\/\/www.eldiario.net\/portal\/2021\/06\/02\/bolivia-y-francia-fortaleceran-gestion-integral-del-agua\/","name":"Bolivia y Francia fortalecer\u00e1n gesti\u00f3n integral del agua - El Diario - Bolivia","isPartOf":{"@id":"https:\/\/www.eldiario.net\/portal\/#website"},"primaryImageOfPage":{"@id":"https:\/\/www.eldiario.net\/portal\/2021\/06\/02\/bolivia-y-francia-fortaleceran-gestion-integral-del-agua\/#primaryimage"},"image":{"@id":"https:\/\/www.eldiario.net\/portal\/2021\/06\/02\/bolivia-y-francia-fortaleceran-gestion-integral-del-agua\/#primaryimage"},"thumbnailUrl":"","datePublished":"2021-06-02T09:58:00+00:00","breadcrumb":{"@id":"https:\/\/www.eldiario.net\/portal\/2021\/06\/02\/bolivia-y-francia-fortaleceran-gestion-integral-del-agua\/#breadcrumb"},"inLanguage":"es","potentialAction":[{"@type":"ReadAction","target":["https:\/\/www.eldiario.net\/portal\/2021\/06\/02\/bolivia-y-francia-fortaleceran-gestion-integral-del-agua\/"]}]},{"@type":"ImageObject","inLanguage":"es","@id":"https:\/\/www.eldiario.net\/portal\/2021\/06\/02\/bolivia-y-francia-fortaleceran-gestion-integral-del-agua\/#primaryimage","url":"","contentUrl":""},{"@type":"BreadcrumbList","@id":"https:\/\/www.eldiario.net\/portal\/2021\/06\/02\/bolivia-y-francia-fortaleceran-gestion-integral-del-agua\/#breadcrumb","itemListElement":[{"@type":"ListItem","position":1,"name":"Portada","item":"https:\/\/www.eldiario.net\/portal\/"},{"@type":"ListItem","position":2,"name":"Bolivia y Francia fortalecer\u00e1n gesti\u00f3n integral del agua"}]},{"@type":"WebSite","@id":"https:\/\/www.eldiario.net\/portal\/#website","url":"https:\/\/www.eldiario.net\/portal\/","name":"El Diario - Decano de la prensa nacional","description":"El Diario - Decano de la prensa nacional","publisher":{"@id":"https:\/\/www.eldiario.net\/portal\/#organization"},"potentialAction":[{"@type":"SearchAction","target":{"@type":"EntryPoint","urlTemplate":"https:\/\/www.eldiario.net\/portal\/?s={search_term_string}"},"query-input":{"@type":"PropertyValueSpecification","valueRequired":true,"valueName":"search_term_string"}}],"inLanguage":"es"},{"@type":"Organization","@id":"https:\/\/www.eldiario.net\/portal\/#organization","name":"El Diario - Decano de la prensa nacional","url":"https:\/\/www.eldiario.net\/portal\/","logo":{"@type":"ImageObject","inLanguage":"es","@id":"https:\/\/www.eldiario.net\/portal\/#\/schema\/logo\/image\/","url":"https:\/\/www.eldiario.net\/portal\/wp-content\/uploads\/2023\/07\/logo_ED.jpg","contentUrl":"https:\/\/www.eldiario.net\/portal\/wp-content\/uploads\/2023\/07\/logo_ED.jpg","width":272,"height":52,"caption":"El Diario - Decano de la prensa nacional"},"image":{"@id":"https:\/\/www.eldiario.net\/portal\/#\/schema\/logo\/image\/"},"sameAs":["https:\/\/www.facebook.com\/eldiario.bolivia\/","https:\/\/x.com\/eldiario_net"]},{"@type":"Person","@id":"https:\/\/www.eldiario.net\/portal\/#\/schema\/person\/f46445640444750d7d753ccd04ae01b7","name":"Jeanette","image":{"@type":"ImageObject","inLanguage":"es","@id":"https:\/\/secure.gravatar.com\/avatar\/3ea2118a5f7dad2b7138b1187a6b7ee55f160b9968b66013c3a3ef39dd7e5798?s=96&d=mm&r=g","url":"https:\/\/secure.gravatar.com\/avatar\/3ea2118a5f7dad2b7138b1187a6b7ee55f160b9968b66013c3a3ef39dd7e5798?s=96&d=mm&r=g","contentUrl":"https:\/\/secure.gravatar.com\/avatar\/3ea2118a5f7dad2b7138b1187a6b7ee55f160b9968b66013c3a3ef39dd7e5798?s=96&d=mm&r=g","caption":"Jeanette"},"sameAs":["https:\/\/www.eldiario.net\/portal"],"url":"https:\/\/www.eldiario.net\/portal\/author\/jeanette\/"}]}},"_links":{"self":[{"href":"https:\/\/www.eldiario.net\/portal\/wp-json\/wp\/v2\/posts\/7808","targetHints":{"allow":["GET"]}}],"collection":[{"href":"https:\/\/www.eldiario.net\/portal\/wp-json\/wp\/v2\/posts"}],"about":[{"href":"https:\/\/www.eldiario.net\/portal\/wp-json\/wp\/v2\/types\/post"}],"author":[{"embeddable":true,"href":"https:\/\/www.eldiario.net\/portal\/wp-json\/wp\/v2\/users\/1"}],"replies":[{"embeddable":true,"href":"https:\/\/www.eldiario.net\/portal\/wp-json\/wp\/v2\/comments?post=7808"}],"version-history":[{"count":0,"href":"https:\/\/www.eldiario.net\/portal\/wp-json\/wp\/v2\/posts\/7808\/revisions"}],"wp:attachment":[{"href":"https:\/\/www.eldiario.net\/portal\/wp-json\/wp\/v2\/media?parent=7808"}],"wp:term":[{"taxonomy":"category","embeddable":true,"href":"https:\/\/www.eldiario.net\/portal\/wp-json\/wp\/v2\/categories?post=7808"},{"taxonomy":"post_tag","embeddable":true,"href":"https:\/\/www.eldiario.net\/portal\/wp-json\/wp\/v2\/tags?post=7808"}],"curies":[{"name":"wp","href":"https:\/\/api.w.org\/{rel}","templated":true}]}}