{"id":77718,"date":"2022-04-19T06:07:05","date_gmt":"2022-04-19T10:07:05","guid":{"rendered":"https:\/\/www.eldiario.net\/portal\/?p=77718"},"modified":"2022-04-19T06:07:05","modified_gmt":"2022-04-19T10:07:05","slug":"elementos-organicos","status":"publish","type":"post","link":"https:\/\/www.eldiario.net\/portal\/2022\/04\/19\/elementos-organicos\/","title":{"rendered":"Elementos org\u00e1nicos"},"content":{"rendered":"<p><strong>Por: Lic. H\u00e9ctor Molina Angulo<\/strong><\/p>\n<p>&nbsp;<\/p>\n<p>Son los compuestos que tienen entre su estructura qu\u00edmica distintas combinaciones de mol\u00e9culas de hidr\u00f3geno y\/o carbono. Uno de los m\u00e1s abundantes en la naturaleza son los hidratos de carbono, conocidos por ser elaborados por las plantas. Se clasifican seg\u00fan su origen en:<\/p>\n<p>&nbsp;<\/p>\n<ul>\n<li>Compuestos naturales. Producidos por los seres vivos.<\/li>\n<li>Compuestos artificiales. Sintetizados por el hombre en el laboratorio o en la industria.<\/li>\n<\/ul>\n<p>&nbsp;<\/p>\n<p><strong>Compuestos Naturales<\/strong><\/p>\n<p>&nbsp;<\/p>\n<ul>\n<li><strong>Hidratos de carbono. <\/strong>Son los elementos org\u00e1nicos m\u00e1s abundantes en la naturaleza, tambi\u00e9n, llamados carbohidratos. Las plantas verdes y las bacterias los producen en el proceso de la fotos\u00edntesis, en el cual absorben di\u00f3xido de carbono del aire por acci\u00f3n de los rayos solares, produciendo hidratos de carbono. Es la principal fuente de energ\u00eda para el ser humano y de muchos animales.<\/li>\n<\/ul>\n<p>&nbsp;<\/p>\n<ul>\n<li><strong>L\u00edpidos. <\/strong>Est\u00e1n formados por carbono, hidr\u00f3geno y ox\u00edgeno, se distinguen de otros elementos org\u00e1nicos porque no son solubles en agua. Entre estos compuestos se encuentran los fosfol\u00edpidos y los triglic\u00e9ridos. Sirven como dep\u00f3sitos de reserva de energ\u00eda en las c\u00e9lulas animales y vegetales.<\/li>\n<\/ul>\n<p>&nbsp;<\/p>\n<ul>\n<li><strong>Prote\u00ednas. <\/strong>Son macromol\u00e9culas compuestas por carbono, hidr\u00f3geno, ox\u00edgeno y nitr\u00f3geno. Constituyen alrededor del 50% del peso de los tejidos del organismo. Son esenciales para el crecimiento.<\/li>\n<\/ul>\n<p>&nbsp;<\/p>\n<p><strong>Compuestos Artificiales<\/strong><\/p>\n<p>&nbsp;<\/p>\n<ul>\n<li><strong>Pl\u00e1stico.<\/strong> Es un elemento org\u00e1nico debido a que entre sus mol\u00e9culas se encuentra carbono. Se obtiene en f\u00e1bricas y laboratorios.<\/li>\n<\/ul>\n<p>&nbsp;<\/p>\n<ul>\n<li>Se fabrican a partir de \u00e1cidos carbox\u00edlicos sintetizados por el ser humano. Tienen la ventaja de facilitar el lavado sin el inconveniente de reducir su capacidad de limpieza en medio \u00e1cido, sin embargo, contaminan las aguas debido a que la mayor\u00eda no son biodegradables.<\/li>\n<\/ul>\n<p>&nbsp;<\/p>\n<ul>\n<li><strong>Los jabones.<\/strong> Son elementos org\u00e1nicos que tienen la propiedad de disolverse en agua, formar espuma, emulsionar el sucio que est\u00e1 unido generalmente a una pel\u00edcula de grasa, disminuir la tensi\u00f3n superficial del agua y aumentar su capacidad de \u201cmojar\u201d y as\u00ed contribuir a eliminar la suciedad. La ventaja de los jabones es que son biodegradables, es decir son degradados r\u00e1pidamente por las bacterias, por lo que no contaminan el ambiente.<\/li>\n<\/ul>\n<p>&nbsp;<\/p>\n<ul>\n<li><strong>Combustible para autom\u00f3viles.<\/strong> Es un compuesto capaz de liberar energ\u00eda cuando se oxida de forma violenta con desprendimiento de calor poco a poco. Hoy en d\u00eda se puede encontrar una mayor variabilidad de elementos para utilizar como combustible para autom\u00f3viles, podemos optar por la cl\u00e1sica gasolina, el uso del gas e inclusive la electricidad como elemento cada vez m\u00e1s popular.<\/li>\n<\/ul>\n<p>&nbsp;<\/p>\n<ul>\n<li>Es una mezcla de hidrocarburos alif\u00e1ticos obtenida del petr\u00f3leo por destilaci\u00f3n fraccionada, la cual se usa en motores de combusti\u00f3n interna.<\/li>\n<\/ul>\n<p>&nbsp;<\/p>\n<ul>\n<li><strong>Di\u00e9sel.<\/strong> Tambi\u00e9n conocido como gas\u00f3leo o gasoil es un hidrocarburo l\u00edquido compuesto fundamentalmente por parafinas y utilizado principalmente en motores di\u00e9sel.<\/li>\n<\/ul>\n<p>&nbsp;<\/p>\n<ul>\n<li><strong>Gas Natural.<\/strong> Es una fuente de energ\u00eda no renovable formada por una mezcla de gases ligeros que se encuentra normalmente en el subsuelo continental o marino.<\/li>\n<\/ul>\n<p>&nbsp;<\/p>\n<ul>\n<li>Tambi\u00e9n conocido como gas licuado de petr\u00f3leo, es una mezcla de gases livianos licuados, presentes en el gas natural o disueltos en el petr\u00f3leo, conformados principalmente por propano y butano. El GLP puede utilizarse en motores de combusti\u00f3n interna.<\/li>\n<\/ul>\n<p>&nbsp;<\/p>\n<p><strong>Elementos inorg\u00e1nicos<\/strong><\/p>\n<p>&nbsp;<\/p>\n<p>Son los compuestos formados por varias mol\u00e9culas, pero dentro de sus componentes no se encuentra el carbono. Entre los elementos inorg\u00e1nicos podemos mencionar a:<\/p>\n<p>&nbsp;<\/p>\n<p><strong>El Agua<\/strong><\/p>\n<p>&nbsp;<\/p>\n<p>Es el principal elemento del cuerpo humano, ya que m\u00e1s del 60% est\u00e1 formado por \u00e9ste elemento inorg\u00e1nico. Est\u00e1 presente en grandes cantidades en los alimentos. Sus principales caracter\u00edsticas son:<\/p>\n<p>&nbsp;<\/p>\n<ul>\n<li>Forma parte de casi todos los procesos metab\u00f3licos que suceden en nuestro organismo.<\/li>\n<li>Es el medio de transporte de todos los nutrientes.<\/li>\n<li>Participa en la conservaci\u00f3n de la temperatura corporal.<\/li>\n<\/ul>\n<p>&nbsp;<\/p>\n<p><strong>Los Minerales<\/strong><\/p>\n<p>&nbsp;<\/p>\n<p>Estos elementos inorg\u00e1nicos, desempe\u00f1an en nuestro organismo las siguientes funciones:<\/p>\n<p>&nbsp;<\/p>\n<ul>\n<li>Forman parte de las actividades enzim\u00e1ticas.<\/li>\n<li>Son importantes para el mantenimiento de la presi\u00f3n dentro y fuera de las c\u00e9lulas.<\/li>\n<li>Participan en la formaci\u00f3n de \u00e1cidos grasos.<\/li>\n<li>Intervienen en la contracci\u00f3n y relajaci\u00f3n de m\u00fasculos.<\/li>\n<\/ul>\n<p><a href=\"https:\/\/www.eldiario.net\/portal\/wp-content\/uploads\/2022\/04\/Bio-Componentes-Organicos.jpg\"><img loading=\"lazy\" decoding=\"async\" class=\"aligncenter size-full wp-image-77720\" src=\"https:\/\/www.eldiario.net\/portal\/wp-content\/uploads\/2022\/04\/Bio-Componentes-Organicos.jpg\" alt=\"\" width=\"960\" height=\"630\" \/><\/a><\/p>\n","protected":false},"excerpt":{"rendered":"<p>Por: Lic. H\u00e9ctor Molina Angulo &nbsp; Son los compuestos que tienen entre su estructura qu\u00edmica distintas combinaciones de mol\u00e9culas de hidr\u00f3geno y\/o carbono. Uno de los m\u00e1s abundantes en la naturaleza son los hidratos de carbono, conocidos por ser elaborados por las plantas. Se clasifican seg\u00fan su origen en: &nbsp; Compuestos naturales. Producidos por los [&hellip;]<\/p>\n","protected":false},"author":1,"featured_media":77719,"comment_status":"closed","ping_status":"closed","sticky":false,"template":"","format":"standard","meta":{"_acf_changed":false,"footnotes":""},"categories":[43],"tags":[],"class_list":["post-77718","post","type-post","status-publish","format-standard","has-post-thumbnail","category-nuevos-horizontes"],"acf":{"antetitulo":""},"yoast_head":"<!-- This site is optimized with the Yoast SEO plugin v28.4 - https:\/\/yoast.com\/product\/yoast-seo-wordpress\/ -->\n<title>Elementos org\u00e1nicos - El Diario - Bolivia<\/title>\n<meta name=\"robots\" content=\"index, follow, max-snippet:-1, max-image-preview:large, max-video-preview:-1\" \/>\n<link rel=\"canonical\" href=\"https:\/\/www.eldiario.net\/portal\/2022\/04\/19\/elementos-organicos\/\" \/>\n<meta property=\"og:locale\" content=\"es_ES\" \/>\n<meta property=\"og:type\" content=\"article\" \/>\n<meta property=\"og:title\" content=\"Elementos org\u00e1nicos - El Diario - Bolivia\" \/>\n<meta property=\"og:description\" content=\"Por: Lic. H\u00e9ctor Molina Angulo &nbsp; Son los compuestos que tienen entre su estructura qu\u00edmica distintas combinaciones de mol\u00e9culas de hidr\u00f3geno y\/o carbono. Uno de los m\u00e1s abundantes en la naturaleza son los hidratos de carbono, conocidos por ser elaborados por las plantas. Se clasifican seg\u00fan su origen en: &nbsp; Compuestos naturales. Producidos por los [&hellip;]\" \/>\n<meta property=\"og:url\" content=\"https:\/\/www.eldiario.net\/portal\/2022\/04\/19\/elementos-organicos\/\" \/>\n<meta property=\"og:site_name\" content=\"El Diario - Bolivia\" \/>\n<meta property=\"article:publisher\" content=\"https:\/\/www.facebook.com\/eldiario.bolivia\/\" \/>\n<meta property=\"article:published_time\" content=\"2022-04-19T10:07:05+00:00\" \/>\n<meta name=\"author\" content=\"Jeanette\" \/>\n<meta name=\"twitter:card\" content=\"summary_large_image\" \/>\n<meta name=\"twitter:creator\" content=\"@eldiario_net\" \/>\n<meta name=\"twitter:site\" content=\"@eldiario_net\" \/>\n<meta name=\"twitter:label1\" content=\"Escrito por\" \/>\n\t<meta name=\"twitter:data1\" content=\"Jeanette\" \/>\n\t<meta name=\"twitter:label2\" content=\"Tiempo de lectura\" \/>\n\t<meta name=\"twitter:data2\" content=\"4 minutos\" \/>\n<script type=\"application\/ld+json\" class=\"yoast-schema-graph\">{\"@context\":\"https:\\\/\\\/schema.org\",\"@graph\":[{\"@type\":\"Article\",\"@id\":\"https:\\\/\\\/www.eldiario.net\\\/portal\\\/2022\\\/04\\\/19\\\/elementos-organicos\\\/#article\",\"isPartOf\":{\"@id\":\"https:\\\/\\\/www.eldiario.net\\\/portal\\\/2022\\\/04\\\/19\\\/elementos-organicos\\\/\"},\"author\":{\"name\":\"Jeanette\",\"@id\":\"https:\\\/\\\/www.eldiario.net\\\/portal\\\/#\\\/schema\\\/person\\\/2c57cf2b7a7ae032e449e4c9b1019eac\"},\"headline\":\"Elementos org\u00e1nicos\",\"datePublished\":\"2022-04-19T10:07:05+00:00\",\"mainEntityOfPage\":{\"@id\":\"https:\\\/\\\/www.eldiario.net\\\/portal\\\/2022\\\/04\\\/19\\\/elementos-organicos\\\/\"},\"wordCount\":739,\"publisher\":{\"@id\":\"https:\\\/\\\/www.eldiario.net\\\/portal\\\/#organization\"},\"image\":{\"@id\":\"https:\\\/\\\/www.eldiario.net\\\/portal\\\/2022\\\/04\\\/19\\\/elementos-organicos\\\/#primaryimage\"},\"thumbnailUrl\":\"\",\"articleSection\":[\"Nuevos Horizontes\"],\"inLanguage\":\"es\"},{\"@type\":\"WebPage\",\"@id\":\"https:\\\/\\\/www.eldiario.net\\\/portal\\\/2022\\\/04\\\/19\\\/elementos-organicos\\\/\",\"url\":\"https:\\\/\\\/www.eldiario.net\\\/portal\\\/2022\\\/04\\\/19\\\/elementos-organicos\\\/\",\"name\":\"Elementos org\u00e1nicos - El Diario - Bolivia\",\"isPartOf\":{\"@id\":\"https:\\\/\\\/www.eldiario.net\\\/portal\\\/#website\"},\"primaryImageOfPage\":{\"@id\":\"https:\\\/\\\/www.eldiario.net\\\/portal\\\/2022\\\/04\\\/19\\\/elementos-organicos\\\/#primaryimage\"},\"image\":{\"@id\":\"https:\\\/\\\/www.eldiario.net\\\/portal\\\/2022\\\/04\\\/19\\\/elementos-organicos\\\/#primaryimage\"},\"thumbnailUrl\":\"\",\"datePublished\":\"2022-04-19T10:07:05+00:00\",\"breadcrumb\":{\"@id\":\"https:\\\/\\\/www.eldiario.net\\\/portal\\\/2022\\\/04\\\/19\\\/elementos-organicos\\\/#breadcrumb\"},\"inLanguage\":\"es\",\"potentialAction\":[{\"@type\":\"ReadAction\",\"target\":[\"https:\\\/\\\/www.eldiario.net\\\/portal\\\/2022\\\/04\\\/19\\\/elementos-organicos\\\/\"]}]},{\"@type\":\"ImageObject\",\"inLanguage\":\"es\",\"@id\":\"https:\\\/\\\/www.eldiario.net\\\/portal\\\/2022\\\/04\\\/19\\\/elementos-organicos\\\/#primaryimage\",\"url\":\"\",\"contentUrl\":\"\"},{\"@type\":\"BreadcrumbList\",\"@id\":\"https:\\\/\\\/www.eldiario.net\\\/portal\\\/2022\\\/04\\\/19\\\/elementos-organicos\\\/#breadcrumb\",\"itemListElement\":[{\"@type\":\"ListItem\",\"position\":1,\"name\":\"Portada\",\"item\":\"https:\\\/\\\/www.eldiario.net\\\/portal\\\/\"},{\"@type\":\"ListItem\",\"position\":2,\"name\":\"Elementos org\u00e1nicos\"}]},{\"@type\":\"WebSite\",\"@id\":\"https:\\\/\\\/www.eldiario.net\\\/portal\\\/#website\",\"url\":\"https:\\\/\\\/www.eldiario.net\\\/portal\\\/\",\"name\":\"El Diario - Decano de la prensa nacional\",\"description\":\"El Diario - Decano de la prensa nacional\",\"publisher\":{\"@id\":\"https:\\\/\\\/www.eldiario.net\\\/portal\\\/#organization\"},\"potentialAction\":[{\"@type\":\"SearchAction\",\"target\":{\"@type\":\"EntryPoint\",\"urlTemplate\":\"https:\\\/\\\/www.eldiario.net\\\/portal\\\/?s={search_term_string}\"},\"query-input\":{\"@type\":\"PropertyValueSpecification\",\"valueRequired\":true,\"valueName\":\"search_term_string\"}}],\"inLanguage\":\"es\"},{\"@type\":\"Organization\",\"@id\":\"https:\\\/\\\/www.eldiario.net\\\/portal\\\/#organization\",\"name\":\"El Diario - Decano de la prensa nacional\",\"url\":\"https:\\\/\\\/www.eldiario.net\\\/portal\\\/\",\"logo\":{\"@type\":\"ImageObject\",\"inLanguage\":\"es\",\"@id\":\"https:\\\/\\\/www.eldiario.net\\\/portal\\\/#\\\/schema\\\/logo\\\/image\\\/\",\"url\":\"https:\\\/\\\/www.eldiario.net\\\/portal\\\/wp-content\\\/uploads\\\/2023\\\/07\\\/logo_ED.jpg\",\"contentUrl\":\"https:\\\/\\\/www.eldiario.net\\\/portal\\\/wp-content\\\/uploads\\\/2023\\\/07\\\/logo_ED.jpg\",\"width\":272,\"height\":52,\"caption\":\"El Diario - Decano de la prensa nacional\"},\"image\":{\"@id\":\"https:\\\/\\\/www.eldiario.net\\\/portal\\\/#\\\/schema\\\/logo\\\/image\\\/\"},\"sameAs\":[\"https:\\\/\\\/www.facebook.com\\\/eldiario.bolivia\\\/\",\"https:\\\/\\\/x.com\\\/eldiario_net\"]},{\"@type\":\"Person\",\"@id\":\"https:\\\/\\\/www.eldiario.net\\\/portal\\\/#\\\/schema\\\/person\\\/2c57cf2b7a7ae032e449e4c9b1019eac\",\"name\":\"Jeanette\",\"image\":{\"@type\":\"ImageObject\",\"inLanguage\":\"es\",\"@id\":\"https:\\\/\\\/secure.gravatar.com\\\/avatar\\\/3ea2118a5f7dad2b7138b1187a6b7ee55f160b9968b66013c3a3ef39dd7e5798?s=96&d=mm&r=g\",\"url\":\"https:\\\/\\\/secure.gravatar.com\\\/avatar\\\/3ea2118a5f7dad2b7138b1187a6b7ee55f160b9968b66013c3a3ef39dd7e5798?s=96&d=mm&r=g\",\"contentUrl\":\"https:\\\/\\\/secure.gravatar.com\\\/avatar\\\/3ea2118a5f7dad2b7138b1187a6b7ee55f160b9968b66013c3a3ef39dd7e5798?s=96&d=mm&r=g\",\"caption\":\"Jeanette\"},\"sameAs\":[\"https:\\\/\\\/www.eldiario.net\\\/portal\"],\"url\":\"https:\\\/\\\/www.eldiario.net\\\/portal\\\/author\\\/jeanette\\\/\"}]}<\/script>\n<!-- \/ Yoast SEO plugin. -->","yoast_head_json":{"title":"Elementos org\u00e1nicos - El Diario - Bolivia","robots":{"index":"index","follow":"follow","max-snippet":"max-snippet:-1","max-image-preview":"max-image-preview:large","max-video-preview":"max-video-preview:-1"},"canonical":"https:\/\/www.eldiario.net\/portal\/2022\/04\/19\/elementos-organicos\/","og_locale":"es_ES","og_type":"article","og_title":"Elementos org\u00e1nicos - El Diario - Bolivia","og_description":"Por: Lic. H\u00e9ctor Molina Angulo &nbsp; Son los compuestos que tienen entre su estructura qu\u00edmica distintas combinaciones de mol\u00e9culas de hidr\u00f3geno y\/o carbono. Uno de los m\u00e1s abundantes en la naturaleza son los hidratos de carbono, conocidos por ser elaborados por las plantas. Se clasifican seg\u00fan su origen en: &nbsp; Compuestos naturales. Producidos por los [&hellip;]","og_url":"https:\/\/www.eldiario.net\/portal\/2022\/04\/19\/elementos-organicos\/","og_site_name":"El Diario - Bolivia","article_publisher":"https:\/\/www.facebook.com\/eldiario.bolivia\/","article_published_time":"2022-04-19T10:07:05+00:00","author":"Jeanette","twitter_card":"summary_large_image","twitter_creator":"@eldiario_net","twitter_site":"@eldiario_net","twitter_misc":{"Escrito por":"Jeanette","Tiempo de lectura":"4 minutos"},"schema":{"@context":"https:\/\/schema.org","@graph":[{"@type":"Article","@id":"https:\/\/www.eldiario.net\/portal\/2022\/04\/19\/elementos-organicos\/#article","isPartOf":{"@id":"https:\/\/www.eldiario.net\/portal\/2022\/04\/19\/elementos-organicos\/"},"author":{"name":"Jeanette","@id":"https:\/\/www.eldiario.net\/portal\/#\/schema\/person\/2c57cf2b7a7ae032e449e4c9b1019eac"},"headline":"Elementos org\u00e1nicos","datePublished":"2022-04-19T10:07:05+00:00","mainEntityOfPage":{"@id":"https:\/\/www.eldiario.net\/portal\/2022\/04\/19\/elementos-organicos\/"},"wordCount":739,"publisher":{"@id":"https:\/\/www.eldiario.net\/portal\/#organization"},"image":{"@id":"https:\/\/www.eldiario.net\/portal\/2022\/04\/19\/elementos-organicos\/#primaryimage"},"thumbnailUrl":"","articleSection":["Nuevos Horizontes"],"inLanguage":"es"},{"@type":"WebPage","@id":"https:\/\/www.eldiario.net\/portal\/2022\/04\/19\/elementos-organicos\/","url":"https:\/\/www.eldiario.net\/portal\/2022\/04\/19\/elementos-organicos\/","name":"Elementos org\u00e1nicos - El Diario - Bolivia","isPartOf":{"@id":"https:\/\/www.eldiario.net\/portal\/#website"},"primaryImageOfPage":{"@id":"https:\/\/www.eldiario.net\/portal\/2022\/04\/19\/elementos-organicos\/#primaryimage"},"image":{"@id":"https:\/\/www.eldiario.net\/portal\/2022\/04\/19\/elementos-organicos\/#primaryimage"},"thumbnailUrl":"","datePublished":"2022-04-19T10:07:05+00:00","breadcrumb":{"@id":"https:\/\/www.eldiario.net\/portal\/2022\/04\/19\/elementos-organicos\/#breadcrumb"},"inLanguage":"es","potentialAction":[{"@type":"ReadAction","target":["https:\/\/www.eldiario.net\/portal\/2022\/04\/19\/elementos-organicos\/"]}]},{"@type":"ImageObject","inLanguage":"es","@id":"https:\/\/www.eldiario.net\/portal\/2022\/04\/19\/elementos-organicos\/#primaryimage","url":"","contentUrl":""},{"@type":"BreadcrumbList","@id":"https:\/\/www.eldiario.net\/portal\/2022\/04\/19\/elementos-organicos\/#breadcrumb","itemListElement":[{"@type":"ListItem","position":1,"name":"Portada","item":"https:\/\/www.eldiario.net\/portal\/"},{"@type":"ListItem","position":2,"name":"Elementos org\u00e1nicos"}]},{"@type":"WebSite","@id":"https:\/\/www.eldiario.net\/portal\/#website","url":"https:\/\/www.eldiario.net\/portal\/","name":"El Diario - Decano de la prensa nacional","description":"El Diario - Decano de la prensa nacional","publisher":{"@id":"https:\/\/www.eldiario.net\/portal\/#organization"},"potentialAction":[{"@type":"SearchAction","target":{"@type":"EntryPoint","urlTemplate":"https:\/\/www.eldiario.net\/portal\/?s={search_term_string}"},"query-input":{"@type":"PropertyValueSpecification","valueRequired":true,"valueName":"search_term_string"}}],"inLanguage":"es"},{"@type":"Organization","@id":"https:\/\/www.eldiario.net\/portal\/#organization","name":"El Diario - Decano de la prensa nacional","url":"https:\/\/www.eldiario.net\/portal\/","logo":{"@type":"ImageObject","inLanguage":"es","@id":"https:\/\/www.eldiario.net\/portal\/#\/schema\/logo\/image\/","url":"https:\/\/www.eldiario.net\/portal\/wp-content\/uploads\/2023\/07\/logo_ED.jpg","contentUrl":"https:\/\/www.eldiario.net\/portal\/wp-content\/uploads\/2023\/07\/logo_ED.jpg","width":272,"height":52,"caption":"El Diario - Decano de la prensa nacional"},"image":{"@id":"https:\/\/www.eldiario.net\/portal\/#\/schema\/logo\/image\/"},"sameAs":["https:\/\/www.facebook.com\/eldiario.bolivia\/","https:\/\/x.com\/eldiario_net"]},{"@type":"Person","@id":"https:\/\/www.eldiario.net\/portal\/#\/schema\/person\/2c57cf2b7a7ae032e449e4c9b1019eac","name":"Jeanette","image":{"@type":"ImageObject","inLanguage":"es","@id":"https:\/\/secure.gravatar.com\/avatar\/3ea2118a5f7dad2b7138b1187a6b7ee55f160b9968b66013c3a3ef39dd7e5798?s=96&d=mm&r=g","url":"https:\/\/secure.gravatar.com\/avatar\/3ea2118a5f7dad2b7138b1187a6b7ee55f160b9968b66013c3a3ef39dd7e5798?s=96&d=mm&r=g","contentUrl":"https:\/\/secure.gravatar.com\/avatar\/3ea2118a5f7dad2b7138b1187a6b7ee55f160b9968b66013c3a3ef39dd7e5798?s=96&d=mm&r=g","caption":"Jeanette"},"sameAs":["https:\/\/www.eldiario.net\/portal"],"url":"https:\/\/www.eldiario.net\/portal\/author\/jeanette\/"}]}},"_links":{"self":[{"href":"https:\/\/www.eldiario.net\/portal\/wp-json\/wp\/v2\/posts\/77718","targetHints":{"allow":["GET"]}}],"collection":[{"href":"https:\/\/www.eldiario.net\/portal\/wp-json\/wp\/v2\/posts"}],"about":[{"href":"https:\/\/www.eldiario.net\/portal\/wp-json\/wp\/v2\/types\/post"}],"author":[{"embeddable":true,"href":"https:\/\/www.eldiario.net\/portal\/wp-json\/wp\/v2\/users\/1"}],"replies":[{"embeddable":true,"href":"https:\/\/www.eldiario.net\/portal\/wp-json\/wp\/v2\/comments?post=77718"}],"version-history":[{"count":0,"href":"https:\/\/www.eldiario.net\/portal\/wp-json\/wp\/v2\/posts\/77718\/revisions"}],"wp:attachment":[{"href":"https:\/\/www.eldiario.net\/portal\/wp-json\/wp\/v2\/media?parent=77718"}],"wp:term":[{"taxonomy":"category","embeddable":true,"href":"https:\/\/www.eldiario.net\/portal\/wp-json\/wp\/v2\/categories?post=77718"},{"taxonomy":"post_tag","embeddable":true,"href":"https:\/\/www.eldiario.net\/portal\/wp-json\/wp\/v2\/tags?post=77718"}],"curies":[{"name":"wp","href":"https:\/\/api.w.org\/{rel}","templated":true}]}}