{"id":77714,"date":"2022-04-19T06:05:54","date_gmt":"2022-04-19T10:05:54","guid":{"rendered":"https:\/\/www.eldiario.net\/portal\/?p=77714"},"modified":"2022-04-19T06:05:54","modified_gmt":"2022-04-19T10:05:54","slug":"la-relacion-salud-emociones-realidad-o-ficcion-4","status":"publish","type":"post","link":"https:\/\/www.eldiario.net\/portal\/2022\/04\/19\/la-relacion-salud-emociones-realidad-o-ficcion-4\/","title":{"rendered":"La relaci\u00f3n Salud &#8211; Emociones \u00bfrealidad o ficci\u00f3n?"},"content":{"rendered":"<p><strong>Autor: Grupo Editor<\/strong><\/p>\n<p>&nbsp;<\/p>\n<p>En este n\u00famero presentamos a manera de exordio un art\u00edculo el contexto y caracter\u00edsticas de la relaci\u00f3n que vive un ni\u00f1o o adolescente durante la etapa escolar publicado en la Revista M\u00e9dica Cl\u00ednica Las Condes Vol. 26 n\u00famero 1 en febrero de 2015. Desarrollado por el especialista en Psiquiatr\u00eda infanto juvenil Dr. Aljandro Maturana y la Magister en Psicolog\u00eda Dra. Ana Vargas. A disfrutarlo.<\/p>\n<p>&nbsp;<\/p>\n<p><strong>El estr\u00e9s escolar<\/strong><\/p>\n<p><strong>Por Dr. Aljandro Maturana y Dra. Ana Vargas<\/strong><\/p>\n<p>&nbsp;<\/p>\n<p><strong>Introducci\u00f3n<\/strong><\/p>\n<p>&nbsp;<\/p>\n<p>El estr\u00e9s escolar ha sido una conceptualizaci\u00f3n de dif\u00edcil acuerdo y por lo tanto, de compleja descripci\u00f3n. Las principales investigaciones realizadas en esta \u00e1rea provienen desde la psicolog\u00eda educacional cuyo inter\u00e9s radica en describir las habilidades, estrategias y caracter\u00edsticas evolutivas que facilitan el enfrentamiento de situaciones de estr\u00e9s en ni\u00f1os y adolescentes, permitiendo el despliegue de respuestas tanto internas como externas que sean adaptativas y que no predispongan a patolog\u00edas posteriores del desarrollo ni interfieran en los logros acad\u00e9micos.<\/p>\n<p>&nbsp;<\/p>\n<p>A nivel mundial los estudios de prevalencia de estr\u00e9s escolar son escasos, pero informan de la incidencia del estr\u00e9s en el incremento de problemas y des\u00f3rdenes psiqui\u00e1tricos en etapas tempranas y vulnerables del desarrollo.<\/p>\n<p>&nbsp;<\/p>\n<p>En Canad\u00e1 un estudio realizado a estudiantes de nivel medio, frente a la situaci\u00f3n de estr\u00e9s antes de un examen, indic\u00f3 que el 58 % de una muestra de 374 estudiantes presentaban lo que llamaron \u201cansiedad antes del examen\u201d. Otro estudio realizado a siete colegios en los que se aplic\u00f3 un cuestionario que med\u00eda actitudes y comportamientos asociados a estr\u00e9s, con una muestra de 1091 estudiantes, arroj\u00f3 que el 54 % de ellos se sent\u00eda estresado frente a diversas situaciones escolares. El 86 % de los alumnos de educaci\u00f3n media inform\u00f3 sentirse estresado durante el segundo semestre acad\u00e9mico del a\u00f1o en curso.<\/p>\n<p>&nbsp;<\/p>\n<p>En Chile no se encuentran estudios de prevalencia en los que la variable estr\u00e9s escolar sea analizada espec\u00edficamente. Estudios en poblaci\u00f3n infanto juvenil arrojan resultados concluyentes de prevalencia en trastornos de salud mental, indicando que cualquier trastorno psiqui\u00e1trico + discapacidad psicosocial est\u00e1 presente en un 22,5 % de ni\u00f1os y adolescentes entre 4 y 18 a\u00f1os.<\/p>\n<p>&nbsp;<\/p>\n<p>El objetivo de este art\u00edculo es revisar la literatura existente que permita aproximarse a una definici\u00f3n de estr\u00e9s escolar y entregar herramientas generales de evaluaci\u00f3n y manejo de sintomatolog\u00eda asociada a escolares consultantes.<\/p>\n<p><strong>Estr\u00e9s<\/strong><\/p>\n<p>&nbsp;<\/p>\n<p>El estr\u00e9s, motivo de consulta frecuente en la actualidad, viene del ingl\u00e9s stress y se refiere a una reacci\u00f3n fisiol\u00f3gica, endocrinol\u00f3gica y psicol\u00f3gica del organismo frente a una situaci\u00f3n que es percibida como demandante o amenazante, lo que genera una respuesta natural y necesaria para la supervivencia. No es en s\u00ed mismo una patolog\u00eda que impida el funcionamiento normal, sin embargo, cuando el estr\u00e9s se hace cr\u00f3nico en el tiempo afecta negativamente el desarrollo y salud de los individuos.<\/p>\n<p>&nbsp;<\/p>\n<p>El esfuerzo para alcanzar equilibrio din\u00e1mico se denomina homeostasis. Este equilibrio se ve amenazado en el d\u00eda a d\u00eda por eventos f\u00edsicos y psicol\u00f3gicos conocidos como estresores. Como resultado, el comportamiento del individuo se dirige a evaluar el potencial desestabilizador del factor de estr\u00e9s. El mediador neuronal entre la informaci\u00f3n entrante y el proceso de evaluaci\u00f3n se ubica en el sistema l\u00edmbico, m\u00e1s espec\u00edficamente en el hipocampo, la am\u00edgdala y la corteza prefrontal. Los estresores activan fisiol\u00f3gica y conductualmente la respuesta que restablecer\u00e1 la homeostasis. Esta \u201crespuesta al estr\u00e9s\u201d se refleja en la r\u00e1pida activaci\u00f3n del sistema nervioso simp\u00e1tico, que conduce a la liberaci\u00f3n de noradrenalina y adrenalina de las gl\u00e1ndulas suprarrenales.<\/p>\n<p>&nbsp;<\/p>\n<p>Adem\u00e1s de esta perturbaci\u00f3n homeost\u00e1tica, en el \u00e1mbito psicol\u00f3gico, algunos procesos pueden determinar la magnitud de respuesta al estr\u00e9s. En este contexto se determina la respuesta adaptativa en la que se incluye la capacidad de predecir los pr\u00f3ximos eventos, de forma de retomar el control de la situaci\u00f3n.<\/p>\n<p>&nbsp;<\/p>\n<p>Una respuesta adecuada y fisiol\u00f3gica implica que una vez expuesto a estresores, el individuo debe generar una adaptaci\u00f3n r\u00e1pida y eficiente, as\u00ed tambi\u00e9n, como este proceso debe ser finalizado una vez lograda la ya mencionada homeostasis. Cuando la respuesta al estr\u00e9s es excesiva, inadecuada o prolongada, el costo de restablecer la homeostasis podr\u00eda llegar a ser demasiado alto, condici\u00f3n que puede generar la aparici\u00f3n de patolog\u00edas psiqui\u00e1tricas.<\/p>\n<p>&nbsp;<\/p>\n<p>Desde este punto de vista, existen dos formas de presentaci\u00f3n del estr\u00e9s: el m\u00e1s normativo o de respuesta adaptativa al medio y; aquel que genera una real sensaci\u00f3n de p\u00e9rdida de control y que interfiere negativamente en la vida f\u00edsica, psicol\u00f3gica, cognitiva, emocional, relacional y escolar de las personas.<\/p>\n<p>&nbsp;<\/p>\n<p>Las respuestas psicol\u00f3gicas asociadas al estr\u00e9s involucran principalmente aspectos emocionales, som\u00e1ticos, cognitivos y conductuales. A nivel escolar, observar cambios repentinos en los estudiantes que involucren las \u00e1reas mencionadas, puede ser motivo de atenci\u00f3n e intervenci\u00f3n temprana.<\/p>\n<p>&nbsp;<\/p>\n<p><strong>SINTOMATOLOG\u00cdA PRESENTE EN PERSONAS SOMETIDAS A ESTR\u00c9S<\/strong><\/p>\n<table>\n<tbody>\n<tr>\n<td width=\"200\"><strong>S\u00edntomas F\u00edsicos Involuntarios<\/strong><\/td>\n<td width=\"200\"><strong>S\u00edntomas Psicol\u00f3gicos<\/strong><\/td>\n<td width=\"200\"><strong>S\u00edntomas Conductuales<\/strong><\/td>\n<\/tr>\n<tr>\n<td width=\"200\">Taquicardia<\/td>\n<td width=\"200\">Inquietud<\/td>\n<td width=\"200\">Imposibilidad para relajarse<\/td>\n<\/tr>\n<tr>\n<td width=\"200\">Aumento de presi\u00f3n arterial<\/td>\n<td width=\"200\">Desasosiego<\/td>\n<td width=\"200\">Perplejidad<\/td>\n<\/tr>\n<tr>\n<td width=\"200\">Aumento de actividad respiratoria<\/td>\n<td width=\"200\">Irritabilidad<\/td>\n<td width=\"200\">&nbsp;<\/td>\n<\/tr>\n<tr>\n<td width=\"200\">Hiper-sudoraci\u00f3n<\/td>\n<td width=\"200\">Miedo difuso<\/td>\n<td width=\"200\">Situaci\u00f3n de alerta<\/td>\n<\/tr>\n<tr>\n<td width=\"200\">Dilataci\u00f3n pupilar<\/td>\n<td width=\"200\">Disminuci\u00f3n de la vigilancia<\/td>\n<td width=\"200\">Tensi\u00f3n muscular<\/td>\n<\/tr>\n<tr>\n<td width=\"200\">Temblores<\/td>\n<td width=\"200\">Desorganizaci\u00f3n del curso del pensamiento<\/td>\n<td width=\"200\">Caminatas sin rumbo<\/td>\n<\/tr>\n<tr>\n<td width=\"200\">Estado de excitaci\u00f3n general<\/td>\n<td width=\"200\">Disminuci\u00f3n de rendimiento intelectual<\/td>\n<td width=\"200\">Frecuentes bloqueos<\/td>\n<\/tr>\n<tr>\n<td width=\"200\">Insomnio-Hipersomnia<\/td>\n<td width=\"200\">Desorientaci\u00f3n temporo-espacial<\/td>\n<td width=\"200\">Respuestas desproporcionadas a est\u00edmulos externos<\/td>\n<\/tr>\n<tr>\n<td width=\"200\">Sequedad de boca<\/td>\n<td width=\"200\">Atenci\u00f3n dispersa<\/td>\n<td width=\"200\">&nbsp;<\/td>\n<\/tr>\n<tr>\n<td width=\"200\">Cefaleas<\/td>\n<td width=\"200\">&nbsp;<\/td>\n<td width=\"200\">&nbsp;<\/td>\n<\/tr>\n<\/tbody>\n<\/table>\n<p>&nbsp;<\/p>\n<p><strong>Estr\u00e9s escolar<\/strong><\/p>\n<p>&nbsp;<\/p>\n<p>El t\u00e9rmino estr\u00e9s escolar no ha sido definido por la literatura cl\u00ednica. Sin embargo, los ni\u00f1os(as) y adolescentes en etapa escolar, se ven enfrentados a situaciones de alta demanda y requieren del despliegue de todas sus capacidades de afrontamiento para adaptarse a los estresores tanto internos como externos, de acuerdo a la etapa evolutiva alcanzada. Los s\u00edntomas asociados a estr\u00e9s acompa\u00f1an a cuadros adaptativos, ansiosos, conductuales y emocionales que afectan el equilibrio del estado ps\u00edquico, afectivo, cognitivo y social de los estudiantes.<\/p>\n<p>&nbsp;<\/p>\n<p>La mayor parte de los estresores o situaciones que causan estr\u00e9s ocurren en el espacio cotidiano en el que se desenvuelven los ni\u00f1os y adolescentes, por lo que sin lugar a dudas el colegio constituye un lugar de desarrollo diario que puede afectar la estabilidad general del escolar. Para evaluar el significado individual de los estresores es importante considerar el contenido de las situaciones generadoras de estr\u00e9s y la intensidad o significado subjetivo que cada individuo adjudica a lo vivenciado. Seg\u00fan Lazarus y Folkman\u00a0para definir el estr\u00e9s psicosocial es importante considerar la \u201crelaci\u00f3n particular entre el individuo y el entorno, que es evaluado por este como amenazante o desbordante de sus recursos y pone en peligro su bienestar\u201d. Desde este punto de vista, los recursos psicol\u00f3gicos de cada individuo juegan un rol preponderante a la hora de evaluar cierta situaci\u00f3n ambiental como generadora o no de estr\u00e9s.<\/p>\n<p>&nbsp;<\/p>\n<p>El estr\u00e9s escolar puede ser entendido como la respuesta del organismo a los estresores que se dan dentro del espacio educativo y que afectan directamente el rendimiento de los alumnos. Si un estudiante eval\u00faa que los requerimientos o exigencias que se le plantean en una situaci\u00f3n escolar determinada exceden sus competencias, se siente estresado. Algunos factores que se deben considerar como precursores de estr\u00e9s escolar son el exceso de responsabilidades, la alta carga de trabajo o tareas dentro y fuera del establecimiento educacional, las evaluaciones de los profesores, la competitividad, el temor al fracaso o no alcanzar las metas autoimpuestas o estipuladas desde fuera, la presi\u00f3n de los padres, aceptaci\u00f3n del grupo de pares, la rivalidad entre compa\u00f1eros, cambios en los h\u00e1bitos alimentarios y horarios de sue\u00f1o y el cansancio cognitivo.<\/p>\n<p>&nbsp;<\/p>\n<p>Las emociones relacionadas con el estr\u00e9s y que pueden ser observadas f\u00e1cilmente por profesores o quienes rodean a los estudiantes, son las reacciones displacenteras que est\u00e1n estrechamente relacionadas con las quejas som\u00e1ticas que los alumnos son capaces de verbalizar. Entre estas se puede mencionar la rabia, la ansiedad, la frustraci\u00f3n, el insomnio, el cansancio y diversos dolores. A nivel cognitivo y conductual aparecen dificultades en memoria a corto y largo plazo, disminuci\u00f3n de la capacidad de planificar y organizar tiempos y materiales, falta de atenci\u00f3n y concentraci\u00f3n, dificultades para mantenerse en su puesto, comerse las u\u00f1as y morderse los labios continuamente.<\/p>\n<p>&nbsp;<\/p>\n<p>La secuencia con que se presentan los eventos gatillantes de estr\u00e9s escolar pueden ser enumerados de la siguiente manera:<\/p>\n<p>&nbsp;<\/p>\n<ul>\n<li>Presencia de evento escolar estresante.<\/li>\n<li>Significado interno que el alumno asigna al evento estresante.<\/li>\n<li>Aparici\u00f3n interna o biol\u00f3gicas y externa o de la conducta en respuesta al evento estresante.<\/li>\n<\/ul>\n<p>&nbsp;<\/p>\n<p>Existen tres etapas claramente diferenciadas del estado de estr\u00e9s y se pueden definir como:<\/p>\n<p>&nbsp;<\/p>\n<p><strong>Reacci\u00f3n de Alarma:<\/strong> Corresponde a la sensaci\u00f3n de estar \u201cagobiado por mil cosas\u201d. Ac\u00e1 aparecen las modificaciones bioqu\u00edmicas que tratan de compensar el estado de excesiva actividad y proteger al escolar.<\/p>\n<p>&nbsp;<\/p>\n<p><strong>Fase de Resistencia:<\/strong> Se produce cuando el escolar ya se ha adaptado a la sobrecarga prolongada en el tiempo y se mantienen las modificaciones que compensan la homeostasis.<\/p>\n<p>&nbsp;<\/p>\n<p><strong>Fase de Agotamiento:<\/strong> El derrumbe del escolar se genera por la falla de las estrategias adaptativas, se desmoronan y las reacciones emocionales, conductuales y cognitivas comienzan a ser visibles.<\/p>\n<p>&nbsp;<\/p>\n<p>Al momento de evaluar es importante considerar que un estudiante bajo condiciones de estr\u00e9s ve afectado su funcionamiento general y pueden aparecer s\u00edntomas asociados tales como:<\/p>\n<p>&nbsp;<\/p>\n<ul>\n<li>Disminuci\u00f3n de rendimiento acad\u00e9mico.<\/li>\n<li>Disminuci\u00f3n de habilidades cognitivas.<\/li>\n<li>Disminuci\u00f3n en sus habilidades de resoluci\u00f3n de problemas.<\/li>\n<li>Baja motivaci\u00f3n o fatiga cr\u00f3nica.<\/li>\n<li>Baja concentraci\u00f3n-atenci\u00f3n.<\/li>\n<li>Baja tolerancia a la frustraci\u00f3n.<\/li>\n<li>Dificultad en la interacci\u00f3n con pares y compa\u00f1eros.<\/li>\n<li>Dificultad en la interacci\u00f3n y comunicaci\u00f3n con profesores.<\/li>\n<li>Mayor ausentismo escolar o deseos de no asistir al colegio.<\/li>\n<li>Aumento de quejas som\u00e1ticas (dolor de cabeza, dolor abdominal).<\/li>\n<li>Conductas ansiosas (rascarse, morderse las u\u00f1as).<\/li>\n<li>S\u00edntomas de ansiedad o angustia.<\/li>\n<li>S\u00edntomas depresivos, labilidad o tristeza.<\/li>\n<li>Problemas conductuales, irritabilidad o agresividad.<\/li>\n<li>Alteraci\u00f3n en el patr\u00f3n del sue\u00f1o (insomnio, hipersomnia, somnolencia, pesadillas).<\/li>\n<li>Alteraci\u00f3n en la alimentaci\u00f3n con aumento o reducci\u00f3n de consumo de alimentos.<\/li>\n<\/ul>\n<p>&nbsp;<\/p>\n<p><strong>Consecuencias cl\u00ednicas del estr\u00e9s escolar<\/strong><\/p>\n<p>&nbsp;<\/p>\n<p>Como ya se ha se\u00f1alado, el estr\u00e9s es la respuesta autom\u00e1tica y natural del cuerpo ante las situaciones que resultan amenazadoras o desafiantes. Por lo tanto, es un evento normal en la vida, durante el cual el entorno est\u00e1 en constante cambio y hay que adaptarse de manera continua.<\/p>\n<p>&nbsp;<\/p>\n<p>De esta manera, el estr\u00e9s escolar \u201cnormativo\u201d es un evento que se da muchas veces en el contexto escolar. Es frecuente, que existan eventos que generan estr\u00e9s individual, en el grupo de pares y en la instituci\u00f3n educativa. Este resultado gatilla en los individuos y grupos, consecuencias que se expresan generalmente a trav\u00e9s de conductas que favorecen y perpet\u00faan el estr\u00e9s, gener\u00e1ndose consecuencias insospechadas en otras conductas, emociones y relaciones del sujeto adolescente con su grupo, su familia y con la instituci\u00f3n educativa. Como resultado, se puede presentar en el sujeto y su entorno violencia escolar, consumo de alcohol y drogas y psicopatolog\u00eda en la l\u00ednea depresiva y ansiosa. En la medida que estos cuadros se presentan aumenta el estr\u00e9s escolar, generando la deserci\u00f3n escolar del alumno.<\/p>\n<p>&nbsp;<\/p>\n<p>En general, cuando el estr\u00e9s escolar es excesivo pueden desarrollarse problemas de \u00edndole psicol\u00f3gicos y, particularmente, algunos trastornos en Salud Mental.<\/p>\n<p>&nbsp;<\/p>\n<p>Las consecuencias referidas previamente son las siguientes:<\/p>\n<p>&nbsp;<\/p>\n<p><strong>Acoso, matonaje escolar o\u00a0bullying<\/strong><\/p>\n<p>&nbsp;<\/p>\n<p>La palabra bullying viene del vocablo ingl\u00e9s bull que significa toro y se refiere al actuar como un toro en el sentido de pasar por sobre los otros, sin contemplaciones. Las traducciones m\u00e1s comunes al espa\u00f1ol son matonaje, acoso, hostigamiento.<\/p>\n<p>&nbsp;<\/p>\n<p>El bullying, como fen\u00f3meno, se define como una relaci\u00f3n de abuso entre pares. Las principales definiciones implican a lo menos la presencia de cuatro elementos para calificarlo como tal:<\/p>\n<p>&nbsp;<\/p>\n<ul>\n<li>Que se da entre pares.<\/li>\n<li>Que implica una situaci\u00f3n de desequilibrio de poder.<\/li>\n<li>Que es sostenido en el tiempo y por lo tanto, constituye una relaci\u00f3n y no una situaci\u00f3n aislada de abuso.<\/li>\n<li>Que la v\u00edctima o v\u00edctimas no tienen posibilidad de salir de esta situaci\u00f3n.<\/li>\n<\/ul>\n<p>&nbsp;<\/p>\n<p>La Ley N\u00b0 20.536, sobre Violencia Escolar, publicada el 17 de septiembre de 2011, define en su Art\u00edculo 16B el acoso escolar como \u201ctoda acci\u00f3n u omisi\u00f3n constitutiva de agresi\u00f3n u hostigamiento educacional por estudiantes que, en forma individual o colectiva atenten en contra de otro estudiante, vali\u00e9ndose para ello de una situaci\u00f3n de superioridad o de indefensi\u00f3n del estudiante afectado, que provoque en este \u00faltimo, maltrato, humillaci\u00f3n o fundado temor de verse expuesto a un mal de car\u00e1cter grave, ya sea por medios tecnol\u00f3gicos o cualquier otro medio, tomando en cuenta su edad y condici\u00f3n\u201d.<\/p>\n<p>&nbsp;<\/p>\n<p>Por lo general, el adolescente v\u00edctima es percibido(a) como inseguro, fr\u00e1gil, poco asertivo, f\u00edsicamente m\u00e1s d\u00e9bil, con pocas habilidades sociales y pocos amigos y generalmente, buenos alumnos. Como consecuencia del bullying, el adolescente presenta ansiedad, depresi\u00f3n, estr\u00e9s escolar, deseo de no ir a clases, generando ausentismo escolar y deterioro en el rendimiento y finalizando con un rechazo escolar y desinserci\u00f3n de la instituci\u00f3n educativa. Se presentan m\u00e1s problemas de salud som\u00e1tica, dos a cuatro veces m\u00e1s que sus pares no victimizados. Si la victimizaci\u00f3n se prolonga, puede aparecer ideaci\u00f3n suicida. Ello es favorecido por el poder en aumento del agresor y el desamparo que siente la v\u00edctima, con la creencia de ser merecedora de lo que le ocurre, produci\u00e9ndose un c\u00edrculo vicioso, lo que hace que sea una din\u00e1mica dif\u00edcil de revertir. En la adultez, sin duda, hay mayor desajuste psicosocial.<\/p>\n<p>&nbsp;<\/p>\n<p>Los testigos, espectadores o bystanders, que son la audiencia del agresor, generalmente reaccionan frente a este ambiente de estr\u00e9s, gener\u00e1ndose conductas de estimulaci\u00f3n al matonaje o de inhibici\u00f3n, evolucionando muchas veces en s\u00edntomas ansiosos, angustiosos y conductas de rechazo escolar. En un estudio, el 30 % de los testigos \u201cintent\u00f3 ayudar a la v\u00edctima\u201d mientras que el 70 % no intent\u00f3 intervenir. Desglosada esta cifra, el 40 % no hizo nada porque \u201cno era de su incumbencia\u201d y el 30 % no ayud\u00f3 probablemente por temor a ser v\u00edctimas, aunque \u201csintieron que deber\u00edan hacerlo\u201d.<\/p>\n<p>&nbsp;<\/p>\n<p>Por otra parte, el victimario puede estar en esta posici\u00f3n como consecuencia de m\u00faltiples factores o estresores psicosociales, entre ellos el estr\u00e9s escolar.<\/p>\n<p>&nbsp;<\/p>\n<p><strong>B- Consumo de alcohol y\/o drogas<\/strong><\/p>\n<p>&nbsp;<\/p>\n<p>Muchos adolescentes, no teniendo las herramientas o habilidades para responder normativamente a este malestar o estr\u00e9s ambiental, buscan soluciones poco adaptativas para calmar estas molestias descritas. Una de las soluciones m\u00e1s buscadas por ellos es el consumo de alguna sustancia, alcohol u otras drogas. Entre las m\u00e1s frecuentes destaca el consumo de tabaco y el consumo de marihuana para calmar la ansiedad y\/o angustia.<\/p>\n<p>&nbsp;<\/p>\n<p>Es as\u00ed que se instalan los consumos, gener\u00e1ndose un c\u00edrculo vicioso entre estr\u00e9s y consumo de sustancia, puesto que en el tiempo se van requiriendo mayores cantidades para manejar los s\u00edntomas. Por otro lado, el consumo de alcohol y drogas, que se hace persistente y se perpet\u00faa, genera un sinn\u00famero de consecuencias que impactan en el rendimiento y la conducta, en el contexto escolar.<\/p>\n<p>&nbsp;<\/p>\n<p>Las drogas m\u00e1s frecuentemente utilizadas en Chile en poblaci\u00f3n adolescente son las siguientes:<\/p>\n<p>&nbsp;<\/p>\n<p><strong>Alcohol:<\/strong> Se busca y consume por su efecto euforizante, de desconexi\u00f3n de la realidad y de las dificultades. Es la droga social m\u00e1s consumida en nuestro pa\u00eds, causante de una serie de problemas asociados como: inicio del consumo de drogas ilegales, violencia juvenil y familiar y problemas de salud, entre otros.<\/p>\n<p>&nbsp;<\/p>\n<p><strong>Tabaco:<\/strong> Es buscado por su efecto ansiol\u00edtico, sin embargo ha disminuido su consumo en poblaci\u00f3n adolescente en los \u00faltimos a\u00f1os. Se relaciona con un sinn\u00famero de efectos en la salud de los j\u00f3venes en su etapa adulta, especialmente, c\u00e1ncer de pulm\u00f3n y problemas cardiovasculares.<\/p>\n<p>&nbsp;<\/p>\n<p><strong>Marihuana:<\/strong> Es una droga perturbadora del pensamiento que tambi\u00e9n es buscada por sus efectos euf\u00f3ricos de inicio, efectos ansiol\u00edticos y de desconexi\u00f3n con la realidad. Sin embargo, es una droga que produce muchas dificultades en el trabajo escolar, pues altera las funciones ejecutivas e interfiere en la capacidad de recordar y aprender nueva informaci\u00f3n.<\/p>\n<p>&nbsp;<\/p>\n<p>Es importante se\u00f1alar que en el \u00faltimo estudio de prevalencia de Consumo de Alcohol y Drogas en Poblaci\u00f3n Escolar en Chile, realizado por el Servicio Nacional de Alcohol y Drogas (SENDA) en 2013, se encontr\u00f3 un aumento significativo de uso y abuso de\u00a0inhalantes y de psicotr\u00f3picos\u00a0sin indicaci\u00f3n m\u00e9dica. Ambas drogas se caracterizan por sus efectos ansiol\u00edticos.<\/p>\n<p>&nbsp;<\/p>\n<p><strong>C- Estados ansiosos y depresivos<\/strong><\/p>\n<p>&nbsp;<\/p>\n<p>La ansiedad es una emoci\u00f3n que surge cuando una persona se siente en peligro, sea una amenaza real o imaginaria. Es una respuesta normal y adaptativa que prepara al cuerpo para reaccionar ante una situaci\u00f3n de emergencia. Sin embargo, como ya fue enunciado, existen momentos que para una persona resulta dif\u00edcil reaccionar adaptativamente, ya sea por las caracter\u00edsticas del sujeto o bien por las caracter\u00edsticas de los eventos. Por lo tanto, se producen montos de ansiedad en alta intensidad y mantenidos en el tiempo, produci\u00e9ndose por lo tanto, trastornos que alteran el funcionamiento del individuo y que no se resuelven de un modo auto-limitado.<\/p>\n<p>&nbsp;<\/p>\n<p>La depresi\u00f3n y la ansiedad, como trastornos, son dos de los problemas de salud mental m\u00e1s importantes en la actualidad y tanto ni\u00f1os como adolescentes inmersos en una etapa de cambios cruciales, como es el desarrollo, tambi\u00e9n los sufren.<\/p>\n<p>&nbsp;<\/p>\n<p><strong>Crisis de p\u00e1nico:<\/strong> Son episodios inesperados que no se asocian a ninguna situaci\u00f3n concreta. En ellos, aparece de forma temporal y aislada miedo o malestar intenso acompa\u00f1ado de un sinn\u00famero de s\u00edntomas, que se inician de forma brusca y alcanzan su m\u00e1xima expresi\u00f3n en los diez primeros minutos. La vivencia de una crisis de p\u00e1nico es un hecho altamente desagradable. Por eso, a muchos pacientes les aterra el hecho de que la crisis vuelva a aparecer afirmando que sufren de \u201cmiedo al miedo\u201d.<\/p>\n<p>&nbsp;<\/p>\n<p>No se puede hablar de un s\u00f3lo factor de riesgo para el padecimiento de las crisis de p\u00e1nico. El principal de ellos tiene que ver con una sobrecarga de los niveles de ansiedad que sufre el paciente, lo que se asocia con un incremento de adrenalina. Una mayor frecuencia en rasgo de ansiedad, en las personas que tienden a interpretar un mayor n\u00famero de situaciones como peligrosas o amenazantes tiene una mayor probabilidad de sufrir estos episodios.<\/p>\n<p>&nbsp;<\/p>\n<p><strong>Fobia Escolar:<\/strong> Cuando los miedos infantiles dejan de ser transitorios se habla de fobias, que son una forma especial de miedo cuyas caracter\u00edsticas incluyen miedo desproporcionado con respecto a la situaci\u00f3n que lo desencadena; el ni\u00f1o no deja de sentir miedo a pesar de las explicaciones; el miedo no es espec\u00edfico de una edad determinada y tiende a presentarse de larga duraci\u00f3n.<\/p>\n<p>&nbsp;<\/p>\n<p>La fobia escolar es la incapacidad total o parcial del ni\u00f1o de acudir al colegio como consecuencia de un miedo irracional a alg\u00fan aspecto de la situaci\u00f3n escolar. Adem\u00e1s, se presenta con intensa ansiedad anticipatoria, el d\u00eda o d\u00edas anteriores, con s\u00edntomas f\u00edsicos y empeoramiento despu\u00e9s de vacaciones o per\u00edodos de enfermedad, durante los que el ni\u00f1o se encuentra en su casa con el permiso expreso de sus padres.<\/p>\n<p>&nbsp;<\/p>\n<p>Los ni\u00f1os que est\u00e1n luchando con problemas acad\u00e9micos o sociales pueden desarrollar tambi\u00e9n rechazo a la escuela. Muchos de ellos tienen preocupaciones sociales y pueden haber sido molestados o intimidados en la escuela o de camino hacia \u00e9sta. Algunas escuelas o barrios pueden ser inseguros y ca\u00f3ticos.<\/p>\n<p>&nbsp;<\/p>\n<p>Algunos ni\u00f1os y\/o adolescentes prefieren quedarse en la casa. Puede que los ni\u00f1os y j\u00f3venes que est\u00e1n pasando por una transici\u00f3n (de escuela b\u00e1sica a media, o de educaci\u00f3n media a superior) se sientan muy tensos.<\/p>\n<p>&nbsp;<\/p>\n<p>Todos estos factores pueden llevar al desarrollo del rechazo a la escuela o colegio. Adem\u00e1s, muchos ni\u00f1os rechazan o evitan la escuela por una combinaci\u00f3n de razones. Generalmente son buenos estudiantes y con buena conducta en la escuela. En caso de no instalar tratamiento, el rechazo escolar podr\u00eda llegar a convertirse en algo m\u00e1s complicado que un problema familiar. Los resultados pueden ser deterioro acad\u00e9mico, malas relaciones con ni\u00f1os de su misma edad, entre otros.<\/p>\n<p><strong>ESTADOS ANSIOSOS M\u00c1S FRECUENTES EN EL CONTEXTO DE ESTR\u00c9S ESCOLAR<\/strong><\/p>\n<table>\n<tbody>\n<tr>\n<td width=\"599\"><strong>Crisis de p\u00e1nico<\/strong><\/td>\n<\/tr>\n<tr>\n<td width=\"599\">Palpitaciones o elevaci\u00f3n de la frecuencia card\u00edaca, sudoraci\u00f3n, temblores, sensaci\u00f3n de ahogo o falta de aliento, sensaci\u00f3n de atragantarse, opresi\u00f3n o malestar tor\u00e1cico.<\/td>\n<\/tr>\n<tr>\n<td width=\"599\">N\u00e1useas o molestias abdominales.<\/td>\n<\/tr>\n<tr>\n<td width=\"599\">Inestabilidad emocional, mareo, desmayo.<\/td>\n<\/tr>\n<tr>\n<td width=\"599\">Des-realizaci\u00f3n (sensaci\u00f3n de irrealidad) o despersonalizaci\u00f3n (estar separado de uno mismo).<\/td>\n<\/tr>\n<tr>\n<td width=\"599\">Miedo a perder el control o volverse loco. Miedo a morir.<\/td>\n<\/tr>\n<tr>\n<td width=\"599\">Parestesias (sensaci\u00f3n de entumecimiento u hormigueo).<\/td>\n<\/tr>\n<tr>\n<td width=\"599\">Escalofr\u00edos o sofocaciones.<\/td>\n<\/tr>\n<tr>\n<td width=\"599\"><strong>Fobia escolar<\/strong><\/td>\n<\/tr>\n<tr>\n<td width=\"599\"><strong>El comienzo puede ser:<\/strong><\/p>\n<p>Gradual, con protestas poco intensas sobre la asistencia al colegio, con alguna falta espor\u00e1dica por diversos motivos (que pueden ser quejas som\u00e1ticas) con conocimiento de los padres, desembocando en una negativa total a ir al colegio.<\/p>\n<p>Esto se da frecuentemente en adolescentes, donde en ocasiones se da un cambio lento de conducta, con dificultades de relaci\u00f3n, tendencia al aislamiento y en ocasiones, s\u00edntomas depresivos.<\/td>\n<\/tr>\n<tr>\n<td width=\"599\">Brusco, con aparici\u00f3n de negativa a ir al colegio sin sintomatolog\u00eda previa. Es m\u00e1s frecuente en ni\u00f1os peque\u00f1os.<\/p>\n<p>En ocasiones, la aparici\u00f3n del cuadro viene precedida por ausencia de la escuela por una enfermedad o por vacaciones, o por un cambio de colegio u otros acontecimientos vitales estresantes.<\/td>\n<\/tr>\n<\/tbody>\n<\/table>\n<p>&nbsp;<\/p>\n<p><strong>Estados Depresivos<\/strong><\/p>\n<p>&nbsp;<\/p>\n<p>Cuando el estr\u00e9s es intenso, seg\u00fan las caracter\u00edsticas de cada individuo, pueden surgir s\u00edntomas depresivos, en asociaci\u00f3n a otros de \u00edndole conductual y relacional. Sin embargo, los s\u00edntomas de la depresi\u00f3n en los ni\u00f1os y adolescentes pueden ser diferentes a los manifestados por adultos.<\/p>\n<p>&nbsp;<\/p>\n<p>Generalmente los estados de \u00e1nimo en la poblaci\u00f3n infantil est\u00e1n caracterizados por tristeza, retraimiento emocional, falta de apetito y p\u00e9rdida de peso o bien, aumento del apetito y ganancia de peso; falta de energ\u00eda, hiperactividad o retraimiento; p\u00e9rdida de inter\u00e9s por las actividades usuales, tendencia a la auto-descalificaci\u00f3n, fallas en la concentraci\u00f3n y en ocasiones pensamientos suicidas.<\/p>\n<p>&nbsp;<\/p>\n<p>En la adolescencia es particularmente dif\u00edcil diagnosticar una depresi\u00f3n, ya que en esta etapa son habituales los altibajos en el estado de \u00e1nimo.<\/p>\n<p>&nbsp;<\/p>\n<p>Adem\u00e1s, indicios tan t\u00edpicos de la depresi\u00f3n como tristeza, problemas para dormir o falta de autoestima pueden estar enmascarados por una conducta desobediente, discusiones frecuentes y consumo de drogas, entre otros.<\/p>\n<p>&nbsp;<\/p>\n<p><strong>Tratamientos<\/strong><\/p>\n<p>&nbsp;<\/p>\n<p>La Organizaci\u00f3n Mundial de la Salud, como parte del programa de salud mental escolar, plantea la necesidad de fomentar el desarrollo integral saludable de los alumnos, previniendo as\u00ed la aparici\u00f3n temprana de patolog\u00edas del desarrollo. A pesar de no existir una aproximaci\u00f3n cl\u00ednica al estr\u00e9s escolar, entre los factores protectores se destaca la necesidad de desarrollar capacidad para afrontar el estr\u00e9s y el manejo de situaciones estresantes.<\/p>\n<p>&nbsp;<\/p>\n<p>La gu\u00eda cl\u00ednica prioriza la prevenci\u00f3n y abordaje temprano de s\u00edntomas iniciales en escolares y entrega algunas indicaciones de intervenci\u00f3n para patolog\u00edas asociadas a estr\u00e9s:<\/p>\n<p>&nbsp;<\/p>\n<ul>\n<li>Ejercicios de respiraci\u00f3n.<\/li>\n<li>Relajaci\u00f3n muscular gradual.<\/li>\n<li>T\u00e9cnicas de resoluci\u00f3n de problemas.<\/li>\n<li>Potenciar fortalezas y habilidades.<\/li>\n<li>Identificar a padres o familiares que entreguen apoyo emocional.<\/li>\n<li>Retomar h\u00e1bitos y horarios adaptativos.<\/li>\n<li>Reanudar actividades recreativas gratificantes.<\/li>\n<\/ul>\n<p>&nbsp;<\/p>\n<p>Cuando el cuadro cl\u00ednico sobrepasa las capacidades de afrontamiento del estudiante, la derivaci\u00f3n a equipos de especialistas en salud mental infanto-juvenil constituyen un paso a considerar para una intervenci\u00f3n efectiva en el tiempo. De ser necesario se inicia tratamiento farmacol\u00f3gico para reducci\u00f3n de da\u00f1o y manejo sintomatol\u00f3gico.<\/p>\n<p>&nbsp;<\/p>\n<p>Se realiza psicoterapia para trabajar directamente la modificaci\u00f3n inicial de patrones conductuales, habilidades cognitivas y estrategias de afrontamiento efectivas. Dise\u00f1o de horario semanal de trabajo que deje tiempo a actividades recreativas, h\u00e1bitos de sue\u00f1o, h\u00e1bitos de estudio, horarios de alimentaci\u00f3n, trabajo en t\u00e9cnicas asertivas de comunicaci\u00f3n e interacci\u00f3n para fomentar trabajo en equipo de pares y delegar responsabilidades. Se recomienda realizar actividades deportivas que disminuyen el estr\u00e9s, actividades de relajaci\u00f3n de f\u00e1cil manejo, aprender a disfrutar de la vida y no s\u00f3lo responder al rendimiento acad\u00e9mico o competitividad y de ser necesario, realizar intervenciones terap\u00e9uticas espec\u00edficas para patolog\u00edas asociadas.<\/p>\n<p><a href=\"https:\/\/www.eldiario.net\/portal\/wp-content\/uploads\/2022\/04\/IE-Estres-escolar-interaccion-entre-alumno-entorno-y-evaluacion-de-estimulos.jpg\"><img loading=\"lazy\" decoding=\"async\" class=\"aligncenter size-full wp-image-77716\" src=\"https:\/\/www.eldiario.net\/portal\/wp-content\/uploads\/2022\/04\/IE-Estres-escolar-interaccion-entre-alumno-entorno-y-evaluacion-de-estimulos.jpg\" alt=\"\" width=\"755\" height=\"412\" srcset=\"https:\/\/www.eldiario.net\/portal\/wp-content\/uploads\/2022\/04\/IE-Estres-escolar-interaccion-entre-alumno-entorno-y-evaluacion-de-estimulos.jpg 755w, https:\/\/www.eldiario.net\/portal\/wp-content\/uploads\/2022\/04\/IE-Estres-escolar-interaccion-entre-alumno-entorno-y-evaluacion-de-estimulos-300x164.jpg 300w, https:\/\/www.eldiario.net\/portal\/wp-content\/uploads\/2022\/04\/IE-Estres-escolar-interaccion-entre-alumno-entorno-y-evaluacion-de-estimulos-696x380.jpg 696w\" sizes=\"auto, (max-width: 755px) 100vw, 755px\" \/><\/a><\/p>\n","protected":false},"excerpt":{"rendered":"<p>Autor: Grupo Editor &nbsp; En este n\u00famero presentamos a manera de exordio un art\u00edculo el contexto y caracter\u00edsticas de la relaci\u00f3n que vive un ni\u00f1o o adolescente durante la etapa escolar publicado en la Revista M\u00e9dica Cl\u00ednica Las Condes Vol. 26 n\u00famero 1 en febrero de 2015. Desarrollado por el especialista en Psiquiatr\u00eda infanto juvenil [&hellip;]<\/p>\n","protected":false},"author":1,"featured_media":77715,"comment_status":"closed","ping_status":"closed","sticky":false,"template":"","format":"standard","meta":{"_acf_changed":false,"footnotes":""},"categories":[43],"tags":[],"class_list":["post-77714","post","type-post","status-publish","format-standard","has-post-thumbnail","category-nuevos-horizontes"],"acf":{"antetitulo":""},"yoast_head":"<!-- This site is optimized with the Yoast SEO plugin v28.4 - https:\/\/yoast.com\/product\/yoast-seo-wordpress\/ -->\n<title>La relaci\u00f3n Salud - Emociones \u00bfrealidad o ficci\u00f3n? - El Diario - Bolivia<\/title>\n<meta name=\"robots\" content=\"index, follow, max-snippet:-1, max-image-preview:large, max-video-preview:-1\" \/>\n<link rel=\"canonical\" href=\"https:\/\/www.eldiario.net\/portal\/2022\/04\/19\/la-relacion-salud-emociones-realidad-o-ficcion-4\/\" \/>\n<meta property=\"og:locale\" content=\"es_ES\" \/>\n<meta property=\"og:type\" content=\"article\" \/>\n<meta property=\"og:title\" content=\"La relaci\u00f3n Salud - Emociones \u00bfrealidad o ficci\u00f3n? - El Diario - Bolivia\" \/>\n<meta property=\"og:description\" content=\"Autor: Grupo Editor &nbsp; En este n\u00famero presentamos a manera de exordio un art\u00edculo el contexto y caracter\u00edsticas de la relaci\u00f3n que vive un ni\u00f1o o adolescente durante la etapa escolar publicado en la Revista M\u00e9dica Cl\u00ednica Las Condes Vol. 26 n\u00famero 1 en febrero de 2015. Desarrollado por el especialista en Psiquiatr\u00eda infanto juvenil [&hellip;]\" \/>\n<meta property=\"og:url\" content=\"https:\/\/www.eldiario.net\/portal\/2022\/04\/19\/la-relacion-salud-emociones-realidad-o-ficcion-4\/\" \/>\n<meta property=\"og:site_name\" content=\"El Diario - Bolivia\" \/>\n<meta property=\"article:publisher\" content=\"https:\/\/www.facebook.com\/eldiario.bolivia\/\" \/>\n<meta property=\"article:published_time\" content=\"2022-04-19T10:05:54+00:00\" \/>\n<meta name=\"author\" content=\"Jeanette\" \/>\n<meta name=\"twitter:card\" content=\"summary_large_image\" \/>\n<meta name=\"twitter:creator\" content=\"@eldiario_net\" \/>\n<meta name=\"twitter:site\" content=\"@eldiario_net\" \/>\n<meta name=\"twitter:label1\" content=\"Escrito por\" \/>\n\t<meta name=\"twitter:data1\" content=\"Jeanette\" \/>\n\t<meta name=\"twitter:label2\" content=\"Tiempo de lectura\" \/>\n\t<meta name=\"twitter:data2\" content=\"18 minutos\" \/>\n<script type=\"application\/ld+json\" class=\"yoast-schema-graph\">{\"@context\":\"https:\\\/\\\/schema.org\",\"@graph\":[{\"@type\":\"Article\",\"@id\":\"https:\\\/\\\/www.eldiario.net\\\/portal\\\/2022\\\/04\\\/19\\\/la-relacion-salud-emociones-realidad-o-ficcion-4\\\/#article\",\"isPartOf\":{\"@id\":\"https:\\\/\\\/www.eldiario.net\\\/portal\\\/2022\\\/04\\\/19\\\/la-relacion-salud-emociones-realidad-o-ficcion-4\\\/\"},\"author\":{\"name\":\"Jeanette\",\"@id\":\"https:\\\/\\\/www.eldiario.net\\\/portal\\\/#\\\/schema\\\/person\\\/2c57cf2b7a7ae032e449e4c9b1019eac\"},\"headline\":\"La relaci\u00f3n Salud &#8211; Emociones \u00bfrealidad o ficci\u00f3n?\",\"datePublished\":\"2022-04-19T10:05:54+00:00\",\"mainEntityOfPage\":{\"@id\":\"https:\\\/\\\/www.eldiario.net\\\/portal\\\/2022\\\/04\\\/19\\\/la-relacion-salud-emociones-realidad-o-ficcion-4\\\/\"},\"wordCount\":4357,\"publisher\":{\"@id\":\"https:\\\/\\\/www.eldiario.net\\\/portal\\\/#organization\"},\"image\":{\"@id\":\"https:\\\/\\\/www.eldiario.net\\\/portal\\\/2022\\\/04\\\/19\\\/la-relacion-salud-emociones-realidad-o-ficcion-4\\\/#primaryimage\"},\"thumbnailUrl\":\"\",\"articleSection\":[\"Nuevos Horizontes\"],\"inLanguage\":\"es\"},{\"@type\":\"WebPage\",\"@id\":\"https:\\\/\\\/www.eldiario.net\\\/portal\\\/2022\\\/04\\\/19\\\/la-relacion-salud-emociones-realidad-o-ficcion-4\\\/\",\"url\":\"https:\\\/\\\/www.eldiario.net\\\/portal\\\/2022\\\/04\\\/19\\\/la-relacion-salud-emociones-realidad-o-ficcion-4\\\/\",\"name\":\"La relaci\u00f3n Salud - Emociones \u00bfrealidad o ficci\u00f3n? - El Diario - Bolivia\",\"isPartOf\":{\"@id\":\"https:\\\/\\\/www.eldiario.net\\\/portal\\\/#website\"},\"primaryImageOfPage\":{\"@id\":\"https:\\\/\\\/www.eldiario.net\\\/portal\\\/2022\\\/04\\\/19\\\/la-relacion-salud-emociones-realidad-o-ficcion-4\\\/#primaryimage\"},\"image\":{\"@id\":\"https:\\\/\\\/www.eldiario.net\\\/portal\\\/2022\\\/04\\\/19\\\/la-relacion-salud-emociones-realidad-o-ficcion-4\\\/#primaryimage\"},\"thumbnailUrl\":\"\",\"datePublished\":\"2022-04-19T10:05:54+00:00\",\"breadcrumb\":{\"@id\":\"https:\\\/\\\/www.eldiario.net\\\/portal\\\/2022\\\/04\\\/19\\\/la-relacion-salud-emociones-realidad-o-ficcion-4\\\/#breadcrumb\"},\"inLanguage\":\"es\",\"potentialAction\":[{\"@type\":\"ReadAction\",\"target\":[\"https:\\\/\\\/www.eldiario.net\\\/portal\\\/2022\\\/04\\\/19\\\/la-relacion-salud-emociones-realidad-o-ficcion-4\\\/\"]}]},{\"@type\":\"ImageObject\",\"inLanguage\":\"es\",\"@id\":\"https:\\\/\\\/www.eldiario.net\\\/portal\\\/2022\\\/04\\\/19\\\/la-relacion-salud-emociones-realidad-o-ficcion-4\\\/#primaryimage\",\"url\":\"\",\"contentUrl\":\"\"},{\"@type\":\"BreadcrumbList\",\"@id\":\"https:\\\/\\\/www.eldiario.net\\\/portal\\\/2022\\\/04\\\/19\\\/la-relacion-salud-emociones-realidad-o-ficcion-4\\\/#breadcrumb\",\"itemListElement\":[{\"@type\":\"ListItem\",\"position\":1,\"name\":\"Portada\",\"item\":\"https:\\\/\\\/www.eldiario.net\\\/portal\\\/\"},{\"@type\":\"ListItem\",\"position\":2,\"name\":\"La relaci\u00f3n Salud &#8211; Emociones \u00bfrealidad o ficci\u00f3n?\"}]},{\"@type\":\"WebSite\",\"@id\":\"https:\\\/\\\/www.eldiario.net\\\/portal\\\/#website\",\"url\":\"https:\\\/\\\/www.eldiario.net\\\/portal\\\/\",\"name\":\"El Diario - Decano de la prensa nacional\",\"description\":\"El Diario - Decano de la prensa nacional\",\"publisher\":{\"@id\":\"https:\\\/\\\/www.eldiario.net\\\/portal\\\/#organization\"},\"potentialAction\":[{\"@type\":\"SearchAction\",\"target\":{\"@type\":\"EntryPoint\",\"urlTemplate\":\"https:\\\/\\\/www.eldiario.net\\\/portal\\\/?s={search_term_string}\"},\"query-input\":{\"@type\":\"PropertyValueSpecification\",\"valueRequired\":true,\"valueName\":\"search_term_string\"}}],\"inLanguage\":\"es\"},{\"@type\":\"Organization\",\"@id\":\"https:\\\/\\\/www.eldiario.net\\\/portal\\\/#organization\",\"name\":\"El Diario - Decano de la prensa nacional\",\"url\":\"https:\\\/\\\/www.eldiario.net\\\/portal\\\/\",\"logo\":{\"@type\":\"ImageObject\",\"inLanguage\":\"es\",\"@id\":\"https:\\\/\\\/www.eldiario.net\\\/portal\\\/#\\\/schema\\\/logo\\\/image\\\/\",\"url\":\"https:\\\/\\\/www.eldiario.net\\\/portal\\\/wp-content\\\/uploads\\\/2023\\\/07\\\/logo_ED.jpg\",\"contentUrl\":\"https:\\\/\\\/www.eldiario.net\\\/portal\\\/wp-content\\\/uploads\\\/2023\\\/07\\\/logo_ED.jpg\",\"width\":272,\"height\":52,\"caption\":\"El Diario - Decano de la prensa nacional\"},\"image\":{\"@id\":\"https:\\\/\\\/www.eldiario.net\\\/portal\\\/#\\\/schema\\\/logo\\\/image\\\/\"},\"sameAs\":[\"https:\\\/\\\/www.facebook.com\\\/eldiario.bolivia\\\/\",\"https:\\\/\\\/x.com\\\/eldiario_net\"]},{\"@type\":\"Person\",\"@id\":\"https:\\\/\\\/www.eldiario.net\\\/portal\\\/#\\\/schema\\\/person\\\/2c57cf2b7a7ae032e449e4c9b1019eac\",\"name\":\"Jeanette\",\"image\":{\"@type\":\"ImageObject\",\"inLanguage\":\"es\",\"@id\":\"https:\\\/\\\/secure.gravatar.com\\\/avatar\\\/3ea2118a5f7dad2b7138b1187a6b7ee55f160b9968b66013c3a3ef39dd7e5798?s=96&d=mm&r=g\",\"url\":\"https:\\\/\\\/secure.gravatar.com\\\/avatar\\\/3ea2118a5f7dad2b7138b1187a6b7ee55f160b9968b66013c3a3ef39dd7e5798?s=96&d=mm&r=g\",\"contentUrl\":\"https:\\\/\\\/secure.gravatar.com\\\/avatar\\\/3ea2118a5f7dad2b7138b1187a6b7ee55f160b9968b66013c3a3ef39dd7e5798?s=96&d=mm&r=g\",\"caption\":\"Jeanette\"},\"sameAs\":[\"https:\\\/\\\/www.eldiario.net\\\/portal\"],\"url\":\"https:\\\/\\\/www.eldiario.net\\\/portal\\\/author\\\/jeanette\\\/\"}]}<\/script>\n<!-- \/ Yoast SEO plugin. -->","yoast_head_json":{"title":"La relaci\u00f3n Salud - Emociones \u00bfrealidad o ficci\u00f3n? - El Diario - Bolivia","robots":{"index":"index","follow":"follow","max-snippet":"max-snippet:-1","max-image-preview":"max-image-preview:large","max-video-preview":"max-video-preview:-1"},"canonical":"https:\/\/www.eldiario.net\/portal\/2022\/04\/19\/la-relacion-salud-emociones-realidad-o-ficcion-4\/","og_locale":"es_ES","og_type":"article","og_title":"La relaci\u00f3n Salud - Emociones \u00bfrealidad o ficci\u00f3n? - El Diario - Bolivia","og_description":"Autor: Grupo Editor &nbsp; En este n\u00famero presentamos a manera de exordio un art\u00edculo el contexto y caracter\u00edsticas de la relaci\u00f3n que vive un ni\u00f1o o adolescente durante la etapa escolar publicado en la Revista M\u00e9dica Cl\u00ednica Las Condes Vol. 26 n\u00famero 1 en febrero de 2015. Desarrollado por el especialista en Psiquiatr\u00eda infanto juvenil [&hellip;]","og_url":"https:\/\/www.eldiario.net\/portal\/2022\/04\/19\/la-relacion-salud-emociones-realidad-o-ficcion-4\/","og_site_name":"El Diario - Bolivia","article_publisher":"https:\/\/www.facebook.com\/eldiario.bolivia\/","article_published_time":"2022-04-19T10:05:54+00:00","author":"Jeanette","twitter_card":"summary_large_image","twitter_creator":"@eldiario_net","twitter_site":"@eldiario_net","twitter_misc":{"Escrito por":"Jeanette","Tiempo de lectura":"18 minutos"},"schema":{"@context":"https:\/\/schema.org","@graph":[{"@type":"Article","@id":"https:\/\/www.eldiario.net\/portal\/2022\/04\/19\/la-relacion-salud-emociones-realidad-o-ficcion-4\/#article","isPartOf":{"@id":"https:\/\/www.eldiario.net\/portal\/2022\/04\/19\/la-relacion-salud-emociones-realidad-o-ficcion-4\/"},"author":{"name":"Jeanette","@id":"https:\/\/www.eldiario.net\/portal\/#\/schema\/person\/2c57cf2b7a7ae032e449e4c9b1019eac"},"headline":"La relaci\u00f3n Salud &#8211; Emociones \u00bfrealidad o ficci\u00f3n?","datePublished":"2022-04-19T10:05:54+00:00","mainEntityOfPage":{"@id":"https:\/\/www.eldiario.net\/portal\/2022\/04\/19\/la-relacion-salud-emociones-realidad-o-ficcion-4\/"},"wordCount":4357,"publisher":{"@id":"https:\/\/www.eldiario.net\/portal\/#organization"},"image":{"@id":"https:\/\/www.eldiario.net\/portal\/2022\/04\/19\/la-relacion-salud-emociones-realidad-o-ficcion-4\/#primaryimage"},"thumbnailUrl":"","articleSection":["Nuevos Horizontes"],"inLanguage":"es"},{"@type":"WebPage","@id":"https:\/\/www.eldiario.net\/portal\/2022\/04\/19\/la-relacion-salud-emociones-realidad-o-ficcion-4\/","url":"https:\/\/www.eldiario.net\/portal\/2022\/04\/19\/la-relacion-salud-emociones-realidad-o-ficcion-4\/","name":"La relaci\u00f3n Salud - Emociones \u00bfrealidad o ficci\u00f3n? - El Diario - Bolivia","isPartOf":{"@id":"https:\/\/www.eldiario.net\/portal\/#website"},"primaryImageOfPage":{"@id":"https:\/\/www.eldiario.net\/portal\/2022\/04\/19\/la-relacion-salud-emociones-realidad-o-ficcion-4\/#primaryimage"},"image":{"@id":"https:\/\/www.eldiario.net\/portal\/2022\/04\/19\/la-relacion-salud-emociones-realidad-o-ficcion-4\/#primaryimage"},"thumbnailUrl":"","datePublished":"2022-04-19T10:05:54+00:00","breadcrumb":{"@id":"https:\/\/www.eldiario.net\/portal\/2022\/04\/19\/la-relacion-salud-emociones-realidad-o-ficcion-4\/#breadcrumb"},"inLanguage":"es","potentialAction":[{"@type":"ReadAction","target":["https:\/\/www.eldiario.net\/portal\/2022\/04\/19\/la-relacion-salud-emociones-realidad-o-ficcion-4\/"]}]},{"@type":"ImageObject","inLanguage":"es","@id":"https:\/\/www.eldiario.net\/portal\/2022\/04\/19\/la-relacion-salud-emociones-realidad-o-ficcion-4\/#primaryimage","url":"","contentUrl":""},{"@type":"BreadcrumbList","@id":"https:\/\/www.eldiario.net\/portal\/2022\/04\/19\/la-relacion-salud-emociones-realidad-o-ficcion-4\/#breadcrumb","itemListElement":[{"@type":"ListItem","position":1,"name":"Portada","item":"https:\/\/www.eldiario.net\/portal\/"},{"@type":"ListItem","position":2,"name":"La relaci\u00f3n Salud &#8211; Emociones \u00bfrealidad o ficci\u00f3n?"}]},{"@type":"WebSite","@id":"https:\/\/www.eldiario.net\/portal\/#website","url":"https:\/\/www.eldiario.net\/portal\/","name":"El Diario - Decano de la prensa nacional","description":"El Diario - Decano de la prensa nacional","publisher":{"@id":"https:\/\/www.eldiario.net\/portal\/#organization"},"potentialAction":[{"@type":"SearchAction","target":{"@type":"EntryPoint","urlTemplate":"https:\/\/www.eldiario.net\/portal\/?s={search_term_string}"},"query-input":{"@type":"PropertyValueSpecification","valueRequired":true,"valueName":"search_term_string"}}],"inLanguage":"es"},{"@type":"Organization","@id":"https:\/\/www.eldiario.net\/portal\/#organization","name":"El Diario - Decano de la prensa nacional","url":"https:\/\/www.eldiario.net\/portal\/","logo":{"@type":"ImageObject","inLanguage":"es","@id":"https:\/\/www.eldiario.net\/portal\/#\/schema\/logo\/image\/","url":"https:\/\/www.eldiario.net\/portal\/wp-content\/uploads\/2023\/07\/logo_ED.jpg","contentUrl":"https:\/\/www.eldiario.net\/portal\/wp-content\/uploads\/2023\/07\/logo_ED.jpg","width":272,"height":52,"caption":"El Diario - Decano de la prensa nacional"},"image":{"@id":"https:\/\/www.eldiario.net\/portal\/#\/schema\/logo\/image\/"},"sameAs":["https:\/\/www.facebook.com\/eldiario.bolivia\/","https:\/\/x.com\/eldiario_net"]},{"@type":"Person","@id":"https:\/\/www.eldiario.net\/portal\/#\/schema\/person\/2c57cf2b7a7ae032e449e4c9b1019eac","name":"Jeanette","image":{"@type":"ImageObject","inLanguage":"es","@id":"https:\/\/secure.gravatar.com\/avatar\/3ea2118a5f7dad2b7138b1187a6b7ee55f160b9968b66013c3a3ef39dd7e5798?s=96&d=mm&r=g","url":"https:\/\/secure.gravatar.com\/avatar\/3ea2118a5f7dad2b7138b1187a6b7ee55f160b9968b66013c3a3ef39dd7e5798?s=96&d=mm&r=g","contentUrl":"https:\/\/secure.gravatar.com\/avatar\/3ea2118a5f7dad2b7138b1187a6b7ee55f160b9968b66013c3a3ef39dd7e5798?s=96&d=mm&r=g","caption":"Jeanette"},"sameAs":["https:\/\/www.eldiario.net\/portal"],"url":"https:\/\/www.eldiario.net\/portal\/author\/jeanette\/"}]}},"_links":{"self":[{"href":"https:\/\/www.eldiario.net\/portal\/wp-json\/wp\/v2\/posts\/77714","targetHints":{"allow":["GET"]}}],"collection":[{"href":"https:\/\/www.eldiario.net\/portal\/wp-json\/wp\/v2\/posts"}],"about":[{"href":"https:\/\/www.eldiario.net\/portal\/wp-json\/wp\/v2\/types\/post"}],"author":[{"embeddable":true,"href":"https:\/\/www.eldiario.net\/portal\/wp-json\/wp\/v2\/users\/1"}],"replies":[{"embeddable":true,"href":"https:\/\/www.eldiario.net\/portal\/wp-json\/wp\/v2\/comments?post=77714"}],"version-history":[{"count":0,"href":"https:\/\/www.eldiario.net\/portal\/wp-json\/wp\/v2\/posts\/77714\/revisions"}],"wp:attachment":[{"href":"https:\/\/www.eldiario.net\/portal\/wp-json\/wp\/v2\/media?parent=77714"}],"wp:term":[{"taxonomy":"category","embeddable":true,"href":"https:\/\/www.eldiario.net\/portal\/wp-json\/wp\/v2\/categories?post=77714"},{"taxonomy":"post_tag","embeddable":true,"href":"https:\/\/www.eldiario.net\/portal\/wp-json\/wp\/v2\/tags?post=77714"}],"curies":[{"name":"wp","href":"https:\/\/api.w.org\/{rel}","templated":true}]}}