{"id":7638,"date":"2021-06-01T05:38:27","date_gmt":"2021-06-01T09:38:27","guid":{"rendered":"https:\/\/www.eldiario.net\/portal\/?p=7638"},"modified":"2021-06-01T05:38:27","modified_gmt":"2021-06-01T09:38:27","slug":"gobierno-de-cuba-aplica-electrochoques-a-opositor","status":"publish","type":"post","link":"https:\/\/www.eldiario.net\/portal\/2021\/06\/01\/gobierno-de-cuba-aplica-electrochoques-a-opositor\/","title":{"rendered":"Gobierno de Cuba aplica  electrochoques a opositor"},"content":{"rendered":"<p>La Habana.- Al l\u00edder del Movimiento San Isidro, Luis Manuel Otero Alc\u00e1ntara, lo estar\u00edan tratando por tentativa de suicidio en una sala de Psiquiatr\u00eda del Pabell\u00f3n Dr. Rafael Cowley del Hospital Calixto Garc\u00eda, de acuerdo con una fuente consultada por CubaNet y que exigi\u00f3 condiciones de anonimato por temor a represalias.<\/p>\n<p>\u201cVi a Luis Manuel a trav\u00e9s del cristal, est\u00e1 en el Pabell\u00f3n de Psiquiatr\u00eda, no en el de Quemados (Pabell\u00f3n Rub\u00e9n Batista Rubio). Lo tratan por tentativa de suicidio con TEC (electrochoques)\u201d, explic\u00f3 la fuente.<\/p>\n<p>Tambi\u00e9n apunta que, aun cuando Otero Alc\u00e1ntara \u201cest\u00e1 en Psiquiatr\u00eda hace tiempo ya\u201d, parte de la guardia de la Seguridad del Estado que custodia el centro hospitalario desde el 2 de mayo, cuando fue ingresado el l\u00edder del Movimiento San Isidro, se mantiene en el pabell\u00f3n de Quemados.<\/p>\n<p>\u201cYo estaba en una consulta y \u00e9l pas\u00f3 por el pasillo acompa\u00f1ado de dos tipejos e Ifr\u00e1n Mart\u00ednez G\u00e1lvez (vicedirector quir\u00fargico del Calixto Garc\u00eda). Yo nunca lo hab\u00eda visto en persona, pero lo que pas\u00f3 por ah\u00ed fue un ente. El m\u00e9dico que me atend\u00eda es el que me explica todo y me dice que el t\u00edo (de Otero Alc\u00e1ntara, que ha aparecido en videos difundidos por la Seguridad del Estado) est\u00e1 prestado con la polic\u00eda\u201d, confirm\u00f3 la fuente.<\/p>\n<p>Recientemente, el presentador y activista por los Derechos Humanos en Cuba Alexander Otaola, en su programa \u00a1Hola! Ota-Ola entrevist\u00f3 al doctor Sergio P\u00e9rez Barrero, quien renunci\u00f3 a la Sociedad Cubana de Psiquiatr\u00eda \u201cporque hay contradicciones en los distintos videos que han salido en las redes sociales acerca del estado de este muchacho y de la conducta que se ha seguido\u201d.<\/p>\n<p>En la entrevista, el psiquiatra granmense se preguntaba \u201cqu\u00e9 hace una persona que est\u00e1 de lo mejor ingresada en una sala de psiquiatr\u00eda\u201d. Asimismo, le llamaba la atenci\u00f3n \u201cque una persona que ingresa por una huelga de hambre voluntaria sea considerada enferma mental o paciente psiqui\u00e1trico que requiere hospitalizaci\u00f3n\u201d.<\/p>\n<p>Seg\u00fan el reconocido doctor, fundador de la Red Mundial de Suicidiolog\u00eda, la Sociedad Cubana de Psiquiatr\u00eda deber\u00eda haber desmitificado el caso del activista de 33 a\u00f1os, pues \u201cno ha sido un manejo di\u00e1fano, transparente, por parte de la sociedad y de los psiquiatras\u201d.<\/p>\n<p>\u201cYo soy un psiquiatra que se basa en las evidencias. Lo que veo ah\u00ed es un muchacho que estaba comiendo \u2015si est\u00e1 comiendo es porque ya no est\u00e1 en huelga de hambre\u2015 (\u2026). Y ahora veo un muchacho que est\u00e1 de lo m\u00e1s divertido, si est\u00e1 divertido quiere decir que goza de una buena salud mental. \u00bfQu\u00e9 hace hospitalizado? \u00bfQu\u00e9 hace que no tiene su celular, que no puede comunicarse con sus seres queridos?\u201d, cuestion\u00f3 el tambi\u00e9n autor del libro Psicoterapia para aprender a vivir.<\/p>\n<p>Aunque hasta el momento el estado de salud de Otero Alc\u00e1ntara es incierto, a principios de mayo fuentes an\u00f3nimas le confirmaron al cient\u00edfico cubano Ariel Ruiz Urquiola que el l\u00edder del MSI se encontraba atado a una camilla y que estaba ingiriendo alimentos en contra de su voluntad.<\/p>\n<p>En ese momento, tambi\u00e9n el l\u00edder del Partido Somos +, Eli\u00e9cer \u00c1vila, indic\u00f3 que Otero Alc\u00e1ntara se encontraba en el Pabell\u00f3n Dr. Rafael Cowley de Psiquiatr\u00eda. (Cubanet)<\/p>\n<p>&nbsp;<\/p>\n","protected":false},"excerpt":{"rendered":"<p>La Habana.- Al l\u00edder del Movimiento San Isidro, Luis Manuel Otero Alc\u00e1ntara, lo estar\u00edan tratando por tentativa de suicidio en una sala de Psiquiatr\u00eda del Pabell\u00f3n Dr. Rafael Cowley del Hospital Calixto Garc\u00eda, de acuerdo con una fuente consultada por CubaNet y que exigi\u00f3 condiciones de anonimato por temor a represalias. \u201cVi a Luis Manuel [&hellip;]<\/p>\n","protected":false},"author":1,"featured_media":7639,"comment_status":"closed","ping_status":"closed","sticky":false,"template":"","format":"standard","meta":{"_acf_changed":false,"footnotes":""},"categories":[3],"tags":[],"class_list":["post-7638","post","type-post","status-publish","format-standard","has-post-thumbnail","category-internacional"],"acf":{"antetitulo":""},"yoast_head":"<!-- This site is optimized with the Yoast SEO plugin v28.4 - https:\/\/yoast.com\/product\/yoast-seo-wordpress\/ -->\n<title>Gobierno de Cuba aplica electrochoques a opositor - El Diario - Bolivia<\/title>\n<meta name=\"robots\" content=\"index, follow, max-snippet:-1, max-image-preview:large, max-video-preview:-1\" \/>\n<link rel=\"canonical\" href=\"https:\/\/www.eldiario.net\/portal\/2021\/06\/01\/gobierno-de-cuba-aplica-electrochoques-a-opositor\/\" \/>\n<meta property=\"og:locale\" content=\"es_ES\" \/>\n<meta property=\"og:type\" content=\"article\" \/>\n<meta property=\"og:title\" content=\"Gobierno de Cuba aplica electrochoques a opositor - El Diario - Bolivia\" \/>\n<meta property=\"og:description\" content=\"La Habana.- Al l\u00edder del Movimiento San Isidro, Luis Manuel Otero Alc\u00e1ntara, lo estar\u00edan tratando por tentativa de suicidio en una sala de Psiquiatr\u00eda del Pabell\u00f3n Dr. Rafael Cowley del Hospital Calixto Garc\u00eda, de acuerdo con una fuente consultada por CubaNet y que exigi\u00f3 condiciones de anonimato por temor a represalias. \u201cVi a Luis Manuel [&hellip;]\" \/>\n<meta property=\"og:url\" content=\"https:\/\/www.eldiario.net\/portal\/2021\/06\/01\/gobierno-de-cuba-aplica-electrochoques-a-opositor\/\" \/>\n<meta property=\"og:site_name\" content=\"El Diario - Bolivia\" \/>\n<meta property=\"article:publisher\" content=\"https:\/\/www.facebook.com\/eldiario.bolivia\/\" \/>\n<meta property=\"article:published_time\" content=\"2021-06-01T09:38:27+00:00\" \/>\n<meta name=\"author\" content=\"Jeanette\" \/>\n<meta name=\"twitter:card\" content=\"summary_large_image\" \/>\n<meta name=\"twitter:creator\" content=\"@eldiario_net\" \/>\n<meta name=\"twitter:site\" content=\"@eldiario_net\" \/>\n<meta name=\"twitter:label1\" content=\"Escrito por\" \/>\n\t<meta name=\"twitter:data1\" content=\"Jeanette\" \/>\n\t<meta name=\"twitter:label2\" content=\"Tiempo de lectura\" \/>\n\t<meta name=\"twitter:data2\" content=\"3 minutos\" \/>\n<script type=\"application\/ld+json\" class=\"yoast-schema-graph\">{\"@context\":\"https:\\\/\\\/schema.org\",\"@graph\":[{\"@type\":\"Article\",\"@id\":\"https:\\\/\\\/www.eldiario.net\\\/portal\\\/2021\\\/06\\\/01\\\/gobierno-de-cuba-aplica-electrochoques-a-opositor\\\/#article\",\"isPartOf\":{\"@id\":\"https:\\\/\\\/www.eldiario.net\\\/portal\\\/2021\\\/06\\\/01\\\/gobierno-de-cuba-aplica-electrochoques-a-opositor\\\/\"},\"author\":{\"name\":\"Jeanette\",\"@id\":\"https:\\\/\\\/www.eldiario.net\\\/portal\\\/#\\\/schema\\\/person\\\/f46445640444750d7d753ccd04ae01b7\"},\"headline\":\"Gobierno de Cuba aplica electrochoques a opositor\",\"datePublished\":\"2021-06-01T09:38:27+00:00\",\"mainEntityOfPage\":{\"@id\":\"https:\\\/\\\/www.eldiario.net\\\/portal\\\/2021\\\/06\\\/01\\\/gobierno-de-cuba-aplica-electrochoques-a-opositor\\\/\"},\"wordCount\":582,\"publisher\":{\"@id\":\"https:\\\/\\\/www.eldiario.net\\\/portal\\\/#organization\"},\"image\":{\"@id\":\"https:\\\/\\\/www.eldiario.net\\\/portal\\\/2021\\\/06\\\/01\\\/gobierno-de-cuba-aplica-electrochoques-a-opositor\\\/#primaryimage\"},\"thumbnailUrl\":\"\",\"articleSection\":[\"Internacional\"],\"inLanguage\":\"es\"},{\"@type\":\"WebPage\",\"@id\":\"https:\\\/\\\/www.eldiario.net\\\/portal\\\/2021\\\/06\\\/01\\\/gobierno-de-cuba-aplica-electrochoques-a-opositor\\\/\",\"url\":\"https:\\\/\\\/www.eldiario.net\\\/portal\\\/2021\\\/06\\\/01\\\/gobierno-de-cuba-aplica-electrochoques-a-opositor\\\/\",\"name\":\"Gobierno de Cuba aplica electrochoques a opositor - El Diario - Bolivia\",\"isPartOf\":{\"@id\":\"https:\\\/\\\/www.eldiario.net\\\/portal\\\/#website\"},\"primaryImageOfPage\":{\"@id\":\"https:\\\/\\\/www.eldiario.net\\\/portal\\\/2021\\\/06\\\/01\\\/gobierno-de-cuba-aplica-electrochoques-a-opositor\\\/#primaryimage\"},\"image\":{\"@id\":\"https:\\\/\\\/www.eldiario.net\\\/portal\\\/2021\\\/06\\\/01\\\/gobierno-de-cuba-aplica-electrochoques-a-opositor\\\/#primaryimage\"},\"thumbnailUrl\":\"\",\"datePublished\":\"2021-06-01T09:38:27+00:00\",\"breadcrumb\":{\"@id\":\"https:\\\/\\\/www.eldiario.net\\\/portal\\\/2021\\\/06\\\/01\\\/gobierno-de-cuba-aplica-electrochoques-a-opositor\\\/#breadcrumb\"},\"inLanguage\":\"es\",\"potentialAction\":[{\"@type\":\"ReadAction\",\"target\":[\"https:\\\/\\\/www.eldiario.net\\\/portal\\\/2021\\\/06\\\/01\\\/gobierno-de-cuba-aplica-electrochoques-a-opositor\\\/\"]}]},{\"@type\":\"ImageObject\",\"inLanguage\":\"es\",\"@id\":\"https:\\\/\\\/www.eldiario.net\\\/portal\\\/2021\\\/06\\\/01\\\/gobierno-de-cuba-aplica-electrochoques-a-opositor\\\/#primaryimage\",\"url\":\"\",\"contentUrl\":\"\"},{\"@type\":\"BreadcrumbList\",\"@id\":\"https:\\\/\\\/www.eldiario.net\\\/portal\\\/2021\\\/06\\\/01\\\/gobierno-de-cuba-aplica-electrochoques-a-opositor\\\/#breadcrumb\",\"itemListElement\":[{\"@type\":\"ListItem\",\"position\":1,\"name\":\"Portada\",\"item\":\"https:\\\/\\\/www.eldiario.net\\\/portal\\\/\"},{\"@type\":\"ListItem\",\"position\":2,\"name\":\"Gobierno de Cuba aplica electrochoques a opositor\"}]},{\"@type\":\"WebSite\",\"@id\":\"https:\\\/\\\/www.eldiario.net\\\/portal\\\/#website\",\"url\":\"https:\\\/\\\/www.eldiario.net\\\/portal\\\/\",\"name\":\"El Diario - Decano de la prensa nacional\",\"description\":\"El Diario - Decano de la prensa nacional\",\"publisher\":{\"@id\":\"https:\\\/\\\/www.eldiario.net\\\/portal\\\/#organization\"},\"potentialAction\":[{\"@type\":\"SearchAction\",\"target\":{\"@type\":\"EntryPoint\",\"urlTemplate\":\"https:\\\/\\\/www.eldiario.net\\\/portal\\\/?s={search_term_string}\"},\"query-input\":{\"@type\":\"PropertyValueSpecification\",\"valueRequired\":true,\"valueName\":\"search_term_string\"}}],\"inLanguage\":\"es\"},{\"@type\":\"Organization\",\"@id\":\"https:\\\/\\\/www.eldiario.net\\\/portal\\\/#organization\",\"name\":\"El Diario - Decano de la prensa nacional\",\"url\":\"https:\\\/\\\/www.eldiario.net\\\/portal\\\/\",\"logo\":{\"@type\":\"ImageObject\",\"inLanguage\":\"es\",\"@id\":\"https:\\\/\\\/www.eldiario.net\\\/portal\\\/#\\\/schema\\\/logo\\\/image\\\/\",\"url\":\"https:\\\/\\\/www.eldiario.net\\\/portal\\\/wp-content\\\/uploads\\\/2023\\\/07\\\/logo_ED.jpg\",\"contentUrl\":\"https:\\\/\\\/www.eldiario.net\\\/portal\\\/wp-content\\\/uploads\\\/2023\\\/07\\\/logo_ED.jpg\",\"width\":272,\"height\":52,\"caption\":\"El Diario - Decano de la prensa nacional\"},\"image\":{\"@id\":\"https:\\\/\\\/www.eldiario.net\\\/portal\\\/#\\\/schema\\\/logo\\\/image\\\/\"},\"sameAs\":[\"https:\\\/\\\/www.facebook.com\\\/eldiario.bolivia\\\/\",\"https:\\\/\\\/x.com\\\/eldiario_net\"]},{\"@type\":\"Person\",\"@id\":\"https:\\\/\\\/www.eldiario.net\\\/portal\\\/#\\\/schema\\\/person\\\/f46445640444750d7d753ccd04ae01b7\",\"name\":\"Jeanette\",\"image\":{\"@type\":\"ImageObject\",\"inLanguage\":\"es\",\"@id\":\"https:\\\/\\\/secure.gravatar.com\\\/avatar\\\/3ea2118a5f7dad2b7138b1187a6b7ee55f160b9968b66013c3a3ef39dd7e5798?s=96&d=mm&r=g\",\"url\":\"https:\\\/\\\/secure.gravatar.com\\\/avatar\\\/3ea2118a5f7dad2b7138b1187a6b7ee55f160b9968b66013c3a3ef39dd7e5798?s=96&d=mm&r=g\",\"contentUrl\":\"https:\\\/\\\/secure.gravatar.com\\\/avatar\\\/3ea2118a5f7dad2b7138b1187a6b7ee55f160b9968b66013c3a3ef39dd7e5798?s=96&d=mm&r=g\",\"caption\":\"Jeanette\"},\"sameAs\":[\"https:\\\/\\\/www.eldiario.net\\\/portal\"],\"url\":\"https:\\\/\\\/www.eldiario.net\\\/portal\\\/author\\\/jeanette\\\/\"}]}<\/script>\n<!-- \/ Yoast SEO plugin. -->","yoast_head_json":{"title":"Gobierno de Cuba aplica electrochoques a opositor - El Diario - Bolivia","robots":{"index":"index","follow":"follow","max-snippet":"max-snippet:-1","max-image-preview":"max-image-preview:large","max-video-preview":"max-video-preview:-1"},"canonical":"https:\/\/www.eldiario.net\/portal\/2021\/06\/01\/gobierno-de-cuba-aplica-electrochoques-a-opositor\/","og_locale":"es_ES","og_type":"article","og_title":"Gobierno de Cuba aplica electrochoques a opositor - El Diario - Bolivia","og_description":"La Habana.- Al l\u00edder del Movimiento San Isidro, Luis Manuel Otero Alc\u00e1ntara, lo estar\u00edan tratando por tentativa de suicidio en una sala de Psiquiatr\u00eda del Pabell\u00f3n Dr. Rafael Cowley del Hospital Calixto Garc\u00eda, de acuerdo con una fuente consultada por CubaNet y que exigi\u00f3 condiciones de anonimato por temor a represalias. \u201cVi a Luis Manuel [&hellip;]","og_url":"https:\/\/www.eldiario.net\/portal\/2021\/06\/01\/gobierno-de-cuba-aplica-electrochoques-a-opositor\/","og_site_name":"El Diario - Bolivia","article_publisher":"https:\/\/www.facebook.com\/eldiario.bolivia\/","article_published_time":"2021-06-01T09:38:27+00:00","author":"Jeanette","twitter_card":"summary_large_image","twitter_creator":"@eldiario_net","twitter_site":"@eldiario_net","twitter_misc":{"Escrito por":"Jeanette","Tiempo de lectura":"3 minutos"},"schema":{"@context":"https:\/\/schema.org","@graph":[{"@type":"Article","@id":"https:\/\/www.eldiario.net\/portal\/2021\/06\/01\/gobierno-de-cuba-aplica-electrochoques-a-opositor\/#article","isPartOf":{"@id":"https:\/\/www.eldiario.net\/portal\/2021\/06\/01\/gobierno-de-cuba-aplica-electrochoques-a-opositor\/"},"author":{"name":"Jeanette","@id":"https:\/\/www.eldiario.net\/portal\/#\/schema\/person\/f46445640444750d7d753ccd04ae01b7"},"headline":"Gobierno de Cuba aplica electrochoques a opositor","datePublished":"2021-06-01T09:38:27+00:00","mainEntityOfPage":{"@id":"https:\/\/www.eldiario.net\/portal\/2021\/06\/01\/gobierno-de-cuba-aplica-electrochoques-a-opositor\/"},"wordCount":582,"publisher":{"@id":"https:\/\/www.eldiario.net\/portal\/#organization"},"image":{"@id":"https:\/\/www.eldiario.net\/portal\/2021\/06\/01\/gobierno-de-cuba-aplica-electrochoques-a-opositor\/#primaryimage"},"thumbnailUrl":"","articleSection":["Internacional"],"inLanguage":"es"},{"@type":"WebPage","@id":"https:\/\/www.eldiario.net\/portal\/2021\/06\/01\/gobierno-de-cuba-aplica-electrochoques-a-opositor\/","url":"https:\/\/www.eldiario.net\/portal\/2021\/06\/01\/gobierno-de-cuba-aplica-electrochoques-a-opositor\/","name":"Gobierno de Cuba aplica electrochoques a opositor - El Diario - Bolivia","isPartOf":{"@id":"https:\/\/www.eldiario.net\/portal\/#website"},"primaryImageOfPage":{"@id":"https:\/\/www.eldiario.net\/portal\/2021\/06\/01\/gobierno-de-cuba-aplica-electrochoques-a-opositor\/#primaryimage"},"image":{"@id":"https:\/\/www.eldiario.net\/portal\/2021\/06\/01\/gobierno-de-cuba-aplica-electrochoques-a-opositor\/#primaryimage"},"thumbnailUrl":"","datePublished":"2021-06-01T09:38:27+00:00","breadcrumb":{"@id":"https:\/\/www.eldiario.net\/portal\/2021\/06\/01\/gobierno-de-cuba-aplica-electrochoques-a-opositor\/#breadcrumb"},"inLanguage":"es","potentialAction":[{"@type":"ReadAction","target":["https:\/\/www.eldiario.net\/portal\/2021\/06\/01\/gobierno-de-cuba-aplica-electrochoques-a-opositor\/"]}]},{"@type":"ImageObject","inLanguage":"es","@id":"https:\/\/www.eldiario.net\/portal\/2021\/06\/01\/gobierno-de-cuba-aplica-electrochoques-a-opositor\/#primaryimage","url":"","contentUrl":""},{"@type":"BreadcrumbList","@id":"https:\/\/www.eldiario.net\/portal\/2021\/06\/01\/gobierno-de-cuba-aplica-electrochoques-a-opositor\/#breadcrumb","itemListElement":[{"@type":"ListItem","position":1,"name":"Portada","item":"https:\/\/www.eldiario.net\/portal\/"},{"@type":"ListItem","position":2,"name":"Gobierno de Cuba aplica electrochoques a opositor"}]},{"@type":"WebSite","@id":"https:\/\/www.eldiario.net\/portal\/#website","url":"https:\/\/www.eldiario.net\/portal\/","name":"El Diario - Decano de la prensa nacional","description":"El Diario - Decano de la prensa nacional","publisher":{"@id":"https:\/\/www.eldiario.net\/portal\/#organization"},"potentialAction":[{"@type":"SearchAction","target":{"@type":"EntryPoint","urlTemplate":"https:\/\/www.eldiario.net\/portal\/?s={search_term_string}"},"query-input":{"@type":"PropertyValueSpecification","valueRequired":true,"valueName":"search_term_string"}}],"inLanguage":"es"},{"@type":"Organization","@id":"https:\/\/www.eldiario.net\/portal\/#organization","name":"El Diario - Decano de la prensa nacional","url":"https:\/\/www.eldiario.net\/portal\/","logo":{"@type":"ImageObject","inLanguage":"es","@id":"https:\/\/www.eldiario.net\/portal\/#\/schema\/logo\/image\/","url":"https:\/\/www.eldiario.net\/portal\/wp-content\/uploads\/2023\/07\/logo_ED.jpg","contentUrl":"https:\/\/www.eldiario.net\/portal\/wp-content\/uploads\/2023\/07\/logo_ED.jpg","width":272,"height":52,"caption":"El Diario - Decano de la prensa nacional"},"image":{"@id":"https:\/\/www.eldiario.net\/portal\/#\/schema\/logo\/image\/"},"sameAs":["https:\/\/www.facebook.com\/eldiario.bolivia\/","https:\/\/x.com\/eldiario_net"]},{"@type":"Person","@id":"https:\/\/www.eldiario.net\/portal\/#\/schema\/person\/f46445640444750d7d753ccd04ae01b7","name":"Jeanette","image":{"@type":"ImageObject","inLanguage":"es","@id":"https:\/\/secure.gravatar.com\/avatar\/3ea2118a5f7dad2b7138b1187a6b7ee55f160b9968b66013c3a3ef39dd7e5798?s=96&d=mm&r=g","url":"https:\/\/secure.gravatar.com\/avatar\/3ea2118a5f7dad2b7138b1187a6b7ee55f160b9968b66013c3a3ef39dd7e5798?s=96&d=mm&r=g","contentUrl":"https:\/\/secure.gravatar.com\/avatar\/3ea2118a5f7dad2b7138b1187a6b7ee55f160b9968b66013c3a3ef39dd7e5798?s=96&d=mm&r=g","caption":"Jeanette"},"sameAs":["https:\/\/www.eldiario.net\/portal"],"url":"https:\/\/www.eldiario.net\/portal\/author\/jeanette\/"}]}},"_links":{"self":[{"href":"https:\/\/www.eldiario.net\/portal\/wp-json\/wp\/v2\/posts\/7638","targetHints":{"allow":["GET"]}}],"collection":[{"href":"https:\/\/www.eldiario.net\/portal\/wp-json\/wp\/v2\/posts"}],"about":[{"href":"https:\/\/www.eldiario.net\/portal\/wp-json\/wp\/v2\/types\/post"}],"author":[{"embeddable":true,"href":"https:\/\/www.eldiario.net\/portal\/wp-json\/wp\/v2\/users\/1"}],"replies":[{"embeddable":true,"href":"https:\/\/www.eldiario.net\/portal\/wp-json\/wp\/v2\/comments?post=7638"}],"version-history":[{"count":0,"href":"https:\/\/www.eldiario.net\/portal\/wp-json\/wp\/v2\/posts\/7638\/revisions"}],"wp:attachment":[{"href":"https:\/\/www.eldiario.net\/portal\/wp-json\/wp\/v2\/media?parent=7638"}],"wp:term":[{"taxonomy":"category","embeddable":true,"href":"https:\/\/www.eldiario.net\/portal\/wp-json\/wp\/v2\/categories?post=7638"},{"taxonomy":"post_tag","embeddable":true,"href":"https:\/\/www.eldiario.net\/portal\/wp-json\/wp\/v2\/tags?post=7638"}],"curies":[{"name":"wp","href":"https:\/\/api.w.org\/{rel}","templated":true}]}}